{"id":159403,"date":"2024-02-20T18:25:57","date_gmt":"2024-02-20T23:25:57","guid":{"rendered":"https:\/\/news.canadamotorjobs.com\/?p=159403"},"modified":"2024-02-21T16:30:24","modified_gmt":"2024-02-21T21:30:24","slug":"mini-countryman-jcw","status":"publish","type":"post","link":"https:\/\/news.canadamotorjobs.com\/fr\/mini-countryman-jcw\/","title":{"rendered":"MINI Countryman JCW"},"content":{"rendered":"<\/p>\n<p>Dans ce nouveau monde de VUS \u00e9lectrique beige, la Countryman JCW s&#8217;\u00e9l\u00e8ve tel un monument au savoir-faire sportif, portant haut le legs de John Cooper, cet ing\u00e9nieur britannique v\u00e9n\u00e9r\u00e9 qui a insuffl\u00e9 une nouvelle vie au moteur central-arri\u00e8re en Formule 1. Une \u00e9pop\u00e9e automobile qui trouve sa continuit\u00e9 dans les racines profondes des petites MINI, adul\u00e9es dans le monde rallye. En 2025, MINI perp\u00e9tue cette l\u00e9gende avec la Countryman JCW, un compromis familial sport de 312 chevaux.<\/p>\n<h3>Plus g\u00e9n\u00e9reux<\/h3>\n<p>\nLe MINI Countryman a pris du volume. Il mesure 4 433 mm de long (contre 4\u00a0310 mm auparavant), 1 843 mm de large (1 822) et 1 656 mm de haut (1\u00a0557) a aussi vu son empattement port\u00e9 \u00e0 2 692 mm (contre 2\u00a0670). Le design ext\u00e9rieur, tel une fresque impressionniste, d\u00e9voile des proportions plus grandioses, une silhouette droite et \u00e9pur\u00e9e, rehauss\u00e9e par le logo John Cooper Works nouveau genre. Les \u00e9clats du drapeau britannique dans les feux arri\u00e8re ajoutent une touche patriotique \u00e0 cette composition. L&#8217;a\u00e9rodynamisme, pareil \u00e0 une symphonie de tra\u00een\u00e9e minimale, conf\u00e8re \u00e0 la JCW un coefficient de 0,26, la propulsant au sommet des voitures les plus effil\u00e9es de sa cat\u00e9gorie.<\/p>\n<h3>Minimaliste dans sa pr\u00e9sentation<\/h3>\n<p>\n\u00c0 l&#8217;int\u00e9rieur, l&#8217;orchestration du design r\u00e9v\u00e8le une partition \u00e9pur\u00e9e, une dualit\u00e9 de rouge et noir \u00e9voquant l&#8217;h\u00e9ritage sportif. Les espaces arri\u00e8re, minutieusement orchestr\u00e9s, offrent une flexibilit\u00e9 artistique, permettant aux si\u00e8ges de s&#8217;\u00e9tirer sur 13 centim\u00e8tres. L&#8217;habitacle se transforme en une \u0153uvre d&#8217;art, le tableau de bord rev\u00eatu de textile bicolore en polyester recycl\u00e9. L\u2019espace cargo offre de 470 \u00e0 plus de 1\u00a0450 litres pour ranger pas mal de choses.<\/p>\n<h3>Un \u00e9cran rond, bien entendu<\/h3>\n<p>\nL&#8217;innovation, telle une mont\u00e9e en crescendo technologique, atteint son apog\u00e9e avec l&#8217;\u00e9cran OLED de 9,4 pouces, \u00e9picentre de commandes accessibles au toucher ou \u00e0 la voix. Toutefois, dans cette symphonie technologique, quelques notes absentes, telles que l&#8217;aide au maintien de voie et la surveillance des angles morts, cr\u00e9ent un l\u00e9ger d\u00e9saccord.<\/p>\n<h3>La m\u00e9lodie sous le capot<\/h3>\n<p>\nLa m\u00e9canique de cette pi\u00e8ce ma\u00eetresse r\u00e9v\u00e8le un moteur turbo \u00e0 quatre cylindres de 312 chevaux. Une danse m\u00e9canique orchestr\u00e9e sur la plateforme partag\u00e9e avec le BMW X1, conf\u00e9rant une dynamique de conduite digne d\u2019un athl\u00e8te. Huit modes de conduite, une palette de lumi\u00e8res au tableau de bord, et un syst\u00e8me de freinage aux \u00e9triers rouges ajoutent des nuances \u00e0 cette performance m\u00e9canique.<\/p>\n<h3>Un peu lourde<\/h3>\n<p>\nCependant, au volant, une dualit\u00e9 s&#8217;exprime. Le poids imposant de 1\u00a0660 kg se ressent dans la direction, tandis que l&#8217;acc\u00e9l\u00e9ration fr\u00e9n\u00e9tique jusqu&#8217;\u00e0 100 km\/h en 5,6 secondes cr\u00e9e un crescendo impressionnant. La traction int\u00e9grale distribue sa puissance, offrant huit modes de conduite, dont le hors-route, une parenth\u00e8se audacieuse pour un v\u00e9hicule de ce type.<\/p>\n<h3>Un prix \u00e0 la mesure des performances<\/h3>\n<p>\nLes prix, d\u00e9voil\u00e9s \u00e0 56 290 $ CAD, r\u00e9sonnent comme une m\u00e9lodie tentatrice. Toutefois, prudence face aux nuances cach\u00e9es \u2013 aucune option, taxes ni frais de transport inclus. Le prix final pourrait bien atteindre une note audacieuse de plus de 65 000 $.<\/p>\n<h3>Conclusion<\/h3>\n<p>\nLa premi\u00e8re rencontre avec la Countryman JCW demande \u00e0 ce que l\u2019on s\u2019y attarde plus longtemps pour mieux juger sur un essai \u00e0 plus long terme. Son format plus g\u00e9n\u00e9reux s\u00e9duira les familles en qu\u00eate d&#8217;une \u00e9vasion hors des sentiers battus des VUS conventionnels. Avec son rouage int\u00e9gral efficace, sa puissance envo\u00fbtante, cette Countryman plus expressive charmera sans nul doute les amateurs de conduite, malgr\u00e9 quelques dissonances notables.<\/p>\n<p>Nous avons appr\u00e9ci\u00e9 la pr\u00e9cision du rouage int\u00e9gral, la puissance envo\u00fbtante, et l&#8217;accueil chaleureux de l&#8217;espace familial. Cependant, l\u2019exc\u00e9dent de poids, la r\u00e9ponse perfectible de la direction et l&#8217;\u00e9cran tactile exigeant une p\u00e9riode d&#8217;adaptation ajoutent des notes moins harmonieuses \u00e0 cette composition m\u00e9canique.<\/p>\n<p>\u00a0<\/p>\n<p>\u00a0<\/p>\n<p>Le texte <a rel=\"nofollow\" href=\"https:\/\/annuelauto.ca\/mini-countryman-jcw\/\">MINI Countryman JCW<\/a> provient de <a rel=\"nofollow\" href=\"https:\/\/annuelauto.ca\">L&#8217;annuel de l&#8217;automobile &#8211; Actualit\u00e9 automobile<\/a><\/p>\n<p><\/p>\n","protected":false},"excerpt":{"rendered":"<p>Dans ce nouveau monde de VUS \u00e9lectrique beige, la Countryman JCW s&#8217;\u00e9l\u00e8ve tel un monument au savoir-faire sportif, portant haut le legs de John Cooper, cet ing\u00e9nieur britannique v\u00e9n\u00e9r\u00e9 qui a insuffl\u00e9 une nouvelle vie au moteur central-arri\u00e8re en Formule 1. Une \u00e9pop\u00e9e automobile qui trouve sa continuit\u00e9 dans les racines profondes des petites MINI, [&hellip;]<\/p>\n","protected":false},"author":8,"featured_media":159405,"comment_status":"closed","ping_status":"closed","sticky":false,"template":"","format":"standard","meta":{"_monsterinsights_skip_tracking":false,"_monsterinsights_sitenote_active":false,"_monsterinsights_sitenote_note":"","_monsterinsights_sitenote_category":0,"footnotes":""},"categories":[101],"tags":[],"yoast_head":"<!-- This site is optimized with the Yoast SEO plugin v23.2 - https:\/\/yoast.com\/wordpress\/plugins\/seo\/ -->\n<title>MINI Countryman JCW - CanadaMotorJobs.com<\/title>\n<meta name=\"description\" content=\"MINI Countryman JCW - Benoit Charette - Annuel automobile - CanadaMotorJobs.com.\" \/>\n<meta name=\"robots\" content=\"index, follow, max-snippet:-1, max-image-preview:large, max-video-preview:-1\" \/>\n<meta property=\"og:locale\" content=\"fr_CA\" \/>\n<meta property=\"og:type\" content=\"article\" \/>\n<meta property=\"og:title\" content=\"MINI Countryman JCW - CanadaMotorJobs.com\" \/>\n<meta property=\"og:description\" content=\"MINI Countryman JCW - Benoit Charette - Annuel automobile - CanadaMotorJobs.com.\" \/>\n<meta property=\"og:url\" content=\"https:\/\/news.canadamotorjobs.com\/fr\/mini-countryman-jcw\/\" \/>\n<meta property=\"og:site_name\" content=\"CanadaMotorJobs.com\" \/>\n<meta property=\"article:publisher\" content=\"https:\/\/www.facebook.com\/canadamotorjobs\/\" \/>\n<meta property=\"article:published_time\" content=\"2024-02-20T23:25:57+00:00\" \/>\n<meta property=\"article:modified_time\" content=\"2024-02-21T21:30:24+00:00\" \/>\n<meta property=\"og:image\" content=\"https:\/\/news.canadamotorjobs.com\/wp-content\/uploads\/2024\/02\/IMG_5760-4.jpg\" \/>\n\t<meta property=\"og:image:width\" content=\"1200\" \/>\n\t<meta property=\"og:image:height\" content=\"800\" \/>\n\t<meta property=\"og:image:type\" content=\"image\/jpeg\" \/>\n<meta name=\"author\" content=\"Benoit Charette\" \/>\n<meta name=\"twitter:card\" content=\"summary_large_image\" \/>\n<meta name=\"twitter:creator\" content=\"@canadamotorjobs\" \/>\n<meta name=\"twitter:site\" content=\"@canadamotorjobs\" \/>\n<meta name=\"twitter:label1\" content=\"\u00c9crit par\" \/>\n\t<meta name=\"twitter:data1\" content=\"Benoit Charette\" \/>\n\t<meta name=\"twitter:label2\" content=\"Estimation du temps de lecture\" \/>\n\t<meta name=\"twitter:data2\" content=\"3 minutes\" \/>\n<!-- \/ Yoast SEO plugin. -->","yoast_head_json":{"title":"MINI Countryman JCW - CanadaMotorJobs.com","description":"MINI Countryman JCW - Benoit Charette - Annuel automobile - CanadaMotorJobs.com.","robots":{"index":"index","follow":"follow","max-snippet":"max-snippet:-1","max-image-preview":"max-image-preview:large","max-video-preview":"max-video-preview:-1"},"og_locale":"fr_CA","og_type":"article","og_title":"MINI Countryman JCW - CanadaMotorJobs.com","og_description":"MINI Countryman JCW - Benoit Charette - Annuel automobile - CanadaMotorJobs.com.","og_url":"https:\/\/news.canadamotorjobs.com\/fr\/mini-countryman-jcw\/","og_site_name":"CanadaMotorJobs.com","article_publisher":"https:\/\/www.facebook.com\/canadamotorjobs\/","article_published_time":"2024-02-20T23:25:57+00:00","article_modified_time":"2024-02-21T21:30:24+00:00","og_image":[{"width":1200,"height":800,"url":"https:\/\/news.canadamotorjobs.com\/wp-content\/uploads\/2024\/02\/IMG_5760-4.jpg","type":"image\/jpeg"}],"author":"Benoit Charette","twitter_card":"summary_large_image","twitter_creator":"@canadamotorjobs","twitter_site":"@canadamotorjobs","twitter_misc":{"\u00c9crit par":"Benoit Charette","Estimation du temps de lecture":"3 minutes"},"schema":{"@context":"https:\/\/schema.org","@graph":[{"@type":"Article","@id":"https:\/\/news.canadamotorjobs.com\/fr\/mini-countryman-jcw\/#article","isPartOf":{"@id":"https:\/\/news.canadamotorjobs.com\/fr\/mini-countryman-jcw\/"},"author":{"name":"Benoit Charette","@id":"https:\/\/news.canadamotorjobs.com\/#\/schema\/person\/51793d1f87d44011d7bcc2ed99269a90"},"headline":"MINI Countryman JCW","datePublished":"2024-02-20T23:25:57+00:00","dateModified":"2024-02-21T21:30:24+00:00","mainEntityOfPage":{"@id":"https:\/\/news.canadamotorjobs.com\/fr\/mini-countryman-jcw\/"},"wordCount":685,"publisher":{"@id":"https:\/\/news.canadamotorjobs.com\/#organization"},"image":{"@id":"https:\/\/news.canadamotorjobs.com\/fr\/mini-countryman-jcw\/#primaryimage"},"thumbnailUrl":"https:\/\/news.canadamotorjobs.com\/wp-content\/uploads\/2024\/02\/IMG_5760-4.jpg","articleSection":["Annuel automobile"],"inLanguage":"fr-CA"},{"@type":"WebPage","@id":"https:\/\/news.canadamotorjobs.com\/fr\/mini-countryman-jcw\/","url":"https:\/\/news.canadamotorjobs.com\/fr\/mini-countryman-jcw\/","name":"MINI Countryman JCW - CanadaMotorJobs.com","isPartOf":{"@id":"https:\/\/news.canadamotorjobs.com\/#website"},"primaryImageOfPage":{"@id":"https:\/\/news.canadamotorjobs.com\/fr\/mini-countryman-jcw\/#primaryimage"},"image":{"@id":"https:\/\/news.canadamotorjobs.com\/fr\/mini-countryman-jcw\/#primaryimage"},"thumbnailUrl":"https:\/\/news.canadamotorjobs.com\/wp-content\/uploads\/2024\/02\/IMG_5760-4.jpg","datePublished":"2024-02-20T23:25:57+00:00","dateModified":"2024-02-21T21:30:24+00:00","description":"MINI Countryman JCW - Benoit Charette - Annuel automobile - CanadaMotorJobs.com.","breadcrumb":{"@id":"https:\/\/news.canadamotorjobs.com\/fr\/mini-countryman-jcw\/#breadcrumb"},"inLanguage":"fr-CA","potentialAction":[{"@type":"ReadAction","target":["https:\/\/news.canadamotorjobs.com\/fr\/mini-countryman-jcw\/"]}]},{"@type":"ImageObject","inLanguage":"fr-CA","@id":"https:\/\/news.canadamotorjobs.com\/fr\/mini-countryman-jcw\/#primaryimage","url":"https:\/\/news.canadamotorjobs.com\/wp-content\/uploads\/2024\/02\/IMG_5760-4.jpg","contentUrl":"https:\/\/news.canadamotorjobs.com\/wp-content\/uploads\/2024\/02\/IMG_5760-4.jpg","width":1200,"height":800},{"@type":"BreadcrumbList","@id":"https:\/\/news.canadamotorjobs.com\/fr\/mini-countryman-jcw\/#breadcrumb","itemListElement":[{"@type":"ListItem","position":1,"name":"Home","item":"https:\/\/news.canadamotorjobs.com\/fr\/blog\/"},{"@type":"ListItem","position":2,"name":"MINI Countryman JCW"}]},{"@type":"WebSite","@id":"https:\/\/news.canadamotorjobs.com\/#website","url":"https:\/\/news.canadamotorjobs.com\/","name":"CanadaMotorJobs.com","description":"Automotive Jobs","publisher":{"@id":"https:\/\/news.canadamotorjobs.com\/#organization"},"potentialAction":[{"@type":"SearchAction","target":{"@type":"EntryPoint","urlTemplate":"https:\/\/news.canadamotorjobs.com\/?s={search_term_string}"},"query-input":"required name=search_term_string"}],"inLanguage":"fr-CA"},{"@type":"Organization","@id":"https:\/\/news.canadamotorjobs.com\/#organization","name":"Canada Motor Jobs","url":"https:\/\/news.canadamotorjobs.com\/","logo":{"@type":"ImageObject","inLanguage":"fr-CA","@id":"https:\/\/news.canadamotorjobs.com\/#\/schema\/logo\/image\/","url":"https:\/\/news.canadamotorjobs.com\/wp-content\/uploads\/2022\/10\/logo-canada-motor-jobs-1.png","contentUrl":"https:\/\/news.canadamotorjobs.com\/wp-content\/uploads\/2022\/10\/logo-canada-motor-jobs-1.png","width":800,"height":400,"caption":"Canada Motor Jobs"},"image":{"@id":"https:\/\/news.canadamotorjobs.com\/#\/schema\/logo\/image\/"},"sameAs":["https:\/\/www.facebook.com\/canadamotorjobs\/","https:\/\/x.com\/canadamotorjobs","https:\/\/www.instagram.com\/canadamotorjobs\/","https:\/\/www.linkedin.com\/company\/canadamotorjobs"]},{"@type":"Person","@id":"https:\/\/news.canadamotorjobs.com\/#\/schema\/person\/51793d1f87d44011d7bcc2ed99269a90","name":"Benoit Charette","image":{"@type":"ImageObject","inLanguage":"fr-CA","@id":"https:\/\/news.canadamotorjobs.com\/#\/schema\/person\/image\/","url":"https:\/\/secure.gravatar.com\/avatar\/45f3d2eebcccd909668d7ce7ea7267b6?s=96&d=mm&r=g","contentUrl":"https:\/\/secure.gravatar.com\/avatar\/45f3d2eebcccd909668d7ce7ea7267b6?s=96&d=mm&r=g","caption":"Benoit Charette"},"description":"Benoit Charette \/ Propri\u00e9taire et r\u00e9dacteur en chef Benoit Charette pratique le journalisme automobile depuis bient\u00f4t 30 ans. Il a fait ses classes au c\u00f4t\u00e9 de Daniel H\u00e9raud et au Carnet de route de 1992 \u00e0 2001. Il est fondateur, copropri\u00e9taire et r\u00e9dacteur en chef de L\u2019Annuel de l\u2019automobile, qu\u2019il publie depuis 2001. Il a anim\u00e9 les \u00e9missions RPM et RPM+ sur V et les L\u00e9gendes de la route sur Historia. \u00c0 la radio depuis 1986, il reprend l\u2019antenne cette ann\u00e9e sur les ondes de Cogeco et participe pour la deuxi\u00e8me ann\u00e9e \u00e0 l\u2019\u00e9mission Passion Auto sur RDS en plus de mettre en ligne le site Web officiel de L\u2019Annuel de l\u2019automobile sur annuelauto.ca.","sameAs":["https:\/\/annuelauto.ca\/"],"url":"https:\/\/news.canadamotorjobs.com\/fr\/author\/benoit-charette\/"}]}},"_links":{"self":[{"href":"https:\/\/news.canadamotorjobs.com\/fr\/wp-json\/wp\/v2\/posts\/159403"}],"collection":[{"href":"https:\/\/news.canadamotorjobs.com\/fr\/wp-json\/wp\/v2\/posts"}],"about":[{"href":"https:\/\/news.canadamotorjobs.com\/fr\/wp-json\/wp\/v2\/types\/post"}],"author":[{"embeddable":true,"href":"https:\/\/news.canadamotorjobs.com\/fr\/wp-json\/wp\/v2\/users\/8"}],"replies":[{"embeddable":true,"href":"https:\/\/news.canadamotorjobs.com\/fr\/wp-json\/wp\/v2\/comments?post=159403"}],"version-history":[{"count":2,"href":"https:\/\/news.canadamotorjobs.com\/fr\/wp-json\/wp\/v2\/posts\/159403\/revisions"}],"predecessor-version":[{"id":159407,"href":"https:\/\/news.canadamotorjobs.com\/fr\/wp-json\/wp\/v2\/posts\/159403\/revisions\/159407"}],"wp:featuredmedia":[{"embeddable":true,"href":"https:\/\/news.canadamotorjobs.com\/fr\/wp-json\/wp\/v2\/media\/159405"}],"wp:attachment":[{"href":"https:\/\/news.canadamotorjobs.com\/fr\/wp-json\/wp\/v2\/media?parent=159403"}],"wp:term":[{"taxonomy":"category","embeddable":true,"href":"https:\/\/news.canadamotorjobs.com\/fr\/wp-json\/wp\/v2\/categories?post=159403"},{"taxonomy":"post_tag","embeddable":true,"href":"https:\/\/news.canadamotorjobs.com\/fr\/wp-json\/wp\/v2\/tags?post=159403"}],"curies":[{"name":"wp","href":"https:\/\/api.w.org\/{rel}","templated":true}]}}