{"id":159388,"date":"2024-02-21T07:06:05","date_gmt":"2024-02-21T12:06:05","guid":{"rendered":"https:\/\/news.canadamotorjobs.com\/?p=159388"},"modified":"2024-02-21T16:30:33","modified_gmt":"2024-02-21T21:30:33","slug":"les-voitures-electriques-regressent-a-11-de-part-de-marche-en-europe","status":"publish","type":"post","link":"https:\/\/news.canadamotorjobs.com\/fr\/les-voitures-electriques-regressent-a-11-de-part-de-marche-en-europe\/","title":{"rendered":"Les voitures \u00e9lectriques r\u00e9gressent \u00e0 11% de part de march\u00e9 en Europe"},"content":{"rendered":"<\/p>\n<p>La part de march\u00e9 des voitures \u00e9lectriques en Europe a diminu\u00e9 \u00e0 moins de 11% en janvier, par rapport aux 18,5% en d\u00e9cembre 2023, selon les donn\u00e9es de l&#8217;Association des constructeurs europ\u00e9ens publi\u00e9es le 20 f\u00e9vrier. Malgr\u00e9 une augmentation annuelle de 28,9% avec 92 741 ventes, la suppression soudaine du bonus environnemental en Allemagne a fortement impact\u00e9 les ventes, laissant les motorisations diesel repasser devant avec 13,4% de part de march\u00e9.<\/p>\n<h3><strong>Impact de la suppression du bonus environnemental en Allemagne<\/strong><\/h3>\n<p>\nLa d\u00e9cision de supprimer le bonus environnemental en Allemagne a eu un impact significatif sur les ventes de voitures \u00e9lectriques. Les commandes ont chut\u00e9 brusquement, et selon le directeur commercial pour l&#8217;Europe chez Stellantis, Uwe Hochgeschurtz, cette d\u00e9cision n&#8217;\u00e9tait pas judicieuse. Cependant, il reste optimiste quant \u00e0 la reprise des commandes au deuxi\u00e8me trimestre, soulignant que la transition vers les v\u00e9hicules \u00e9lectriques reste in\u00e9vitable, avec une perspective de 100% d&#8217;\u00e9lectrification d&#8217;ici 2035.<\/p>\n<h3><strong>\u00c9volution des autres motorisations<\/strong><\/h3>\n<p>\nLes motorisations hybrides ont l\u00e9g\u00e8rement recul\u00e9 \u00e0 28,8% du march\u00e9, tandis que l&#8217;essence maintient sa position dominante avec 35,2%. Malgr\u00e9 une augmentation de 12,1% par rapport \u00e0 janvier 2023, le march\u00e9 global europ\u00e9en est rest\u00e9 bas en raison des p\u00e9nuries de puces \u00e9lectroniques et des probl\u00e8mes logistiques.<\/p>\n<h3><strong>Dynamique des principaux acteurs du march\u00e9<\/strong><\/h3>\n<p>\nStellantis, en tant que num\u00e9ro 2 europ\u00e9en, a vu sa part de march\u00e9 remonter \u00e0 19,1%, port\u00e9 par des performances solides de Peugeot, Opel et Citro\u00ebn. Volkswagen conserve sa position de leader malgr\u00e9 un l\u00e9ger recul \u00e0 25,9%, tandis que Renault-Dacia conna\u00eet une baisse avec 10,1% de part de march\u00e9. Ces changements refl\u00e8tent une normalisation dans la logistique et les d\u00e9lais de livraison apr\u00e8s une ann\u00e9e 2023 atypique.<\/p>\n<p>Avec des renseignements du Figaro<\/p>\n<p>Le texte <a rel=\"nofollow\" href=\"https:\/\/annuelauto.ca\/les-voitures-electriques-regressent-a-11-de-part-de-marche-en-europe\/\">Les voitures \u00e9lectriques r\u00e9gressent \u00e0 11% de part de march\u00e9 en Europe<\/a> provient de <a rel=\"nofollow\" href=\"https:\/\/annuelauto.ca\">L&#8217;annuel de l&#8217;automobile &#8211; Actualit\u00e9 automobile<\/a><\/p>\n<p><\/p>\n","protected":false},"excerpt":{"rendered":"<p>La part de march\u00e9 des voitures \u00e9lectriques en Europe a diminu\u00e9 \u00e0 moins de 11% en janvier, par rapport aux 18,5% en d\u00e9cembre 2023, selon les donn\u00e9es de l&#8217;Association des constructeurs europ\u00e9ens publi\u00e9es le 20 f\u00e9vrier. Malgr\u00e9 une augmentation annuelle de 28,9% avec 92 741 ventes, la suppression soudaine du bonus environnemental en Allemagne a [&hellip;]<\/p>\n","protected":false},"author":8,"featured_media":159390,"comment_status":"closed","ping_status":"closed","sticky":false,"template":"","format":"standard","meta":{"_monsterinsights_skip_tracking":false,"_monsterinsights_sitenote_active":false,"_monsterinsights_sitenote_note":"","_monsterinsights_sitenote_category":0,"footnotes":""},"categories":[101],"tags":[],"yoast_head":"<!-- This site is optimized with the Yoast SEO plugin v23.2 - https:\/\/yoast.com\/wordpress\/plugins\/seo\/ -->\n<title>Les voitures \u00e9lectriques r\u00e9gressent \u00e0 11% de part de march\u00e9 en Europe - CanadaMotorJobs.com<\/title>\n<meta name=\"description\" content=\"Les voitures \u00e9lectriques r\u00e9gressent \u00e0 11% de part de march\u00e9 en Europe - Benoit Charette - Annuel automobile - CanadaMotorJobs.com.\" \/>\n<meta name=\"robots\" content=\"index, follow, max-snippet:-1, max-image-preview:large, max-video-preview:-1\" \/>\n<meta property=\"og:locale\" content=\"fr_CA\" \/>\n<meta property=\"og:type\" content=\"article\" \/>\n<meta property=\"og:title\" content=\"Les voitures \u00e9lectriques r\u00e9gressent \u00e0 11% de part de march\u00e9 en Europe - CanadaMotorJobs.com\" \/>\n<meta property=\"og:description\" content=\"Les voitures \u00e9lectriques r\u00e9gressent \u00e0 11% de part de march\u00e9 en Europe - Benoit Charette - Annuel automobile - CanadaMotorJobs.com.\" \/>\n<meta property=\"og:url\" content=\"https:\/\/news.canadamotorjobs.com\/fr\/les-voitures-electriques-regressent-a-11-de-part-de-marche-en-europe\/\" \/>\n<meta property=\"og:site_name\" content=\"CanadaMotorJobs.com\" \/>\n<meta property=\"article:publisher\" content=\"https:\/\/www.facebook.com\/canadamotorjobs\/\" \/>\n<meta property=\"article:published_time\" content=\"2024-02-21T12:06:05+00:00\" \/>\n<meta property=\"article:modified_time\" content=\"2024-02-21T21:30:33+00:00\" \/>\n<meta property=\"og:image\" content=\"https:\/\/news.canadamotorjobs.com\/wp-content\/uploads\/2024\/02\/Renault_Zoe_charging-4.jpg\" \/>\n\t<meta property=\"og:image:width\" content=\"640\" \/>\n\t<meta property=\"og:image:height\" content=\"480\" \/>\n\t<meta property=\"og:image:type\" content=\"image\/jpeg\" \/>\n<meta name=\"author\" content=\"Benoit Charette\" \/>\n<meta name=\"twitter:card\" content=\"summary_large_image\" \/>\n<meta name=\"twitter:creator\" content=\"@canadamotorjobs\" \/>\n<meta name=\"twitter:site\" content=\"@canadamotorjobs\" \/>\n<meta name=\"twitter:label1\" content=\"\u00c9crit par\" \/>\n\t<meta name=\"twitter:data1\" content=\"Benoit Charette\" \/>\n\t<meta name=\"twitter:label2\" content=\"Estimation du temps de lecture\" \/>\n\t<meta name=\"twitter:data2\" content=\"2 minutes\" \/>\n<!-- \/ Yoast SEO plugin. -->","yoast_head_json":{"title":"Les voitures \u00e9lectriques r\u00e9gressent \u00e0 11% de part de march\u00e9 en Europe - CanadaMotorJobs.com","description":"Les voitures \u00e9lectriques r\u00e9gressent \u00e0 11% de part de march\u00e9 en Europe - Benoit Charette - Annuel automobile - CanadaMotorJobs.com.","robots":{"index":"index","follow":"follow","max-snippet":"max-snippet:-1","max-image-preview":"max-image-preview:large","max-video-preview":"max-video-preview:-1"},"og_locale":"fr_CA","og_type":"article","og_title":"Les voitures \u00e9lectriques r\u00e9gressent \u00e0 11% de part de march\u00e9 en Europe - CanadaMotorJobs.com","og_description":"Les voitures \u00e9lectriques r\u00e9gressent \u00e0 11% de part de march\u00e9 en Europe - Benoit Charette - Annuel automobile - CanadaMotorJobs.com.","og_url":"https:\/\/news.canadamotorjobs.com\/fr\/les-voitures-electriques-regressent-a-11-de-part-de-marche-en-europe\/","og_site_name":"CanadaMotorJobs.com","article_publisher":"https:\/\/www.facebook.com\/canadamotorjobs\/","article_published_time":"2024-02-21T12:06:05+00:00","article_modified_time":"2024-02-21T21:30:33+00:00","og_image":[{"width":640,"height":480,"url":"https:\/\/news.canadamotorjobs.com\/wp-content\/uploads\/2024\/02\/Renault_Zoe_charging-4.jpg","type":"image\/jpeg"}],"author":"Benoit Charette","twitter_card":"summary_large_image","twitter_creator":"@canadamotorjobs","twitter_site":"@canadamotorjobs","twitter_misc":{"\u00c9crit par":"Benoit Charette","Estimation du temps de lecture":"2 minutes"},"schema":{"@context":"https:\/\/schema.org","@graph":[{"@type":"Article","@id":"https:\/\/news.canadamotorjobs.com\/fr\/les-voitures-electriques-regressent-a-11-de-part-de-marche-en-europe\/#article","isPartOf":{"@id":"https:\/\/news.canadamotorjobs.com\/fr\/les-voitures-electriques-regressent-a-11-de-part-de-marche-en-europe\/"},"author":{"name":"Benoit Charette","@id":"https:\/\/news.canadamotorjobs.com\/#\/schema\/person\/51793d1f87d44011d7bcc2ed99269a90"},"headline":"Les voitures \u00e9lectriques r\u00e9gressent \u00e0 11% de part de march\u00e9 en Europe","datePublished":"2024-02-21T12:06:05+00:00","dateModified":"2024-02-21T21:30:33+00:00","mainEntityOfPage":{"@id":"https:\/\/news.canadamotorjobs.com\/fr\/les-voitures-electriques-regressent-a-11-de-part-de-marche-en-europe\/"},"wordCount":320,"publisher":{"@id":"https:\/\/news.canadamotorjobs.com\/#organization"},"image":{"@id":"https:\/\/news.canadamotorjobs.com\/fr\/les-voitures-electriques-regressent-a-11-de-part-de-marche-en-europe\/#primaryimage"},"thumbnailUrl":"https:\/\/news.canadamotorjobs.com\/wp-content\/uploads\/2024\/02\/Renault_Zoe_charging-4.jpg","articleSection":["Annuel automobile"],"inLanguage":"fr-CA"},{"@type":"WebPage","@id":"https:\/\/news.canadamotorjobs.com\/fr\/les-voitures-electriques-regressent-a-11-de-part-de-marche-en-europe\/","url":"https:\/\/news.canadamotorjobs.com\/fr\/les-voitures-electriques-regressent-a-11-de-part-de-marche-en-europe\/","name":"Les voitures \u00e9lectriques r\u00e9gressent \u00e0 11% de part de march\u00e9 en Europe - CanadaMotorJobs.com","isPartOf":{"@id":"https:\/\/news.canadamotorjobs.com\/#website"},"primaryImageOfPage":{"@id":"https:\/\/news.canadamotorjobs.com\/fr\/les-voitures-electriques-regressent-a-11-de-part-de-marche-en-europe\/#primaryimage"},"image":{"@id":"https:\/\/news.canadamotorjobs.com\/fr\/les-voitures-electriques-regressent-a-11-de-part-de-marche-en-europe\/#primaryimage"},"thumbnailUrl":"https:\/\/news.canadamotorjobs.com\/wp-content\/uploads\/2024\/02\/Renault_Zoe_charging-4.jpg","datePublished":"2024-02-21T12:06:05+00:00","dateModified":"2024-02-21T21:30:33+00:00","description":"Les voitures \u00e9lectriques r\u00e9gressent \u00e0 11% de part de march\u00e9 en Europe - Benoit Charette - Annuel automobile - CanadaMotorJobs.com.","breadcrumb":{"@id":"https:\/\/news.canadamotorjobs.com\/fr\/les-voitures-electriques-regressent-a-11-de-part-de-marche-en-europe\/#breadcrumb"},"inLanguage":"fr-CA","potentialAction":[{"@type":"ReadAction","target":["https:\/\/news.canadamotorjobs.com\/fr\/les-voitures-electriques-regressent-a-11-de-part-de-marche-en-europe\/"]}]},{"@type":"ImageObject","inLanguage":"fr-CA","@id":"https:\/\/news.canadamotorjobs.com\/fr\/les-voitures-electriques-regressent-a-11-de-part-de-marche-en-europe\/#primaryimage","url":"https:\/\/news.canadamotorjobs.com\/wp-content\/uploads\/2024\/02\/Renault_Zoe_charging-4.jpg","contentUrl":"https:\/\/news.canadamotorjobs.com\/wp-content\/uploads\/2024\/02\/Renault_Zoe_charging-4.jpg","width":640,"height":480},{"@type":"BreadcrumbList","@id":"https:\/\/news.canadamotorjobs.com\/fr\/les-voitures-electriques-regressent-a-11-de-part-de-marche-en-europe\/#breadcrumb","itemListElement":[{"@type":"ListItem","position":1,"name":"Home","item":"https:\/\/news.canadamotorjobs.com\/fr\/blog\/"},{"@type":"ListItem","position":2,"name":"Les voitures \u00e9lectriques r\u00e9gressent \u00e0 11% de part de march\u00e9 en Europe"}]},{"@type":"WebSite","@id":"https:\/\/news.canadamotorjobs.com\/#website","url":"https:\/\/news.canadamotorjobs.com\/","name":"CanadaMotorJobs.com","description":"Automotive Jobs","publisher":{"@id":"https:\/\/news.canadamotorjobs.com\/#organization"},"potentialAction":[{"@type":"SearchAction","target":{"@type":"EntryPoint","urlTemplate":"https:\/\/news.canadamotorjobs.com\/?s={search_term_string}"},"query-input":"required name=search_term_string"}],"inLanguage":"fr-CA"},{"@type":"Organization","@id":"https:\/\/news.canadamotorjobs.com\/#organization","name":"Canada Motor Jobs","url":"https:\/\/news.canadamotorjobs.com\/","logo":{"@type":"ImageObject","inLanguage":"fr-CA","@id":"https:\/\/news.canadamotorjobs.com\/#\/schema\/logo\/image\/","url":"https:\/\/news.canadamotorjobs.com\/wp-content\/uploads\/2022\/10\/logo-canada-motor-jobs-1.png","contentUrl":"https:\/\/news.canadamotorjobs.com\/wp-content\/uploads\/2022\/10\/logo-canada-motor-jobs-1.png","width":800,"height":400,"caption":"Canada Motor Jobs"},"image":{"@id":"https:\/\/news.canadamotorjobs.com\/#\/schema\/logo\/image\/"},"sameAs":["https:\/\/www.facebook.com\/canadamotorjobs\/","https:\/\/x.com\/canadamotorjobs","https:\/\/www.instagram.com\/canadamotorjobs\/","https:\/\/www.linkedin.com\/company\/canadamotorjobs"]},{"@type":"Person","@id":"https:\/\/news.canadamotorjobs.com\/#\/schema\/person\/51793d1f87d44011d7bcc2ed99269a90","name":"Benoit Charette","image":{"@type":"ImageObject","inLanguage":"fr-CA","@id":"https:\/\/news.canadamotorjobs.com\/#\/schema\/person\/image\/","url":"https:\/\/secure.gravatar.com\/avatar\/45f3d2eebcccd909668d7ce7ea7267b6?s=96&d=mm&r=g","contentUrl":"https:\/\/secure.gravatar.com\/avatar\/45f3d2eebcccd909668d7ce7ea7267b6?s=96&d=mm&r=g","caption":"Benoit Charette"},"description":"Benoit Charette \/ Propri\u00e9taire et r\u00e9dacteur en chef Benoit Charette pratique le journalisme automobile depuis bient\u00f4t 30 ans. Il a fait ses classes au c\u00f4t\u00e9 de Daniel H\u00e9raud et au Carnet de route de 1992 \u00e0 2001. Il est fondateur, copropri\u00e9taire et r\u00e9dacteur en chef de L\u2019Annuel de l\u2019automobile, qu\u2019il publie depuis 2001. Il a anim\u00e9 les \u00e9missions RPM et RPM+ sur V et les L\u00e9gendes de la route sur Historia. \u00c0 la radio depuis 1986, il reprend l\u2019antenne cette ann\u00e9e sur les ondes de Cogeco et participe pour la deuxi\u00e8me ann\u00e9e \u00e0 l\u2019\u00e9mission Passion Auto sur RDS en plus de mettre en ligne le site Web officiel de L\u2019Annuel de l\u2019automobile sur annuelauto.ca.","sameAs":["https:\/\/annuelauto.ca\/"],"url":"https:\/\/news.canadamotorjobs.com\/fr\/author\/benoit-charette\/"}]}},"_links":{"self":[{"href":"https:\/\/news.canadamotorjobs.com\/fr\/wp-json\/wp\/v2\/posts\/159388"}],"collection":[{"href":"https:\/\/news.canadamotorjobs.com\/fr\/wp-json\/wp\/v2\/posts"}],"about":[{"href":"https:\/\/news.canadamotorjobs.com\/fr\/wp-json\/wp\/v2\/types\/post"}],"author":[{"embeddable":true,"href":"https:\/\/news.canadamotorjobs.com\/fr\/wp-json\/wp\/v2\/users\/8"}],"replies":[{"embeddable":true,"href":"https:\/\/news.canadamotorjobs.com\/fr\/wp-json\/wp\/v2\/comments?post=159388"}],"version-history":[{"count":2,"href":"https:\/\/news.canadamotorjobs.com\/fr\/wp-json\/wp\/v2\/posts\/159388\/revisions"}],"predecessor-version":[{"id":159392,"href":"https:\/\/news.canadamotorjobs.com\/fr\/wp-json\/wp\/v2\/posts\/159388\/revisions\/159392"}],"wp:featuredmedia":[{"embeddable":true,"href":"https:\/\/news.canadamotorjobs.com\/fr\/wp-json\/wp\/v2\/media\/159390"}],"wp:attachment":[{"href":"https:\/\/news.canadamotorjobs.com\/fr\/wp-json\/wp\/v2\/media?parent=159388"}],"wp:term":[{"taxonomy":"category","embeddable":true,"href":"https:\/\/news.canadamotorjobs.com\/fr\/wp-json\/wp\/v2\/categories?post=159388"},{"taxonomy":"post_tag","embeddable":true,"href":"https:\/\/news.canadamotorjobs.com\/fr\/wp-json\/wp\/v2\/tags?post=159388"}],"curies":[{"name":"wp","href":"https:\/\/api.w.org\/{rel}","templated":true}]}}