{"id":159361,"date":"2024-02-21T07:16:36","date_gmt":"2024-02-21T12:16:36","guid":{"rendered":"https:\/\/news.canadamotorjobs.com\/?p=159361"},"modified":"2024-02-21T16:30:43","modified_gmt":"2024-02-21T21:30:43","slug":"le-prix-des-materiaux-de-batteries-a-chute-de-80-en-un-an","status":"publish","type":"post","link":"https:\/\/news.canadamotorjobs.com\/fr\/le-prix-des-materiaux-de-batteries-a-chute-de-80-en-un-an\/","title":{"rendered":"Le prix des mat\u00e9riaux de batteries a chut\u00e9 de 80% en un an"},"content":{"rendered":"<\/p>\n<p>Bonne nouvelle pour les amateurs de v\u00e9hicules \u00e9lectriques\u00a0: les prix devraient baisser de fa\u00e7on assez significative, si on se fie au co\u00fbt des mat\u00e9riaux qui sont eux-m\u00eames d\u00e9j\u00e0 en chute libre. Cela signifie que ce ne sont pas seulement les Tesla et les Lucid de ce monde qui vont baisser le prix de leurs v\u00e9hicules (ils l\u2019ont fait encore une fois la semaine derni\u00e8re), mais aussi les plus grands constructeurs, dont les groupes GM et Stellantis.<\/p>\n<p>La direction de General Motors et celle de Stellantis ont d\u00e9clar\u00e9 dans les derniers jours qu\u2019ils entrevoyaient une baisse \u00absignificative\u00bb du co\u00fbt des mat\u00e9riaux bruts qui entrent dans la composition de leurs batteries et que cela devrait rendre les nouveaux v\u00e9hicules \u00e9lectriques qui seront mis en vente en 2024 plus abordables.<\/p>\n<p>Ils n\u2019ont pas tort\u00a0: le prix du lithium qui compose la majeure partie des batteries des v\u00e9hicules \u00e9lectriques a atteint un sommet en 2022, alors qu\u2019il se vendait 85$US le kilo. Le prix du m\u00eame kilo de lithium, ou pour \u00eatre plus exact, de l\u2019hydroxyde de lithium, \u00e9tait au d\u00e9but 2024 \u00e0 16$US le kilo. C\u2019est une baisse de 80%.<\/p>\n<p>Les prix du cobalt et du nickel sont aussi en baisse depuis quelques mois, notamment parce que les constructeurs d\u2019automobiles ont opt\u00e9 pour une technologie concurrente de lithium fer phosphate dans certains de leurs nouveaux v\u00e9hicules.<\/p>\n<p>Tout \u00e7a mis ensemble, on calcule que le co\u00fbt d\u2019assembler une batterie au lithium ion a baiss\u00e9 de 14% en 2023, par rapport \u00e0 2022, et qu\u2019il baissera encore et probablement plus que \u00e7a en 2024. \u00c7a fait \u00e9videmment l\u2019affaire des constructeurs, et \u00e7a fera plaisir aux automobilistes qui veulent s\u2019\u00e9lectrifier.<\/p>\n<p>D\u00e9tail int\u00e9ressant, la provenance des batteries a aussi un effet sur les prix. Le prix moyen pour assembler une batterie au lithium ion en 2023 \u00e9tait de 139 $US par kilowatt-heure aux \u00c9tats-Unis, alors qu\u2019il \u00e9tait de 126 $US le kilowatt-heure en Chine. C\u2019est un diff\u00e9rence de 11%.<\/p>\n<p>On a h\u00e2te de savoir combien \u00e7a va co\u00fbter assembler une batterie \u00e0 McMasterville\u2026<\/p>\n<p>Esp\u00e9rons que ce sera plus abordable que \u00e7a. On sait que l\u2019objectif pour vendre un v\u00e9hicule \u00e9lectrique au m\u00eame prix qu\u2019un v\u00e9hicule comparable \u00e0 moteur \u00e0 essence est que les piles co\u00fbtent au maximum 100 $US du kilowatt-heure.<\/p>\n<p>Il reste donc du chemin \u00e0 faire.<\/p>\n<p>\u00a0<\/p>\n<p>Le texte <a rel=\"nofollow\" href=\"https:\/\/annuelauto.ca\/le-prix-des-materiaux-de-batteries-a-chute-de-80-en-un-an\/\">Le prix des mat\u00e9riaux de batteries a chut\u00e9 de 80% en un an<\/a> provient de <a rel=\"nofollow\" href=\"https:\/\/annuelauto.ca\">L&#8217;annuel de l&#8217;automobile &#8211; Actualit\u00e9 automobile<\/a><\/p>\n<p><\/p>\n","protected":false},"excerpt":{"rendered":"<p>Bonne nouvelle pour les amateurs de v\u00e9hicules \u00e9lectriques\u00a0: les prix devraient baisser de fa\u00e7on assez significative, si on se fie au co\u00fbt des mat\u00e9riaux qui sont eux-m\u00eames d\u00e9j\u00e0 en chute libre. Cela signifie que ce ne sont pas seulement les Tesla et les Lucid de ce monde qui vont baisser le prix de leurs v\u00e9hicules [&hellip;]<\/p>\n","protected":false},"author":8,"featured_media":159363,"comment_status":"closed","ping_status":"closed","sticky":false,"template":"","format":"standard","meta":{"_monsterinsights_skip_tracking":false,"_monsterinsights_sitenote_active":false,"_monsterinsights_sitenote_note":"","_monsterinsights_sitenote_category":0,"footnotes":""},"categories":[101],"tags":[],"yoast_head":"<!-- This site is optimized with the Yoast SEO plugin v23.2 - https:\/\/yoast.com\/wordpress\/plugins\/seo\/ -->\n<title>Le prix des mat\u00e9riaux de batteries a chut\u00e9 de 80% en un an - CanadaMotorJobs.com<\/title>\n<meta name=\"description\" content=\"Le prix des mat\u00e9riaux de batteries a chut\u00e9 de 80% en un an - Benoit Charette - Annuel automobile - CanadaMotorJobs.com.\" \/>\n<meta name=\"robots\" content=\"index, follow, max-snippet:-1, max-image-preview:large, max-video-preview:-1\" \/>\n<meta property=\"og:locale\" content=\"fr_CA\" \/>\n<meta property=\"og:type\" content=\"article\" \/>\n<meta property=\"og:title\" content=\"Le prix des mat\u00e9riaux de batteries a chut\u00e9 de 80% en un an - CanadaMotorJobs.com\" \/>\n<meta property=\"og:description\" content=\"Le prix des mat\u00e9riaux de batteries a chut\u00e9 de 80% en un an - Benoit Charette - Annuel automobile - CanadaMotorJobs.com.\" \/>\n<meta property=\"og:url\" content=\"https:\/\/news.canadamotorjobs.com\/fr\/le-prix-des-materiaux-de-batteries-a-chute-de-80-en-un-an\/\" \/>\n<meta property=\"og:site_name\" content=\"CanadaMotorJobs.com\" \/>\n<meta property=\"article:publisher\" content=\"https:\/\/www.facebook.com\/canadamotorjobs\/\" \/>\n<meta property=\"article:published_time\" content=\"2024-02-21T12:16:36+00:00\" \/>\n<meta property=\"article:modified_time\" content=\"2024-02-21T21:30:43+00:00\" \/>\n<meta property=\"og:image\" content=\"https:\/\/news.canadamotorjobs.com\/wp-content\/uploads\/2024\/02\/ev_battery_capacity-4.jpg\" \/>\n\t<meta property=\"og:image:width\" content=\"1800\" \/>\n\t<meta property=\"og:image:height\" content=\"1013\" \/>\n\t<meta property=\"og:image:type\" content=\"image\/jpeg\" \/>\n<meta name=\"author\" content=\"Benoit Charette\" \/>\n<meta name=\"twitter:card\" content=\"summary_large_image\" \/>\n<meta name=\"twitter:creator\" content=\"@canadamotorjobs\" \/>\n<meta name=\"twitter:site\" content=\"@canadamotorjobs\" \/>\n<meta name=\"twitter:label1\" content=\"\u00c9crit par\" \/>\n\t<meta name=\"twitter:data1\" content=\"Benoit Charette\" \/>\n\t<meta name=\"twitter:label2\" content=\"Estimation du temps de lecture\" \/>\n\t<meta name=\"twitter:data2\" content=\"2 minutes\" \/>\n<!-- \/ Yoast SEO plugin. -->","yoast_head_json":{"title":"Le prix des mat\u00e9riaux de batteries a chut\u00e9 de 80% en un an - CanadaMotorJobs.com","description":"Le prix des mat\u00e9riaux de batteries a chut\u00e9 de 80% en un an - Benoit Charette - Annuel automobile - CanadaMotorJobs.com.","robots":{"index":"index","follow":"follow","max-snippet":"max-snippet:-1","max-image-preview":"max-image-preview:large","max-video-preview":"max-video-preview:-1"},"og_locale":"fr_CA","og_type":"article","og_title":"Le prix des mat\u00e9riaux de batteries a chut\u00e9 de 80% en un an - CanadaMotorJobs.com","og_description":"Le prix des mat\u00e9riaux de batteries a chut\u00e9 de 80% en un an - Benoit Charette - Annuel automobile - CanadaMotorJobs.com.","og_url":"https:\/\/news.canadamotorjobs.com\/fr\/le-prix-des-materiaux-de-batteries-a-chute-de-80-en-un-an\/","og_site_name":"CanadaMotorJobs.com","article_publisher":"https:\/\/www.facebook.com\/canadamotorjobs\/","article_published_time":"2024-02-21T12:16:36+00:00","article_modified_time":"2024-02-21T21:30:43+00:00","og_image":[{"width":1800,"height":1013,"url":"https:\/\/news.canadamotorjobs.com\/wp-content\/uploads\/2024\/02\/ev_battery_capacity-4.jpg","type":"image\/jpeg"}],"author":"Benoit Charette","twitter_card":"summary_large_image","twitter_creator":"@canadamotorjobs","twitter_site":"@canadamotorjobs","twitter_misc":{"\u00c9crit par":"Benoit Charette","Estimation du temps de lecture":"2 minutes"},"schema":{"@context":"https:\/\/schema.org","@graph":[{"@type":"Article","@id":"https:\/\/news.canadamotorjobs.com\/fr\/le-prix-des-materiaux-de-batteries-a-chute-de-80-en-un-an\/#article","isPartOf":{"@id":"https:\/\/news.canadamotorjobs.com\/fr\/le-prix-des-materiaux-de-batteries-a-chute-de-80-en-un-an\/"},"author":{"name":"Benoit Charette","@id":"https:\/\/news.canadamotorjobs.com\/#\/schema\/person\/51793d1f87d44011d7bcc2ed99269a90"},"headline":"Le prix des mat\u00e9riaux de batteries a chut\u00e9 de 80% en un an","datePublished":"2024-02-21T12:16:36+00:00","dateModified":"2024-02-21T21:30:43+00:00","mainEntityOfPage":{"@id":"https:\/\/news.canadamotorjobs.com\/fr\/le-prix-des-materiaux-de-batteries-a-chute-de-80-en-un-an\/"},"wordCount":442,"publisher":{"@id":"https:\/\/news.canadamotorjobs.com\/#organization"},"image":{"@id":"https:\/\/news.canadamotorjobs.com\/fr\/le-prix-des-materiaux-de-batteries-a-chute-de-80-en-un-an\/#primaryimage"},"thumbnailUrl":"https:\/\/news.canadamotorjobs.com\/wp-content\/uploads\/2024\/02\/ev_battery_capacity-4.jpg","articleSection":["Annuel automobile"],"inLanguage":"fr-CA"},{"@type":"WebPage","@id":"https:\/\/news.canadamotorjobs.com\/fr\/le-prix-des-materiaux-de-batteries-a-chute-de-80-en-un-an\/","url":"https:\/\/news.canadamotorjobs.com\/fr\/le-prix-des-materiaux-de-batteries-a-chute-de-80-en-un-an\/","name":"Le prix des mat\u00e9riaux de batteries a chut\u00e9 de 80% en un an - CanadaMotorJobs.com","isPartOf":{"@id":"https:\/\/news.canadamotorjobs.com\/#website"},"primaryImageOfPage":{"@id":"https:\/\/news.canadamotorjobs.com\/fr\/le-prix-des-materiaux-de-batteries-a-chute-de-80-en-un-an\/#primaryimage"},"image":{"@id":"https:\/\/news.canadamotorjobs.com\/fr\/le-prix-des-materiaux-de-batteries-a-chute-de-80-en-un-an\/#primaryimage"},"thumbnailUrl":"https:\/\/news.canadamotorjobs.com\/wp-content\/uploads\/2024\/02\/ev_battery_capacity-4.jpg","datePublished":"2024-02-21T12:16:36+00:00","dateModified":"2024-02-21T21:30:43+00:00","description":"Le prix des mat\u00e9riaux de batteries a chut\u00e9 de 80% en un an - Benoit Charette - Annuel automobile - CanadaMotorJobs.com.","breadcrumb":{"@id":"https:\/\/news.canadamotorjobs.com\/fr\/le-prix-des-materiaux-de-batteries-a-chute-de-80-en-un-an\/#breadcrumb"},"inLanguage":"fr-CA","potentialAction":[{"@type":"ReadAction","target":["https:\/\/news.canadamotorjobs.com\/fr\/le-prix-des-materiaux-de-batteries-a-chute-de-80-en-un-an\/"]}]},{"@type":"ImageObject","inLanguage":"fr-CA","@id":"https:\/\/news.canadamotorjobs.com\/fr\/le-prix-des-materiaux-de-batteries-a-chute-de-80-en-un-an\/#primaryimage","url":"https:\/\/news.canadamotorjobs.com\/wp-content\/uploads\/2024\/02\/ev_battery_capacity-4.jpg","contentUrl":"https:\/\/news.canadamotorjobs.com\/wp-content\/uploads\/2024\/02\/ev_battery_capacity-4.jpg","width":1800,"height":1013},{"@type":"BreadcrumbList","@id":"https:\/\/news.canadamotorjobs.com\/fr\/le-prix-des-materiaux-de-batteries-a-chute-de-80-en-un-an\/#breadcrumb","itemListElement":[{"@type":"ListItem","position":1,"name":"Home","item":"https:\/\/news.canadamotorjobs.com\/fr\/blog\/"},{"@type":"ListItem","position":2,"name":"Le prix des mat\u00e9riaux de batteries a chut\u00e9 de 80% en un an"}]},{"@type":"WebSite","@id":"https:\/\/news.canadamotorjobs.com\/#website","url":"https:\/\/news.canadamotorjobs.com\/","name":"CanadaMotorJobs.com","description":"Automotive Jobs","publisher":{"@id":"https:\/\/news.canadamotorjobs.com\/#organization"},"potentialAction":[{"@type":"SearchAction","target":{"@type":"EntryPoint","urlTemplate":"https:\/\/news.canadamotorjobs.com\/?s={search_term_string}"},"query-input":"required name=search_term_string"}],"inLanguage":"fr-CA"},{"@type":"Organization","@id":"https:\/\/news.canadamotorjobs.com\/#organization","name":"Canada Motor Jobs","url":"https:\/\/news.canadamotorjobs.com\/","logo":{"@type":"ImageObject","inLanguage":"fr-CA","@id":"https:\/\/news.canadamotorjobs.com\/#\/schema\/logo\/image\/","url":"https:\/\/news.canadamotorjobs.com\/wp-content\/uploads\/2022\/10\/logo-canada-motor-jobs-1.png","contentUrl":"https:\/\/news.canadamotorjobs.com\/wp-content\/uploads\/2022\/10\/logo-canada-motor-jobs-1.png","width":800,"height":400,"caption":"Canada Motor Jobs"},"image":{"@id":"https:\/\/news.canadamotorjobs.com\/#\/schema\/logo\/image\/"},"sameAs":["https:\/\/www.facebook.com\/canadamotorjobs\/","https:\/\/x.com\/canadamotorjobs","https:\/\/www.instagram.com\/canadamotorjobs\/","https:\/\/www.linkedin.com\/company\/canadamotorjobs"]},{"@type":"Person","@id":"https:\/\/news.canadamotorjobs.com\/#\/schema\/person\/51793d1f87d44011d7bcc2ed99269a90","name":"Benoit Charette","image":{"@type":"ImageObject","inLanguage":"fr-CA","@id":"https:\/\/news.canadamotorjobs.com\/#\/schema\/person\/image\/","url":"https:\/\/secure.gravatar.com\/avatar\/45f3d2eebcccd909668d7ce7ea7267b6?s=96&d=mm&r=g","contentUrl":"https:\/\/secure.gravatar.com\/avatar\/45f3d2eebcccd909668d7ce7ea7267b6?s=96&d=mm&r=g","caption":"Benoit Charette"},"description":"Benoit Charette \/ Propri\u00e9taire et r\u00e9dacteur en chef Benoit Charette pratique le journalisme automobile depuis bient\u00f4t 30 ans. Il a fait ses classes au c\u00f4t\u00e9 de Daniel H\u00e9raud et au Carnet de route de 1992 \u00e0 2001. Il est fondateur, copropri\u00e9taire et r\u00e9dacteur en chef de L\u2019Annuel de l\u2019automobile, qu\u2019il publie depuis 2001. Il a anim\u00e9 les \u00e9missions RPM et RPM+ sur V et les L\u00e9gendes de la route sur Historia. \u00c0 la radio depuis 1986, il reprend l\u2019antenne cette ann\u00e9e sur les ondes de Cogeco et participe pour la deuxi\u00e8me ann\u00e9e \u00e0 l\u2019\u00e9mission Passion Auto sur RDS en plus de mettre en ligne le site Web officiel de L\u2019Annuel de l\u2019automobile sur annuelauto.ca.","sameAs":["https:\/\/annuelauto.ca\/"],"url":"https:\/\/news.canadamotorjobs.com\/fr\/author\/benoit-charette\/"}]}},"_links":{"self":[{"href":"https:\/\/news.canadamotorjobs.com\/fr\/wp-json\/wp\/v2\/posts\/159361"}],"collection":[{"href":"https:\/\/news.canadamotorjobs.com\/fr\/wp-json\/wp\/v2\/posts"}],"about":[{"href":"https:\/\/news.canadamotorjobs.com\/fr\/wp-json\/wp\/v2\/types\/post"}],"author":[{"embeddable":true,"href":"https:\/\/news.canadamotorjobs.com\/fr\/wp-json\/wp\/v2\/users\/8"}],"replies":[{"embeddable":true,"href":"https:\/\/news.canadamotorjobs.com\/fr\/wp-json\/wp\/v2\/comments?post=159361"}],"version-history":[{"count":2,"href":"https:\/\/news.canadamotorjobs.com\/fr\/wp-json\/wp\/v2\/posts\/159361\/revisions"}],"predecessor-version":[{"id":159365,"href":"https:\/\/news.canadamotorjobs.com\/fr\/wp-json\/wp\/v2\/posts\/159361\/revisions\/159365"}],"wp:featuredmedia":[{"embeddable":true,"href":"https:\/\/news.canadamotorjobs.com\/fr\/wp-json\/wp\/v2\/media\/159363"}],"wp:attachment":[{"href":"https:\/\/news.canadamotorjobs.com\/fr\/wp-json\/wp\/v2\/media?parent=159361"}],"wp:term":[{"taxonomy":"category","embeddable":true,"href":"https:\/\/news.canadamotorjobs.com\/fr\/wp-json\/wp\/v2\/categories?post=159361"},{"taxonomy":"post_tag","embeddable":true,"href":"https:\/\/news.canadamotorjobs.com\/fr\/wp-json\/wp\/v2\/tags?post=159361"}],"curies":[{"name":"wp","href":"https:\/\/api.w.org\/{rel}","templated":true}]}}