{"id":159334,"date":"2024-02-21T07:24:48","date_gmt":"2024-02-21T12:24:48","guid":{"rendered":"https:\/\/news.canadamotorjobs.com\/?p=159334"},"modified":"2024-02-21T16:30:52","modified_gmt":"2024-02-21T21:30:52","slug":"gm-a-brevete-une-rampe-de-chargement-pliable-pour-camionnettes","status":"publish","type":"post","link":"https:\/\/news.canadamotorjobs.com\/fr\/gm-a-brevete-une-rampe-de-chargement-pliable-pour-camionnettes\/","title":{"rendered":"GM a brevet\u00e9 une rampe de chargement pliable pour camionnettes"},"content":{"rendered":"<\/p>\n<p>Voil\u00e0 une id\u00e9e ing\u00e9nieuse. Le Bureau am\u00e9ricain des brevets a publi\u00e9 le mois dernier une demande faite par General Motors \u00e0 l\u2019\u00e9t\u00e9 2022 pour une paire de rampes de chargement qui s\u2019accrochent \u00e0 l\u2019arri\u00e8re de la benne de ses camionnettes, et qui permettent de charger un VTT, des motos ou autres. Une fois que c\u2019est termin\u00e9, elles se replient et se rangent ensuite dans la paroi lat\u00e9rale de ladite benne.<\/p>\n<p>\u00c7a a l\u2019air banal, mais trouver la bonne rampe pour sa camionnette est toujours un peu compliqu\u00e9. On ne veut pas une rampe trop courte, qui produirait une pente trop \u00e0 pic \u00e0 monter ou \u00e0 descendre. Et une rampe plus longue peut ensuite difficilement \u00eatre rang\u00e9e dans le v\u00e9hicule.<\/p>\n<p>GM a donc assez litt\u00e9ralement d\u00e9cid\u00e9 de couper la poire en deux, en cr\u00e9ant un jeu de rampes qui se replient au milieu, et qui peuvent donc s\u2019encastrer sur la paroi int\u00e9rieure de la benne quand on ne les utilise pas. GM recourt \u00e0 des supports assez rigides sous les rampes pour s\u2019assurer qu\u2019elles sont capables de soutenir une charge de plusieurs centaines de kilos, \u00e9videmment.<\/p>\n<p>Si jamais GM met \u00e7a en march\u00e9, parions que \u00e7a va int\u00e9resser pas mal d\u2019acheteurs. Il faut dire qu\u2019apr\u00e8s des d\u00e9cennies enti\u00e8res durant lesquelles les constructeurs semblent n\u2019avoir \u00e0 peu pr\u00e8s rien fait pour am\u00e9liorer l\u2019espace de chargement de leurs camionnettes, on s\u2019est r\u00e9veill\u00e9 ces derni\u00e8res ann\u00e9es dans l\u2019industrie automobile nord-am\u00e9ricaine. GM et Ford, notamment, travaillent fort pour faciliter l\u2019acc\u00e8s et l\u2019utilisation de la bo\u00eete de leurs camionnettes respectives.<\/p>\n<p>Par exemple, Ford a r\u00e9cemment demand\u00e9 un brevet pour un plancher de benne \u00e0 glissi\u00e8re qu\u2019on pourrait tirer vers l\u2019arri\u00e8re pour pratiquement doubler l\u2019espace de rangement.<\/p>\n<p>Plus r\u00e9cemment, et peut-\u00eatre plus pour le spectacle qu\u2019autre chose, Tesla a de son c\u00f4t\u00e9 pens\u00e9 \u00e0 ajouter une suspension \u00e0 air ajustable \u00e0 l\u2019arri\u00e8re de son Cybertruck, pour l\u2019abaisser au besoin et rendre l\u2019acc\u00e8s un peu plus facile. Tesla a aussi ajout\u00e9 un rangement sous le seuil de la benne, pour plus de rangement, ce qui n\u2019est pas b\u00eate non plus.<\/p>\n<p>Pour en revenir \u00e0 General Motors, on peut imaginer que ses rampes pourraient bient\u00f4t devenir un accessoire vendu en option aux acheteurs d\u2019une camionnette. En tout cas, \u00e7a. Aplus de chances de voir le jour que le plancher amovible de Ford\u2026<\/p>\n<p>Le texte <a rel=\"nofollow\" href=\"https:\/\/annuelauto.ca\/gm-a-brevete-une-rampe-de-chargement-pliable-pour-camionnettes\/\">GM a brevet\u00e9 une rampe de chargement pliable pour camionnettes<\/a> provient de <a rel=\"nofollow\" href=\"https:\/\/annuelauto.ca\">L&#8217;annuel de l&#8217;automobile &#8211; Actualit\u00e9 automobile<\/a><\/p>\n<p><\/p>\n","protected":false},"excerpt":{"rendered":"<p>Voil\u00e0 une id\u00e9e ing\u00e9nieuse. Le Bureau am\u00e9ricain des brevets a publi\u00e9 le mois dernier une demande faite par General Motors \u00e0 l\u2019\u00e9t\u00e9 2022 pour une paire de rampes de chargement qui s\u2019accrochent \u00e0 l\u2019arri\u00e8re de la benne de ses camionnettes, et qui permettent de charger un VTT, des motos ou autres. Une fois que c\u2019est [&hellip;]<\/p>\n","protected":false},"author":8,"featured_media":159336,"comment_status":"closed","ping_status":"closed","sticky":false,"template":"","format":"standard","meta":{"_monsterinsights_skip_tracking":false,"_monsterinsights_sitenote_active":false,"_monsterinsights_sitenote_note":"","_monsterinsights_sitenote_category":0,"footnotes":""},"categories":[101],"tags":[],"yoast_head":"<!-- This site is optimized with the Yoast SEO plugin v23.2 - https:\/\/yoast.com\/wordpress\/plugins\/seo\/ -->\n<title>GM a brevet\u00e9 une rampe de chargement pliable pour camionnettes - CanadaMotorJobs.com<\/title>\n<meta name=\"description\" content=\"GM a brevet\u00e9 une rampe de chargement pliable pour camionnettes - Benoit Charette - Annuel automobile - CanadaMotorJobs.com.\" \/>\n<meta name=\"robots\" content=\"index, follow, max-snippet:-1, max-image-preview:large, max-video-preview:-1\" \/>\n<meta property=\"og:locale\" content=\"fr_CA\" \/>\n<meta property=\"og:type\" content=\"article\" \/>\n<meta property=\"og:title\" content=\"GM a brevet\u00e9 une rampe de chargement pliable pour camionnettes - CanadaMotorJobs.com\" \/>\n<meta property=\"og:description\" content=\"GM a brevet\u00e9 une rampe de chargement pliable pour camionnettes - Benoit Charette - Annuel automobile - CanadaMotorJobs.com.\" \/>\n<meta property=\"og:url\" content=\"https:\/\/news.canadamotorjobs.com\/fr\/gm-a-brevete-une-rampe-de-chargement-pliable-pour-camionnettes\/\" \/>\n<meta property=\"og:site_name\" content=\"CanadaMotorJobs.com\" \/>\n<meta property=\"article:publisher\" content=\"https:\/\/www.facebook.com\/canadamotorjobs\/\" \/>\n<meta property=\"article:published_time\" content=\"2024-02-21T12:24:48+00:00\" \/>\n<meta property=\"article:modified_time\" content=\"2024-02-21T21:30:52+00:00\" \/>\n<meta property=\"og:image\" content=\"https:\/\/news.canadamotorjobs.com\/wp-content\/uploads\/2024\/02\/general-motors-foldable-bed-ramps-patent-image_100914059-4.jpg\" \/>\n\t<meta property=\"og:image:width\" content=\"1648\" \/>\n\t<meta property=\"og:image:height\" content=\"927\" \/>\n\t<meta property=\"og:image:type\" content=\"image\/jpeg\" \/>\n<meta name=\"author\" content=\"Benoit Charette\" \/>\n<meta name=\"twitter:card\" content=\"summary_large_image\" \/>\n<meta name=\"twitter:creator\" content=\"@canadamotorjobs\" \/>\n<meta name=\"twitter:site\" content=\"@canadamotorjobs\" \/>\n<meta name=\"twitter:label1\" content=\"\u00c9crit par\" \/>\n\t<meta name=\"twitter:data1\" content=\"Benoit Charette\" \/>\n\t<meta name=\"twitter:label2\" content=\"Estimation du temps de lecture\" \/>\n\t<meta name=\"twitter:data2\" content=\"2 minutes\" \/>\n<!-- \/ Yoast SEO plugin. -->","yoast_head_json":{"title":"GM a brevet\u00e9 une rampe de chargement pliable pour camionnettes - CanadaMotorJobs.com","description":"GM a brevet\u00e9 une rampe de chargement pliable pour camionnettes - Benoit Charette - Annuel automobile - CanadaMotorJobs.com.","robots":{"index":"index","follow":"follow","max-snippet":"max-snippet:-1","max-image-preview":"max-image-preview:large","max-video-preview":"max-video-preview:-1"},"og_locale":"fr_CA","og_type":"article","og_title":"GM a brevet\u00e9 une rampe de chargement pliable pour camionnettes - CanadaMotorJobs.com","og_description":"GM a brevet\u00e9 une rampe de chargement pliable pour camionnettes - Benoit Charette - Annuel automobile - CanadaMotorJobs.com.","og_url":"https:\/\/news.canadamotorjobs.com\/fr\/gm-a-brevete-une-rampe-de-chargement-pliable-pour-camionnettes\/","og_site_name":"CanadaMotorJobs.com","article_publisher":"https:\/\/www.facebook.com\/canadamotorjobs\/","article_published_time":"2024-02-21T12:24:48+00:00","article_modified_time":"2024-02-21T21:30:52+00:00","og_image":[{"width":1648,"height":927,"url":"https:\/\/news.canadamotorjobs.com\/wp-content\/uploads\/2024\/02\/general-motors-foldable-bed-ramps-patent-image_100914059-4.jpg","type":"image\/jpeg"}],"author":"Benoit Charette","twitter_card":"summary_large_image","twitter_creator":"@canadamotorjobs","twitter_site":"@canadamotorjobs","twitter_misc":{"\u00c9crit par":"Benoit Charette","Estimation du temps de lecture":"2 minutes"},"schema":{"@context":"https:\/\/schema.org","@graph":[{"@type":"Article","@id":"https:\/\/news.canadamotorjobs.com\/fr\/gm-a-brevete-une-rampe-de-chargement-pliable-pour-camionnettes\/#article","isPartOf":{"@id":"https:\/\/news.canadamotorjobs.com\/fr\/gm-a-brevete-une-rampe-de-chargement-pliable-pour-camionnettes\/"},"author":{"name":"Benoit Charette","@id":"https:\/\/news.canadamotorjobs.com\/#\/schema\/person\/51793d1f87d44011d7bcc2ed99269a90"},"headline":"GM a brevet\u00e9 une rampe de chargement pliable pour camionnettes","datePublished":"2024-02-21T12:24:48+00:00","dateModified":"2024-02-21T21:30:52+00:00","mainEntityOfPage":{"@id":"https:\/\/news.canadamotorjobs.com\/fr\/gm-a-brevete-une-rampe-de-chargement-pliable-pour-camionnettes\/"},"wordCount":461,"publisher":{"@id":"https:\/\/news.canadamotorjobs.com\/#organization"},"image":{"@id":"https:\/\/news.canadamotorjobs.com\/fr\/gm-a-brevete-une-rampe-de-chargement-pliable-pour-camionnettes\/#primaryimage"},"thumbnailUrl":"https:\/\/news.canadamotorjobs.com\/wp-content\/uploads\/2024\/02\/general-motors-foldable-bed-ramps-patent-image_100914059-4.jpg","articleSection":["Annuel automobile"],"inLanguage":"fr-CA"},{"@type":"WebPage","@id":"https:\/\/news.canadamotorjobs.com\/fr\/gm-a-brevete-une-rampe-de-chargement-pliable-pour-camionnettes\/","url":"https:\/\/news.canadamotorjobs.com\/fr\/gm-a-brevete-une-rampe-de-chargement-pliable-pour-camionnettes\/","name":"GM a brevet\u00e9 une rampe de chargement pliable pour camionnettes - CanadaMotorJobs.com","isPartOf":{"@id":"https:\/\/news.canadamotorjobs.com\/#website"},"primaryImageOfPage":{"@id":"https:\/\/news.canadamotorjobs.com\/fr\/gm-a-brevete-une-rampe-de-chargement-pliable-pour-camionnettes\/#primaryimage"},"image":{"@id":"https:\/\/news.canadamotorjobs.com\/fr\/gm-a-brevete-une-rampe-de-chargement-pliable-pour-camionnettes\/#primaryimage"},"thumbnailUrl":"https:\/\/news.canadamotorjobs.com\/wp-content\/uploads\/2024\/02\/general-motors-foldable-bed-ramps-patent-image_100914059-4.jpg","datePublished":"2024-02-21T12:24:48+00:00","dateModified":"2024-02-21T21:30:52+00:00","description":"GM a brevet\u00e9 une rampe de chargement pliable pour camionnettes - Benoit Charette - Annuel automobile - CanadaMotorJobs.com.","breadcrumb":{"@id":"https:\/\/news.canadamotorjobs.com\/fr\/gm-a-brevete-une-rampe-de-chargement-pliable-pour-camionnettes\/#breadcrumb"},"inLanguage":"fr-CA","potentialAction":[{"@type":"ReadAction","target":["https:\/\/news.canadamotorjobs.com\/fr\/gm-a-brevete-une-rampe-de-chargement-pliable-pour-camionnettes\/"]}]},{"@type":"ImageObject","inLanguage":"fr-CA","@id":"https:\/\/news.canadamotorjobs.com\/fr\/gm-a-brevete-une-rampe-de-chargement-pliable-pour-camionnettes\/#primaryimage","url":"https:\/\/news.canadamotorjobs.com\/wp-content\/uploads\/2024\/02\/general-motors-foldable-bed-ramps-patent-image_100914059-4.jpg","contentUrl":"https:\/\/news.canadamotorjobs.com\/wp-content\/uploads\/2024\/02\/general-motors-foldable-bed-ramps-patent-image_100914059-4.jpg","width":1648,"height":927},{"@type":"BreadcrumbList","@id":"https:\/\/news.canadamotorjobs.com\/fr\/gm-a-brevete-une-rampe-de-chargement-pliable-pour-camionnettes\/#breadcrumb","itemListElement":[{"@type":"ListItem","position":1,"name":"Home","item":"https:\/\/news.canadamotorjobs.com\/fr\/blog\/"},{"@type":"ListItem","position":2,"name":"GM a brevet\u00e9 une rampe de chargement pliable pour camionnettes"}]},{"@type":"WebSite","@id":"https:\/\/news.canadamotorjobs.com\/#website","url":"https:\/\/news.canadamotorjobs.com\/","name":"CanadaMotorJobs.com","description":"Automotive Jobs","publisher":{"@id":"https:\/\/news.canadamotorjobs.com\/#organization"},"potentialAction":[{"@type":"SearchAction","target":{"@type":"EntryPoint","urlTemplate":"https:\/\/news.canadamotorjobs.com\/?s={search_term_string}"},"query-input":"required name=search_term_string"}],"inLanguage":"fr-CA"},{"@type":"Organization","@id":"https:\/\/news.canadamotorjobs.com\/#organization","name":"Canada Motor Jobs","url":"https:\/\/news.canadamotorjobs.com\/","logo":{"@type":"ImageObject","inLanguage":"fr-CA","@id":"https:\/\/news.canadamotorjobs.com\/#\/schema\/logo\/image\/","url":"https:\/\/news.canadamotorjobs.com\/wp-content\/uploads\/2022\/10\/logo-canada-motor-jobs-1.png","contentUrl":"https:\/\/news.canadamotorjobs.com\/wp-content\/uploads\/2022\/10\/logo-canada-motor-jobs-1.png","width":800,"height":400,"caption":"Canada Motor Jobs"},"image":{"@id":"https:\/\/news.canadamotorjobs.com\/#\/schema\/logo\/image\/"},"sameAs":["https:\/\/www.facebook.com\/canadamotorjobs\/","https:\/\/x.com\/canadamotorjobs","https:\/\/www.instagram.com\/canadamotorjobs\/","https:\/\/www.linkedin.com\/company\/canadamotorjobs"]},{"@type":"Person","@id":"https:\/\/news.canadamotorjobs.com\/#\/schema\/person\/51793d1f87d44011d7bcc2ed99269a90","name":"Benoit Charette","image":{"@type":"ImageObject","inLanguage":"fr-CA","@id":"https:\/\/news.canadamotorjobs.com\/#\/schema\/person\/image\/","url":"https:\/\/secure.gravatar.com\/avatar\/45f3d2eebcccd909668d7ce7ea7267b6?s=96&d=mm&r=g","contentUrl":"https:\/\/secure.gravatar.com\/avatar\/45f3d2eebcccd909668d7ce7ea7267b6?s=96&d=mm&r=g","caption":"Benoit Charette"},"description":"Benoit Charette \/ Propri\u00e9taire et r\u00e9dacteur en chef Benoit Charette pratique le journalisme automobile depuis bient\u00f4t 30 ans. Il a fait ses classes au c\u00f4t\u00e9 de Daniel H\u00e9raud et au Carnet de route de 1992 \u00e0 2001. Il est fondateur, copropri\u00e9taire et r\u00e9dacteur en chef de L\u2019Annuel de l\u2019automobile, qu\u2019il publie depuis 2001. Il a anim\u00e9 les \u00e9missions RPM et RPM+ sur V et les L\u00e9gendes de la route sur Historia. \u00c0 la radio depuis 1986, il reprend l\u2019antenne cette ann\u00e9e sur les ondes de Cogeco et participe pour la deuxi\u00e8me ann\u00e9e \u00e0 l\u2019\u00e9mission Passion Auto sur RDS en plus de mettre en ligne le site Web officiel de L\u2019Annuel de l\u2019automobile sur annuelauto.ca.","sameAs":["https:\/\/annuelauto.ca\/"],"url":"https:\/\/news.canadamotorjobs.com\/fr\/author\/benoit-charette\/"}]}},"_links":{"self":[{"href":"https:\/\/news.canadamotorjobs.com\/fr\/wp-json\/wp\/v2\/posts\/159334"}],"collection":[{"href":"https:\/\/news.canadamotorjobs.com\/fr\/wp-json\/wp\/v2\/posts"}],"about":[{"href":"https:\/\/news.canadamotorjobs.com\/fr\/wp-json\/wp\/v2\/types\/post"}],"author":[{"embeddable":true,"href":"https:\/\/news.canadamotorjobs.com\/fr\/wp-json\/wp\/v2\/users\/8"}],"replies":[{"embeddable":true,"href":"https:\/\/news.canadamotorjobs.com\/fr\/wp-json\/wp\/v2\/comments?post=159334"}],"version-history":[{"count":2,"href":"https:\/\/news.canadamotorjobs.com\/fr\/wp-json\/wp\/v2\/posts\/159334\/revisions"}],"predecessor-version":[{"id":159338,"href":"https:\/\/news.canadamotorjobs.com\/fr\/wp-json\/wp\/v2\/posts\/159334\/revisions\/159338"}],"wp:featuredmedia":[{"embeddable":true,"href":"https:\/\/news.canadamotorjobs.com\/fr\/wp-json\/wp\/v2\/media\/159336"}],"wp:attachment":[{"href":"https:\/\/news.canadamotorjobs.com\/fr\/wp-json\/wp\/v2\/media?parent=159334"}],"wp:term":[{"taxonomy":"category","embeddable":true,"href":"https:\/\/news.canadamotorjobs.com\/fr\/wp-json\/wp\/v2\/categories?post=159334"},{"taxonomy":"post_tag","embeddable":true,"href":"https:\/\/news.canadamotorjobs.com\/fr\/wp-json\/wp\/v2\/tags?post=159334"}],"curies":[{"name":"wp","href":"https:\/\/api.w.org\/{rel}","templated":true}]}}