{"id":159020,"date":"2024-02-19T06:49:28","date_gmt":"2024-02-19T11:49:28","guid":{"rendered":"https:\/\/news.canadamotorjobs.com\/?p=159020"},"modified":"2024-02-21T15:44:54","modified_gmt":"2024-02-21T20:44:54","slug":"90-000-voitures-genesis-rappelees-en-raison-dun-risque-dincendie","status":"publish","type":"post","link":"https:\/\/news.canadamotorjobs.com\/fr\/90-000-voitures-genesis-rappelees-en-raison-dun-risque-dincendie\/","title":{"rendered":"90 000 voitures Genesis rappel\u00e9es en raison d\u2019un risque d\u2019incendie"},"content":{"rendered":"<\/p>\n<p>Hyundai a annonc\u00e9 cette semaine le rappel de 90 000 voitures de la marque Genesis fabriqu\u00e9es entre 2015 et 2019 en raison d&#8217;un risque d&#8217;incendie touchant plusieurs de ses berlines. Le rappel concerne les mod\u00e8les Genesis G70, G80 et G90 des ann\u00e9es 2015 \u00e0 2019.<\/p>\n<p>Selon un communiqu\u00e9 d\u00e9pos\u00e9 aupr\u00e8s de l&#8217;Administration nationale de la s\u00e9curit\u00e9 routi\u00e8re, le probl\u00e8me survient lorsque l&#8217;eau endommage le sol\u00e9no\u00efde de d\u00e9marrage. Cela peut entra\u00eener un court-circuit \u00e9lectrique, susceptible de provoquer un incendie dans le compartiment moteur, que la voiture soit gar\u00e9e ou en mouvement. En cas d&#8217;incendie, celui-ci pourrait se propager \u00e0 l&#8217;ensemble du compartiment moteur et se propager \u00e0 l&#8217;arri\u00e8re de la voiture.<\/p>\n<p>La marque a d\u00e9clar\u00e9 son intention de r\u00e9soudre le probl\u00e8me en installant un kit de relais de rem\u00e8de dans la bo\u00eete \u00e0 fusibles du moteur des mod\u00e8les concern\u00e9s. Par mesure de pr\u00e9caution, les propri\u00e9taires sont invit\u00e9s \u00e0 stationner leur voiture loin de structures potentiellement inflammables jusqu&#8217;\u00e0 ce que la r\u00e9paration du rappel soit effectu\u00e9e, afin d&#8217;\u00e9viter que l&#8217;incendie de la voiture ne se propage \u00e0 un b\u00e2timent.<\/p>\n<p>Hyundai a signal\u00e9 un petit nombre d'&#8221;incidents thermiques&#8221; li\u00e9s \u00e0 ce probl\u00e8me, mais il n&#8217;est pas clair si l&#8217;un d&#8217;entre eux a d\u00e9g\u00e9n\u00e9r\u00e9 en incendie r\u00e9el. Aucun de ces \u00e9v\u00e9nements n&#8217;a entra\u00een\u00e9 d&#8217;accidents ou de blessures, mais le danger d&#8217;un risque potentiel d&#8217;incendie sous le capot d&#8217;une voiture est \u00e9vident. Tout propri\u00e9taire de Genesis dont la voiture est concern\u00e9e devrait rechercher une solution au rappel d\u00e8s que possible.<\/p>\n<p>Avec des renseignements de Car and Driver<\/p>\n<p>Le texte <a rel=\"nofollow\" href=\"https:\/\/annuelauto.ca\/90-000-voitures-genesis-rappelees-en-raison-dun-risque-dincendie\/\">90 000 voitures Genesis rappel\u00e9es en raison d\u2019un risque d\u2019incendie<\/a> provient de <a rel=\"nofollow\" href=\"https:\/\/annuelauto.ca\">L&#8217;annuel de l&#8217;automobile &#8211; Actualit\u00e9 automobile<\/a><\/p>\n<p><\/p>\n","protected":false},"excerpt":{"rendered":"<p>Hyundai a annonc\u00e9 cette semaine le rappel de 90 000 voitures de la marque Genesis fabriqu\u00e9es entre 2015 et 2019 en raison d&#8217;un risque d&#8217;incendie touchant plusieurs de ses berlines. Le rappel concerne les mod\u00e8les Genesis G70, G80 et G90 des ann\u00e9es 2015 \u00e0 2019. Selon un communiqu\u00e9 d\u00e9pos\u00e9 aupr\u00e8s de l&#8217;Administration nationale de la [&hellip;]<\/p>\n","protected":false},"author":8,"featured_media":159022,"comment_status":"closed","ping_status":"closed","sticky":false,"template":"","format":"standard","meta":{"_monsterinsights_skip_tracking":false,"_monsterinsights_sitenote_active":false,"_monsterinsights_sitenote_note":"","_monsterinsights_sitenote_category":0,"footnotes":""},"categories":[101],"tags":[],"yoast_head":"<!-- This site is optimized with the Yoast SEO plugin v23.2 - https:\/\/yoast.com\/wordpress\/plugins\/seo\/ -->\n<title>90 000 voitures Genesis rappel\u00e9es en raison d\u2019un risque d\u2019incendie - CanadaMotorJobs.com<\/title>\n<meta name=\"description\" content=\"90 000 voitures Genesis rappel\u00e9es en raison d\u2019un risque d\u2019incendie - Benoit Charette - Annuel automobile - CanadaMotorJobs.com.\" \/>\n<meta name=\"robots\" content=\"index, follow, max-snippet:-1, max-image-preview:large, max-video-preview:-1\" \/>\n<meta property=\"og:locale\" content=\"fr_CA\" \/>\n<meta property=\"og:type\" content=\"article\" \/>\n<meta property=\"og:title\" content=\"90 000 voitures Genesis rappel\u00e9es en raison d\u2019un risque d\u2019incendie - CanadaMotorJobs.com\" \/>\n<meta property=\"og:description\" content=\"90 000 voitures Genesis rappel\u00e9es en raison d\u2019un risque d\u2019incendie - Benoit Charette - Annuel automobile - CanadaMotorJobs.com.\" \/>\n<meta property=\"og:url\" content=\"https:\/\/news.canadamotorjobs.com\/fr\/90-000-voitures-genesis-rappelees-en-raison-dun-risque-dincendie\/\" \/>\n<meta property=\"og:site_name\" content=\"CanadaMotorJobs.com\" \/>\n<meta property=\"article:publisher\" content=\"https:\/\/www.facebook.com\/canadamotorjobs\/\" \/>\n<meta property=\"article:published_time\" content=\"2024-02-19T11:49:28+00:00\" \/>\n<meta property=\"article:modified_time\" content=\"2024-02-21T20:44:54+00:00\" \/>\n<meta property=\"og:image\" content=\"https:\/\/news.canadamotorjobs.com\/wp-content\/uploads\/2024\/02\/gen-g70-03.jpg\" \/>\n\t<meta property=\"og:image:width\" content=\"1024\" \/>\n\t<meta property=\"og:image:height\" content=\"682\" \/>\n\t<meta property=\"og:image:type\" content=\"image\/jpeg\" \/>\n<meta name=\"author\" content=\"Benoit Charette\" \/>\n<meta name=\"twitter:card\" content=\"summary_large_image\" \/>\n<meta name=\"twitter:creator\" content=\"@canadamotorjobs\" \/>\n<meta name=\"twitter:site\" content=\"@canadamotorjobs\" \/>\n<meta name=\"twitter:label1\" content=\"\u00c9crit par\" \/>\n\t<meta name=\"twitter:data1\" content=\"Benoit Charette\" \/>\n<!-- \/ Yoast SEO plugin. -->","yoast_head_json":{"title":"90 000 voitures Genesis rappel\u00e9es en raison d\u2019un risque d\u2019incendie - CanadaMotorJobs.com","description":"90 000 voitures Genesis rappel\u00e9es en raison d\u2019un risque d\u2019incendie - Benoit Charette - Annuel automobile - CanadaMotorJobs.com.","robots":{"index":"index","follow":"follow","max-snippet":"max-snippet:-1","max-image-preview":"max-image-preview:large","max-video-preview":"max-video-preview:-1"},"og_locale":"fr_CA","og_type":"article","og_title":"90 000 voitures Genesis rappel\u00e9es en raison d\u2019un risque d\u2019incendie - CanadaMotorJobs.com","og_description":"90 000 voitures Genesis rappel\u00e9es en raison d\u2019un risque d\u2019incendie - Benoit Charette - Annuel automobile - CanadaMotorJobs.com.","og_url":"https:\/\/news.canadamotorjobs.com\/fr\/90-000-voitures-genesis-rappelees-en-raison-dun-risque-dincendie\/","og_site_name":"CanadaMotorJobs.com","article_publisher":"https:\/\/www.facebook.com\/canadamotorjobs\/","article_published_time":"2024-02-19T11:49:28+00:00","article_modified_time":"2024-02-21T20:44:54+00:00","og_image":[{"width":1024,"height":682,"url":"https:\/\/news.canadamotorjobs.com\/wp-content\/uploads\/2024\/02\/gen-g70-03.jpg","type":"image\/jpeg"}],"author":"Benoit Charette","twitter_card":"summary_large_image","twitter_creator":"@canadamotorjobs","twitter_site":"@canadamotorjobs","twitter_misc":{"\u00c9crit par":"Benoit Charette"},"schema":{"@context":"https:\/\/schema.org","@graph":[{"@type":"Article","@id":"https:\/\/news.canadamotorjobs.com\/fr\/90-000-voitures-genesis-rappelees-en-raison-dun-risque-dincendie\/#article","isPartOf":{"@id":"https:\/\/news.canadamotorjobs.com\/fr\/90-000-voitures-genesis-rappelees-en-raison-dun-risque-dincendie\/"},"author":{"name":"Benoit Charette","@id":"https:\/\/news.canadamotorjobs.com\/#\/schema\/person\/51793d1f87d44011d7bcc2ed99269a90"},"headline":"90 000 voitures Genesis rappel\u00e9es en raison d\u2019un risque d\u2019incendie","datePublished":"2024-02-19T11:49:28+00:00","dateModified":"2024-02-21T20:44:54+00:00","mainEntityOfPage":{"@id":"https:\/\/news.canadamotorjobs.com\/fr\/90-000-voitures-genesis-rappelees-en-raison-dun-risque-dincendie\/"},"wordCount":328,"publisher":{"@id":"https:\/\/news.canadamotorjobs.com\/#organization"},"image":{"@id":"https:\/\/news.canadamotorjobs.com\/fr\/90-000-voitures-genesis-rappelees-en-raison-dun-risque-dincendie\/#primaryimage"},"thumbnailUrl":"https:\/\/news.canadamotorjobs.com\/wp-content\/uploads\/2024\/02\/gen-g70-03.jpg","articleSection":["Annuel automobile"],"inLanguage":"fr-CA"},{"@type":"WebPage","@id":"https:\/\/news.canadamotorjobs.com\/fr\/90-000-voitures-genesis-rappelees-en-raison-dun-risque-dincendie\/","url":"https:\/\/news.canadamotorjobs.com\/fr\/90-000-voitures-genesis-rappelees-en-raison-dun-risque-dincendie\/","name":"90 000 voitures Genesis rappel\u00e9es en raison d\u2019un risque d\u2019incendie - CanadaMotorJobs.com","isPartOf":{"@id":"https:\/\/news.canadamotorjobs.com\/#website"},"primaryImageOfPage":{"@id":"https:\/\/news.canadamotorjobs.com\/fr\/90-000-voitures-genesis-rappelees-en-raison-dun-risque-dincendie\/#primaryimage"},"image":{"@id":"https:\/\/news.canadamotorjobs.com\/fr\/90-000-voitures-genesis-rappelees-en-raison-dun-risque-dincendie\/#primaryimage"},"thumbnailUrl":"https:\/\/news.canadamotorjobs.com\/wp-content\/uploads\/2024\/02\/gen-g70-03.jpg","datePublished":"2024-02-19T11:49:28+00:00","dateModified":"2024-02-21T20:44:54+00:00","description":"90 000 voitures Genesis rappel\u00e9es en raison d\u2019un risque d\u2019incendie - Benoit Charette - Annuel automobile - CanadaMotorJobs.com.","breadcrumb":{"@id":"https:\/\/news.canadamotorjobs.com\/fr\/90-000-voitures-genesis-rappelees-en-raison-dun-risque-dincendie\/#breadcrumb"},"inLanguage":"fr-CA","potentialAction":[{"@type":"ReadAction","target":["https:\/\/news.canadamotorjobs.com\/fr\/90-000-voitures-genesis-rappelees-en-raison-dun-risque-dincendie\/"]}]},{"@type":"ImageObject","inLanguage":"fr-CA","@id":"https:\/\/news.canadamotorjobs.com\/fr\/90-000-voitures-genesis-rappelees-en-raison-dun-risque-dincendie\/#primaryimage","url":"https:\/\/news.canadamotorjobs.com\/wp-content\/uploads\/2024\/02\/gen-g70-03.jpg","contentUrl":"https:\/\/news.canadamotorjobs.com\/wp-content\/uploads\/2024\/02\/gen-g70-03.jpg","width":1024,"height":682},{"@type":"BreadcrumbList","@id":"https:\/\/news.canadamotorjobs.com\/fr\/90-000-voitures-genesis-rappelees-en-raison-dun-risque-dincendie\/#breadcrumb","itemListElement":[{"@type":"ListItem","position":1,"name":"Home","item":"https:\/\/news.canadamotorjobs.com\/fr\/blog\/"},{"@type":"ListItem","position":2,"name":"90 000 voitures Genesis rappel\u00e9es en raison d\u2019un risque d\u2019incendie"}]},{"@type":"WebSite","@id":"https:\/\/news.canadamotorjobs.com\/#website","url":"https:\/\/news.canadamotorjobs.com\/","name":"CanadaMotorJobs.com","description":"Automotive Jobs","publisher":{"@id":"https:\/\/news.canadamotorjobs.com\/#organization"},"potentialAction":[{"@type":"SearchAction","target":{"@type":"EntryPoint","urlTemplate":"https:\/\/news.canadamotorjobs.com\/?s={search_term_string}"},"query-input":"required name=search_term_string"}],"inLanguage":"fr-CA"},{"@type":"Organization","@id":"https:\/\/news.canadamotorjobs.com\/#organization","name":"Canada Motor Jobs","url":"https:\/\/news.canadamotorjobs.com\/","logo":{"@type":"ImageObject","inLanguage":"fr-CA","@id":"https:\/\/news.canadamotorjobs.com\/#\/schema\/logo\/image\/","url":"https:\/\/news.canadamotorjobs.com\/wp-content\/uploads\/2022\/10\/logo-canada-motor-jobs-1.png","contentUrl":"https:\/\/news.canadamotorjobs.com\/wp-content\/uploads\/2022\/10\/logo-canada-motor-jobs-1.png","width":800,"height":400,"caption":"Canada Motor Jobs"},"image":{"@id":"https:\/\/news.canadamotorjobs.com\/#\/schema\/logo\/image\/"},"sameAs":["https:\/\/www.facebook.com\/canadamotorjobs\/","https:\/\/x.com\/canadamotorjobs","https:\/\/www.instagram.com\/canadamotorjobs\/","https:\/\/www.linkedin.com\/company\/canadamotorjobs"]},{"@type":"Person","@id":"https:\/\/news.canadamotorjobs.com\/#\/schema\/person\/51793d1f87d44011d7bcc2ed99269a90","name":"Benoit Charette","image":{"@type":"ImageObject","inLanguage":"fr-CA","@id":"https:\/\/news.canadamotorjobs.com\/#\/schema\/person\/image\/","url":"https:\/\/secure.gravatar.com\/avatar\/45f3d2eebcccd909668d7ce7ea7267b6?s=96&d=mm&r=g","contentUrl":"https:\/\/secure.gravatar.com\/avatar\/45f3d2eebcccd909668d7ce7ea7267b6?s=96&d=mm&r=g","caption":"Benoit Charette"},"description":"Benoit Charette \/ Propri\u00e9taire et r\u00e9dacteur en chef Benoit Charette pratique le journalisme automobile depuis bient\u00f4t 30 ans. Il a fait ses classes au c\u00f4t\u00e9 de Daniel H\u00e9raud et au Carnet de route de 1992 \u00e0 2001. Il est fondateur, copropri\u00e9taire et r\u00e9dacteur en chef de L\u2019Annuel de l\u2019automobile, qu\u2019il publie depuis 2001. Il a anim\u00e9 les \u00e9missions RPM et RPM+ sur V et les L\u00e9gendes de la route sur Historia. \u00c0 la radio depuis 1986, il reprend l\u2019antenne cette ann\u00e9e sur les ondes de Cogeco et participe pour la deuxi\u00e8me ann\u00e9e \u00e0 l\u2019\u00e9mission Passion Auto sur RDS en plus de mettre en ligne le site Web officiel de L\u2019Annuel de l\u2019automobile sur annuelauto.ca.","sameAs":["https:\/\/annuelauto.ca\/"],"url":"https:\/\/news.canadamotorjobs.com\/fr\/author\/benoit-charette\/"}]}},"_links":{"self":[{"href":"https:\/\/news.canadamotorjobs.com\/fr\/wp-json\/wp\/v2\/posts\/159020"}],"collection":[{"href":"https:\/\/news.canadamotorjobs.com\/fr\/wp-json\/wp\/v2\/posts"}],"about":[{"href":"https:\/\/news.canadamotorjobs.com\/fr\/wp-json\/wp\/v2\/types\/post"}],"author":[{"embeddable":true,"href":"https:\/\/news.canadamotorjobs.com\/fr\/wp-json\/wp\/v2\/users\/8"}],"replies":[{"embeddable":true,"href":"https:\/\/news.canadamotorjobs.com\/fr\/wp-json\/wp\/v2\/comments?post=159020"}],"version-history":[{"count":2,"href":"https:\/\/news.canadamotorjobs.com\/fr\/wp-json\/wp\/v2\/posts\/159020\/revisions"}],"predecessor-version":[{"id":159024,"href":"https:\/\/news.canadamotorjobs.com\/fr\/wp-json\/wp\/v2\/posts\/159020\/revisions\/159024"}],"wp:featuredmedia":[{"embeddable":true,"href":"https:\/\/news.canadamotorjobs.com\/fr\/wp-json\/wp\/v2\/media\/159022"}],"wp:attachment":[{"href":"https:\/\/news.canadamotorjobs.com\/fr\/wp-json\/wp\/v2\/media?parent=159020"}],"wp:term":[{"taxonomy":"category","embeddable":true,"href":"https:\/\/news.canadamotorjobs.com\/fr\/wp-json\/wp\/v2\/categories?post=159020"},{"taxonomy":"post_tag","embeddable":true,"href":"https:\/\/news.canadamotorjobs.com\/fr\/wp-json\/wp\/v2\/tags?post=159020"}],"curies":[{"name":"wp","href":"https:\/\/api.w.org\/{rel}","templated":true}]}}