{"id":158966,"date":"2024-02-18T07:16:54","date_gmt":"2024-02-18T12:16:54","guid":{"rendered":"https:\/\/news.canadamotorjobs.com\/?p=158966"},"modified":"2024-02-18T14:06:15","modified_gmt":"2024-02-18T19:06:15","slug":"salon-de-toronto-10-modeles-qui-netaient-pas-au-salon-de-montreal","status":"publish","type":"post","link":"https:\/\/news.canadamotorjobs.com\/fr\/salon-de-toronto-10-modeles-qui-netaient-pas-au-salon-de-montreal\/","title":{"rendered":"Salon de Toronto\u00a0: 10 mod\u00e8les qui n\u2019\u00e9taient pas au Salon de Montr\u00e9al"},"content":{"rendered":"<\/p>\n<p>Les salons automobiles de Montr\u00e9al et de Toronto se tiennent \u00e0 un peu moins d\u2019un mois d\u2019intervalle. G\u00e9n\u00e9ralement, les constructeurs \u00e9vitent d\u2019y aller des m\u00eames pr\u00e9sentations de nouveaux mod\u00e8les, ce qui serait redondant.<\/p>\n<p>Ainsi, lorsqu\u2019on assiste aux deux \u00e9v\u00e9nements, on a l\u2019occasion de voir \u00e0 Toronto des v\u00e9hicules qui n\u2019\u00e9taient pas \u00e0 Montr\u00e9al. On les a parfois vus ailleurs dans le monde, mais \u00e7a, c\u2019est une autre histoire. Pour les gens d\u2019ici, \u00e7a fait beaucoup de nouveaut\u00e9s \u00e0 se mettre sous la dent.<\/p>\n<p>Voici donc 10\u00a0mod\u00e8les qu\u2019on a pu voir pour la premi\u00e8re fois au Canada lors de la journ\u00e9e de presse du Salon de Toronto, qui se d\u00e9roulait le 15\u00a0f\u00e9vrier dernier. Les v\u00e9hicules vous sont pr\u00e9sent\u00e9s ci-bas et vous pouvez suivre le m\u00eame ordre avec le d\u00e9filement des photos.<\/p>\n<h3>1 \u2014 Ram\u00a01500 REV\u00a02025<\/h3>\n<p>\nLa camionnette \u00e9lectrique de Ram, la voici. Elle est attendue pour l\u2019ann\u00e9e prochaine et le fait qu\u2019on commence \u00e0 la voir dans les salons est encourageant, car tout est un peu plus long que pr\u00e9vu chez Stellantis en ce qui a trait \u00e0 l\u2019\u00e9lectrification. Une batterie de 168 kWh est attendue, mais il sera \u00e9ventuellement possible d\u2019opter pour une unit\u00e9 de 229 kWh. Les autonomies respectives seront de 560 km et de plus de 800 km. On a bien h\u00e2te de l\u2019essayer.<\/p>\n<h3>2 \u2014 Fiat\u00a0500e 2024<\/h3>\n<p>\n\u00c0 l\u2019autre bout du spectre chez Stellantis, il y a la Fiat\u00a0500e, la version tout \u00e9lectrique d\u2019un mod\u00e8le que l\u2019on conna\u00eet bien\u2026 et qui n\u2019a pas laiss\u00e9 la meilleure r\u00e9putation derri\u00e8re lui. Est-ce que ce sera diff\u00e9rent \u00e0 l\u2019\u00e8re \u00e9lectrique\u2009? Il faudra patienter pour le savoir. Chose certaine, le prix relativement abordable (autour de 42\u2009000\u00a0$) pour un mod\u00e8le \u00e9lectrique va assur\u00e9ment attirer des acheteurs. Cette voiture va offrir 240\u00a0km d\u2019autonomie.<\/p>\n<h3>3\u2014 Chevrolet Equinox\u00a02025<\/h3>\n<p>\nLa version \u00e9lectrique de l\u2019Equinox est tr\u00e8s attendue cette ann\u00e9e, mais il ne faudrait pas oublier que la variante \u00e0 essence va poursuivre sa carri\u00e8re de fa\u00e7on parall\u00e8le. Chevrolet a pr\u00e9sent\u00e9 le mod\u00e8le de quatri\u00e8me g\u00e9n\u00e9ration il y a quelques semaines du c\u00f4t\u00e9 de D\u00e9troit et voil\u00e0 qu\u2019on peut le voir au Salon de Toronto. Le style est plut\u00f4t r\u00e9ussi.<\/p>\n<h3>4 \u2014 Chevrolet Silverado EV\u00a04LT 2024<\/h3>\n<p>\nDepuis septembre 2022, on peut voir la version tout \u00e9lectrique du Chevrolet Silverado dans les salons automobiles. Cette derni\u00e8re \u00e9tait \u00e0 Toronto, mais elle \u00e9tait cette fois accompagn\u00e9e d\u2019une d\u00e9clinaison WT (Work Truck), celle d\u2019entr\u00e9e de gamme, destin\u00e9e aux travailleurs. Pour le moment, la d\u00e9clinaison haut de gamme est annonc\u00e9e \u00e0 quelque 122\u2009000\u00a0$, alors que la livr\u00e9e LT l\u2019est \u00e0 environ 60\u2009000\u00a0$. Voil\u00e0 toute une diff\u00e9rence, surtout pour ceux qui veulent surtout travailler avec leur future camionnette \u00e9lectrique.<\/p>\n<p>Pour 2024, la version WT ne sera livrable qu\u2019aux gestionnaires de parcs, mais \u00e0 compter de 2025, elle sera offerte au grand public. Elle va offrir une autonomie de 724\u00a0km, avec une puissance de 515\u00a0chevaux et 600\u00a0livres-pieds de couple.<\/p>\n<h3>5 \u2014 Toyota Land Cruiser 2024<\/h3>\n<p>\nL\u2019ann\u00e9e\u00a02024 marque le grand retour du Land Cruiser au Canada, apr\u00e8s une absence de 28\u00a0ans. Le style tr\u00e8s carr\u00e9 du mod\u00e8le est tr\u00e8s \u00e0 la mode et calqu\u00e9 sur ce qu\u2019on a vu avec le Lexus GX. C\u2019est accrocheur et l\u2019on peut d\u2019ores et d\u00e9j\u00e0 pr\u00e9dire le succ\u00e8s de ce produit. Nous allons en faire l\u2019essai en avril prochain.<\/p>\n<h3>6 \u2014 Toyota Crown Signia 2025<\/h3>\n<p>\nToyota avait deux mod\u00e8les \u00e0 montrer \u00e0 Toronto. En plus du Land Cruiser, il y avait aussi le VUS Crown Signia, dont les proportions sont plus harmonieuses que celles de la berline Crown. Voil\u00e0 un autre mod\u00e8le que nous allons avoir l\u2019occasion d\u2019essayer bient\u00f4t\u2009; soyez certains de nous revenir pour avoir tous les d\u00e9tails.<\/p>\n<h3>7 \u2014 Infiniti Monograph Concept<\/h3>\n<p>\nInfiniti avait deux concepts \u00e0 partager avec le public torontois, dont le mod\u00e8le qui pr\u00e9figure la prochaine g\u00e9n\u00e9ration du VUS\u00a0QX80, qui devrait faire ses d\u00e9buts un peu plus tard cette ann\u00e9e. La signature stylistique de cette \u00e9tude nous montre aussi o\u00f9 souhaite se diriger la marque en mati\u00e8re de design. La pente sera abrupte pour Infiniti qui devra mettre les bouch\u00e9es doubles pour se mettre \u00e0 niveau avec la concurrence. On a bien h\u00e2te de voir la version de production et d\u2019en prendre le volant.<\/p>\n<h3>8 \u2014 Infiniti Qe Concept<\/h3>\n<p>\nL\u2019autre concept d\u00e9voil\u00e9 par Infiniti a \u00e9t\u00e9 la berline Qe, qui a \u00e9t\u00e9 pr\u00e9sent\u00e9e \u00e0 la fin de 2023 au Japon. Cette berline tout \u00e9lectrique montre \u00e9galement o\u00f9 la compagnie veut se diriger en fait de signature. Le mod\u00e8le est accrocheur, mais ce qu\u2019on a pu remarquer, c\u2019est que le style ne fait pas l\u2019unanimit\u00e9. On parle d\u2019une \u00e9tude stylistique, bien s\u00fbr\u2009; on verra l\u2019influence qu\u2019aura cette derni\u00e8re sur les futures berlines de la marque.<\/p>\n<h3>9 \u2014 Kia Carnival hybride 2025<\/h3>\n<p>\nKia vient \u00e0 peine d\u2019annoncer l\u2019ajout d\u2019une variante hybride \u00e0 sa fourgonnette Carnival que la voil\u00e0 d\u00e9barqu\u00e9e \u00e0 Toronto. Un 4-cylindres turbo de 1,6\u00a0litre sera sous le capot. Il sera int\u00e9ressant de voir si ce groupe motopropulseur pourra rivaliser avec ce que propose la concurrence, notamment Toyota avec sa Sienna qui n\u2019est offerte qu\u2019en configuration hybride.<\/p>\n<h3>10 \u2014 Porsche Taycan\u00a02025<\/h3>\n<p>\nEnfin, il est difficile de passer devant une Porsche Taycan sans prendre le temps de l\u2019observer. Les lignes de cette voiture sont spectaculaires et pour 2025, elles sont rafra\u00eechies alors que Porsche effectue quelques mises \u00e0 niveau de son mod\u00e8le tout \u00e9lectrique, notamment sur le plan de la performance. Notre coll\u00e8gue Benoit Charette va bient\u00f4t faire l\u2019essai de cette version et pourra tout vous raconter \u00e0 son sujet.<\/p>\n<p>\u00a0<\/p>\n<p><sup>\u00a0<\/sup><\/p>\n<p>\u00a0<\/p>\n<p>\u00a0<\/p>\n<p>\u00a0<\/p>\n<p>Le texte <a rel=\"nofollow\" href=\"https:\/\/annuelauto.ca\/salon-de-toronto-10-modeles-qui-netaient-pas-au-salon-de-montreal\/\">Salon de Toronto\u00a0: 10 mod\u00e8les qui n\u2019\u00e9taient pas au Salon de Montr\u00e9al<\/a> provient de <a rel=\"nofollow\" href=\"https:\/\/annuelauto.ca\">L&#8217;annuel de l&#8217;automobile &#8211; Actualit\u00e9 automobile<\/a><\/p>\n<p><\/p>\n","protected":false},"excerpt":{"rendered":"<p>Les salons automobiles de Montr\u00e9al et de Toronto se tiennent \u00e0 un peu moins d\u2019un mois d\u2019intervalle. G\u00e9n\u00e9ralement, les constructeurs \u00e9vitent d\u2019y aller des m\u00eames pr\u00e9sentations de nouveaux mod\u00e8les, ce qui serait redondant. Ainsi, lorsqu\u2019on assiste aux deux \u00e9v\u00e9nements, on a l\u2019occasion de voir \u00e0 Toronto des v\u00e9hicules qui n\u2019\u00e9taient pas \u00e0 Montr\u00e9al. On les [&hellip;]<\/p>\n","protected":false},"author":8,"featured_media":158968,"comment_status":"closed","ping_status":"closed","sticky":false,"template":"","format":"standard","meta":{"_monsterinsights_skip_tracking":false,"_monsterinsights_sitenote_active":false,"_monsterinsights_sitenote_note":"","_monsterinsights_sitenote_category":0,"footnotes":""},"categories":[101],"tags":[],"yoast_head":"<!-- This site is optimized with the Yoast SEO plugin v23.2 - https:\/\/yoast.com\/wordpress\/plugins\/seo\/ -->\n<title>Salon de Toronto\u00a0: 10 mod\u00e8les qui n\u2019\u00e9taient pas au Salon de Montr\u00e9al - CanadaMotorJobs.com<\/title>\n<meta name=\"description\" content=\"Salon de Toronto\u00a0: 10 mod\u00e8les qui n\u2019\u00e9taient pas au Salon de Montr\u00e9al - Benoit Charette - Annuel automobile - CanadaMotorJobs.com.\" \/>\n<meta name=\"robots\" content=\"index, follow, max-snippet:-1, max-image-preview:large, max-video-preview:-1\" \/>\n<meta property=\"og:locale\" content=\"fr_CA\" \/>\n<meta property=\"og:type\" content=\"article\" \/>\n<meta property=\"og:title\" content=\"Salon de Toronto\u00a0: 10 mod\u00e8les qui n\u2019\u00e9taient pas au Salon de Montr\u00e9al - CanadaMotorJobs.com\" \/>\n<meta property=\"og:description\" content=\"Salon de Toronto\u00a0: 10 mod\u00e8les qui n\u2019\u00e9taient pas au Salon de Montr\u00e9al - Benoit Charette - Annuel automobile - CanadaMotorJobs.com.\" \/>\n<meta property=\"og:url\" content=\"https:\/\/news.canadamotorjobs.com\/fr\/salon-de-toronto-10-modeles-qui-netaient-pas-au-salon-de-montreal\/\" \/>\n<meta property=\"og:site_name\" content=\"CanadaMotorJobs.com\" \/>\n<meta property=\"article:publisher\" content=\"https:\/\/www.facebook.com\/canadamotorjobs\/\" \/>\n<meta property=\"article:published_time\" content=\"2024-02-18T12:16:54+00:00\" \/>\n<meta property=\"article:modified_time\" content=\"2024-02-18T19:06:15+00:00\" \/>\n<meta property=\"og:image\" content=\"https:\/\/news.canadamotorjobs.com\/wp-content\/uploads\/2024\/02\/1-Ram-1500-REV-2025.jpg\" \/>\n\t<meta property=\"og:image:width\" content=\"1200\" \/>\n\t<meta property=\"og:image:height\" content=\"800\" \/>\n\t<meta property=\"og:image:type\" content=\"image\/jpeg\" \/>\n<meta name=\"author\" content=\"Benoit Charette\" \/>\n<meta name=\"twitter:card\" content=\"summary_large_image\" \/>\n<meta name=\"twitter:creator\" content=\"@canadamotorjobs\" \/>\n<meta name=\"twitter:site\" content=\"@canadamotorjobs\" \/>\n<meta name=\"twitter:label1\" content=\"\u00c9crit par\" \/>\n\t<meta name=\"twitter:data1\" content=\"Benoit Charette\" \/>\n\t<meta name=\"twitter:label2\" content=\"Estimation du temps de lecture\" \/>\n\t<meta name=\"twitter:data2\" content=\"5 minutes\" \/>\n<!-- \/ Yoast SEO plugin. -->","yoast_head_json":{"title":"Salon de Toronto\u00a0: 10 mod\u00e8les qui n\u2019\u00e9taient pas au Salon de Montr\u00e9al - CanadaMotorJobs.com","description":"Salon de Toronto\u00a0: 10 mod\u00e8les qui n\u2019\u00e9taient pas au Salon de Montr\u00e9al - Benoit Charette - Annuel automobile - CanadaMotorJobs.com.","robots":{"index":"index","follow":"follow","max-snippet":"max-snippet:-1","max-image-preview":"max-image-preview:large","max-video-preview":"max-video-preview:-1"},"og_locale":"fr_CA","og_type":"article","og_title":"Salon de Toronto\u00a0: 10 mod\u00e8les qui n\u2019\u00e9taient pas au Salon de Montr\u00e9al - CanadaMotorJobs.com","og_description":"Salon de Toronto\u00a0: 10 mod\u00e8les qui n\u2019\u00e9taient pas au Salon de Montr\u00e9al - Benoit Charette - Annuel automobile - CanadaMotorJobs.com.","og_url":"https:\/\/news.canadamotorjobs.com\/fr\/salon-de-toronto-10-modeles-qui-netaient-pas-au-salon-de-montreal\/","og_site_name":"CanadaMotorJobs.com","article_publisher":"https:\/\/www.facebook.com\/canadamotorjobs\/","article_published_time":"2024-02-18T12:16:54+00:00","article_modified_time":"2024-02-18T19:06:15+00:00","og_image":[{"width":1200,"height":800,"url":"https:\/\/news.canadamotorjobs.com\/wp-content\/uploads\/2024\/02\/1-Ram-1500-REV-2025.jpg","type":"image\/jpeg"}],"author":"Benoit Charette","twitter_card":"summary_large_image","twitter_creator":"@canadamotorjobs","twitter_site":"@canadamotorjobs","twitter_misc":{"\u00c9crit par":"Benoit Charette","Estimation du temps de lecture":"5 minutes"},"schema":{"@context":"https:\/\/schema.org","@graph":[{"@type":"Article","@id":"https:\/\/news.canadamotorjobs.com\/fr\/salon-de-toronto-10-modeles-qui-netaient-pas-au-salon-de-montreal\/#article","isPartOf":{"@id":"https:\/\/news.canadamotorjobs.com\/fr\/salon-de-toronto-10-modeles-qui-netaient-pas-au-salon-de-montreal\/"},"author":{"name":"Benoit Charette","@id":"https:\/\/news.canadamotorjobs.com\/#\/schema\/person\/51793d1f87d44011d7bcc2ed99269a90"},"headline":"Salon de Toronto\u00a0: 10 mod\u00e8les qui n\u2019\u00e9taient pas au Salon de Montr\u00e9al","datePublished":"2024-02-18T12:16:54+00:00","dateModified":"2024-02-18T19:06:15+00:00","mainEntityOfPage":{"@id":"https:\/\/news.canadamotorjobs.com\/fr\/salon-de-toronto-10-modeles-qui-netaient-pas-au-salon-de-montreal\/"},"wordCount":1025,"publisher":{"@id":"https:\/\/news.canadamotorjobs.com\/#organization"},"image":{"@id":"https:\/\/news.canadamotorjobs.com\/fr\/salon-de-toronto-10-modeles-qui-netaient-pas-au-salon-de-montreal\/#primaryimage"},"thumbnailUrl":"https:\/\/news.canadamotorjobs.com\/wp-content\/uploads\/2024\/02\/1-Ram-1500-REV-2025.jpg","articleSection":["Annuel automobile"],"inLanguage":"fr-CA"},{"@type":"WebPage","@id":"https:\/\/news.canadamotorjobs.com\/fr\/salon-de-toronto-10-modeles-qui-netaient-pas-au-salon-de-montreal\/","url":"https:\/\/news.canadamotorjobs.com\/fr\/salon-de-toronto-10-modeles-qui-netaient-pas-au-salon-de-montreal\/","name":"Salon de Toronto\u00a0: 10 mod\u00e8les qui n\u2019\u00e9taient pas au Salon de Montr\u00e9al - CanadaMotorJobs.com","isPartOf":{"@id":"https:\/\/news.canadamotorjobs.com\/#website"},"primaryImageOfPage":{"@id":"https:\/\/news.canadamotorjobs.com\/fr\/salon-de-toronto-10-modeles-qui-netaient-pas-au-salon-de-montreal\/#primaryimage"},"image":{"@id":"https:\/\/news.canadamotorjobs.com\/fr\/salon-de-toronto-10-modeles-qui-netaient-pas-au-salon-de-montreal\/#primaryimage"},"thumbnailUrl":"https:\/\/news.canadamotorjobs.com\/wp-content\/uploads\/2024\/02\/1-Ram-1500-REV-2025.jpg","datePublished":"2024-02-18T12:16:54+00:00","dateModified":"2024-02-18T19:06:15+00:00","description":"Salon de Toronto\u00a0: 10 mod\u00e8les qui n\u2019\u00e9taient pas au Salon de Montr\u00e9al - Benoit Charette - Annuel automobile - CanadaMotorJobs.com.","breadcrumb":{"@id":"https:\/\/news.canadamotorjobs.com\/fr\/salon-de-toronto-10-modeles-qui-netaient-pas-au-salon-de-montreal\/#breadcrumb"},"inLanguage":"fr-CA","potentialAction":[{"@type":"ReadAction","target":["https:\/\/news.canadamotorjobs.com\/fr\/salon-de-toronto-10-modeles-qui-netaient-pas-au-salon-de-montreal\/"]}]},{"@type":"ImageObject","inLanguage":"fr-CA","@id":"https:\/\/news.canadamotorjobs.com\/fr\/salon-de-toronto-10-modeles-qui-netaient-pas-au-salon-de-montreal\/#primaryimage","url":"https:\/\/news.canadamotorjobs.com\/wp-content\/uploads\/2024\/02\/1-Ram-1500-REV-2025.jpg","contentUrl":"https:\/\/news.canadamotorjobs.com\/wp-content\/uploads\/2024\/02\/1-Ram-1500-REV-2025.jpg","width":1200,"height":800},{"@type":"BreadcrumbList","@id":"https:\/\/news.canadamotorjobs.com\/fr\/salon-de-toronto-10-modeles-qui-netaient-pas-au-salon-de-montreal\/#breadcrumb","itemListElement":[{"@type":"ListItem","position":1,"name":"Home","item":"https:\/\/news.canadamotorjobs.com\/fr\/blog\/"},{"@type":"ListItem","position":2,"name":"Salon de Toronto\u00a0: 10 mod\u00e8les qui n\u2019\u00e9taient pas au Salon de Montr\u00e9al"}]},{"@type":"WebSite","@id":"https:\/\/news.canadamotorjobs.com\/#website","url":"https:\/\/news.canadamotorjobs.com\/","name":"CanadaMotorJobs.com","description":"Automotive Jobs","publisher":{"@id":"https:\/\/news.canadamotorjobs.com\/#organization"},"potentialAction":[{"@type":"SearchAction","target":{"@type":"EntryPoint","urlTemplate":"https:\/\/news.canadamotorjobs.com\/?s={search_term_string}"},"query-input":"required name=search_term_string"}],"inLanguage":"fr-CA"},{"@type":"Organization","@id":"https:\/\/news.canadamotorjobs.com\/#organization","name":"Canada Motor Jobs","url":"https:\/\/news.canadamotorjobs.com\/","logo":{"@type":"ImageObject","inLanguage":"fr-CA","@id":"https:\/\/news.canadamotorjobs.com\/#\/schema\/logo\/image\/","url":"https:\/\/news.canadamotorjobs.com\/wp-content\/uploads\/2022\/10\/logo-canada-motor-jobs-1.png","contentUrl":"https:\/\/news.canadamotorjobs.com\/wp-content\/uploads\/2022\/10\/logo-canada-motor-jobs-1.png","width":800,"height":400,"caption":"Canada Motor Jobs"},"image":{"@id":"https:\/\/news.canadamotorjobs.com\/#\/schema\/logo\/image\/"},"sameAs":["https:\/\/www.facebook.com\/canadamotorjobs\/","https:\/\/x.com\/canadamotorjobs","https:\/\/www.instagram.com\/canadamotorjobs\/","https:\/\/www.linkedin.com\/company\/canadamotorjobs"]},{"@type":"Person","@id":"https:\/\/news.canadamotorjobs.com\/#\/schema\/person\/51793d1f87d44011d7bcc2ed99269a90","name":"Benoit Charette","image":{"@type":"ImageObject","inLanguage":"fr-CA","@id":"https:\/\/news.canadamotorjobs.com\/#\/schema\/person\/image\/","url":"https:\/\/secure.gravatar.com\/avatar\/45f3d2eebcccd909668d7ce7ea7267b6?s=96&d=mm&r=g","contentUrl":"https:\/\/secure.gravatar.com\/avatar\/45f3d2eebcccd909668d7ce7ea7267b6?s=96&d=mm&r=g","caption":"Benoit Charette"},"description":"Benoit Charette \/ Propri\u00e9taire et r\u00e9dacteur en chef Benoit Charette pratique le journalisme automobile depuis bient\u00f4t 30 ans. Il a fait ses classes au c\u00f4t\u00e9 de Daniel H\u00e9raud et au Carnet de route de 1992 \u00e0 2001. Il est fondateur, copropri\u00e9taire et r\u00e9dacteur en chef de L\u2019Annuel de l\u2019automobile, qu\u2019il publie depuis 2001. Il a anim\u00e9 les \u00e9missions RPM et RPM+ sur V et les L\u00e9gendes de la route sur Historia. \u00c0 la radio depuis 1986, il reprend l\u2019antenne cette ann\u00e9e sur les ondes de Cogeco et participe pour la deuxi\u00e8me ann\u00e9e \u00e0 l\u2019\u00e9mission Passion Auto sur RDS en plus de mettre en ligne le site Web officiel de L\u2019Annuel de l\u2019automobile sur annuelauto.ca.","sameAs":["https:\/\/annuelauto.ca\/"],"url":"https:\/\/news.canadamotorjobs.com\/fr\/author\/benoit-charette\/"}]}},"_links":{"self":[{"href":"https:\/\/news.canadamotorjobs.com\/fr\/wp-json\/wp\/v2\/posts\/158966"}],"collection":[{"href":"https:\/\/news.canadamotorjobs.com\/fr\/wp-json\/wp\/v2\/posts"}],"about":[{"href":"https:\/\/news.canadamotorjobs.com\/fr\/wp-json\/wp\/v2\/types\/post"}],"author":[{"embeddable":true,"href":"https:\/\/news.canadamotorjobs.com\/fr\/wp-json\/wp\/v2\/users\/8"}],"replies":[{"embeddable":true,"href":"https:\/\/news.canadamotorjobs.com\/fr\/wp-json\/wp\/v2\/comments?post=158966"}],"version-history":[{"count":2,"href":"https:\/\/news.canadamotorjobs.com\/fr\/wp-json\/wp\/v2\/posts\/158966\/revisions"}],"predecessor-version":[{"id":158970,"href":"https:\/\/news.canadamotorjobs.com\/fr\/wp-json\/wp\/v2\/posts\/158966\/revisions\/158970"}],"wp:featuredmedia":[{"embeddable":true,"href":"https:\/\/news.canadamotorjobs.com\/fr\/wp-json\/wp\/v2\/media\/158968"}],"wp:attachment":[{"href":"https:\/\/news.canadamotorjobs.com\/fr\/wp-json\/wp\/v2\/media?parent=158966"}],"wp:term":[{"taxonomy":"category","embeddable":true,"href":"https:\/\/news.canadamotorjobs.com\/fr\/wp-json\/wp\/v2\/categories?post=158966"},{"taxonomy":"post_tag","embeddable":true,"href":"https:\/\/news.canadamotorjobs.com\/fr\/wp-json\/wp\/v2\/tags?post=158966"}],"curies":[{"name":"wp","href":"https:\/\/api.w.org\/{rel}","templated":true}]}}