{"id":158893,"date":"2024-02-16T09:41:33","date_gmt":"2024-02-16T14:41:33","guid":{"rendered":"https:\/\/news.canadamotorjobs.com\/?p=158893"},"modified":"2024-02-17T09:54:56","modified_gmt":"2024-02-17T14:54:56","slug":"cest-peut-etre-toyota-qui-avait-raison","status":"publish","type":"post","link":"https:\/\/news.canadamotorjobs.com\/fr\/cest-peut-etre-toyota-qui-avait-raison\/","title":{"rendered":"C\u2019est peut-\u00eatre Toyota qui avait raison"},"content":{"rendered":"<\/p>\n<p>Les Japonais sont trop polis pour dire \u00e0 la face du monde qu\u2019ils avaient raison, nous ne sommes pas aux \u00c9tats-Unis. Mais les chamboulements r\u00e9cents dans la direction que prend l\u2019industrie automobile en ce moment semble donner raison \u00e0 Toyota qui avait d\u00e8s le d\u00e9but de la r\u00e9volution \u00e9lectrique mis la p\u00e9dale douce en disant que cela allait \u00eatre un processus long et tr\u00e8s co\u00fbteux.<\/p>\n<h3>D\u2019autres constructeurs constatent la m\u00eame chose<\/h3>\n<p>\nLes investisseurs, les \u00e9cologistes et les ap\u00f4tres de l\u2019\u00e9lectrique ont tous critiqu\u00e9 Toyota en la qualifiant de relique d\u00e9sesp\u00e9r\u00e9ment d\u00e9pendante de l&#8217;essence et pratiquant la politique de l&#8217;autruche. Ces m\u00eames personnes avaient r\u00e9agit de la m\u00eame mani\u00e8re lorsque Toyota avait lanc\u00e9 sa r\u00e9volution hybride avec la Prius. Pourtant, c\u2019est Toyota qui avait raison. L&#8217;optimisme de l&#8217;industrie quant \u00e0 l&#8217;ascension fulgurante des VE est soudain vacillant. Des compagnies comme Ford et GM ont revu la production \u00e0 la baisse. D\u2019autres comme BMW affirme que la production de moteur \u00e0 combustion va continuer au-del\u00e0 de 2035.\u00a0 On remarque aussi des introductions en bourse annul\u00e9es, le scepticisme des concessionnaires, le ralentissement des ventes, la r\u00e9duction des investissements, les guerres de prix impitoyables qui sont autant de nouvelles r\u00e9alit\u00e9s qui mettent \u00e0 mal le segment des V\u00c9S.<\/p>\n<h3>Une r\u00e9vision des \u00e9ch\u00e9anciers<\/h3>\n<p>\nNous ne sommes pas en train de vous dire que les mod\u00e8les \u00e9lectriques vont cesser demain, mais il faut enlev\u00e9 ses orni\u00e8res et regarder ailleurs qu\u2019au Qu\u00e9bec. Bien des endroits dans le monde sont beaucoup trop pauvre pour m\u00eame songer \u00e0 se lancer dans la production de v\u00e9hicules \u00e9lectriques. Beaucoup de pays n\u2019ont aucune loi sur l\u2019environnement. Frank Weber, responsable du d\u00e9veloppement des produits chez BMW affirmait en conf\u00e9rence de presse au Portugal la semaine derni\u00e8re qu\u2019aucun constructeur ne fait d\u2019argent avec les mod\u00e8les \u00e9lectriques et que la production co\u00fbtent de plus en plus cher. Il faut se rendre \u00e0 la r\u00e9alit\u00e9 que cette technologie est pour le moment hors de port\u00e9e de bien des gens et que la transformation pour les infrastructures sera encore longue.<\/p>\n<h3>Et les hybrides dans tout cela<\/h3>\n<p>\nPendant ce temps, les v\u00e9hicules hybrides se vendent comme des petits pains chauds. Plusieurs manufacturiers pr\u00e9parent des mod\u00e8les hybrides avec une autonomie plus longue qui pourrait faire patienter bien des acheteurs de mod\u00e8les \u00e9lectriques. Les ventes de mod\u00e8les 100 % \u00e9lectrique progressent beaucoup lentement que pr\u00e9vu aux \u00c9tats-Unis et en Europe. Les constructeurs revoit leurs cibles \u00e0 la baisse. Les moteurs \u00e0 combustion ont encore de l\u2019avenir. Plusieurs regardent comment le moteur \u00e0 combustion pourrait cohabiter plus longtemps avec les mod\u00e8les \u00e9lectriques.<\/p>\n<h3>Les investissements en \u00e9lectrique ne sont pas mis de c\u00f4t\u00e9<\/h3>\n<p>\nLe PDG de Toyota Koji Sato estime que Toyota sera pr\u00eat \u00e0 vendre 1,5 million de V\u00c9S dans le monde cette ann\u00e9e. L&#8217;entreprise, qui d\u00e9pense 13,9 milliards de dollars pour construire des batteries de v\u00e9hicules \u00e9lectriques et hybrides en Caroline du Nord, a annonc\u00e9 cette semaine qu&#8217;elle investirait 1,3 milliard de dollars suppl\u00e9mentaires dans l&#8217;assemblage de batteries dans le Kentucky. Cette somme vient s&#8217;ajouter aux 5,9 milliards de dollars de financement d\u00e9j\u00e0 annonc\u00e9s par Toyota pour cette op\u00e9ration. Des sommes colossales que tous les constructeurs n\u2019ont pas les moyens de d\u00e9penser.<\/p>\n<h3>Devrait-t-on suivre la voie de Toyota \u00e0 nouveau ?<\/h3>\n<p>\nLes investisseurs commencent \u00e0 comprendre le message. Les actions de Toyota ont bondi de 70 % au cours des 12 derniers mois et de 24 % depuis le 1er janvier. M\u00eame Toyota ne peut pr\u00e9dire l&#8217;avenir. Mais lorsqu&#8217;il s&#8217;agit des d\u00e9tracteurs de Toyota, le plus grand constructeur automobile du monde pourrait bien avoir la r\u00e9ponse \u00e0 leurs questions. L\u2019avenir nous donnera r\u00e9ponse \u00e0 ces questions.<\/p>\n<p>Le texte <a rel=\"nofollow\" href=\"https:\/\/annuelauto.ca\/cest-peut-etre-toyota-qui-avait-raison\/\">C\u2019est peut-\u00eatre Toyota qui avait raison<\/a> provient de <a rel=\"nofollow\" href=\"https:\/\/annuelauto.ca\">L&#8217;annuel de l&#8217;automobile &#8211; Actualit\u00e9 automobile<\/a><\/p>\n<p><\/p>\n","protected":false},"excerpt":{"rendered":"<p>Les Japonais sont trop polis pour dire \u00e0 la face du monde qu\u2019ils avaient raison, nous ne sommes pas aux \u00c9tats-Unis. Mais les chamboulements r\u00e9cents dans la direction que prend l\u2019industrie automobile en ce moment semble donner raison \u00e0 Toyota qui avait d\u00e8s le d\u00e9but de la r\u00e9volution \u00e9lectrique mis la p\u00e9dale douce en disant [&hellip;]<\/p>\n","protected":false},"author":8,"featured_media":158895,"comment_status":"closed","ping_status":"closed","sticky":false,"template":"","format":"standard","meta":{"_monsterinsights_skip_tracking":false,"_monsterinsights_sitenote_active":false,"_monsterinsights_sitenote_note":"","_monsterinsights_sitenote_category":0,"footnotes":""},"categories":[101],"tags":[],"yoast_head":"<!-- This site is optimized with the Yoast SEO plugin v23.2 - https:\/\/yoast.com\/wordpress\/plugins\/seo\/ -->\n<title>C\u2019est peut-\u00eatre Toyota qui avait raison - CanadaMotorJobs.com<\/title>\n<meta name=\"description\" content=\"C\u2019est peut-\u00eatre Toyota qui avait raison - Benoit Charette - Annuel automobile - CanadaMotorJobs.com.\" \/>\n<meta name=\"robots\" content=\"index, follow, max-snippet:-1, max-image-preview:large, max-video-preview:-1\" \/>\n<meta property=\"og:locale\" content=\"fr_CA\" \/>\n<meta property=\"og:type\" content=\"article\" \/>\n<meta property=\"og:title\" content=\"C\u2019est peut-\u00eatre Toyota qui avait raison - CanadaMotorJobs.com\" \/>\n<meta property=\"og:description\" content=\"C\u2019est peut-\u00eatre Toyota qui avait raison - Benoit Charette - Annuel automobile - CanadaMotorJobs.com.\" \/>\n<meta property=\"og:url\" content=\"https:\/\/news.canadamotorjobs.com\/fr\/cest-peut-etre-toyota-qui-avait-raison\/\" \/>\n<meta property=\"og:site_name\" content=\"CanadaMotorJobs.com\" \/>\n<meta property=\"article:publisher\" content=\"https:\/\/www.facebook.com\/canadamotorjobs\/\" \/>\n<meta property=\"article:published_time\" content=\"2024-02-16T14:41:33+00:00\" \/>\n<meta property=\"article:modified_time\" content=\"2024-02-17T14:54:56+00:00\" \/>\n<meta property=\"og:image\" content=\"https:\/\/news.canadamotorjobs.com\/wp-content\/uploads\/2024\/02\/longueuil-toyota-rav4-prime-2021-prix-fiche1602895851017.jpg\" \/>\n\t<meta property=\"og:image:width\" content=\"1800\" \/>\n\t<meta property=\"og:image:height\" content=\"1200\" \/>\n\t<meta property=\"og:image:type\" content=\"image\/jpeg\" \/>\n<meta name=\"author\" content=\"Benoit Charette\" \/>\n<meta name=\"twitter:card\" content=\"summary_large_image\" \/>\n<meta name=\"twitter:creator\" content=\"@canadamotorjobs\" \/>\n<meta name=\"twitter:site\" content=\"@canadamotorjobs\" \/>\n<meta name=\"twitter:label1\" content=\"\u00c9crit par\" \/>\n\t<meta name=\"twitter:data1\" content=\"Benoit Charette\" \/>\n<!-- \/ Yoast SEO plugin. -->","yoast_head_json":{"title":"C\u2019est peut-\u00eatre Toyota qui avait raison - CanadaMotorJobs.com","description":"C\u2019est peut-\u00eatre Toyota qui avait raison - Benoit Charette - Annuel automobile - CanadaMotorJobs.com.","robots":{"index":"index","follow":"follow","max-snippet":"max-snippet:-1","max-image-preview":"max-image-preview:large","max-video-preview":"max-video-preview:-1"},"og_locale":"fr_CA","og_type":"article","og_title":"C\u2019est peut-\u00eatre Toyota qui avait raison - CanadaMotorJobs.com","og_description":"C\u2019est peut-\u00eatre Toyota qui avait raison - Benoit Charette - Annuel automobile - CanadaMotorJobs.com.","og_url":"https:\/\/news.canadamotorjobs.com\/fr\/cest-peut-etre-toyota-qui-avait-raison\/","og_site_name":"CanadaMotorJobs.com","article_publisher":"https:\/\/www.facebook.com\/canadamotorjobs\/","article_published_time":"2024-02-16T14:41:33+00:00","article_modified_time":"2024-02-17T14:54:56+00:00","og_image":[{"width":1800,"height":1200,"url":"https:\/\/news.canadamotorjobs.com\/wp-content\/uploads\/2024\/02\/longueuil-toyota-rav4-prime-2021-prix-fiche1602895851017.jpg","type":"image\/jpeg"}],"author":"Benoit Charette","twitter_card":"summary_large_image","twitter_creator":"@canadamotorjobs","twitter_site":"@canadamotorjobs","twitter_misc":{"\u00c9crit par":"Benoit Charette"},"schema":{"@context":"https:\/\/schema.org","@graph":[{"@type":"Article","@id":"https:\/\/news.canadamotorjobs.com\/fr\/cest-peut-etre-toyota-qui-avait-raison\/#article","isPartOf":{"@id":"https:\/\/news.canadamotorjobs.com\/fr\/cest-peut-etre-toyota-qui-avait-raison\/"},"author":{"name":"Benoit Charette","@id":"https:\/\/news.canadamotorjobs.com\/#\/schema\/person\/51793d1f87d44011d7bcc2ed99269a90"},"headline":"C\u2019est peut-\u00eatre Toyota qui avait raison","datePublished":"2024-02-16T14:41:33+00:00","dateModified":"2024-02-17T14:54:56+00:00","mainEntityOfPage":{"@id":"https:\/\/news.canadamotorjobs.com\/fr\/cest-peut-etre-toyota-qui-avait-raison\/"},"wordCount":682,"publisher":{"@id":"https:\/\/news.canadamotorjobs.com\/#organization"},"image":{"@id":"https:\/\/news.canadamotorjobs.com\/fr\/cest-peut-etre-toyota-qui-avait-raison\/#primaryimage"},"thumbnailUrl":"https:\/\/news.canadamotorjobs.com\/wp-content\/uploads\/2024\/02\/longueuil-toyota-rav4-prime-2021-prix-fiche1602895851017.jpg","articleSection":["Annuel automobile"],"inLanguage":"fr-CA"},{"@type":"WebPage","@id":"https:\/\/news.canadamotorjobs.com\/fr\/cest-peut-etre-toyota-qui-avait-raison\/","url":"https:\/\/news.canadamotorjobs.com\/fr\/cest-peut-etre-toyota-qui-avait-raison\/","name":"C\u2019est peut-\u00eatre Toyota qui avait raison - CanadaMotorJobs.com","isPartOf":{"@id":"https:\/\/news.canadamotorjobs.com\/#website"},"primaryImageOfPage":{"@id":"https:\/\/news.canadamotorjobs.com\/fr\/cest-peut-etre-toyota-qui-avait-raison\/#primaryimage"},"image":{"@id":"https:\/\/news.canadamotorjobs.com\/fr\/cest-peut-etre-toyota-qui-avait-raison\/#primaryimage"},"thumbnailUrl":"https:\/\/news.canadamotorjobs.com\/wp-content\/uploads\/2024\/02\/longueuil-toyota-rav4-prime-2021-prix-fiche1602895851017.jpg","datePublished":"2024-02-16T14:41:33+00:00","dateModified":"2024-02-17T14:54:56+00:00","description":"C\u2019est peut-\u00eatre Toyota qui avait raison - Benoit Charette - Annuel automobile - CanadaMotorJobs.com.","breadcrumb":{"@id":"https:\/\/news.canadamotorjobs.com\/fr\/cest-peut-etre-toyota-qui-avait-raison\/#breadcrumb"},"inLanguage":"fr-CA","potentialAction":[{"@type":"ReadAction","target":["https:\/\/news.canadamotorjobs.com\/fr\/cest-peut-etre-toyota-qui-avait-raison\/"]}]},{"@type":"ImageObject","inLanguage":"fr-CA","@id":"https:\/\/news.canadamotorjobs.com\/fr\/cest-peut-etre-toyota-qui-avait-raison\/#primaryimage","url":"https:\/\/news.canadamotorjobs.com\/wp-content\/uploads\/2024\/02\/longueuil-toyota-rav4-prime-2021-prix-fiche1602895851017.jpg","contentUrl":"https:\/\/news.canadamotorjobs.com\/wp-content\/uploads\/2024\/02\/longueuil-toyota-rav4-prime-2021-prix-fiche1602895851017.jpg","width":1800,"height":1200},{"@type":"BreadcrumbList","@id":"https:\/\/news.canadamotorjobs.com\/fr\/cest-peut-etre-toyota-qui-avait-raison\/#breadcrumb","itemListElement":[{"@type":"ListItem","position":1,"name":"Home","item":"https:\/\/news.canadamotorjobs.com\/fr\/blog\/"},{"@type":"ListItem","position":2,"name":"C\u2019est peut-\u00eatre Toyota qui avait raison"}]},{"@type":"WebSite","@id":"https:\/\/news.canadamotorjobs.com\/#website","url":"https:\/\/news.canadamotorjobs.com\/","name":"CanadaMotorJobs.com","description":"Automotive Jobs","publisher":{"@id":"https:\/\/news.canadamotorjobs.com\/#organization"},"potentialAction":[{"@type":"SearchAction","target":{"@type":"EntryPoint","urlTemplate":"https:\/\/news.canadamotorjobs.com\/?s={search_term_string}"},"query-input":"required name=search_term_string"}],"inLanguage":"fr-CA"},{"@type":"Organization","@id":"https:\/\/news.canadamotorjobs.com\/#organization","name":"Canada Motor Jobs","url":"https:\/\/news.canadamotorjobs.com\/","logo":{"@type":"ImageObject","inLanguage":"fr-CA","@id":"https:\/\/news.canadamotorjobs.com\/#\/schema\/logo\/image\/","url":"https:\/\/news.canadamotorjobs.com\/wp-content\/uploads\/2022\/10\/logo-canada-motor-jobs-1.png","contentUrl":"https:\/\/news.canadamotorjobs.com\/wp-content\/uploads\/2022\/10\/logo-canada-motor-jobs-1.png","width":800,"height":400,"caption":"Canada Motor Jobs"},"image":{"@id":"https:\/\/news.canadamotorjobs.com\/#\/schema\/logo\/image\/"},"sameAs":["https:\/\/www.facebook.com\/canadamotorjobs\/","https:\/\/x.com\/canadamotorjobs","https:\/\/www.instagram.com\/canadamotorjobs\/","https:\/\/www.linkedin.com\/company\/canadamotorjobs"]},{"@type":"Person","@id":"https:\/\/news.canadamotorjobs.com\/#\/schema\/person\/51793d1f87d44011d7bcc2ed99269a90","name":"Benoit Charette","image":{"@type":"ImageObject","inLanguage":"fr-CA","@id":"https:\/\/news.canadamotorjobs.com\/#\/schema\/person\/image\/","url":"https:\/\/secure.gravatar.com\/avatar\/45f3d2eebcccd909668d7ce7ea7267b6?s=96&d=mm&r=g","contentUrl":"https:\/\/secure.gravatar.com\/avatar\/45f3d2eebcccd909668d7ce7ea7267b6?s=96&d=mm&r=g","caption":"Benoit Charette"},"description":"Benoit Charette \/ Propri\u00e9taire et r\u00e9dacteur en chef Benoit Charette pratique le journalisme automobile depuis bient\u00f4t 30 ans. Il a fait ses classes au c\u00f4t\u00e9 de Daniel H\u00e9raud et au Carnet de route de 1992 \u00e0 2001. Il est fondateur, copropri\u00e9taire et r\u00e9dacteur en chef de L\u2019Annuel de l\u2019automobile, qu\u2019il publie depuis 2001. Il a anim\u00e9 les \u00e9missions RPM et RPM+ sur V et les L\u00e9gendes de la route sur Historia. \u00c0 la radio depuis 1986, il reprend l\u2019antenne cette ann\u00e9e sur les ondes de Cogeco et participe pour la deuxi\u00e8me ann\u00e9e \u00e0 l\u2019\u00e9mission Passion Auto sur RDS en plus de mettre en ligne le site Web officiel de L\u2019Annuel de l\u2019automobile sur annuelauto.ca.","sameAs":["https:\/\/annuelauto.ca\/"],"url":"https:\/\/news.canadamotorjobs.com\/fr\/author\/benoit-charette\/"}]}},"_links":{"self":[{"href":"https:\/\/news.canadamotorjobs.com\/fr\/wp-json\/wp\/v2\/posts\/158893"}],"collection":[{"href":"https:\/\/news.canadamotorjobs.com\/fr\/wp-json\/wp\/v2\/posts"}],"about":[{"href":"https:\/\/news.canadamotorjobs.com\/fr\/wp-json\/wp\/v2\/types\/post"}],"author":[{"embeddable":true,"href":"https:\/\/news.canadamotorjobs.com\/fr\/wp-json\/wp\/v2\/users\/8"}],"replies":[{"embeddable":true,"href":"https:\/\/news.canadamotorjobs.com\/fr\/wp-json\/wp\/v2\/comments?post=158893"}],"version-history":[{"count":2,"href":"https:\/\/news.canadamotorjobs.com\/fr\/wp-json\/wp\/v2\/posts\/158893\/revisions"}],"predecessor-version":[{"id":158897,"href":"https:\/\/news.canadamotorjobs.com\/fr\/wp-json\/wp\/v2\/posts\/158893\/revisions\/158897"}],"wp:featuredmedia":[{"embeddable":true,"href":"https:\/\/news.canadamotorjobs.com\/fr\/wp-json\/wp\/v2\/media\/158895"}],"wp:attachment":[{"href":"https:\/\/news.canadamotorjobs.com\/fr\/wp-json\/wp\/v2\/media?parent=158893"}],"wp:term":[{"taxonomy":"category","embeddable":true,"href":"https:\/\/news.canadamotorjobs.com\/fr\/wp-json\/wp\/v2\/categories?post=158893"},{"taxonomy":"post_tag","embeddable":true,"href":"https:\/\/news.canadamotorjobs.com\/fr\/wp-json\/wp\/v2\/tags?post=158893"}],"curies":[{"name":"wp","href":"https:\/\/api.w.org\/{rel}","templated":true}]}}