{"id":158866,"date":"2024-02-16T08:01:06","date_gmt":"2024-02-16T13:01:06","guid":{"rendered":"https:\/\/news.canadamotorjobs.com\/?p=158866"},"modified":"2024-02-16T09:09:00","modified_gmt":"2024-02-16T14:09:00","slug":"alfa-romeo-dit-adieu-a-ses-magnifiques-moteurs-v6","status":"publish","type":"post","link":"https:\/\/news.canadamotorjobs.com\/fr\/alfa-romeo-dit-adieu-a-ses-magnifiques-moteurs-v6\/","title":{"rendered":"Alfa Romeo dit adieu \u00e0 ses magnifiques moteurs V6"},"content":{"rendered":"<\/p>\n<p>Alfa Romeo, par l&#8217;interm\u00e9diaire du responsable de sa division nord-am\u00e9ricaine Larry Dominique, fait ses adieux au V6 de 2,9 litres d\u00e9riv\u00e9 de Ferrari qui \u00e9quipe actuellement les Giulia Quadrifoglio et Stelvio Quadrifoglio, d\u00e9veloppant 505 chevaux et 443 lb-pi de couple.<\/p>\n<h3>On passe \u00e0 l\u2019\u00e9lectrique<\/h3>\n<p>\nDans un message publi\u00e9 sur LinkedIn, Dominique indique que 2024 sera la derni\u00e8re ann\u00e9e o\u00f9 les mod\u00e8les Giulia et Stelvio Quadrifoglio \u00e0 moteur \u00e0 combustion interne seront propos\u00e9s, car l&#8217;entreprise passe \u00e0 l&#8217;\u00e9lectrification. Plus pr\u00e9cis\u00e9ment, les carnets de commande fermeront fin avril 2024 pour les \u00c9tats-Unis et le Canada, la production devant s&#8217;achever en juin 2024 \u00e0 l&#8217;usine de Cassino, en Italie.<\/p>\n<h3>Une triste, mais pr\u00e9visible nouvelle<\/h3>\n<p>\nPour 2024, Alfa Romeo propose les Giulia et Stelvio Quadrifoglio Carbon Editions, limit\u00e9es \u00e0 130 unit\u00e9s et exclusives \u00e0 l&#8217;Am\u00e9rique du Nord. &#8220;C&#8217;est la derni\u00e8re chance de poss\u00e9der un Quadrifoglio dot\u00e9 uniquement de la technologie des moteurs \u00e0 combustion, alors que nous poursuivons notre m\u00e9tamorphose vers un avenir \u00e9lectrifi\u00e9, mais ce n&#8217;est pas la fin de l&#8217;histoire&#8221;, a \u00e9crit Dominique sur la plateforme.<\/p>\n<h3>Une nouvelle mission pour le tr\u00e8fle \u00e0 4 feuilles<\/h3>\n<p>\nLe nouveau chapitre de ce voyage comprend la r\u00e9v\u00e9lation d&#8217;une Giulia \u00e9lectrique rempla\u00e7ant la Giulia avec beaucoup plus de puissance, mais pour ceux qui appr\u00e9ciaient la maniabilit\u00e9 de la Giulia et surtout cette sensation de d\u00e9lire au volant, les chiffres m\u00eames impressionnats ne veulent plus rien dire. Il en va de m\u00eame pour le Stelvio Quadrifoglio, dont les capacit\u00e9s de conduite dynamique ont \u00e9t\u00e9 une r\u00e9v\u00e9lation pour tous ceux qui l&#8217;ont essay\u00e9, et bien que nous soyons convaincus que Stellantis essaiera de rendre justice au constructeur italien et \u00e0 son tr\u00e8fle \u00e0 quatre feuilles, rien n&#8217;est garanti, surtout pas lorsqu&#8217;il s&#8217;agit de remplacer \u00e9lectriquement des ic\u00f4nes avec un moteur de Ferrari.<\/p>\n<h3>Les amateurs m\u00e9contents<\/h3>\n<p>\nMalgr\u00e9 le toll\u00e9 soulev\u00e9 par les amateurs et les clients, Alfa Romeo est d\u00e9termin\u00e9e \u00e0 passer \u00e0 l&#8217;\u00e9lectrique d&#8217;ici 2027, et les nouveaux lancements ne seront \u00e0 partir de 2025. C&#8217;est une bien triste nouvelle pour les passionn\u00e9s.<\/p>\n<p>\u00a0<\/p>\n<p>Avec des renseignements de Carbuzz<\/p>\n<p>\u00a0<\/p>\n<p>Le texte <a rel=\"nofollow\" href=\"https:\/\/annuelauto.ca\/alfa-romeo-dit-adieu-a-ses-magnifiques-moteurs-v6\/\">Alfa Romeo dit adieu \u00e0 ses magnifiques moteurs V6<\/a> provient de <a rel=\"nofollow\" href=\"https:\/\/annuelauto.ca\">L&#8217;annuel de l&#8217;automobile &#8211; Actualit\u00e9 automobile<\/a><\/p>\n<p><\/p>\n","protected":false},"excerpt":{"rendered":"<p>Alfa Romeo, par l&#8217;interm\u00e9diaire du responsable de sa division nord-am\u00e9ricaine Larry Dominique, fait ses adieux au V6 de 2,9 litres d\u00e9riv\u00e9 de Ferrari qui \u00e9quipe actuellement les Giulia Quadrifoglio et Stelvio Quadrifoglio, d\u00e9veloppant 505 chevaux et 443 lb-pi de couple. On passe \u00e0 l\u2019\u00e9lectrique Dans un message publi\u00e9 sur LinkedIn, Dominique indique que 2024 sera [&hellip;]<\/p>\n","protected":false},"author":8,"featured_media":158868,"comment_status":"closed","ping_status":"closed","sticky":false,"template":"","format":"standard","meta":{"_monsterinsights_skip_tracking":false,"_monsterinsights_sitenote_active":false,"_monsterinsights_sitenote_note":"","_monsterinsights_sitenote_category":0,"footnotes":""},"categories":[101],"tags":[],"yoast_head":"<!-- This site is optimized with the Yoast SEO plugin v23.2 - https:\/\/yoast.com\/wordpress\/plugins\/seo\/ -->\n<title>Alfa Romeo dit adieu \u00e0 ses magnifiques moteurs V6 - CanadaMotorJobs.com<\/title>\n<meta name=\"description\" content=\"Alfa Romeo dit adieu \u00e0 ses magnifiques moteurs V6 - Benoit Charette - Annuel automobile - CanadaMotorJobs.com.\" \/>\n<meta name=\"robots\" content=\"index, follow, max-snippet:-1, max-image-preview:large, max-video-preview:-1\" \/>\n<meta property=\"og:locale\" content=\"fr_CA\" \/>\n<meta property=\"og:type\" content=\"article\" \/>\n<meta property=\"og:title\" content=\"Alfa Romeo dit adieu \u00e0 ses magnifiques moteurs V6 - CanadaMotorJobs.com\" \/>\n<meta property=\"og:description\" content=\"Alfa Romeo dit adieu \u00e0 ses magnifiques moteurs V6 - Benoit Charette - Annuel automobile - CanadaMotorJobs.com.\" \/>\n<meta property=\"og:url\" content=\"https:\/\/news.canadamotorjobs.com\/fr\/alfa-romeo-dit-adieu-a-ses-magnifiques-moteurs-v6\/\" \/>\n<meta property=\"og:site_name\" content=\"CanadaMotorJobs.com\" \/>\n<meta property=\"article:publisher\" content=\"https:\/\/www.facebook.com\/canadamotorjobs\/\" \/>\n<meta property=\"article:published_time\" content=\"2024-02-16T13:01:06+00:00\" \/>\n<meta property=\"article:modified_time\" content=\"2024-02-16T14:09:00+00:00\" \/>\n<meta property=\"og:image\" content=\"https:\/\/news.canadamotorjobs.com\/wp-content\/uploads\/2024\/02\/supp-1.jpg\" \/>\n\t<meta property=\"og:image:width\" content=\"1200\" \/>\n\t<meta property=\"og:image:height\" content=\"800\" \/>\n\t<meta property=\"og:image:type\" content=\"image\/jpeg\" \/>\n<meta name=\"author\" content=\"Benoit Charette\" \/>\n<meta name=\"twitter:card\" content=\"summary_large_image\" \/>\n<meta name=\"twitter:creator\" content=\"@canadamotorjobs\" \/>\n<meta name=\"twitter:site\" content=\"@canadamotorjobs\" \/>\n<meta name=\"twitter:label1\" content=\"\u00c9crit par\" \/>\n\t<meta name=\"twitter:data1\" content=\"Benoit Charette\" \/>\n\t<meta name=\"twitter:label2\" content=\"Estimation du temps de lecture\" \/>\n\t<meta name=\"twitter:data2\" content=\"2 minutes\" \/>\n<!-- \/ Yoast SEO plugin. -->","yoast_head_json":{"title":"Alfa Romeo dit adieu \u00e0 ses magnifiques moteurs V6 - CanadaMotorJobs.com","description":"Alfa Romeo dit adieu \u00e0 ses magnifiques moteurs V6 - Benoit Charette - Annuel automobile - CanadaMotorJobs.com.","robots":{"index":"index","follow":"follow","max-snippet":"max-snippet:-1","max-image-preview":"max-image-preview:large","max-video-preview":"max-video-preview:-1"},"og_locale":"fr_CA","og_type":"article","og_title":"Alfa Romeo dit adieu \u00e0 ses magnifiques moteurs V6 - CanadaMotorJobs.com","og_description":"Alfa Romeo dit adieu \u00e0 ses magnifiques moteurs V6 - Benoit Charette - Annuel automobile - CanadaMotorJobs.com.","og_url":"https:\/\/news.canadamotorjobs.com\/fr\/alfa-romeo-dit-adieu-a-ses-magnifiques-moteurs-v6\/","og_site_name":"CanadaMotorJobs.com","article_publisher":"https:\/\/www.facebook.com\/canadamotorjobs\/","article_published_time":"2024-02-16T13:01:06+00:00","article_modified_time":"2024-02-16T14:09:00+00:00","og_image":[{"width":1200,"height":800,"url":"https:\/\/news.canadamotorjobs.com\/wp-content\/uploads\/2024\/02\/supp-1.jpg","type":"image\/jpeg"}],"author":"Benoit Charette","twitter_card":"summary_large_image","twitter_creator":"@canadamotorjobs","twitter_site":"@canadamotorjobs","twitter_misc":{"\u00c9crit par":"Benoit Charette","Estimation du temps de lecture":"2 minutes"},"schema":{"@context":"https:\/\/schema.org","@graph":[{"@type":"Article","@id":"https:\/\/news.canadamotorjobs.com\/fr\/alfa-romeo-dit-adieu-a-ses-magnifiques-moteurs-v6\/#article","isPartOf":{"@id":"https:\/\/news.canadamotorjobs.com\/fr\/alfa-romeo-dit-adieu-a-ses-magnifiques-moteurs-v6\/"},"author":{"name":"Benoit Charette","@id":"https:\/\/news.canadamotorjobs.com\/#\/schema\/person\/51793d1f87d44011d7bcc2ed99269a90"},"headline":"Alfa Romeo dit adieu \u00e0 ses magnifiques moteurs V6","datePublished":"2024-02-16T13:01:06+00:00","dateModified":"2024-02-16T14:09:00+00:00","mainEntityOfPage":{"@id":"https:\/\/news.canadamotorjobs.com\/fr\/alfa-romeo-dit-adieu-a-ses-magnifiques-moteurs-v6\/"},"wordCount":395,"publisher":{"@id":"https:\/\/news.canadamotorjobs.com\/#organization"},"image":{"@id":"https:\/\/news.canadamotorjobs.com\/fr\/alfa-romeo-dit-adieu-a-ses-magnifiques-moteurs-v6\/#primaryimage"},"thumbnailUrl":"https:\/\/news.canadamotorjobs.com\/wp-content\/uploads\/2024\/02\/supp-1.jpg","articleSection":["Annuel automobile"],"inLanguage":"fr-CA"},{"@type":"WebPage","@id":"https:\/\/news.canadamotorjobs.com\/fr\/alfa-romeo-dit-adieu-a-ses-magnifiques-moteurs-v6\/","url":"https:\/\/news.canadamotorjobs.com\/fr\/alfa-romeo-dit-adieu-a-ses-magnifiques-moteurs-v6\/","name":"Alfa Romeo dit adieu \u00e0 ses magnifiques moteurs V6 - CanadaMotorJobs.com","isPartOf":{"@id":"https:\/\/news.canadamotorjobs.com\/#website"},"primaryImageOfPage":{"@id":"https:\/\/news.canadamotorjobs.com\/fr\/alfa-romeo-dit-adieu-a-ses-magnifiques-moteurs-v6\/#primaryimage"},"image":{"@id":"https:\/\/news.canadamotorjobs.com\/fr\/alfa-romeo-dit-adieu-a-ses-magnifiques-moteurs-v6\/#primaryimage"},"thumbnailUrl":"https:\/\/news.canadamotorjobs.com\/wp-content\/uploads\/2024\/02\/supp-1.jpg","datePublished":"2024-02-16T13:01:06+00:00","dateModified":"2024-02-16T14:09:00+00:00","description":"Alfa Romeo dit adieu \u00e0 ses magnifiques moteurs V6 - Benoit Charette - Annuel automobile - CanadaMotorJobs.com.","breadcrumb":{"@id":"https:\/\/news.canadamotorjobs.com\/fr\/alfa-romeo-dit-adieu-a-ses-magnifiques-moteurs-v6\/#breadcrumb"},"inLanguage":"fr-CA","potentialAction":[{"@type":"ReadAction","target":["https:\/\/news.canadamotorjobs.com\/fr\/alfa-romeo-dit-adieu-a-ses-magnifiques-moteurs-v6\/"]}]},{"@type":"ImageObject","inLanguage":"fr-CA","@id":"https:\/\/news.canadamotorjobs.com\/fr\/alfa-romeo-dit-adieu-a-ses-magnifiques-moteurs-v6\/#primaryimage","url":"https:\/\/news.canadamotorjobs.com\/wp-content\/uploads\/2024\/02\/supp-1.jpg","contentUrl":"https:\/\/news.canadamotorjobs.com\/wp-content\/uploads\/2024\/02\/supp-1.jpg","width":1200,"height":800},{"@type":"BreadcrumbList","@id":"https:\/\/news.canadamotorjobs.com\/fr\/alfa-romeo-dit-adieu-a-ses-magnifiques-moteurs-v6\/#breadcrumb","itemListElement":[{"@type":"ListItem","position":1,"name":"Home","item":"https:\/\/news.canadamotorjobs.com\/fr\/blog\/"},{"@type":"ListItem","position":2,"name":"Alfa Romeo dit adieu \u00e0 ses magnifiques moteurs V6"}]},{"@type":"WebSite","@id":"https:\/\/news.canadamotorjobs.com\/#website","url":"https:\/\/news.canadamotorjobs.com\/","name":"CanadaMotorJobs.com","description":"Automotive Jobs","publisher":{"@id":"https:\/\/news.canadamotorjobs.com\/#organization"},"potentialAction":[{"@type":"SearchAction","target":{"@type":"EntryPoint","urlTemplate":"https:\/\/news.canadamotorjobs.com\/?s={search_term_string}"},"query-input":"required name=search_term_string"}],"inLanguage":"fr-CA"},{"@type":"Organization","@id":"https:\/\/news.canadamotorjobs.com\/#organization","name":"Canada Motor Jobs","url":"https:\/\/news.canadamotorjobs.com\/","logo":{"@type":"ImageObject","inLanguage":"fr-CA","@id":"https:\/\/news.canadamotorjobs.com\/#\/schema\/logo\/image\/","url":"https:\/\/news.canadamotorjobs.com\/wp-content\/uploads\/2022\/10\/logo-canada-motor-jobs-1.png","contentUrl":"https:\/\/news.canadamotorjobs.com\/wp-content\/uploads\/2022\/10\/logo-canada-motor-jobs-1.png","width":800,"height":400,"caption":"Canada Motor Jobs"},"image":{"@id":"https:\/\/news.canadamotorjobs.com\/#\/schema\/logo\/image\/"},"sameAs":["https:\/\/www.facebook.com\/canadamotorjobs\/","https:\/\/x.com\/canadamotorjobs","https:\/\/www.instagram.com\/canadamotorjobs\/","https:\/\/www.linkedin.com\/company\/canadamotorjobs"]},{"@type":"Person","@id":"https:\/\/news.canadamotorjobs.com\/#\/schema\/person\/51793d1f87d44011d7bcc2ed99269a90","name":"Benoit Charette","image":{"@type":"ImageObject","inLanguage":"fr-CA","@id":"https:\/\/news.canadamotorjobs.com\/#\/schema\/person\/image\/","url":"https:\/\/secure.gravatar.com\/avatar\/45f3d2eebcccd909668d7ce7ea7267b6?s=96&d=mm&r=g","contentUrl":"https:\/\/secure.gravatar.com\/avatar\/45f3d2eebcccd909668d7ce7ea7267b6?s=96&d=mm&r=g","caption":"Benoit Charette"},"description":"Benoit Charette \/ Propri\u00e9taire et r\u00e9dacteur en chef Benoit Charette pratique le journalisme automobile depuis bient\u00f4t 30 ans. Il a fait ses classes au c\u00f4t\u00e9 de Daniel H\u00e9raud et au Carnet de route de 1992 \u00e0 2001. Il est fondateur, copropri\u00e9taire et r\u00e9dacteur en chef de L\u2019Annuel de l\u2019automobile, qu\u2019il publie depuis 2001. Il a anim\u00e9 les \u00e9missions RPM et RPM+ sur V et les L\u00e9gendes de la route sur Historia. \u00c0 la radio depuis 1986, il reprend l\u2019antenne cette ann\u00e9e sur les ondes de Cogeco et participe pour la deuxi\u00e8me ann\u00e9e \u00e0 l\u2019\u00e9mission Passion Auto sur RDS en plus de mettre en ligne le site Web officiel de L\u2019Annuel de l\u2019automobile sur annuelauto.ca.","sameAs":["https:\/\/annuelauto.ca\/"],"url":"https:\/\/news.canadamotorjobs.com\/fr\/author\/benoit-charette\/"}]}},"_links":{"self":[{"href":"https:\/\/news.canadamotorjobs.com\/fr\/wp-json\/wp\/v2\/posts\/158866"}],"collection":[{"href":"https:\/\/news.canadamotorjobs.com\/fr\/wp-json\/wp\/v2\/posts"}],"about":[{"href":"https:\/\/news.canadamotorjobs.com\/fr\/wp-json\/wp\/v2\/types\/post"}],"author":[{"embeddable":true,"href":"https:\/\/news.canadamotorjobs.com\/fr\/wp-json\/wp\/v2\/users\/8"}],"replies":[{"embeddable":true,"href":"https:\/\/news.canadamotorjobs.com\/fr\/wp-json\/wp\/v2\/comments?post=158866"}],"version-history":[{"count":2,"href":"https:\/\/news.canadamotorjobs.com\/fr\/wp-json\/wp\/v2\/posts\/158866\/revisions"}],"predecessor-version":[{"id":158870,"href":"https:\/\/news.canadamotorjobs.com\/fr\/wp-json\/wp\/v2\/posts\/158866\/revisions\/158870"}],"wp:featuredmedia":[{"embeddable":true,"href":"https:\/\/news.canadamotorjobs.com\/fr\/wp-json\/wp\/v2\/media\/158868"}],"wp:attachment":[{"href":"https:\/\/news.canadamotorjobs.com\/fr\/wp-json\/wp\/v2\/media?parent=158866"}],"wp:term":[{"taxonomy":"category","embeddable":true,"href":"https:\/\/news.canadamotorjobs.com\/fr\/wp-json\/wp\/v2\/categories?post=158866"},{"taxonomy":"post_tag","embeddable":true,"href":"https:\/\/news.canadamotorjobs.com\/fr\/wp-json\/wp\/v2\/tags?post=158866"}],"curies":[{"name":"wp","href":"https:\/\/api.w.org\/{rel}","templated":true}]}}