{"id":158840,"date":"2024-02-15T08:41:51","date_gmt":"2024-02-15T13:41:51","guid":{"rendered":"https:\/\/news.canadamotorjobs.com\/?p=158840"},"modified":"2024-02-15T17:38:57","modified_gmt":"2024-02-15T22:38:57","slug":"trois-projets-de-vehicules-electriques-entre-sony-et-honda","status":"publish","type":"post","link":"https:\/\/news.canadamotorjobs.com\/fr\/trois-projets-de-vehicules-electriques-entre-sony-et-honda\/","title":{"rendered":"Trois projets de v\u00e9hicules \u00e9lectriques entre Sony et Honda"},"content":{"rendered":"<\/p>\n<p>R\u00e9v\u00e9l\u00e9 lors du CES 2024, le prototype de la berline \u00e9lectrique de Sony Honda Mobility Afeela sera bient\u00f4t rejoint par deux autres mod\u00e8les : un VUS en 2027 et une compacte abordable un an plus tard.<\/p>\n<h3><strong>Chronologie des d\u00e9voilements<\/strong><\/h3>\n<p>\nSelon Nikkei, les informations non confirm\u00e9es indiquent que la saga des trois v\u00e9hicules \u00e9lectriques (VE) se d\u00e9roulera sur la seconde moiti\u00e9 de la d\u00e9cennie. Le lancement d\u00e9butera avec la berline en 2025, suivi du SUV en 2027 et de la compacte en 2028. Sony Honda Mobility n&#8217;a pas confirm\u00e9 ces d\u00e9clarations.<\/p>\n<h3><strong>Confirmation Ant\u00e9rieure<\/strong><\/h3>\n<p>\nL&#8217;ann\u00e9e derni\u00e8re, la coentreprise avait d\u00e9j\u00e0 annonc\u00e9 qu&#8217;une berline Afeela serait pr\u00e9sent\u00e9e d&#8217;ici la fin de l&#8217;ann\u00e9e prochaine, avec des livraisons aux acheteurs nord-am\u00e9ricains pr\u00e9vues pour d\u00e9but 2026.<\/p>\n<h3><strong>Les mod\u00e8les \u00e0 venir<\/strong><\/h3>\n<p>\nPeu d&#8217;informations sont disponibles sur ces trois nouveaux VE, mais selon le rapport, ils partageront la m\u00eame plateforme pour &#8220;r\u00e9duire les co\u00fbts et acc\u00e9l\u00e9rer le d\u00e9veloppement&#8221;. Le VUSdevrait \u00eatre le plus avanc\u00e9, tandis que la compacte pourrait \u00eatre similaire en taille \u00e0 la Toyota Corolla et partager des composants avec les VE d\u00e9velopp\u00e9s ind\u00e9pendamment par Honda.<\/p>\n<h3><strong>D\u00e9veloppement Ind\u00e9pendant<\/strong><\/h3>\n<p>\nLe partenariat de Honda avec GM pour le d\u00e9veloppement de VE bon march\u00e9 a \u00e9chou\u00e9 en octobre de l&#8217;ann\u00e9e derni\u00e8re en raison de difficult\u00e9s commerciales. Cette d\u00e9cision s&#8217;explique par la demande d\u00e9croissante pour les VE dans plusieurs r\u00e9gions, justifiant la focalisation sur un seul projet.<\/p>\n<h3><strong>Aper\u00e7u Technique de l\u2019Afeela Berline<\/strong><\/h3>\n<p>\nLa berline Afeela sera \u00e9quip\u00e9e de deux moteurs \u00e9lectriques de 241 chevaux, un \u00e0 l&#8217;avant et un \u00e0 l&#8217;arri\u00e8re, aliment\u00e9s par une batterie lithium-ion de 91 kWh. Elle offrira une charge rapide en courant continu de 150 kW. En tant que produit Sony, des technologies de jeu sont \u00e9galement probables. De plus, le module au-dessus du pare-brise indique la persistance de l&#8217;ambition d&#8217;int\u00e9grer une technologie de conduite autonome.<\/p>\n<h3><strong>Conclusion<\/strong><\/h3>\n<p>\nBien que la r\u00e9alisation du r\u00eave de la mobilit\u00e9 autonome semble encore lointaine, Honda et Sony restent d\u00e9termin\u00e9s. Restez \u00e0 l&#8217;\u00e9coute pour plus d&#8217;informations sur ces nouveaux VE \u00e0 mesure qu&#8217;elles seront disponibles.<\/p>\n<p>\u00a0<\/p>\n<p>Avec des renseignements de Carbuzz<\/p>\n<p>\u00a0<\/p>\n<p>Le texte <a rel=\"nofollow\" href=\"https:\/\/annuelauto.ca\/trois-projets-de-vehicules-electriques-entre-sony-et-honda\/\">Trois projets de v\u00e9hicules \u00e9lectriques entre Sony et Honda<\/a> provient de <a rel=\"nofollow\" href=\"https:\/\/annuelauto.ca\">L&#8217;annuel de l&#8217;automobile &#8211; Actualit\u00e9 automobile<\/a><\/p>\n<p><\/p>\n","protected":false},"excerpt":{"rendered":"<p>R\u00e9v\u00e9l\u00e9 lors du CES 2024, le prototype de la berline \u00e9lectrique de Sony Honda Mobility Afeela sera bient\u00f4t rejoint par deux autres mod\u00e8les : un VUS en 2027 et une compacte abordable un an plus tard. Chronologie des d\u00e9voilements Selon Nikkei, les informations non confirm\u00e9es indiquent que la saga des trois v\u00e9hicules \u00e9lectriques (VE) se [&hellip;]<\/p>\n","protected":false},"author":8,"featured_media":158842,"comment_status":"closed","ping_status":"closed","sticky":false,"template":"","format":"standard","meta":{"_monsterinsights_skip_tracking":false,"_monsterinsights_sitenote_active":false,"_monsterinsights_sitenote_note":"","_monsterinsights_sitenote_category":0,"footnotes":""},"categories":[101],"tags":[],"yoast_head":"<!-- This site is optimized with the Yoast SEO plugin v23.2 - https:\/\/yoast.com\/wordpress\/plugins\/seo\/ -->\n<title>Trois projets de v\u00e9hicules \u00e9lectriques entre Sony et Honda - CanadaMotorJobs.com<\/title>\n<meta name=\"description\" content=\"Trois projets de v\u00e9hicules \u00e9lectriques entre Sony et Honda - Benoit Charette - Annuel automobile - CanadaMotorJobs.com.\" \/>\n<meta name=\"robots\" content=\"index, follow, max-snippet:-1, max-image-preview:large, max-video-preview:-1\" \/>\n<meta property=\"og:locale\" content=\"fr_CA\" \/>\n<meta property=\"og:type\" content=\"article\" \/>\n<meta property=\"og:title\" content=\"Trois projets de v\u00e9hicules \u00e9lectriques entre Sony et Honda - CanadaMotorJobs.com\" \/>\n<meta property=\"og:description\" content=\"Trois projets de v\u00e9hicules \u00e9lectriques entre Sony et Honda - Benoit Charette - Annuel automobile - CanadaMotorJobs.com.\" \/>\n<meta property=\"og:url\" content=\"https:\/\/news.canadamotorjobs.com\/fr\/trois-projets-de-vehicules-electriques-entre-sony-et-honda\/\" \/>\n<meta property=\"og:site_name\" content=\"CanadaMotorJobs.com\" \/>\n<meta property=\"article:publisher\" content=\"https:\/\/www.facebook.com\/canadamotorjobs\/\" \/>\n<meta property=\"article:published_time\" content=\"2024-02-15T13:41:51+00:00\" \/>\n<meta property=\"article:modified_time\" content=\"2024-02-15T22:38:57+00:00\" \/>\n<meta property=\"og:image\" content=\"https:\/\/news.canadamotorjobs.com\/wp-content\/uploads\/2024\/02\/sony-afeela-front-three-quarters-1672884759.jpg\" \/>\n\t<meta property=\"og:image:width\" content=\"1050\" \/>\n\t<meta property=\"og:image:height\" content=\"525\" \/>\n\t<meta property=\"og:image:type\" content=\"image\/jpeg\" \/>\n<meta name=\"author\" content=\"Benoit Charette\" \/>\n<meta name=\"twitter:card\" content=\"summary_large_image\" \/>\n<meta name=\"twitter:creator\" content=\"@canadamotorjobs\" \/>\n<meta name=\"twitter:site\" content=\"@canadamotorjobs\" \/>\n<meta name=\"twitter:label1\" content=\"\u00c9crit par\" \/>\n\t<meta name=\"twitter:data1\" content=\"Benoit Charette\" \/>\n\t<meta name=\"twitter:label2\" content=\"Estimation du temps de lecture\" \/>\n\t<meta name=\"twitter:data2\" content=\"2 minutes\" \/>\n<!-- \/ Yoast SEO plugin. -->","yoast_head_json":{"title":"Trois projets de v\u00e9hicules \u00e9lectriques entre Sony et Honda - CanadaMotorJobs.com","description":"Trois projets de v\u00e9hicules \u00e9lectriques entre Sony et Honda - Benoit Charette - Annuel automobile - CanadaMotorJobs.com.","robots":{"index":"index","follow":"follow","max-snippet":"max-snippet:-1","max-image-preview":"max-image-preview:large","max-video-preview":"max-video-preview:-1"},"og_locale":"fr_CA","og_type":"article","og_title":"Trois projets de v\u00e9hicules \u00e9lectriques entre Sony et Honda - CanadaMotorJobs.com","og_description":"Trois projets de v\u00e9hicules \u00e9lectriques entre Sony et Honda - Benoit Charette - Annuel automobile - CanadaMotorJobs.com.","og_url":"https:\/\/news.canadamotorjobs.com\/fr\/trois-projets-de-vehicules-electriques-entre-sony-et-honda\/","og_site_name":"CanadaMotorJobs.com","article_publisher":"https:\/\/www.facebook.com\/canadamotorjobs\/","article_published_time":"2024-02-15T13:41:51+00:00","article_modified_time":"2024-02-15T22:38:57+00:00","og_image":[{"width":1050,"height":525,"url":"https:\/\/news.canadamotorjobs.com\/wp-content\/uploads\/2024\/02\/sony-afeela-front-three-quarters-1672884759.jpg","type":"image\/jpeg"}],"author":"Benoit Charette","twitter_card":"summary_large_image","twitter_creator":"@canadamotorjobs","twitter_site":"@canadamotorjobs","twitter_misc":{"\u00c9crit par":"Benoit Charette","Estimation du temps de lecture":"2 minutes"},"schema":{"@context":"https:\/\/schema.org","@graph":[{"@type":"Article","@id":"https:\/\/news.canadamotorjobs.com\/fr\/trois-projets-de-vehicules-electriques-entre-sony-et-honda\/#article","isPartOf":{"@id":"https:\/\/news.canadamotorjobs.com\/fr\/trois-projets-de-vehicules-electriques-entre-sony-et-honda\/"},"author":{"name":"Benoit Charette","@id":"https:\/\/news.canadamotorjobs.com\/#\/schema\/person\/51793d1f87d44011d7bcc2ed99269a90"},"headline":"Trois projets de v\u00e9hicules \u00e9lectriques entre Sony et Honda","datePublished":"2024-02-15T13:41:51+00:00","dateModified":"2024-02-15T22:38:57+00:00","mainEntityOfPage":{"@id":"https:\/\/news.canadamotorjobs.com\/fr\/trois-projets-de-vehicules-electriques-entre-sony-et-honda\/"},"wordCount":420,"publisher":{"@id":"https:\/\/news.canadamotorjobs.com\/#organization"},"image":{"@id":"https:\/\/news.canadamotorjobs.com\/fr\/trois-projets-de-vehicules-electriques-entre-sony-et-honda\/#primaryimage"},"thumbnailUrl":"https:\/\/news.canadamotorjobs.com\/wp-content\/uploads\/2024\/02\/sony-afeela-front-three-quarters-1672884759.jpg","articleSection":["Annuel automobile"],"inLanguage":"fr-CA"},{"@type":"WebPage","@id":"https:\/\/news.canadamotorjobs.com\/fr\/trois-projets-de-vehicules-electriques-entre-sony-et-honda\/","url":"https:\/\/news.canadamotorjobs.com\/fr\/trois-projets-de-vehicules-electriques-entre-sony-et-honda\/","name":"Trois projets de v\u00e9hicules \u00e9lectriques entre Sony et Honda - CanadaMotorJobs.com","isPartOf":{"@id":"https:\/\/news.canadamotorjobs.com\/#website"},"primaryImageOfPage":{"@id":"https:\/\/news.canadamotorjobs.com\/fr\/trois-projets-de-vehicules-electriques-entre-sony-et-honda\/#primaryimage"},"image":{"@id":"https:\/\/news.canadamotorjobs.com\/fr\/trois-projets-de-vehicules-electriques-entre-sony-et-honda\/#primaryimage"},"thumbnailUrl":"https:\/\/news.canadamotorjobs.com\/wp-content\/uploads\/2024\/02\/sony-afeela-front-three-quarters-1672884759.jpg","datePublished":"2024-02-15T13:41:51+00:00","dateModified":"2024-02-15T22:38:57+00:00","description":"Trois projets de v\u00e9hicules \u00e9lectriques entre Sony et Honda - Benoit Charette - Annuel automobile - CanadaMotorJobs.com.","breadcrumb":{"@id":"https:\/\/news.canadamotorjobs.com\/fr\/trois-projets-de-vehicules-electriques-entre-sony-et-honda\/#breadcrumb"},"inLanguage":"fr-CA","potentialAction":[{"@type":"ReadAction","target":["https:\/\/news.canadamotorjobs.com\/fr\/trois-projets-de-vehicules-electriques-entre-sony-et-honda\/"]}]},{"@type":"ImageObject","inLanguage":"fr-CA","@id":"https:\/\/news.canadamotorjobs.com\/fr\/trois-projets-de-vehicules-electriques-entre-sony-et-honda\/#primaryimage","url":"https:\/\/news.canadamotorjobs.com\/wp-content\/uploads\/2024\/02\/sony-afeela-front-three-quarters-1672884759.jpg","contentUrl":"https:\/\/news.canadamotorjobs.com\/wp-content\/uploads\/2024\/02\/sony-afeela-front-three-quarters-1672884759.jpg","width":1050,"height":525},{"@type":"BreadcrumbList","@id":"https:\/\/news.canadamotorjobs.com\/fr\/trois-projets-de-vehicules-electriques-entre-sony-et-honda\/#breadcrumb","itemListElement":[{"@type":"ListItem","position":1,"name":"Home","item":"https:\/\/news.canadamotorjobs.com\/fr\/blog\/"},{"@type":"ListItem","position":2,"name":"Trois projets de v\u00e9hicules \u00e9lectriques entre Sony et Honda"}]},{"@type":"WebSite","@id":"https:\/\/news.canadamotorjobs.com\/#website","url":"https:\/\/news.canadamotorjobs.com\/","name":"CanadaMotorJobs.com","description":"Automotive Jobs","publisher":{"@id":"https:\/\/news.canadamotorjobs.com\/#organization"},"potentialAction":[{"@type":"SearchAction","target":{"@type":"EntryPoint","urlTemplate":"https:\/\/news.canadamotorjobs.com\/?s={search_term_string}"},"query-input":"required name=search_term_string"}],"inLanguage":"fr-CA"},{"@type":"Organization","@id":"https:\/\/news.canadamotorjobs.com\/#organization","name":"Canada Motor Jobs","url":"https:\/\/news.canadamotorjobs.com\/","logo":{"@type":"ImageObject","inLanguage":"fr-CA","@id":"https:\/\/news.canadamotorjobs.com\/#\/schema\/logo\/image\/","url":"https:\/\/news.canadamotorjobs.com\/wp-content\/uploads\/2022\/10\/logo-canada-motor-jobs-1.png","contentUrl":"https:\/\/news.canadamotorjobs.com\/wp-content\/uploads\/2022\/10\/logo-canada-motor-jobs-1.png","width":800,"height":400,"caption":"Canada Motor Jobs"},"image":{"@id":"https:\/\/news.canadamotorjobs.com\/#\/schema\/logo\/image\/"},"sameAs":["https:\/\/www.facebook.com\/canadamotorjobs\/","https:\/\/x.com\/canadamotorjobs","https:\/\/www.instagram.com\/canadamotorjobs\/","https:\/\/www.linkedin.com\/company\/canadamotorjobs"]},{"@type":"Person","@id":"https:\/\/news.canadamotorjobs.com\/#\/schema\/person\/51793d1f87d44011d7bcc2ed99269a90","name":"Benoit Charette","image":{"@type":"ImageObject","inLanguage":"fr-CA","@id":"https:\/\/news.canadamotorjobs.com\/#\/schema\/person\/image\/","url":"https:\/\/secure.gravatar.com\/avatar\/45f3d2eebcccd909668d7ce7ea7267b6?s=96&d=mm&r=g","contentUrl":"https:\/\/secure.gravatar.com\/avatar\/45f3d2eebcccd909668d7ce7ea7267b6?s=96&d=mm&r=g","caption":"Benoit Charette"},"description":"Benoit Charette \/ Propri\u00e9taire et r\u00e9dacteur en chef Benoit Charette pratique le journalisme automobile depuis bient\u00f4t 30 ans. Il a fait ses classes au c\u00f4t\u00e9 de Daniel H\u00e9raud et au Carnet de route de 1992 \u00e0 2001. Il est fondateur, copropri\u00e9taire et r\u00e9dacteur en chef de L\u2019Annuel de l\u2019automobile, qu\u2019il publie depuis 2001. Il a anim\u00e9 les \u00e9missions RPM et RPM+ sur V et les L\u00e9gendes de la route sur Historia. \u00c0 la radio depuis 1986, il reprend l\u2019antenne cette ann\u00e9e sur les ondes de Cogeco et participe pour la deuxi\u00e8me ann\u00e9e \u00e0 l\u2019\u00e9mission Passion Auto sur RDS en plus de mettre en ligne le site Web officiel de L\u2019Annuel de l\u2019automobile sur annuelauto.ca.","sameAs":["https:\/\/annuelauto.ca\/"],"url":"https:\/\/news.canadamotorjobs.com\/fr\/author\/benoit-charette\/"}]}},"_links":{"self":[{"href":"https:\/\/news.canadamotorjobs.com\/fr\/wp-json\/wp\/v2\/posts\/158840"}],"collection":[{"href":"https:\/\/news.canadamotorjobs.com\/fr\/wp-json\/wp\/v2\/posts"}],"about":[{"href":"https:\/\/news.canadamotorjobs.com\/fr\/wp-json\/wp\/v2\/types\/post"}],"author":[{"embeddable":true,"href":"https:\/\/news.canadamotorjobs.com\/fr\/wp-json\/wp\/v2\/users\/8"}],"replies":[{"embeddable":true,"href":"https:\/\/news.canadamotorjobs.com\/fr\/wp-json\/wp\/v2\/comments?post=158840"}],"version-history":[{"count":2,"href":"https:\/\/news.canadamotorjobs.com\/fr\/wp-json\/wp\/v2\/posts\/158840\/revisions"}],"predecessor-version":[{"id":158844,"href":"https:\/\/news.canadamotorjobs.com\/fr\/wp-json\/wp\/v2\/posts\/158840\/revisions\/158844"}],"wp:featuredmedia":[{"embeddable":true,"href":"https:\/\/news.canadamotorjobs.com\/fr\/wp-json\/wp\/v2\/media\/158842"}],"wp:attachment":[{"href":"https:\/\/news.canadamotorjobs.com\/fr\/wp-json\/wp\/v2\/media?parent=158840"}],"wp:term":[{"taxonomy":"category","embeddable":true,"href":"https:\/\/news.canadamotorjobs.com\/fr\/wp-json\/wp\/v2\/categories?post=158840"},{"taxonomy":"post_tag","embeddable":true,"href":"https:\/\/news.canadamotorjobs.com\/fr\/wp-json\/wp\/v2\/tags?post=158840"}],"curies":[{"name":"wp","href":"https:\/\/api.w.org\/{rel}","templated":true}]}}