{"id":158816,"date":"2024-02-14T15:50:15","date_gmt":"2024-02-14T20:50:15","guid":{"rendered":"https:\/\/news.canadamotorjobs.com\/?p=158816"},"modified":"2024-02-15T17:39:23","modified_gmt":"2024-02-15T22:39:23","slug":"essai-routier-honda-accord","status":"publish","type":"post","link":"https:\/\/news.canadamotorjobs.com\/fr\/essai-routier-honda-accord\/","title":{"rendered":"Essai routier: Honda Accord"},"content":{"rendered":"<\/p>\n<p>Pas besoin de vous le dire\u00a0: les berlines interm\u00e9diaires ne sont plus ce qu\u2019elles \u00e9taient. En fait, je trouve qu\u2019elles sont meilleures qu\u2019elles l\u2019\u00e9taient dans le pass\u00e9, mais comme plus personne ou presque n\u2019en ach\u00e8te, elles sont aussi compl\u00e8tement tomb\u00e9es dans l\u2019oubli. La Honda Accord est peut-\u00eatre une des plus grandes perdantes dans tout \u00e7a, car en plus d\u2019\u00eatre \u00e9clips\u00e9e par le mouvement massif du march\u00e9 vers les VUS, elle a toujours \u00e9t\u00e9 dans l\u2019ombre et de la Toyota Camry, en plus.<\/p>\n<p>Honda Canada a donc d\u00e9cid\u00e9 de simplifier son offre ces derniers temps en proposant sa berline interm\u00e9diaire. Alors qu\u2019on compte plus d\u2019une douzaine de variations du c\u00f4t\u00e9 de la Civic, l\u2019Accord n\u2019est offerte qu\u2019en un mod\u00e8le, d\u00e9clin\u00e9 en trois versions\u00a0: de base, Sport hybride et Touring Hybrid.<\/p>\n<p>Pas d\u2019Accord Coup\u00e9, \u00e9videmment, ni de version \u00e0 moteur V6, ce qui remonte \u00e0 plusieurs ann\u00e9es. Mais un 4 cylindres turbo de base et un 4 cylindres hybride pour les deux autres variantes.<\/p>\n<p>C\u2019est la m\u00eame strat\u00e9gie, et ce sont d\u2019ailleurs les m\u00eames moteurs qu\u2019on trouve sous le capot du CR-V, ce qui est un signe des temps, quand m\u00eame, \u00e9tant donn\u00e9 qu\u2019on avait dans le pass\u00e9 plut\u00f4t tendance \u00e0 qualifier le CR-V de \u00abCivic des VUS\u00bb, mais clairement, il a pris du galon, alors que l\u2019Accord est rest\u00e9e \u00e0 peu pr\u00e8s intacte.<\/p>\n<p>Sous le capot, donc, le choix entre un 4 cylindres turbo de 1,5 litres qui produit une puissance de 192 chevaux, ou un 4 cylindres \u00e0 aspiration naturelle jumel\u00e9 \u00e0 un groupe \u00e9lectrique qui produisent, en tout, une puissance de pointe de 204 chevaux. Tout \u00e7a est transmis aux roues avant via une bo\u00eete \u00e0 variation continue (CVT) qui, on va se le dire, est configur\u00e9e pour se comporter \u00e0 peu pr\u00e8s comme une bo\u00eete automatique qui aurait huit ou neuf rapports. Quand on acc\u00e9l\u00e8re, on sent des petits coups qui rappellent un peu un changement de rapports. C\u2019est tr\u00e8s doux et assez subtil, mais \u00e7a peut plaire \u00e0 ceux qui d\u00e9testent les bo\u00eetes CVT.<\/p>\n<h3>Et \u00e7a permet de conserver une consommation moyenne correcte d\u2019un peu moins de 7 litres aux 100 kilom\u00e8tres.<\/h3>\n<p>\nTout \u00e7a mis ensemble produit un comportement extr\u00eamement doux, qui me rappelle l\u2019Accord dans ses meilleures ann\u00e9es\u00a0: une berline interm\u00e9diaire japonaise pas exactement luxueuse, mais tr\u00e8s raffin\u00e9e. La direction est juste assez l\u00e9g\u00e8re et la suspension juste assez feutr\u00e9e pour cr\u00e9er une impression de confort et de s\u00fbret\u00e9 qui encore aujourd\u2019hui, et malgr\u00e9 tout ce qu\u2019on dira des berlines interm\u00e9diaires, font de l\u2019Accord un des v\u00e9hicules les plus plaisants \u00e0 conduire sur le march\u00e9.<\/p>\n<h3>Ce qui, on s\u2019entend, serait merveilleux si tout s\u2019arr\u00eatait l\u00e0. Mais ce n\u2019est pas le cas.<\/h3>\n<p>\nCar il y a quelques b\u00e9mols qui viennent avec tout \u00e7a. \u00c0 commencer par le prix. C\u2019est le m\u00eame probl\u00e8me pour le CR-V\u00a0: la version hybride co\u00fbte trop cher. C\u2019est probablement un signe des temps, mais une Accord hybride \u00e0 44\u00a0000 $ ou \u00e0 47\u00a0000 $, c\u2019est dur \u00e0 justifier comparativement \u00e0 une Accord tout court \u00e0 39\u00a0500 $.<\/p>\n<p>Surtout qu\u2019\u00e0 bord, c\u2019est un peu mieux fini et un peu plus richement garni, mais l\u2019exp\u00e9rience n\u2019est pas \u00e0 ce point rehauss\u00e9e par le syst\u00e8me multim\u00e9dia et les garnitures pour expliquer la surprime.<\/p>\n<p>Tout est confortable, m\u00eame la banquette \u00e0 l\u2019arri\u00e8re, capable d\u2019accueillir trois grands ados. Le coffre est assez utile, malgr\u00e9 la courbe du toit qui r\u00e9duit un peu son volume de chargement.<\/p>\n<p>Mais pour ce prix, on peut trouver des v\u00e9hicules soit plus pratiques, soit moins gourmands, soit plus modernes, ailleurs dans le march\u00e9.<\/p>\n<p>Ce qui est triste, pour la Honda Accord, un mod\u00e8le qui m\u00e9rite un meilleur sort que d\u2019\u00eatre rel\u00e9gu\u00e9e dans l\u2019ombre des VUS et de la Camry\u2026 encore et toujours.<\/p>\n<p>\u00a0<\/p>\n<p>Le texte <a rel=\"nofollow\" href=\"https:\/\/annuelauto.ca\/essai-routier-honda-accord\/\">Essai routier: Honda Accord<\/a> provient de <a rel=\"nofollow\" href=\"https:\/\/annuelauto.ca\">L&#8217;annuel de l&#8217;automobile &#8211; Actualit\u00e9 automobile<\/a><\/p>\n<p><\/p>\n","protected":false},"excerpt":{"rendered":"<p>Pas besoin de vous le dire\u00a0: les berlines interm\u00e9diaires ne sont plus ce qu\u2019elles \u00e9taient. En fait, je trouve qu\u2019elles sont meilleures qu\u2019elles l\u2019\u00e9taient dans le pass\u00e9, mais comme plus personne ou presque n\u2019en ach\u00e8te, elles sont aussi compl\u00e8tement tomb\u00e9es dans l\u2019oubli. La Honda Accord est peut-\u00eatre une des plus grandes perdantes dans tout \u00e7a, [&hellip;]<\/p>\n","protected":false},"author":8,"featured_media":158818,"comment_status":"closed","ping_status":"closed","sticky":false,"template":"","format":"standard","meta":{"_monsterinsights_skip_tracking":false,"_monsterinsights_sitenote_active":false,"_monsterinsights_sitenote_note":"","_monsterinsights_sitenote_category":0,"footnotes":""},"categories":[101],"tags":[],"yoast_head":"<!-- This site is optimized with the Yoast SEO plugin v23.2 - https:\/\/yoast.com\/wordpress\/plugins\/seo\/ -->\n<title>Essai routier: Honda Accord - CanadaMotorJobs.com<\/title>\n<meta name=\"description\" content=\"Essai routier: Honda Accord - Benoit Charette - Annuel automobile - CanadaMotorJobs.com.\" \/>\n<meta name=\"robots\" content=\"index, follow, max-snippet:-1, max-image-preview:large, max-video-preview:-1\" \/>\n<meta property=\"og:locale\" content=\"fr_CA\" \/>\n<meta property=\"og:type\" content=\"article\" \/>\n<meta property=\"og:title\" content=\"Essai routier: Honda Accord - CanadaMotorJobs.com\" \/>\n<meta property=\"og:description\" content=\"Essai routier: Honda Accord - Benoit Charette - Annuel automobile - CanadaMotorJobs.com.\" \/>\n<meta property=\"og:url\" content=\"https:\/\/news.canadamotorjobs.com\/fr\/essai-routier-honda-accord\/\" \/>\n<meta property=\"og:site_name\" content=\"CanadaMotorJobs.com\" \/>\n<meta property=\"article:publisher\" content=\"https:\/\/www.facebook.com\/canadamotorjobs\/\" \/>\n<meta property=\"article:published_time\" content=\"2024-02-14T20:50:15+00:00\" \/>\n<meta property=\"article:modified_time\" content=\"2024-02-15T22:39:23+00:00\" \/>\n<meta property=\"og:image\" content=\"https:\/\/news.canadamotorjobs.com\/wp-content\/uploads\/2024\/02\/12-2023-Honda-Accord-Touring.jpg\" \/>\n\t<meta property=\"og:image:width\" content=\"1200\" \/>\n\t<meta property=\"og:image:height\" content=\"775\" \/>\n\t<meta property=\"og:image:type\" content=\"image\/jpeg\" \/>\n<meta name=\"author\" content=\"Benoit Charette\" \/>\n<meta name=\"twitter:card\" content=\"summary_large_image\" \/>\n<meta name=\"twitter:creator\" content=\"@canadamotorjobs\" \/>\n<meta name=\"twitter:site\" content=\"@canadamotorjobs\" \/>\n<meta name=\"twitter:label1\" content=\"\u00c9crit par\" \/>\n\t<meta name=\"twitter:data1\" content=\"Benoit Charette\" \/>\n\t<meta name=\"twitter:label2\" content=\"Estimation du temps de lecture\" \/>\n\t<meta name=\"twitter:data2\" content=\"3 minutes\" \/>\n<!-- \/ Yoast SEO plugin. -->","yoast_head_json":{"title":"Essai routier: Honda Accord - CanadaMotorJobs.com","description":"Essai routier: Honda Accord - Benoit Charette - Annuel automobile - CanadaMotorJobs.com.","robots":{"index":"index","follow":"follow","max-snippet":"max-snippet:-1","max-image-preview":"max-image-preview:large","max-video-preview":"max-video-preview:-1"},"og_locale":"fr_CA","og_type":"article","og_title":"Essai routier: Honda Accord - CanadaMotorJobs.com","og_description":"Essai routier: Honda Accord - Benoit Charette - Annuel automobile - CanadaMotorJobs.com.","og_url":"https:\/\/news.canadamotorjobs.com\/fr\/essai-routier-honda-accord\/","og_site_name":"CanadaMotorJobs.com","article_publisher":"https:\/\/www.facebook.com\/canadamotorjobs\/","article_published_time":"2024-02-14T20:50:15+00:00","article_modified_time":"2024-02-15T22:39:23+00:00","og_image":[{"width":1200,"height":775,"url":"https:\/\/news.canadamotorjobs.com\/wp-content\/uploads\/2024\/02\/12-2023-Honda-Accord-Touring.jpg","type":"image\/jpeg"}],"author":"Benoit Charette","twitter_card":"summary_large_image","twitter_creator":"@canadamotorjobs","twitter_site":"@canadamotorjobs","twitter_misc":{"\u00c9crit par":"Benoit Charette","Estimation du temps de lecture":"3 minutes"},"schema":{"@context":"https:\/\/schema.org","@graph":[{"@type":"Article","@id":"https:\/\/news.canadamotorjobs.com\/fr\/essai-routier-honda-accord\/#article","isPartOf":{"@id":"https:\/\/news.canadamotorjobs.com\/fr\/essai-routier-honda-accord\/"},"author":{"name":"Benoit Charette","@id":"https:\/\/news.canadamotorjobs.com\/#\/schema\/person\/51793d1f87d44011d7bcc2ed99269a90"},"headline":"Essai routier: Honda Accord","datePublished":"2024-02-14T20:50:15+00:00","dateModified":"2024-02-15T22:39:23+00:00","mainEntityOfPage":{"@id":"https:\/\/news.canadamotorjobs.com\/fr\/essai-routier-honda-accord\/"},"wordCount":702,"publisher":{"@id":"https:\/\/news.canadamotorjobs.com\/#organization"},"image":{"@id":"https:\/\/news.canadamotorjobs.com\/fr\/essai-routier-honda-accord\/#primaryimage"},"thumbnailUrl":"https:\/\/news.canadamotorjobs.com\/wp-content\/uploads\/2024\/02\/12-2023-Honda-Accord-Touring.jpg","articleSection":["Annuel automobile"],"inLanguage":"fr-CA"},{"@type":"WebPage","@id":"https:\/\/news.canadamotorjobs.com\/fr\/essai-routier-honda-accord\/","url":"https:\/\/news.canadamotorjobs.com\/fr\/essai-routier-honda-accord\/","name":"Essai routier: Honda Accord - CanadaMotorJobs.com","isPartOf":{"@id":"https:\/\/news.canadamotorjobs.com\/#website"},"primaryImageOfPage":{"@id":"https:\/\/news.canadamotorjobs.com\/fr\/essai-routier-honda-accord\/#primaryimage"},"image":{"@id":"https:\/\/news.canadamotorjobs.com\/fr\/essai-routier-honda-accord\/#primaryimage"},"thumbnailUrl":"https:\/\/news.canadamotorjobs.com\/wp-content\/uploads\/2024\/02\/12-2023-Honda-Accord-Touring.jpg","datePublished":"2024-02-14T20:50:15+00:00","dateModified":"2024-02-15T22:39:23+00:00","description":"Essai routier: Honda Accord - Benoit Charette - Annuel automobile - CanadaMotorJobs.com.","breadcrumb":{"@id":"https:\/\/news.canadamotorjobs.com\/fr\/essai-routier-honda-accord\/#breadcrumb"},"inLanguage":"fr-CA","potentialAction":[{"@type":"ReadAction","target":["https:\/\/news.canadamotorjobs.com\/fr\/essai-routier-honda-accord\/"]}]},{"@type":"ImageObject","inLanguage":"fr-CA","@id":"https:\/\/news.canadamotorjobs.com\/fr\/essai-routier-honda-accord\/#primaryimage","url":"https:\/\/news.canadamotorjobs.com\/wp-content\/uploads\/2024\/02\/12-2023-Honda-Accord-Touring.jpg","contentUrl":"https:\/\/news.canadamotorjobs.com\/wp-content\/uploads\/2024\/02\/12-2023-Honda-Accord-Touring.jpg","width":1200,"height":775},{"@type":"BreadcrumbList","@id":"https:\/\/news.canadamotorjobs.com\/fr\/essai-routier-honda-accord\/#breadcrumb","itemListElement":[{"@type":"ListItem","position":1,"name":"Home","item":"https:\/\/news.canadamotorjobs.com\/fr\/blog\/"},{"@type":"ListItem","position":2,"name":"Essai routier: Honda Accord"}]},{"@type":"WebSite","@id":"https:\/\/news.canadamotorjobs.com\/#website","url":"https:\/\/news.canadamotorjobs.com\/","name":"CanadaMotorJobs.com","description":"Automotive Jobs","publisher":{"@id":"https:\/\/news.canadamotorjobs.com\/#organization"},"potentialAction":[{"@type":"SearchAction","target":{"@type":"EntryPoint","urlTemplate":"https:\/\/news.canadamotorjobs.com\/?s={search_term_string}"},"query-input":"required name=search_term_string"}],"inLanguage":"fr-CA"},{"@type":"Organization","@id":"https:\/\/news.canadamotorjobs.com\/#organization","name":"Canada Motor Jobs","url":"https:\/\/news.canadamotorjobs.com\/","logo":{"@type":"ImageObject","inLanguage":"fr-CA","@id":"https:\/\/news.canadamotorjobs.com\/#\/schema\/logo\/image\/","url":"https:\/\/news.canadamotorjobs.com\/wp-content\/uploads\/2022\/10\/logo-canada-motor-jobs-1.png","contentUrl":"https:\/\/news.canadamotorjobs.com\/wp-content\/uploads\/2022\/10\/logo-canada-motor-jobs-1.png","width":800,"height":400,"caption":"Canada Motor Jobs"},"image":{"@id":"https:\/\/news.canadamotorjobs.com\/#\/schema\/logo\/image\/"},"sameAs":["https:\/\/www.facebook.com\/canadamotorjobs\/","https:\/\/x.com\/canadamotorjobs","https:\/\/www.instagram.com\/canadamotorjobs\/","https:\/\/www.linkedin.com\/company\/canadamotorjobs"]},{"@type":"Person","@id":"https:\/\/news.canadamotorjobs.com\/#\/schema\/person\/51793d1f87d44011d7bcc2ed99269a90","name":"Benoit Charette","image":{"@type":"ImageObject","inLanguage":"fr-CA","@id":"https:\/\/news.canadamotorjobs.com\/#\/schema\/person\/image\/","url":"https:\/\/secure.gravatar.com\/avatar\/45f3d2eebcccd909668d7ce7ea7267b6?s=96&d=mm&r=g","contentUrl":"https:\/\/secure.gravatar.com\/avatar\/45f3d2eebcccd909668d7ce7ea7267b6?s=96&d=mm&r=g","caption":"Benoit Charette"},"description":"Benoit Charette \/ Propri\u00e9taire et r\u00e9dacteur en chef Benoit Charette pratique le journalisme automobile depuis bient\u00f4t 30 ans. Il a fait ses classes au c\u00f4t\u00e9 de Daniel H\u00e9raud et au Carnet de route de 1992 \u00e0 2001. Il est fondateur, copropri\u00e9taire et r\u00e9dacteur en chef de L\u2019Annuel de l\u2019automobile, qu\u2019il publie depuis 2001. Il a anim\u00e9 les \u00e9missions RPM et RPM+ sur V et les L\u00e9gendes de la route sur Historia. \u00c0 la radio depuis 1986, il reprend l\u2019antenne cette ann\u00e9e sur les ondes de Cogeco et participe pour la deuxi\u00e8me ann\u00e9e \u00e0 l\u2019\u00e9mission Passion Auto sur RDS en plus de mettre en ligne le site Web officiel de L\u2019Annuel de l\u2019automobile sur annuelauto.ca.","sameAs":["https:\/\/annuelauto.ca\/"],"url":"https:\/\/news.canadamotorjobs.com\/fr\/author\/benoit-charette\/"}]}},"_links":{"self":[{"href":"https:\/\/news.canadamotorjobs.com\/fr\/wp-json\/wp\/v2\/posts\/158816"}],"collection":[{"href":"https:\/\/news.canadamotorjobs.com\/fr\/wp-json\/wp\/v2\/posts"}],"about":[{"href":"https:\/\/news.canadamotorjobs.com\/fr\/wp-json\/wp\/v2\/types\/post"}],"author":[{"embeddable":true,"href":"https:\/\/news.canadamotorjobs.com\/fr\/wp-json\/wp\/v2\/users\/8"}],"replies":[{"embeddable":true,"href":"https:\/\/news.canadamotorjobs.com\/fr\/wp-json\/wp\/v2\/comments?post=158816"}],"version-history":[{"count":2,"href":"https:\/\/news.canadamotorjobs.com\/fr\/wp-json\/wp\/v2\/posts\/158816\/revisions"}],"predecessor-version":[{"id":158820,"href":"https:\/\/news.canadamotorjobs.com\/fr\/wp-json\/wp\/v2\/posts\/158816\/revisions\/158820"}],"wp:featuredmedia":[{"embeddable":true,"href":"https:\/\/news.canadamotorjobs.com\/fr\/wp-json\/wp\/v2\/media\/158818"}],"wp:attachment":[{"href":"https:\/\/news.canadamotorjobs.com\/fr\/wp-json\/wp\/v2\/media?parent=158816"}],"wp:term":[{"taxonomy":"category","embeddable":true,"href":"https:\/\/news.canadamotorjobs.com\/fr\/wp-json\/wp\/v2\/categories?post=158816"},{"taxonomy":"post_tag","embeddable":true,"href":"https:\/\/news.canadamotorjobs.com\/fr\/wp-json\/wp\/v2\/tags?post=158816"}],"curies":[{"name":"wp","href":"https:\/\/api.w.org\/{rel}","templated":true}]}}