{"id":158787,"date":"2024-02-14T12:59:10","date_gmt":"2024-02-14T17:59:10","guid":{"rendered":"https:\/\/news.canadamotorjobs.com\/?p=158787"},"modified":"2024-02-15T17:39:50","modified_gmt":"2024-02-15T22:39:50","slug":"des-possibles-retards-de-livraison-de-voitures-en-provenance-dhalifax","status":"publish","type":"post","link":"https:\/\/news.canadamotorjobs.com\/fr\/des-possibles-retards-de-livraison-de-voitures-en-provenance-dhalifax\/","title":{"rendered":"Des possibles retards de livraison de voitures en provenance d\u2019Halifax"},"content":{"rendered":"<\/p>\n<p>Les membres d&#8217;Unifor au port d&#8217;Halifax ont rejet\u00e9 un accord de travail provisoire conclu le mois dernier par l&#8217;\u00e9quipe de n\u00e9gociation syndicale et la direction, relan\u00e7ant la possibilit\u00e9 d&#8217;une gr\u00e8ve au centre d&#8217;importation de v\u00e9hicules de la c\u00f4te est.<\/p>\n<p>Le syndicat n&#8217;a pas partag\u00e9 les r\u00e9sultats du vote, mais a d\u00e9clar\u00e9 que l&#8217;accord provisoire avec Autoport Eastern Passage, une filiale de la Compagnie des chemins de fer nationaux du Canada, a \u00e9t\u00e9 &#8220;massivement rejet\u00e9&#8221; par les membres.<\/p>\n<p>Les deux parties ont entam\u00e9 le processus de n\u00e9gociation fin septembre et ont conclu l&#8217;accord provisoire le 25 janvier apr\u00e8s des discussions avec un conciliateur deux jours plus t\u00f4t.<\/p>\n<p>L&#8217;\u00e9quipe de n\u00e9gociation syndicale n&#8217;a pas divulgu\u00e9 les termes de l&#8217;accord, mais a d\u00e9clar\u00e9 \u00e0 l&#8217;\u00e9poque que l&#8217;accord &#8220;refl\u00e8te le travail acharn\u00e9 et le d\u00e9vouement de notre main-d&#8217;\u0153uvre&#8221;. Comme pour tous les accords de travail de ce type, l&#8217;accord provisoire devait \u00eatre approuv\u00e9 par les membres de base.<\/p>\n<p>Cependant, avec la majorit\u00e9 des quelque 200 membres d&#8217;Unifor travaillant au terminal automobile maritime rejetant le contrat, les \u00e9quipes de n\u00e9gociation du syndicat et de la direction seront contraintes de r\u00e9\u00e9valuer leurs positions.<\/p>\n<p>&#8220;Alors que nous avan\u00e7ons, il est essentiel que nous restions unis et pr\u00eats \u00e0 toutes les \u00e9ventualit\u00e9s, y compris la possibilit\u00e9 d&#8217;une gr\u00e8ve ou de faire face \u00e0 un lock-out&#8221;, a d\u00e9clar\u00e9 l&#8217;\u00e9quipe de n\u00e9gociation locale 100 d&#8217;Unifor le 8 f\u00e9vrier.<\/p>\n<p>Autoport traite environ 185 000 v\u00e9hicules par an, les importations europ\u00e9ennes repr\u00e9sentant une grande partie de ce total. Il fait partie du port d&#8217;Halifax, bien qu&#8217;il soit situ\u00e9 dans la banlieue d&#8217;Eastern Passage, \u00e0 l&#8217;extr\u00e9mit\u00e9 sud-est du port d&#8217;Halifax.<\/p>\n<p>Comme pour les gr\u00e8ves portuaires sur la c\u00f4te ouest du Canada l&#8217;\u00e9t\u00e9 dernier, une action syndicale \u00e0 Autoport entraverait probablement les importations de v\u00e9hicules au Canada.<\/p>\n<p>Le syndicat et l&#8217;employeur auront jusqu&#8217;\u00e0 la fin f\u00e9vrier pour d\u00e9cider de leurs prochaines \u00e9tapes.<\/p>\n<p>Un rapport de conciliation d\u00e9pos\u00e9 le 12 f\u00e9vrier a initi\u00e9 une p\u00e9riode de refroidissement de deux semaines, pla\u00e7ant les membres d&#8217;Unifor en position l\u00e9gale de gr\u00e8ve \u00e0 compter de 12h01 le 27 f\u00e9vrier.<\/p>\n<p>Un pr\u00e9avis de 48 heures est \u00e9galement requis si les travailleurs choisissent d&#8217;installer des piquets de gr\u00e8ve, ou si l&#8217;employeur pr\u00e9voit d&#8217;initier un lock-out.<\/p>\n<p>&#8220;Cette p\u00e9riode sera utilis\u00e9e pour renforcer nos strat\u00e9gies et garantir que notre voix collective soit entendue, forte et claire&#8221;, a d\u00e9clar\u00e9 l&#8217;\u00e9quipe de n\u00e9gociation du syndicat \u00e0 ses membres.<\/p>\n<p>CN n&#8217;a pas pr\u00e9cis\u00e9 les prochaines \u00e9tapes, mais dans une d\u00e9claration, a d\u00e9clar\u00e9 qu&#8217;il &#8220;reste engag\u00e9 \u00e0 travailler avec le syndicat pour parvenir \u00e0 un accord&#8221;.<\/p>\n<p>Avec des renseignements d\u2019Automotive News Canada<\/p>\n<p>\u00a0<\/p>\n<p>Le texte <a rel=\"nofollow\" href=\"https:\/\/annuelauto.ca\/des-possibles-retards-de-livraison-de-voitures-en-provenance-dhalifax\/\">Des possibles retards de livraison de voitures en provenance d\u2019Halifax<\/a> provient de <a rel=\"nofollow\" href=\"https:\/\/annuelauto.ca\">L&#8217;annuel de l&#8217;automobile &#8211; Actualit\u00e9 automobile<\/a><\/p>\n<p><\/p>\n","protected":false},"excerpt":{"rendered":"<p>Les membres d&#8217;Unifor au port d&#8217;Halifax ont rejet\u00e9 un accord de travail provisoire conclu le mois dernier par l&#8217;\u00e9quipe de n\u00e9gociation syndicale et la direction, relan\u00e7ant la possibilit\u00e9 d&#8217;une gr\u00e8ve au centre d&#8217;importation de v\u00e9hicules de la c\u00f4te est. Le syndicat n&#8217;a pas partag\u00e9 les r\u00e9sultats du vote, mais a d\u00e9clar\u00e9 que l&#8217;accord provisoire avec [&hellip;]<\/p>\n","protected":false},"author":8,"featured_media":158789,"comment_status":"closed","ping_status":"closed","sticky":false,"template":"","format":"standard","meta":{"_monsterinsights_skip_tracking":false,"_monsterinsights_sitenote_active":false,"_monsterinsights_sitenote_note":"","_monsterinsights_sitenote_category":0,"footnotes":""},"categories":[101],"tags":[],"yoast_head":"<!-- This site is optimized with the Yoast SEO plugin v23.2 - https:\/\/yoast.com\/wordpress\/plugins\/seo\/ -->\n<title>Des possibles retards de livraison de voitures en provenance d\u2019Halifax - CanadaMotorJobs.com<\/title>\n<meta name=\"description\" content=\"Des possibles retards de livraison de voitures en provenance d\u2019Halifax - Benoit Charette - Annuel automobile - CanadaMotorJobs.com.\" \/>\n<meta name=\"robots\" content=\"index, follow, max-snippet:-1, max-image-preview:large, max-video-preview:-1\" \/>\n<meta property=\"og:locale\" content=\"fr_CA\" \/>\n<meta property=\"og:type\" content=\"article\" \/>\n<meta property=\"og:title\" content=\"Des possibles retards de livraison de voitures en provenance d\u2019Halifax - CanadaMotorJobs.com\" \/>\n<meta property=\"og:description\" content=\"Des possibles retards de livraison de voitures en provenance d\u2019Halifax - Benoit Charette - Annuel automobile - CanadaMotorJobs.com.\" \/>\n<meta property=\"og:url\" content=\"https:\/\/news.canadamotorjobs.com\/fr\/des-possibles-retards-de-livraison-de-voitures-en-provenance-dhalifax\/\" \/>\n<meta property=\"og:site_name\" content=\"CanadaMotorJobs.com\" \/>\n<meta property=\"article:publisher\" content=\"https:\/\/www.facebook.com\/canadamotorjobs\/\" \/>\n<meta property=\"article:published_time\" content=\"2024-02-14T17:59:10+00:00\" \/>\n<meta property=\"article:modified_time\" content=\"2024-02-15T22:39:50+00:00\" \/>\n<meta property=\"og:image\" content=\"https:\/\/news.canadamotorjobs.com\/wp-content\/uploads\/2024\/02\/maxresdefault.jpg\" \/>\n\t<meta property=\"og:image:width\" content=\"1280\" \/>\n\t<meta property=\"og:image:height\" content=\"720\" \/>\n\t<meta property=\"og:image:type\" content=\"image\/jpeg\" \/>\n<meta name=\"author\" content=\"Benoit Charette\" \/>\n<meta name=\"twitter:card\" content=\"summary_large_image\" \/>\n<meta name=\"twitter:creator\" content=\"@canadamotorjobs\" \/>\n<meta name=\"twitter:site\" content=\"@canadamotorjobs\" \/>\n<meta name=\"twitter:label1\" content=\"\u00c9crit par\" \/>\n\t<meta name=\"twitter:data1\" content=\"Benoit Charette\" \/>\n\t<meta name=\"twitter:label2\" content=\"Estimation du temps de lecture\" \/>\n\t<meta name=\"twitter:data2\" content=\"2 minutes\" \/>\n<!-- \/ Yoast SEO plugin. -->","yoast_head_json":{"title":"Des possibles retards de livraison de voitures en provenance d\u2019Halifax - CanadaMotorJobs.com","description":"Des possibles retards de livraison de voitures en provenance d\u2019Halifax - Benoit Charette - Annuel automobile - CanadaMotorJobs.com.","robots":{"index":"index","follow":"follow","max-snippet":"max-snippet:-1","max-image-preview":"max-image-preview:large","max-video-preview":"max-video-preview:-1"},"og_locale":"fr_CA","og_type":"article","og_title":"Des possibles retards de livraison de voitures en provenance d\u2019Halifax - CanadaMotorJobs.com","og_description":"Des possibles retards de livraison de voitures en provenance d\u2019Halifax - Benoit Charette - Annuel automobile - CanadaMotorJobs.com.","og_url":"https:\/\/news.canadamotorjobs.com\/fr\/des-possibles-retards-de-livraison-de-voitures-en-provenance-dhalifax\/","og_site_name":"CanadaMotorJobs.com","article_publisher":"https:\/\/www.facebook.com\/canadamotorjobs\/","article_published_time":"2024-02-14T17:59:10+00:00","article_modified_time":"2024-02-15T22:39:50+00:00","og_image":[{"width":1280,"height":720,"url":"https:\/\/news.canadamotorjobs.com\/wp-content\/uploads\/2024\/02\/maxresdefault.jpg","type":"image\/jpeg"}],"author":"Benoit Charette","twitter_card":"summary_large_image","twitter_creator":"@canadamotorjobs","twitter_site":"@canadamotorjobs","twitter_misc":{"\u00c9crit par":"Benoit Charette","Estimation du temps de lecture":"2 minutes"},"schema":{"@context":"https:\/\/schema.org","@graph":[{"@type":"Article","@id":"https:\/\/news.canadamotorjobs.com\/fr\/des-possibles-retards-de-livraison-de-voitures-en-provenance-dhalifax\/#article","isPartOf":{"@id":"https:\/\/news.canadamotorjobs.com\/fr\/des-possibles-retards-de-livraison-de-voitures-en-provenance-dhalifax\/"},"author":{"name":"Benoit Charette","@id":"https:\/\/news.canadamotorjobs.com\/#\/schema\/person\/51793d1f87d44011d7bcc2ed99269a90"},"headline":"Des possibles retards de livraison de voitures en provenance d\u2019Halifax","datePublished":"2024-02-14T17:59:10+00:00","dateModified":"2024-02-15T22:39:50+00:00","mainEntityOfPage":{"@id":"https:\/\/news.canadamotorjobs.com\/fr\/des-possibles-retards-de-livraison-de-voitures-en-provenance-dhalifax\/"},"wordCount":526,"publisher":{"@id":"https:\/\/news.canadamotorjobs.com\/#organization"},"image":{"@id":"https:\/\/news.canadamotorjobs.com\/fr\/des-possibles-retards-de-livraison-de-voitures-en-provenance-dhalifax\/#primaryimage"},"thumbnailUrl":"https:\/\/news.canadamotorjobs.com\/wp-content\/uploads\/2024\/02\/maxresdefault.jpg","articleSection":["Annuel automobile"],"inLanguage":"fr-CA"},{"@type":"WebPage","@id":"https:\/\/news.canadamotorjobs.com\/fr\/des-possibles-retards-de-livraison-de-voitures-en-provenance-dhalifax\/","url":"https:\/\/news.canadamotorjobs.com\/fr\/des-possibles-retards-de-livraison-de-voitures-en-provenance-dhalifax\/","name":"Des possibles retards de livraison de voitures en provenance d\u2019Halifax - CanadaMotorJobs.com","isPartOf":{"@id":"https:\/\/news.canadamotorjobs.com\/#website"},"primaryImageOfPage":{"@id":"https:\/\/news.canadamotorjobs.com\/fr\/des-possibles-retards-de-livraison-de-voitures-en-provenance-dhalifax\/#primaryimage"},"image":{"@id":"https:\/\/news.canadamotorjobs.com\/fr\/des-possibles-retards-de-livraison-de-voitures-en-provenance-dhalifax\/#primaryimage"},"thumbnailUrl":"https:\/\/news.canadamotorjobs.com\/wp-content\/uploads\/2024\/02\/maxresdefault.jpg","datePublished":"2024-02-14T17:59:10+00:00","dateModified":"2024-02-15T22:39:50+00:00","description":"Des possibles retards de livraison de voitures en provenance d\u2019Halifax - Benoit Charette - Annuel automobile - CanadaMotorJobs.com.","breadcrumb":{"@id":"https:\/\/news.canadamotorjobs.com\/fr\/des-possibles-retards-de-livraison-de-voitures-en-provenance-dhalifax\/#breadcrumb"},"inLanguage":"fr-CA","potentialAction":[{"@type":"ReadAction","target":["https:\/\/news.canadamotorjobs.com\/fr\/des-possibles-retards-de-livraison-de-voitures-en-provenance-dhalifax\/"]}]},{"@type":"ImageObject","inLanguage":"fr-CA","@id":"https:\/\/news.canadamotorjobs.com\/fr\/des-possibles-retards-de-livraison-de-voitures-en-provenance-dhalifax\/#primaryimage","url":"https:\/\/news.canadamotorjobs.com\/wp-content\/uploads\/2024\/02\/maxresdefault.jpg","contentUrl":"https:\/\/news.canadamotorjobs.com\/wp-content\/uploads\/2024\/02\/maxresdefault.jpg","width":1280,"height":720},{"@type":"BreadcrumbList","@id":"https:\/\/news.canadamotorjobs.com\/fr\/des-possibles-retards-de-livraison-de-voitures-en-provenance-dhalifax\/#breadcrumb","itemListElement":[{"@type":"ListItem","position":1,"name":"Home","item":"https:\/\/news.canadamotorjobs.com\/fr\/blog\/"},{"@type":"ListItem","position":2,"name":"Des possibles retards de livraison de voitures en provenance d\u2019Halifax"}]},{"@type":"WebSite","@id":"https:\/\/news.canadamotorjobs.com\/#website","url":"https:\/\/news.canadamotorjobs.com\/","name":"CanadaMotorJobs.com","description":"Automotive Jobs","publisher":{"@id":"https:\/\/news.canadamotorjobs.com\/#organization"},"potentialAction":[{"@type":"SearchAction","target":{"@type":"EntryPoint","urlTemplate":"https:\/\/news.canadamotorjobs.com\/?s={search_term_string}"},"query-input":"required name=search_term_string"}],"inLanguage":"fr-CA"},{"@type":"Organization","@id":"https:\/\/news.canadamotorjobs.com\/#organization","name":"Canada Motor Jobs","url":"https:\/\/news.canadamotorjobs.com\/","logo":{"@type":"ImageObject","inLanguage":"fr-CA","@id":"https:\/\/news.canadamotorjobs.com\/#\/schema\/logo\/image\/","url":"https:\/\/news.canadamotorjobs.com\/wp-content\/uploads\/2022\/10\/logo-canada-motor-jobs-1.png","contentUrl":"https:\/\/news.canadamotorjobs.com\/wp-content\/uploads\/2022\/10\/logo-canada-motor-jobs-1.png","width":800,"height":400,"caption":"Canada Motor Jobs"},"image":{"@id":"https:\/\/news.canadamotorjobs.com\/#\/schema\/logo\/image\/"},"sameAs":["https:\/\/www.facebook.com\/canadamotorjobs\/","https:\/\/x.com\/canadamotorjobs","https:\/\/www.instagram.com\/canadamotorjobs\/","https:\/\/www.linkedin.com\/company\/canadamotorjobs"]},{"@type":"Person","@id":"https:\/\/news.canadamotorjobs.com\/#\/schema\/person\/51793d1f87d44011d7bcc2ed99269a90","name":"Benoit Charette","image":{"@type":"ImageObject","inLanguage":"fr-CA","@id":"https:\/\/news.canadamotorjobs.com\/#\/schema\/person\/image\/","url":"https:\/\/secure.gravatar.com\/avatar\/45f3d2eebcccd909668d7ce7ea7267b6?s=96&d=mm&r=g","contentUrl":"https:\/\/secure.gravatar.com\/avatar\/45f3d2eebcccd909668d7ce7ea7267b6?s=96&d=mm&r=g","caption":"Benoit Charette"},"description":"Benoit Charette \/ Propri\u00e9taire et r\u00e9dacteur en chef Benoit Charette pratique le journalisme automobile depuis bient\u00f4t 30 ans. Il a fait ses classes au c\u00f4t\u00e9 de Daniel H\u00e9raud et au Carnet de route de 1992 \u00e0 2001. Il est fondateur, copropri\u00e9taire et r\u00e9dacteur en chef de L\u2019Annuel de l\u2019automobile, qu\u2019il publie depuis 2001. Il a anim\u00e9 les \u00e9missions RPM et RPM+ sur V et les L\u00e9gendes de la route sur Historia. \u00c0 la radio depuis 1986, il reprend l\u2019antenne cette ann\u00e9e sur les ondes de Cogeco et participe pour la deuxi\u00e8me ann\u00e9e \u00e0 l\u2019\u00e9mission Passion Auto sur RDS en plus de mettre en ligne le site Web officiel de L\u2019Annuel de l\u2019automobile sur annuelauto.ca.","sameAs":["https:\/\/annuelauto.ca\/"],"url":"https:\/\/news.canadamotorjobs.com\/fr\/author\/benoit-charette\/"}]}},"_links":{"self":[{"href":"https:\/\/news.canadamotorjobs.com\/fr\/wp-json\/wp\/v2\/posts\/158787"}],"collection":[{"href":"https:\/\/news.canadamotorjobs.com\/fr\/wp-json\/wp\/v2\/posts"}],"about":[{"href":"https:\/\/news.canadamotorjobs.com\/fr\/wp-json\/wp\/v2\/types\/post"}],"author":[{"embeddable":true,"href":"https:\/\/news.canadamotorjobs.com\/fr\/wp-json\/wp\/v2\/users\/8"}],"replies":[{"embeddable":true,"href":"https:\/\/news.canadamotorjobs.com\/fr\/wp-json\/wp\/v2\/comments?post=158787"}],"version-history":[{"count":2,"href":"https:\/\/news.canadamotorjobs.com\/fr\/wp-json\/wp\/v2\/posts\/158787\/revisions"}],"predecessor-version":[{"id":158791,"href":"https:\/\/news.canadamotorjobs.com\/fr\/wp-json\/wp\/v2\/posts\/158787\/revisions\/158791"}],"wp:featuredmedia":[{"embeddable":true,"href":"https:\/\/news.canadamotorjobs.com\/fr\/wp-json\/wp\/v2\/media\/158789"}],"wp:attachment":[{"href":"https:\/\/news.canadamotorjobs.com\/fr\/wp-json\/wp\/v2\/media?parent=158787"}],"wp:term":[{"taxonomy":"category","embeddable":true,"href":"https:\/\/news.canadamotorjobs.com\/fr\/wp-json\/wp\/v2\/categories?post=158787"},{"taxonomy":"post_tag","embeddable":true,"href":"https:\/\/news.canadamotorjobs.com\/fr\/wp-json\/wp\/v2\/tags?post=158787"}],"curies":[{"name":"wp","href":"https:\/\/api.w.org\/{rel}","templated":true}]}}