{"id":158718,"date":"2024-02-13T13:26:23","date_gmt":"2024-02-13T18:26:23","guid":{"rendered":"https:\/\/news.canadamotorjobs.com\/?p=158718"},"modified":"2024-02-13T15:15:33","modified_gmt":"2024-02-13T20:15:33","slug":"bmw-veut-continuer-doffrir-plusieurs-solutions-de-mobilite","status":"publish","type":"post","link":"https:\/\/news.canadamotorjobs.com\/fr\/bmw-veut-continuer-doffrir-plusieurs-solutions-de-mobilite\/","title":{"rendered":"\u00ab BMW veut continuer d\u2019offrir plusieurs solutions de mobilit\u00e9 \u00bb"},"content":{"rendered":"<p>Cascais, Portugal- De nombreux constructeurs automobiles s&#8217;empressent d&#8217;annoncer une date butoir pour le moteur \u00e0 combustion, mais BMW n&#8217;est pas aussi press\u00e9. Nous avons eu le privil\u00e8ge de discuter avec un membre de directoire de BMW, Frank Weber qui est responsable du d\u00e9veloppement de la marque. Alors que bien des constructeurs fixe \u00e0 2035 la date butoir pour la fin des mod\u00e8les \u00e0 essence, M. Weber est beaucoup moins cat\u00e9girique. Nous ne pouvons pas pr\u00e9cipit\u00e9e une telle d\u00e9cision.<\/p>\n<p>Lors de la pr\u00e9sentation du nouveau BMW X2, iX2 et MINI Coutryman, M. Weber a insist\u00e9 sur une p\u00e9riode de transition qui va durer plus longtemps que pr\u00e9vu. Avant d\u2019op\u00e9rer un virage \u00e9lectrique complet , il faudra d\u2019abord que tous les ingr\u00e9dients soit en place comme un r\u00e9seau de recharge capable de supporter ce virage, stabilis\u00e9 les prix des mod\u00e8les \u00e9lectriques et trouver des ingr\u00e9dients disponibles \u00e0 long terme pour les batteries.&nbsp;&nbsp; \u00ab BMW va continuer d\u2019offrir un choix de motorisation, incluant l\u2019hydrog\u00e8ne car nous croyons que 2035 est une date irr\u00e9aliste \u00bb pr\u00e9cise M. Weber.<\/p>\n<p>\u00abNaturellement il faut revoir nos objectifs r\u00e9guli\u00e8rement. Pour le moment, les mod\u00e8les \u00e9lectriques seuls ne sont pas viables, car ils co\u00fbtent trop chers. Nous croyons qu\u2019une meilleure strat\u00e9gie hybride va plaire \u00e0 un plus large public si l\u2019autonomie est int\u00e9ressante. Beaucoup de gens dans le monde ne peuvent pas payer le prix fort pour un mod\u00e8le \u00e9lectrique.<\/p>\n<p>\u00ab Cela ne veut pas dire que BMW privil\u00e9gie les moteurs \u00e0 combustion au d\u00e9triment des VE \u00bb poursuit M. Weber. Pour cette ann\u00e9e, l&#8217;entreprise s&#8217;est fix\u00e9 comme objectif que les v\u00e9hicules \u00e0 z\u00e9ro \u00e9mission repr\u00e9sentent 15 % du total des livraisons. D&#8217;ici \u00e0 la fin de la d\u00e9cennie, la marque munichoise pr\u00e9voit qu&#8217;une voiture sur deux qu&#8217;elle vendra ne sera pas \u00e9quip\u00e9e d&#8217;un moteur \u00e0 combustion interne.<\/p>\n<p>Alors que la r\u00e9duction est le mot \u00e0 la mode dans l\u2019industrie automobile, BMW poss\u00e8de encore de nombreux mod\u00e8les \u00e9quip\u00e9s de moteurs \u00e0 six cylindres en ligne et \u00e0 huit cylindres en V. La marque fera \u00e9galement partie des derniers constructeurs \u00e0 abandonner les moteurs \u00e0 combustion. Elle fait \u00e9galement partie des derni\u00e8res marques \u00e0 proposer une bo\u00eete de vitesses manuelle, quoique cela ne durera tr\u00e8s longtemps<\/p>\n<p>En terminant, M Weber a mentionn\u00e9 que l\u2019on ne peut pas forces les gens \u00e0 se tourner vers le tout \u00e9lectrique. \u00ab Nous nous pr\u00e9parons avec s\u00e9rieux chez BMW avec le Neue Klasse et Neue Klasse X qui arriveront bient\u00f4t sur la route avec un poids r\u00e9duit, une autonomie accrue et une technologie qui franchit de nouvelles fronti\u00e8res, mais nous voulons que l\u2019automobiliste ait encore le choix et nous croyons qu\u2019il est encore trop t\u00f4t pour prendre une d\u00e9cision aussi radicale. La solution repose dans la pluralit\u00e9 de l\u2019offre.<\/p>\n<p>Le texte <a rel=\"nofollow\" href=\"https:\/\/annuelauto.ca\/bmw-veut-continuer-doffrir-plusieurs-solutions-de-mobilite\/\">\u00ab BMW veut continuer d\u2019offrir plusieurs solutions de mobilit\u00e9 \u00bb<\/a> provient de <a rel=\"nofollow\" href=\"https:\/\/annuelauto.ca\">L&#8217;annuel de l&#8217;automobile &#8211; Actualit\u00e9 automobile<\/a><\/p>\n","protected":false},"excerpt":{"rendered":"<p>Cascais, Portugal- De nombreux constructeurs automobiles s&#8217;empressent d&#8217;annoncer une date butoir pour le moteur \u00e0 combustion, mais BMW n&#8217;est pas aussi press\u00e9. Nous avons eu le privil\u00e8ge de discuter avec un membre de directoire de BMW, Frank Weber qui est responsable du d\u00e9veloppement de la marque. Alors que bien des constructeurs fixe \u00e0 2035 la [&hellip;]<\/p>\n","protected":false},"author":8,"featured_media":158720,"comment_status":"closed","ping_status":"closed","sticky":false,"template":"","format":"standard","meta":{"_monsterinsights_skip_tracking":false,"_monsterinsights_sitenote_active":false,"_monsterinsights_sitenote_note":"","_monsterinsights_sitenote_category":0,"footnotes":""},"categories":[101],"tags":[],"yoast_head":"<!-- This site is optimized with the Yoast SEO plugin v23.2 - https:\/\/yoast.com\/wordpress\/plugins\/seo\/ -->\n<title>\u00ab BMW veut continuer d\u2019offrir plusieurs solutions de mobilit\u00e9 \u00bb - CanadaMotorJobs.com<\/title>\n<meta name=\"description\" content=\"\u00ab BMW veut continuer d\u2019offrir plusieurs solutions de mobilit\u00e9 \u00bb - Benoit Charette - Annuel automobile - CanadaMotorJobs.com.\" \/>\n<meta name=\"robots\" content=\"index, follow, max-snippet:-1, max-image-preview:large, max-video-preview:-1\" \/>\n<meta property=\"og:locale\" content=\"fr_CA\" \/>\n<meta property=\"og:type\" content=\"article\" \/>\n<meta property=\"og:title\" content=\"\u00ab BMW veut continuer d\u2019offrir plusieurs solutions de mobilit\u00e9 \u00bb - CanadaMotorJobs.com\" \/>\n<meta property=\"og:description\" content=\"\u00ab BMW veut continuer d\u2019offrir plusieurs solutions de mobilit\u00e9 \u00bb - Benoit Charette - Annuel automobile - CanadaMotorJobs.com.\" \/>\n<meta property=\"og:url\" content=\"https:\/\/news.canadamotorjobs.com\/fr\/bmw-veut-continuer-doffrir-plusieurs-solutions-de-mobilite\/\" \/>\n<meta property=\"og:site_name\" content=\"CanadaMotorJobs.com\" \/>\n<meta property=\"article:publisher\" content=\"https:\/\/www.facebook.com\/canadamotorjobs\/\" \/>\n<meta property=\"article:published_time\" content=\"2024-02-13T18:26:23+00:00\" \/>\n<meta property=\"article:modified_time\" content=\"2024-02-13T20:15:33+00:00\" \/>\n<meta property=\"og:image\" content=\"https:\/\/news.canadamotorjobs.com\/wp-content\/uploads\/2024\/02\/IMG_7678.jpg\" \/>\n\t<meta property=\"og:image:width\" content=\"1200\" \/>\n\t<meta property=\"og:image:height\" content=\"1600\" \/>\n\t<meta property=\"og:image:type\" content=\"image\/jpeg\" \/>\n<meta name=\"author\" content=\"Benoit Charette\" \/>\n<meta name=\"twitter:card\" content=\"summary_large_image\" \/>\n<meta name=\"twitter:creator\" content=\"@canadamotorjobs\" \/>\n<meta name=\"twitter:site\" content=\"@canadamotorjobs\" \/>\n<meta name=\"twitter:label1\" content=\"\u00c9crit par\" \/>\n\t<meta name=\"twitter:data1\" content=\"Benoit Charette\" \/>\n<!-- \/ Yoast SEO plugin. -->","yoast_head_json":{"title":"\u00ab BMW veut continuer d\u2019offrir plusieurs solutions de mobilit\u00e9 \u00bb - CanadaMotorJobs.com","description":"\u00ab BMW veut continuer d\u2019offrir plusieurs solutions de mobilit\u00e9 \u00bb - Benoit Charette - Annuel automobile - CanadaMotorJobs.com.","robots":{"index":"index","follow":"follow","max-snippet":"max-snippet:-1","max-image-preview":"max-image-preview:large","max-video-preview":"max-video-preview:-1"},"og_locale":"fr_CA","og_type":"article","og_title":"\u00ab BMW veut continuer d\u2019offrir plusieurs solutions de mobilit\u00e9 \u00bb - CanadaMotorJobs.com","og_description":"\u00ab BMW veut continuer d\u2019offrir plusieurs solutions de mobilit\u00e9 \u00bb - Benoit Charette - Annuel automobile - CanadaMotorJobs.com.","og_url":"https:\/\/news.canadamotorjobs.com\/fr\/bmw-veut-continuer-doffrir-plusieurs-solutions-de-mobilite\/","og_site_name":"CanadaMotorJobs.com","article_publisher":"https:\/\/www.facebook.com\/canadamotorjobs\/","article_published_time":"2024-02-13T18:26:23+00:00","article_modified_time":"2024-02-13T20:15:33+00:00","og_image":[{"width":1200,"height":1600,"url":"https:\/\/news.canadamotorjobs.com\/wp-content\/uploads\/2024\/02\/IMG_7678.jpg","type":"image\/jpeg"}],"author":"Benoit Charette","twitter_card":"summary_large_image","twitter_creator":"@canadamotorjobs","twitter_site":"@canadamotorjobs","twitter_misc":{"\u00c9crit par":"Benoit Charette"},"schema":{"@context":"https:\/\/schema.org","@graph":[{"@type":"Article","@id":"https:\/\/news.canadamotorjobs.com\/fr\/bmw-veut-continuer-doffrir-plusieurs-solutions-de-mobilite\/#article","isPartOf":{"@id":"https:\/\/news.canadamotorjobs.com\/fr\/bmw-veut-continuer-doffrir-plusieurs-solutions-de-mobilite\/"},"author":{"name":"Benoit Charette","@id":"https:\/\/news.canadamotorjobs.com\/#\/schema\/person\/51793d1f87d44011d7bcc2ed99269a90"},"headline":"\u00ab BMW veut continuer d\u2019offrir plusieurs solutions de mobilit\u00e9 \u00bb","datePublished":"2024-02-13T18:26:23+00:00","dateModified":"2024-02-13T20:15:33+00:00","mainEntityOfPage":{"@id":"https:\/\/news.canadamotorjobs.com\/fr\/bmw-veut-continuer-doffrir-plusieurs-solutions-de-mobilite\/"},"wordCount":529,"publisher":{"@id":"https:\/\/news.canadamotorjobs.com\/#organization"},"image":{"@id":"https:\/\/news.canadamotorjobs.com\/fr\/bmw-veut-continuer-doffrir-plusieurs-solutions-de-mobilite\/#primaryimage"},"thumbnailUrl":"https:\/\/news.canadamotorjobs.com\/wp-content\/uploads\/2024\/02\/IMG_7678.jpg","articleSection":["Annuel automobile"],"inLanguage":"fr-CA"},{"@type":"WebPage","@id":"https:\/\/news.canadamotorjobs.com\/fr\/bmw-veut-continuer-doffrir-plusieurs-solutions-de-mobilite\/","url":"https:\/\/news.canadamotorjobs.com\/fr\/bmw-veut-continuer-doffrir-plusieurs-solutions-de-mobilite\/","name":"\u00ab BMW veut continuer d\u2019offrir plusieurs solutions de mobilit\u00e9 \u00bb - CanadaMotorJobs.com","isPartOf":{"@id":"https:\/\/news.canadamotorjobs.com\/#website"},"primaryImageOfPage":{"@id":"https:\/\/news.canadamotorjobs.com\/fr\/bmw-veut-continuer-doffrir-plusieurs-solutions-de-mobilite\/#primaryimage"},"image":{"@id":"https:\/\/news.canadamotorjobs.com\/fr\/bmw-veut-continuer-doffrir-plusieurs-solutions-de-mobilite\/#primaryimage"},"thumbnailUrl":"https:\/\/news.canadamotorjobs.com\/wp-content\/uploads\/2024\/02\/IMG_7678.jpg","datePublished":"2024-02-13T18:26:23+00:00","dateModified":"2024-02-13T20:15:33+00:00","description":"\u00ab BMW veut continuer d\u2019offrir plusieurs solutions de mobilit\u00e9 \u00bb - Benoit Charette - Annuel automobile - CanadaMotorJobs.com.","breadcrumb":{"@id":"https:\/\/news.canadamotorjobs.com\/fr\/bmw-veut-continuer-doffrir-plusieurs-solutions-de-mobilite\/#breadcrumb"},"inLanguage":"fr-CA","potentialAction":[{"@type":"ReadAction","target":["https:\/\/news.canadamotorjobs.com\/fr\/bmw-veut-continuer-doffrir-plusieurs-solutions-de-mobilite\/"]}]},{"@type":"ImageObject","inLanguage":"fr-CA","@id":"https:\/\/news.canadamotorjobs.com\/fr\/bmw-veut-continuer-doffrir-plusieurs-solutions-de-mobilite\/#primaryimage","url":"https:\/\/news.canadamotorjobs.com\/wp-content\/uploads\/2024\/02\/IMG_7678.jpg","contentUrl":"https:\/\/news.canadamotorjobs.com\/wp-content\/uploads\/2024\/02\/IMG_7678.jpg","width":1200,"height":1600},{"@type":"BreadcrumbList","@id":"https:\/\/news.canadamotorjobs.com\/fr\/bmw-veut-continuer-doffrir-plusieurs-solutions-de-mobilite\/#breadcrumb","itemListElement":[{"@type":"ListItem","position":1,"name":"Home","item":"https:\/\/news.canadamotorjobs.com\/fr\/blog\/"},{"@type":"ListItem","position":2,"name":"\u00ab BMW veut continuer d\u2019offrir plusieurs solutions de mobilit\u00e9 \u00bb"}]},{"@type":"WebSite","@id":"https:\/\/news.canadamotorjobs.com\/#website","url":"https:\/\/news.canadamotorjobs.com\/","name":"CanadaMotorJobs.com","description":"Automotive Jobs","publisher":{"@id":"https:\/\/news.canadamotorjobs.com\/#organization"},"potentialAction":[{"@type":"SearchAction","target":{"@type":"EntryPoint","urlTemplate":"https:\/\/news.canadamotorjobs.com\/?s={search_term_string}"},"query-input":"required name=search_term_string"}],"inLanguage":"fr-CA"},{"@type":"Organization","@id":"https:\/\/news.canadamotorjobs.com\/#organization","name":"Canada Motor Jobs","url":"https:\/\/news.canadamotorjobs.com\/","logo":{"@type":"ImageObject","inLanguage":"fr-CA","@id":"https:\/\/news.canadamotorjobs.com\/#\/schema\/logo\/image\/","url":"https:\/\/news.canadamotorjobs.com\/wp-content\/uploads\/2022\/10\/logo-canada-motor-jobs-1.png","contentUrl":"https:\/\/news.canadamotorjobs.com\/wp-content\/uploads\/2022\/10\/logo-canada-motor-jobs-1.png","width":800,"height":400,"caption":"Canada Motor Jobs"},"image":{"@id":"https:\/\/news.canadamotorjobs.com\/#\/schema\/logo\/image\/"},"sameAs":["https:\/\/www.facebook.com\/canadamotorjobs\/","https:\/\/x.com\/canadamotorjobs","https:\/\/www.instagram.com\/canadamotorjobs\/","https:\/\/www.linkedin.com\/company\/canadamotorjobs"]},{"@type":"Person","@id":"https:\/\/news.canadamotorjobs.com\/#\/schema\/person\/51793d1f87d44011d7bcc2ed99269a90","name":"Benoit Charette","image":{"@type":"ImageObject","inLanguage":"fr-CA","@id":"https:\/\/news.canadamotorjobs.com\/#\/schema\/person\/image\/","url":"https:\/\/secure.gravatar.com\/avatar\/45f3d2eebcccd909668d7ce7ea7267b6?s=96&d=mm&r=g","contentUrl":"https:\/\/secure.gravatar.com\/avatar\/45f3d2eebcccd909668d7ce7ea7267b6?s=96&d=mm&r=g","caption":"Benoit Charette"},"description":"Benoit Charette \/ Propri\u00e9taire et r\u00e9dacteur en chef Benoit Charette pratique le journalisme automobile depuis bient\u00f4t 30 ans. Il a fait ses classes au c\u00f4t\u00e9 de Daniel H\u00e9raud et au Carnet de route de 1992 \u00e0 2001. Il est fondateur, copropri\u00e9taire et r\u00e9dacteur en chef de L\u2019Annuel de l\u2019automobile, qu\u2019il publie depuis 2001. Il a anim\u00e9 les \u00e9missions RPM et RPM+ sur V et les L\u00e9gendes de la route sur Historia. \u00c0 la radio depuis 1986, il reprend l\u2019antenne cette ann\u00e9e sur les ondes de Cogeco et participe pour la deuxi\u00e8me ann\u00e9e \u00e0 l\u2019\u00e9mission Passion Auto sur RDS en plus de mettre en ligne le site Web officiel de L\u2019Annuel de l\u2019automobile sur annuelauto.ca.","sameAs":["https:\/\/annuelauto.ca\/"],"url":"https:\/\/news.canadamotorjobs.com\/fr\/author\/benoit-charette\/"}]}},"_links":{"self":[{"href":"https:\/\/news.canadamotorjobs.com\/fr\/wp-json\/wp\/v2\/posts\/158718"}],"collection":[{"href":"https:\/\/news.canadamotorjobs.com\/fr\/wp-json\/wp\/v2\/posts"}],"about":[{"href":"https:\/\/news.canadamotorjobs.com\/fr\/wp-json\/wp\/v2\/types\/post"}],"author":[{"embeddable":true,"href":"https:\/\/news.canadamotorjobs.com\/fr\/wp-json\/wp\/v2\/users\/8"}],"replies":[{"embeddable":true,"href":"https:\/\/news.canadamotorjobs.com\/fr\/wp-json\/wp\/v2\/comments?post=158718"}],"version-history":[{"count":3,"href":"https:\/\/news.canadamotorjobs.com\/fr\/wp-json\/wp\/v2\/posts\/158718\/revisions"}],"predecessor-version":[{"id":158772,"href":"https:\/\/news.canadamotorjobs.com\/fr\/wp-json\/wp\/v2\/posts\/158718\/revisions\/158772"}],"wp:featuredmedia":[{"embeddable":true,"href":"https:\/\/news.canadamotorjobs.com\/fr\/wp-json\/wp\/v2\/media\/158720"}],"wp:attachment":[{"href":"https:\/\/news.canadamotorjobs.com\/fr\/wp-json\/wp\/v2\/media?parent=158718"}],"wp:term":[{"taxonomy":"category","embeddable":true,"href":"https:\/\/news.canadamotorjobs.com\/fr\/wp-json\/wp\/v2\/categories?post=158718"},{"taxonomy":"post_tag","embeddable":true,"href":"https:\/\/news.canadamotorjobs.com\/fr\/wp-json\/wp\/v2\/tags?post=158718"}],"curies":[{"name":"wp","href":"https:\/\/api.w.org\/{rel}","templated":true}]}}