{"id":158687,"date":"2024-02-13T12:14:54","date_gmt":"2024-02-13T17:14:54","guid":{"rendered":"https:\/\/news.canadamotorjobs.com\/?p=158687"},"modified":"2024-02-13T15:16:13","modified_gmt":"2024-02-13T20:16:13","slug":"chrysler-presente-le-concept-halcyon","status":"publish","type":"post","link":"https:\/\/news.canadamotorjobs.com\/fr\/chrysler-presente-le-concept-halcyon\/","title":{"rendered":"Chrysler pr\u00e9sente le concept Halcyon"},"content":{"rendered":"<p>Stellantis comme tous les constructeurs automobiles n\u2019a pas le choix de se r\u00e9inventer \u00e0 cette \u00e8re \u00e9lectrique. Elle pr\u00e9sente aujourd\u2019hui une voiture haut de gamme bas\u00e9e sur la plateforme STLA de Stellantis.<\/p>\n<h3>Huit mod\u00e8les dans les deux prochaines ann\u00e9es<\/h3>\n<p>La Halcyon repose sur la plate-forme STLA Large, qui servira de base \u00e0 huit voitures de production d&#8217;ici 2026, incluant une nouvelle Chrysler pr\u00e9vue pour 2025, bien que sa position exacte n&#8217;ait pas encore \u00e9t\u00e9 confirm\u00e9e.<\/p>\n<h3>Peu d\u2019information \u00e0 ce jour<\/h3>\n<p>Chrysler n&#8217;a pas confirm\u00e9 les sp\u00e9cifications techniques pr\u00e9cises du Halcyon, mais la plate-forme STLA Large est con\u00e7ue pour accueillir des batteries offrant une autonomie de 800 kilom\u00e8tres et des groupes motopropulseurs &#8220;extr\u00eames&#8221; permettant une acc\u00e9l\u00e9ration de 0 \u00e0 100km\/h en aussi peu que 2.0 secondes.<\/p>\n<h3>Un mod\u00e8le phare<\/h3>\n<p>Pour ce mod\u00e8le, les batteries de 800V de la Halcyon, affirmant avoir une empreinte carbone 60% plus faible que les meilleures batteries actuelles, offre la charge par induction sur des &#8220;voies r\u00e9serv\u00e9es sp\u00e9cialement \u00e9quip\u00e9es&#8221;. Cela permet au Halcyon d&#8217;avoir, th\u00e9oriquement, une &#8220;autonomie illimit\u00e9e&#8221;, bien que cette technologie ne soit pas encore en usage commercial.<\/p>\n<h3>Un mod\u00e8le des ambitions de la marque<\/h3>\n<p>La Halcyon vise davantage \u00e0 mettre en valeur les ambitions de design et de durabilit\u00e9 de Chrysler alors qu&#8217;elle vise une gamme enti\u00e8rement \u00e9lectrique d&#8217;ici 2028. Sa silhouette basse et effil\u00e9e est clairement ax\u00e9e sur l&#8217;efficacit\u00e9 a\u00e9rodynamique, accentu\u00e9e par une grande prise d&#8217;air \u00e0 l&#8217;avant pour optimiser le flux d&#8217;air.<\/p>\n<h3>Un style sexy<\/h3>\n<p>Une autre caract\u00e9ristique futuriste est la barre lumineuse DEL enveloppante \u00e0 l&#8217;avant, orn\u00e9e d&#8217;un nouveau logo illumin\u00e9 de Chrysler. La peinture Elemental Silver est con\u00e7ue pour donner l&#8217;illusion esth\u00e9tique que la voiture est enti\u00e8rement construite \u00e0 partir de m\u00e9taux recycl\u00e9s, en \u00e9cho aux ambitions de durabilit\u00e9 de la marque.<\/p>\n<h3>Mat\u00e9riaux durable<\/h3>\n<p>Chrysler souligne que l&#8217;habitacle est constitu\u00e9 \u00e0 95% de mat\u00e9riaux durables, utilisant des CD recycl\u00e9s pour divers \u00e9l\u00e9ments de garniture. La Halcyon pr\u00e9sente \u00e9galement des panneaux de toit vitr\u00e9s \u00e0 charni\u00e8res de type verri\u00e8re pour offrir une exp\u00e9rience immersive et am\u00e9liorer la facilit\u00e9 d&#8217;acc\u00e8s, bien que ces fonctionnalit\u00e9s ne soient probablement pas destin\u00e9es \u00e0 la production.<\/p>\n<h3>Pr\u00eate pour l\u2019autonomie<\/h3>\n<p>D&#8217;autres caract\u00e9ristiques conceptuelles incluent un volant et des p\u00e9dales repliables de style manche \u00e0 balai, ainsi que des si\u00e8ges avant enti\u00e8rement inclinables, faisant allusion aux capacit\u00e9s autonomes des futures Chrysler rendues possibles par la nouvelle architecture logicielle STLA Brain de Stellantis.<\/p>\n<h3>Espace pratique<\/h3>\n<p>En fin de compte, ce syst\u00e8me permettra une fonctionnalit\u00e9 de conduite autonome de niveau quatre. Plus r\u00e9alistes sont l&#8217;\u00e9cran tactile central rotatif de 15,6 pouces, l&#8217;affichage t\u00eate haute en r\u00e9alit\u00e9 augment\u00e9e, la console centrale en verre et la banquette arri\u00e8re rabattable \u00e9lectriquement Stow &#8216;n&#8217; Go activ\u00e9e biom\u00e9triquement, \u00e9voluant \u00e0 partir d&#8217;une caract\u00e9ristique embl\u00e9matique des monospaces Chrysler.<\/p>\n<p>Le texte <a rel=\"nofollow\" href=\"https:\/\/annuelauto.ca\/chrysler-presente-le-concept-halcyon\/\">Chrysler pr\u00e9sente le concept Halcyon<\/a> provient de <a rel=\"nofollow\" href=\"https:\/\/annuelauto.ca\">L&#8217;annuel de l&#8217;automobile &#8211; Actualit\u00e9 automobile<\/a><\/p>\n","protected":false},"excerpt":{"rendered":"<p>Stellantis comme tous les constructeurs automobiles n\u2019a pas le choix de se r\u00e9inventer \u00e0 cette \u00e8re \u00e9lectrique. Elle pr\u00e9sente aujourd\u2019hui une voiture haut de gamme bas\u00e9e sur la plateforme STLA de Stellantis. Huit mod\u00e8les dans les deux prochaines ann\u00e9es La Halcyon repose sur la plate-forme STLA Large, qui servira de base \u00e0 huit voitures de [&hellip;]<\/p>\n","protected":false},"author":8,"featured_media":158689,"comment_status":"closed","ping_status":"closed","sticky":false,"template":"","format":"standard","meta":{"_monsterinsights_skip_tracking":false,"_monsterinsights_sitenote_active":false,"_monsterinsights_sitenote_note":"","_monsterinsights_sitenote_category":0,"footnotes":""},"categories":[101],"tags":[],"yoast_head":"<!-- This site is optimized with the Yoast SEO plugin v23.2 - https:\/\/yoast.com\/wordpress\/plugins\/seo\/ -->\n<title>Chrysler pr\u00e9sente le concept Halcyon - CanadaMotorJobs.com<\/title>\n<meta name=\"description\" content=\"Chrysler pr\u00e9sente le concept Halcyon - Benoit Charette - Annuel automobile - CanadaMotorJobs.com.\" \/>\n<meta name=\"robots\" content=\"index, follow, max-snippet:-1, max-image-preview:large, max-video-preview:-1\" \/>\n<meta property=\"og:locale\" content=\"fr_CA\" \/>\n<meta property=\"og:type\" content=\"article\" \/>\n<meta property=\"og:title\" content=\"Chrysler pr\u00e9sente le concept Halcyon - CanadaMotorJobs.com\" \/>\n<meta property=\"og:description\" content=\"Chrysler pr\u00e9sente le concept Halcyon - Benoit Charette - Annuel automobile - CanadaMotorJobs.com.\" \/>\n<meta property=\"og:url\" content=\"https:\/\/news.canadamotorjobs.com\/fr\/chrysler-presente-le-concept-halcyon\/\" \/>\n<meta property=\"og:site_name\" content=\"CanadaMotorJobs.com\" \/>\n<meta property=\"article:publisher\" content=\"https:\/\/www.facebook.com\/canadamotorjobs\/\" \/>\n<meta property=\"article:published_time\" content=\"2024-02-13T17:14:54+00:00\" \/>\n<meta property=\"article:modified_time\" content=\"2024-02-13T20:16:13+00:00\" \/>\n<meta property=\"og:image\" content=\"https:\/\/news.canadamotorjobs.com\/wp-content\/uploads\/2024\/02\/CN024_004CH-scaled-1.jpg\" \/>\n\t<meta property=\"og:image:width\" content=\"2560\" \/>\n\t<meta property=\"og:image:height\" content=\"1708\" \/>\n\t<meta property=\"og:image:type\" content=\"image\/jpeg\" \/>\n<meta name=\"author\" content=\"Benoit Charette\" \/>\n<meta name=\"twitter:card\" content=\"summary_large_image\" \/>\n<meta name=\"twitter:creator\" content=\"@canadamotorjobs\" \/>\n<meta name=\"twitter:site\" content=\"@canadamotorjobs\" \/>\n<meta name=\"twitter:label1\" content=\"\u00c9crit par\" \/>\n\t<meta name=\"twitter:data1\" content=\"Benoit Charette\" \/>\n<!-- \/ Yoast SEO plugin. -->","yoast_head_json":{"title":"Chrysler pr\u00e9sente le concept Halcyon - CanadaMotorJobs.com","description":"Chrysler pr\u00e9sente le concept Halcyon - Benoit Charette - Annuel automobile - CanadaMotorJobs.com.","robots":{"index":"index","follow":"follow","max-snippet":"max-snippet:-1","max-image-preview":"max-image-preview:large","max-video-preview":"max-video-preview:-1"},"og_locale":"fr_CA","og_type":"article","og_title":"Chrysler pr\u00e9sente le concept Halcyon - CanadaMotorJobs.com","og_description":"Chrysler pr\u00e9sente le concept Halcyon - Benoit Charette - Annuel automobile - CanadaMotorJobs.com.","og_url":"https:\/\/news.canadamotorjobs.com\/fr\/chrysler-presente-le-concept-halcyon\/","og_site_name":"CanadaMotorJobs.com","article_publisher":"https:\/\/www.facebook.com\/canadamotorjobs\/","article_published_time":"2024-02-13T17:14:54+00:00","article_modified_time":"2024-02-13T20:16:13+00:00","og_image":[{"width":2560,"height":1708,"url":"https:\/\/news.canadamotorjobs.com\/wp-content\/uploads\/2024\/02\/CN024_004CH-scaled-1.jpg","type":"image\/jpeg"}],"author":"Benoit Charette","twitter_card":"summary_large_image","twitter_creator":"@canadamotorjobs","twitter_site":"@canadamotorjobs","twitter_misc":{"\u00c9crit par":"Benoit Charette"},"schema":{"@context":"https:\/\/schema.org","@graph":[{"@type":"Article","@id":"https:\/\/news.canadamotorjobs.com\/fr\/chrysler-presente-le-concept-halcyon\/#article","isPartOf":{"@id":"https:\/\/news.canadamotorjobs.com\/fr\/chrysler-presente-le-concept-halcyon\/"},"author":{"name":"Benoit Charette","@id":"https:\/\/news.canadamotorjobs.com\/#\/schema\/person\/51793d1f87d44011d7bcc2ed99269a90"},"headline":"Chrysler pr\u00e9sente le concept Halcyon","datePublished":"2024-02-13T17:14:54+00:00","dateModified":"2024-02-13T20:16:13+00:00","mainEntityOfPage":{"@id":"https:\/\/news.canadamotorjobs.com\/fr\/chrysler-presente-le-concept-halcyon\/"},"wordCount":541,"publisher":{"@id":"https:\/\/news.canadamotorjobs.com\/#organization"},"image":{"@id":"https:\/\/news.canadamotorjobs.com\/fr\/chrysler-presente-le-concept-halcyon\/#primaryimage"},"thumbnailUrl":"https:\/\/news.canadamotorjobs.com\/wp-content\/uploads\/2024\/02\/CN024_004CH-scaled-1.jpg","articleSection":["Annuel automobile"],"inLanguage":"fr-CA"},{"@type":"WebPage","@id":"https:\/\/news.canadamotorjobs.com\/fr\/chrysler-presente-le-concept-halcyon\/","url":"https:\/\/news.canadamotorjobs.com\/fr\/chrysler-presente-le-concept-halcyon\/","name":"Chrysler pr\u00e9sente le concept Halcyon - CanadaMotorJobs.com","isPartOf":{"@id":"https:\/\/news.canadamotorjobs.com\/#website"},"primaryImageOfPage":{"@id":"https:\/\/news.canadamotorjobs.com\/fr\/chrysler-presente-le-concept-halcyon\/#primaryimage"},"image":{"@id":"https:\/\/news.canadamotorjobs.com\/fr\/chrysler-presente-le-concept-halcyon\/#primaryimage"},"thumbnailUrl":"https:\/\/news.canadamotorjobs.com\/wp-content\/uploads\/2024\/02\/CN024_004CH-scaled-1.jpg","datePublished":"2024-02-13T17:14:54+00:00","dateModified":"2024-02-13T20:16:13+00:00","description":"Chrysler pr\u00e9sente le concept Halcyon - Benoit Charette - Annuel automobile - CanadaMotorJobs.com.","breadcrumb":{"@id":"https:\/\/news.canadamotorjobs.com\/fr\/chrysler-presente-le-concept-halcyon\/#breadcrumb"},"inLanguage":"fr-CA","potentialAction":[{"@type":"ReadAction","target":["https:\/\/news.canadamotorjobs.com\/fr\/chrysler-presente-le-concept-halcyon\/"]}]},{"@type":"ImageObject","inLanguage":"fr-CA","@id":"https:\/\/news.canadamotorjobs.com\/fr\/chrysler-presente-le-concept-halcyon\/#primaryimage","url":"https:\/\/news.canadamotorjobs.com\/wp-content\/uploads\/2024\/02\/CN024_004CH-scaled-1.jpg","contentUrl":"https:\/\/news.canadamotorjobs.com\/wp-content\/uploads\/2024\/02\/CN024_004CH-scaled-1.jpg","width":2560,"height":1708},{"@type":"BreadcrumbList","@id":"https:\/\/news.canadamotorjobs.com\/fr\/chrysler-presente-le-concept-halcyon\/#breadcrumb","itemListElement":[{"@type":"ListItem","position":1,"name":"Home","item":"https:\/\/news.canadamotorjobs.com\/fr\/blog\/"},{"@type":"ListItem","position":2,"name":"Chrysler pr\u00e9sente le concept Halcyon"}]},{"@type":"WebSite","@id":"https:\/\/news.canadamotorjobs.com\/#website","url":"https:\/\/news.canadamotorjobs.com\/","name":"CanadaMotorJobs.com","description":"Automotive Jobs","publisher":{"@id":"https:\/\/news.canadamotorjobs.com\/#organization"},"potentialAction":[{"@type":"SearchAction","target":{"@type":"EntryPoint","urlTemplate":"https:\/\/news.canadamotorjobs.com\/?s={search_term_string}"},"query-input":"required name=search_term_string"}],"inLanguage":"fr-CA"},{"@type":"Organization","@id":"https:\/\/news.canadamotorjobs.com\/#organization","name":"Canada Motor Jobs","url":"https:\/\/news.canadamotorjobs.com\/","logo":{"@type":"ImageObject","inLanguage":"fr-CA","@id":"https:\/\/news.canadamotorjobs.com\/#\/schema\/logo\/image\/","url":"https:\/\/news.canadamotorjobs.com\/wp-content\/uploads\/2022\/10\/logo-canada-motor-jobs-1.png","contentUrl":"https:\/\/news.canadamotorjobs.com\/wp-content\/uploads\/2022\/10\/logo-canada-motor-jobs-1.png","width":800,"height":400,"caption":"Canada Motor Jobs"},"image":{"@id":"https:\/\/news.canadamotorjobs.com\/#\/schema\/logo\/image\/"},"sameAs":["https:\/\/www.facebook.com\/canadamotorjobs\/","https:\/\/x.com\/canadamotorjobs","https:\/\/www.instagram.com\/canadamotorjobs\/","https:\/\/www.linkedin.com\/company\/canadamotorjobs"]},{"@type":"Person","@id":"https:\/\/news.canadamotorjobs.com\/#\/schema\/person\/51793d1f87d44011d7bcc2ed99269a90","name":"Benoit Charette","image":{"@type":"ImageObject","inLanguage":"fr-CA","@id":"https:\/\/news.canadamotorjobs.com\/#\/schema\/person\/image\/","url":"https:\/\/secure.gravatar.com\/avatar\/45f3d2eebcccd909668d7ce7ea7267b6?s=96&d=mm&r=g","contentUrl":"https:\/\/secure.gravatar.com\/avatar\/45f3d2eebcccd909668d7ce7ea7267b6?s=96&d=mm&r=g","caption":"Benoit Charette"},"description":"Benoit Charette \/ Propri\u00e9taire et r\u00e9dacteur en chef Benoit Charette pratique le journalisme automobile depuis bient\u00f4t 30 ans. Il a fait ses classes au c\u00f4t\u00e9 de Daniel H\u00e9raud et au Carnet de route de 1992 \u00e0 2001. Il est fondateur, copropri\u00e9taire et r\u00e9dacteur en chef de L\u2019Annuel de l\u2019automobile, qu\u2019il publie depuis 2001. Il a anim\u00e9 les \u00e9missions RPM et RPM+ sur V et les L\u00e9gendes de la route sur Historia. \u00c0 la radio depuis 1986, il reprend l\u2019antenne cette ann\u00e9e sur les ondes de Cogeco et participe pour la deuxi\u00e8me ann\u00e9e \u00e0 l\u2019\u00e9mission Passion Auto sur RDS en plus de mettre en ligne le site Web officiel de L\u2019Annuel de l\u2019automobile sur annuelauto.ca.","sameAs":["https:\/\/annuelauto.ca\/"],"url":"https:\/\/news.canadamotorjobs.com\/fr\/author\/benoit-charette\/"}]}},"_links":{"self":[{"href":"https:\/\/news.canadamotorjobs.com\/fr\/wp-json\/wp\/v2\/posts\/158687"}],"collection":[{"href":"https:\/\/news.canadamotorjobs.com\/fr\/wp-json\/wp\/v2\/posts"}],"about":[{"href":"https:\/\/news.canadamotorjobs.com\/fr\/wp-json\/wp\/v2\/types\/post"}],"author":[{"embeddable":true,"href":"https:\/\/news.canadamotorjobs.com\/fr\/wp-json\/wp\/v2\/users\/8"}],"replies":[{"embeddable":true,"href":"https:\/\/news.canadamotorjobs.com\/fr\/wp-json\/wp\/v2\/comments?post=158687"}],"version-history":[{"count":3,"href":"https:\/\/news.canadamotorjobs.com\/fr\/wp-json\/wp\/v2\/posts\/158687\/revisions"}],"predecessor-version":[{"id":158773,"href":"https:\/\/news.canadamotorjobs.com\/fr\/wp-json\/wp\/v2\/posts\/158687\/revisions\/158773"}],"wp:featuredmedia":[{"embeddable":true,"href":"https:\/\/news.canadamotorjobs.com\/fr\/wp-json\/wp\/v2\/media\/158689"}],"wp:attachment":[{"href":"https:\/\/news.canadamotorjobs.com\/fr\/wp-json\/wp\/v2\/media?parent=158687"}],"wp:term":[{"taxonomy":"category","embeddable":true,"href":"https:\/\/news.canadamotorjobs.com\/fr\/wp-json\/wp\/v2\/categories?post=158687"},{"taxonomy":"post_tag","embeddable":true,"href":"https:\/\/news.canadamotorjobs.com\/fr\/wp-json\/wp\/v2\/tags?post=158687"}],"curies":[{"name":"wp","href":"https:\/\/api.w.org\/{rel}","templated":true}]}}