{"id":158658,"date":"2024-02-12T13:35:08","date_gmt":"2024-02-12T18:35:08","guid":{"rendered":"https:\/\/news.canadamotorjobs.com\/?p=158658"},"modified":"2024-02-13T09:24:25","modified_gmt":"2024-02-13T14:24:25","slug":"la-kia-ev8-electrique-remplacera-la-stinger","status":"publish","type":"post","link":"https:\/\/news.canadamotorjobs.com\/fr\/la-kia-ev8-electrique-remplacera-la-stinger\/","title":{"rendered":"La Kia EV8 \u00e9lectrique remplacera la Stinger"},"content":{"rendered":"<\/p>\n<p>Pr\u00e9vue pour entrer en production en 2026, le successeur de la Kia Stinger, cod\u00e9e GT1, sera bas\u00e9e sur la prochaine plateforme de v\u00e9hicules \u00e9lectriques de la marque. Le groupe Hyundai et Kia continue de d\u00e9voiler de nouveaux mod\u00e8les bas\u00e9s sur leur plateforme e-GMP<\/p>\n<h3>Une plateforme modulaire<\/h3>\n<p>\nCependant, les marques de constructeurs automobiles planifient d\u00e9j\u00e0 leurs v\u00e9hicules de prochaine g\u00e9n\u00e9ration, comme le sugg\u00e8re un calendrier de production divulgu\u00e9. Pour Kia, cela commencera par un successeur haute performance de la Stinger, cod\u00e9 GT1 et appel\u00e9 EV8, bien que le nom n&#8217;ait pas encore \u00e9t\u00e9 confirm\u00e9.<\/p>\n<h3>Une base pour d\u2019autres mod\u00e8les<\/h3>\n<p>\nVers la mi-2023, Hyundai a pr\u00e9sent\u00e9 la plateforme sous le nom de Plateforme Modulaire Int\u00e9gr\u00e9e (IMA), mais dans ces documents, elle est simplement appel\u00e9e la plateforme eM. On pr\u00e9voit qu&#8217;elle fera ses d\u00e9buts avec le nouveau Genesis GV90 en 2025, apr\u00e8s quoi Hyundai et Kia sortiront leurs propres mod\u00e8les bas\u00e9s sur cette architecture. Plusieurs sp\u00e9cifications concernant la plateforme et, en particulier, le remplacement de la Stinger par Kia, ont \u00e9t\u00e9 r\u00e9v\u00e9l\u00e9es gr\u00e2ce \u00e0 un document divulgu\u00e9 trouv\u00e9 par le Korean Car Blog.<\/p>\n<h3>603 chevaux\u00a0 et deux moteurs<\/h3>\n<p>\nIl indique que la voiture aura un groupe motopropulseur \u00e0 deux moteurs pouvant atteindre 603 chevaux. Cela rendrait l&#8217;it\u00e9ration la plus puissante du GT1\/EV8 plus puissante que l&#8217;EV6 GT, qui g\u00e9n\u00e8re 577 chevaux. Entre-temps, d&#8217;autres variantes du GT1 devraient produire entre 215 chevaux et 429 chevaux. Ces moteurs seront aliment\u00e9s en \u00e9lectricit\u00e9 par un bloc-batterie de 113,2 kWh. Pour mettre cela en perspective, le bloc-batterie de l&#8217;EV9 ne mesure que 99,8 kWh.<\/p>\n<h3>De 700 \u00e0 800 km d\u2019autonomie<\/h3>\n<p>\nSelon le document divulgu\u00e9 de Kia, cette configuration devrait permettre au GT1 d&#8217;atteindre une autonomie entre 700-800 km par charge. Cette autonomie se compare avantageusement m\u00eame \u00e0 celle de la Mercedes EQS, qui, avec son bloc-batterie de 107,8 kWh, peut parcourir jusqu&#8217;\u00e0 750 km)par charge selon le cycle d&#8217;essai WLTP. La production du GT1 devrait d\u00e9buter en 2026 \u00e0 l&#8217;usine Hwaseong 3 de Kia. Ce lancement fera partie d&#8217;une offensive de produits plus large du groupe Hyundai, d\u00e9butant avec le Genesis GV90 en 2025 et incluant de nouveaux v\u00e9hicules des marques Kia et Hyundai.<\/p>\n<p>Avec des renseignements de Carscoops<\/p>\n<p>Le texte <a rel=\"nofollow\" href=\"https:\/\/annuelauto.ca\/la-kia-ev8-electrique-remplacera-la-stinger\/\">La Kia EV8 \u00e9lectrique remplacera la Stinger<\/a> provient de <a rel=\"nofollow\" href=\"https:\/\/annuelauto.ca\">L&#8217;annuel de l&#8217;automobile &#8211; Actualit\u00e9 automobile<\/a><\/p>\n<p><\/p>\n","protected":false},"excerpt":{"rendered":"<p>Pr\u00e9vue pour entrer en production en 2026, le successeur de la Kia Stinger, cod\u00e9e GT1, sera bas\u00e9e sur la prochaine plateforme de v\u00e9hicules \u00e9lectriques de la marque. Le groupe Hyundai et Kia continue de d\u00e9voiler de nouveaux mod\u00e8les bas\u00e9s sur leur plateforme e-GMP Une plateforme modulaire Cependant, les marques de constructeurs automobiles planifient d\u00e9j\u00e0 leurs [&hellip;]<\/p>\n","protected":false},"author":8,"featured_media":158660,"comment_status":"closed","ping_status":"closed","sticky":false,"template":"","format":"standard","meta":{"_monsterinsights_skip_tracking":false,"_monsterinsights_sitenote_active":false,"_monsterinsights_sitenote_note":"","_monsterinsights_sitenote_category":0,"footnotes":""},"categories":[101],"tags":[],"yoast_head":"<!-- This site is optimized with the Yoast SEO plugin v23.2 - https:\/\/yoast.com\/wordpress\/plugins\/seo\/ -->\n<title>La Kia EV8 \u00e9lectrique remplacera la Stinger - CanadaMotorJobs.com<\/title>\n<meta name=\"description\" content=\"La Kia EV8 \u00e9lectrique remplacera la Stinger - Benoit Charette - Annuel automobile - CanadaMotorJobs.com.\" \/>\n<meta name=\"robots\" content=\"index, follow, max-snippet:-1, max-image-preview:large, max-video-preview:-1\" \/>\n<meta property=\"og:locale\" content=\"fr_CA\" \/>\n<meta property=\"og:type\" content=\"article\" \/>\n<meta property=\"og:title\" content=\"La Kia EV8 \u00e9lectrique remplacera la Stinger - CanadaMotorJobs.com\" \/>\n<meta property=\"og:description\" content=\"La Kia EV8 \u00e9lectrique remplacera la Stinger - Benoit Charette - Annuel automobile - CanadaMotorJobs.com.\" \/>\n<meta property=\"og:url\" content=\"https:\/\/news.canadamotorjobs.com\/fr\/la-kia-ev8-electrique-remplacera-la-stinger\/\" \/>\n<meta property=\"og:site_name\" content=\"CanadaMotorJobs.com\" \/>\n<meta property=\"article:publisher\" content=\"https:\/\/www.facebook.com\/canadamotorjobs\/\" \/>\n<meta property=\"article:published_time\" content=\"2024-02-12T18:35:08+00:00\" \/>\n<meta property=\"article:modified_time\" content=\"2024-02-13T14:24:25+00:00\" \/>\n<meta property=\"og:image\" content=\"https:\/\/news.canadamotorjobs.com\/wp-content\/uploads\/2024\/02\/2025-Kia-Stinger-EV-F-Grey-Carscoops.jpg\" \/>\n\t<meta property=\"og:image:width\" content=\"1921\" \/>\n\t<meta property=\"og:image:height\" content=\"1358\" \/>\n\t<meta property=\"og:image:type\" content=\"image\/jpeg\" \/>\n<meta name=\"author\" content=\"Benoit Charette\" \/>\n<meta name=\"twitter:card\" content=\"summary_large_image\" \/>\n<meta name=\"twitter:creator\" content=\"@canadamotorjobs\" \/>\n<meta name=\"twitter:site\" content=\"@canadamotorjobs\" \/>\n<meta name=\"twitter:label1\" content=\"\u00c9crit par\" \/>\n\t<meta name=\"twitter:data1\" content=\"Benoit Charette\" \/>\n\t<meta name=\"twitter:label2\" content=\"Estimation du temps de lecture\" \/>\n\t<meta name=\"twitter:data2\" content=\"2 minutes\" \/>\n<!-- \/ Yoast SEO plugin. -->","yoast_head_json":{"title":"La Kia EV8 \u00e9lectrique remplacera la Stinger - CanadaMotorJobs.com","description":"La Kia EV8 \u00e9lectrique remplacera la Stinger - Benoit Charette - Annuel automobile - CanadaMotorJobs.com.","robots":{"index":"index","follow":"follow","max-snippet":"max-snippet:-1","max-image-preview":"max-image-preview:large","max-video-preview":"max-video-preview:-1"},"og_locale":"fr_CA","og_type":"article","og_title":"La Kia EV8 \u00e9lectrique remplacera la Stinger - CanadaMotorJobs.com","og_description":"La Kia EV8 \u00e9lectrique remplacera la Stinger - Benoit Charette - Annuel automobile - CanadaMotorJobs.com.","og_url":"https:\/\/news.canadamotorjobs.com\/fr\/la-kia-ev8-electrique-remplacera-la-stinger\/","og_site_name":"CanadaMotorJobs.com","article_publisher":"https:\/\/www.facebook.com\/canadamotorjobs\/","article_published_time":"2024-02-12T18:35:08+00:00","article_modified_time":"2024-02-13T14:24:25+00:00","og_image":[{"width":1921,"height":1358,"url":"https:\/\/news.canadamotorjobs.com\/wp-content\/uploads\/2024\/02\/2025-Kia-Stinger-EV-F-Grey-Carscoops.jpg","type":"image\/jpeg"}],"author":"Benoit Charette","twitter_card":"summary_large_image","twitter_creator":"@canadamotorjobs","twitter_site":"@canadamotorjobs","twitter_misc":{"\u00c9crit par":"Benoit Charette","Estimation du temps de lecture":"2 minutes"},"schema":{"@context":"https:\/\/schema.org","@graph":[{"@type":"Article","@id":"https:\/\/news.canadamotorjobs.com\/fr\/la-kia-ev8-electrique-remplacera-la-stinger\/#article","isPartOf":{"@id":"https:\/\/news.canadamotorjobs.com\/fr\/la-kia-ev8-electrique-remplacera-la-stinger\/"},"author":{"name":"Benoit Charette","@id":"https:\/\/news.canadamotorjobs.com\/#\/schema\/person\/51793d1f87d44011d7bcc2ed99269a90"},"headline":"La Kia EV8 \u00e9lectrique remplacera la Stinger","datePublished":"2024-02-12T18:35:08+00:00","dateModified":"2024-02-13T14:24:25+00:00","mainEntityOfPage":{"@id":"https:\/\/news.canadamotorjobs.com\/fr\/la-kia-ev8-electrique-remplacera-la-stinger\/"},"wordCount":415,"publisher":{"@id":"https:\/\/news.canadamotorjobs.com\/#organization"},"image":{"@id":"https:\/\/news.canadamotorjobs.com\/fr\/la-kia-ev8-electrique-remplacera-la-stinger\/#primaryimage"},"thumbnailUrl":"https:\/\/news.canadamotorjobs.com\/wp-content\/uploads\/2024\/02\/2025-Kia-Stinger-EV-F-Grey-Carscoops.jpg","articleSection":["Annuel automobile"],"inLanguage":"fr-CA"},{"@type":"WebPage","@id":"https:\/\/news.canadamotorjobs.com\/fr\/la-kia-ev8-electrique-remplacera-la-stinger\/","url":"https:\/\/news.canadamotorjobs.com\/fr\/la-kia-ev8-electrique-remplacera-la-stinger\/","name":"La Kia EV8 \u00e9lectrique remplacera la Stinger - CanadaMotorJobs.com","isPartOf":{"@id":"https:\/\/news.canadamotorjobs.com\/#website"},"primaryImageOfPage":{"@id":"https:\/\/news.canadamotorjobs.com\/fr\/la-kia-ev8-electrique-remplacera-la-stinger\/#primaryimage"},"image":{"@id":"https:\/\/news.canadamotorjobs.com\/fr\/la-kia-ev8-electrique-remplacera-la-stinger\/#primaryimage"},"thumbnailUrl":"https:\/\/news.canadamotorjobs.com\/wp-content\/uploads\/2024\/02\/2025-Kia-Stinger-EV-F-Grey-Carscoops.jpg","datePublished":"2024-02-12T18:35:08+00:00","dateModified":"2024-02-13T14:24:25+00:00","description":"La Kia EV8 \u00e9lectrique remplacera la Stinger - Benoit Charette - Annuel automobile - CanadaMotorJobs.com.","breadcrumb":{"@id":"https:\/\/news.canadamotorjobs.com\/fr\/la-kia-ev8-electrique-remplacera-la-stinger\/#breadcrumb"},"inLanguage":"fr-CA","potentialAction":[{"@type":"ReadAction","target":["https:\/\/news.canadamotorjobs.com\/fr\/la-kia-ev8-electrique-remplacera-la-stinger\/"]}]},{"@type":"ImageObject","inLanguage":"fr-CA","@id":"https:\/\/news.canadamotorjobs.com\/fr\/la-kia-ev8-electrique-remplacera-la-stinger\/#primaryimage","url":"https:\/\/news.canadamotorjobs.com\/wp-content\/uploads\/2024\/02\/2025-Kia-Stinger-EV-F-Grey-Carscoops.jpg","contentUrl":"https:\/\/news.canadamotorjobs.com\/wp-content\/uploads\/2024\/02\/2025-Kia-Stinger-EV-F-Grey-Carscoops.jpg","width":1921,"height":1358},{"@type":"BreadcrumbList","@id":"https:\/\/news.canadamotorjobs.com\/fr\/la-kia-ev8-electrique-remplacera-la-stinger\/#breadcrumb","itemListElement":[{"@type":"ListItem","position":1,"name":"Home","item":"https:\/\/news.canadamotorjobs.com\/fr\/blog\/"},{"@type":"ListItem","position":2,"name":"La Kia EV8 \u00e9lectrique remplacera la Stinger"}]},{"@type":"WebSite","@id":"https:\/\/news.canadamotorjobs.com\/#website","url":"https:\/\/news.canadamotorjobs.com\/","name":"CanadaMotorJobs.com","description":"Automotive Jobs","publisher":{"@id":"https:\/\/news.canadamotorjobs.com\/#organization"},"potentialAction":[{"@type":"SearchAction","target":{"@type":"EntryPoint","urlTemplate":"https:\/\/news.canadamotorjobs.com\/?s={search_term_string}"},"query-input":"required name=search_term_string"}],"inLanguage":"fr-CA"},{"@type":"Organization","@id":"https:\/\/news.canadamotorjobs.com\/#organization","name":"Canada Motor Jobs","url":"https:\/\/news.canadamotorjobs.com\/","logo":{"@type":"ImageObject","inLanguage":"fr-CA","@id":"https:\/\/news.canadamotorjobs.com\/#\/schema\/logo\/image\/","url":"https:\/\/news.canadamotorjobs.com\/wp-content\/uploads\/2022\/10\/logo-canada-motor-jobs-1.png","contentUrl":"https:\/\/news.canadamotorjobs.com\/wp-content\/uploads\/2022\/10\/logo-canada-motor-jobs-1.png","width":800,"height":400,"caption":"Canada Motor Jobs"},"image":{"@id":"https:\/\/news.canadamotorjobs.com\/#\/schema\/logo\/image\/"},"sameAs":["https:\/\/www.facebook.com\/canadamotorjobs\/","https:\/\/x.com\/canadamotorjobs","https:\/\/www.instagram.com\/canadamotorjobs\/","https:\/\/www.linkedin.com\/company\/canadamotorjobs"]},{"@type":"Person","@id":"https:\/\/news.canadamotorjobs.com\/#\/schema\/person\/51793d1f87d44011d7bcc2ed99269a90","name":"Benoit Charette","image":{"@type":"ImageObject","inLanguage":"fr-CA","@id":"https:\/\/news.canadamotorjobs.com\/#\/schema\/person\/image\/","url":"https:\/\/secure.gravatar.com\/avatar\/45f3d2eebcccd909668d7ce7ea7267b6?s=96&d=mm&r=g","contentUrl":"https:\/\/secure.gravatar.com\/avatar\/45f3d2eebcccd909668d7ce7ea7267b6?s=96&d=mm&r=g","caption":"Benoit Charette"},"description":"Benoit Charette \/ Propri\u00e9taire et r\u00e9dacteur en chef Benoit Charette pratique le journalisme automobile depuis bient\u00f4t 30 ans. Il a fait ses classes au c\u00f4t\u00e9 de Daniel H\u00e9raud et au Carnet de route de 1992 \u00e0 2001. Il est fondateur, copropri\u00e9taire et r\u00e9dacteur en chef de L\u2019Annuel de l\u2019automobile, qu\u2019il publie depuis 2001. Il a anim\u00e9 les \u00e9missions RPM et RPM+ sur V et les L\u00e9gendes de la route sur Historia. \u00c0 la radio depuis 1986, il reprend l\u2019antenne cette ann\u00e9e sur les ondes de Cogeco et participe pour la deuxi\u00e8me ann\u00e9e \u00e0 l\u2019\u00e9mission Passion Auto sur RDS en plus de mettre en ligne le site Web officiel de L\u2019Annuel de l\u2019automobile sur annuelauto.ca.","sameAs":["https:\/\/annuelauto.ca\/"],"url":"https:\/\/news.canadamotorjobs.com\/fr\/author\/benoit-charette\/"}]}},"_links":{"self":[{"href":"https:\/\/news.canadamotorjobs.com\/fr\/wp-json\/wp\/v2\/posts\/158658"}],"collection":[{"href":"https:\/\/news.canadamotorjobs.com\/fr\/wp-json\/wp\/v2\/posts"}],"about":[{"href":"https:\/\/news.canadamotorjobs.com\/fr\/wp-json\/wp\/v2\/types\/post"}],"author":[{"embeddable":true,"href":"https:\/\/news.canadamotorjobs.com\/fr\/wp-json\/wp\/v2\/users\/8"}],"replies":[{"embeddable":true,"href":"https:\/\/news.canadamotorjobs.com\/fr\/wp-json\/wp\/v2\/comments?post=158658"}],"version-history":[{"count":2,"href":"https:\/\/news.canadamotorjobs.com\/fr\/wp-json\/wp\/v2\/posts\/158658\/revisions"}],"predecessor-version":[{"id":158662,"href":"https:\/\/news.canadamotorjobs.com\/fr\/wp-json\/wp\/v2\/posts\/158658\/revisions\/158662"}],"wp:featuredmedia":[{"embeddable":true,"href":"https:\/\/news.canadamotorjobs.com\/fr\/wp-json\/wp\/v2\/media\/158660"}],"wp:attachment":[{"href":"https:\/\/news.canadamotorjobs.com\/fr\/wp-json\/wp\/v2\/media?parent=158658"}],"wp:term":[{"taxonomy":"category","embeddable":true,"href":"https:\/\/news.canadamotorjobs.com\/fr\/wp-json\/wp\/v2\/categories?post=158658"},{"taxonomy":"post_tag","embeddable":true,"href":"https:\/\/news.canadamotorjobs.com\/fr\/wp-json\/wp\/v2\/tags?post=158658"}],"curies":[{"name":"wp","href":"https:\/\/api.w.org\/{rel}","templated":true}]}}