{"id":158627,"date":"2024-02-12T12:58:48","date_gmt":"2024-02-12T17:58:48","guid":{"rendered":"https:\/\/news.canadamotorjobs.com\/?p=158627"},"modified":"2024-02-13T09:23:58","modified_gmt":"2024-02-13T14:23:58","slug":"hyundai-prepare-deux-pick-ups-electrique","status":"publish","type":"post","link":"https:\/\/news.canadamotorjobs.com\/fr\/hyundai-prepare-deux-pick-ups-electrique\/","title":{"rendered":"Hyundai pr\u00e9pare deux pick-ups \u00e9lectrique"},"content":{"rendered":"<\/p>\n<p>Hyundai pourrait nommer son futur camion \u00e9lectrique Ioniq T10, selon une r\u00e9cente demande de marque d\u00e9pos\u00e9e en Australie. La demande, enregistr\u00e9e le 27 d\u00e9cembre 2023, englobe diverses applications automobiles, dont &#8220;voitures,&#8221; &#8220;voitures \u00e9lectriques,&#8221; et &#8220;pi\u00e8ces et accessoires pour automobiles.&#8221; La pr\u00e9sence du terme &#8216;Ioniq&#8217; indique que le v\u00e9hicule suivra la strat\u00e9gie de branding des v\u00e9hicules \u00e9lectriques de Hyundai, similaire \u00e0 ses mod\u00e8les existants Ioniq.<\/p>\n<p>On suppose que le chiffre &#8217;10&#8217; sugg\u00e8re que le camion sera positionn\u00e9, au moins en termes de taille, au sommet de la gamme de v\u00e9hicules \u00e9lectriques de la marque, se situant au-dessus du futur Ioniq 7, la version de Hyundai du SUV Kia EV9.<\/p>\n<p>Bien que la demande de marque ait \u00e9t\u00e9 d\u00e9pos\u00e9e en Australie, il est pr\u00e9vu que ce march\u00e9 ne soit pas le principal pour le v\u00e9hicule. On s&#8217;attend \u00e0 ce que le camion soit \u00e9galement disponible en Am\u00e9rique du Nord, bien qu&#8217;il ne soit pas clair s&#8217;il sera de la taille des mod\u00e8les pleine grandeur tels que le Ford F-150 et le GMC Sierra, ou s&#8217;il sera plus petit, similaire aux camions de taille moyenne comme le Chevy Colorado.<\/p>\n<p>Peu d&#8217;informations sont disponibles sur le camion pour le moment. On peut raisonnablement supposer que son design sera tout aussi remarquable que celui des mod\u00e8les Ioniq 5 et Ioniq 6. Il partagera probablement ses composants m\u00e9caniques avec d&#8217;autres v\u00e9hicules \u00e9lectriques de Hyundai, y compris les moteurs \u00e9lectriques et le pack de batteries. Il est probable qu&#8217;il soit propos\u00e9 en version \u00e0 double moteur avec traction int\u00e9grale, bien qu&#8217;une version \u00e0 simple moteur et propulsion arri\u00e8re soit \u00e9galement possible.<\/p>\n<p>Hyundai semble \u00e9galement travailler sur un deuxi\u00e8me camion \u00e9lectrique, en d\u00e9posant une demande de marque distincte pour le nom Ioniq T7. Ce mod\u00e8le pourrait \u00eatre plus petit que le Ioniq T10 et peut-\u00eatre de taille similaire au Santa Cruz, voire un peu plus grand. Selon les rapports actuels, Hyundai pourrait \u00eatre pr\u00eat \u00e0 lancer le nouveau mod\u00e8le en 2025 ou 2026. Kia serait \u00e9galement en train de d\u00e9velopper un camion diesel appel\u00e9 &#8216;Tasman&#8217;, qui pourrait \u00e9ventuellement donner naissance \u00e0 une version enti\u00e8rement \u00e9lectrique.<\/p>\n<p>Avec des renseignements de Carscoops<\/p>\n<p>\u00a0<\/p>\n<p>Le texte <a rel=\"nofollow\" href=\"https:\/\/annuelauto.ca\/hyundai-prepare-deux-pick-ups-electrique\/\">Hyundai pr\u00e9pare deux pick-ups \u00e9lectrique<\/a> provient de <a rel=\"nofollow\" href=\"https:\/\/annuelauto.ca\">L&#8217;annuel de l&#8217;automobile &#8211; Actualit\u00e9 automobile<\/a><\/p>\n<p><\/p>\n","protected":false},"excerpt":{"rendered":"<p>Hyundai pourrait nommer son futur camion \u00e9lectrique Ioniq T10, selon une r\u00e9cente demande de marque d\u00e9pos\u00e9e en Australie. La demande, enregistr\u00e9e le 27 d\u00e9cembre 2023, englobe diverses applications automobiles, dont &#8220;voitures,&#8221; &#8220;voitures \u00e9lectriques,&#8221; et &#8220;pi\u00e8ces et accessoires pour automobiles.&#8221; La pr\u00e9sence du terme &#8216;Ioniq&#8217; indique que le v\u00e9hicule suivra la strat\u00e9gie de branding des v\u00e9hicules [&hellip;]<\/p>\n","protected":false},"author":8,"featured_media":158629,"comment_status":"closed","ping_status":"closed","sticky":false,"template":"","format":"standard","meta":{"_monsterinsights_skip_tracking":false,"_monsterinsights_sitenote_active":false,"_monsterinsights_sitenote_note":"","_monsterinsights_sitenote_category":0,"footnotes":""},"categories":[101],"tags":[],"yoast_head":"<!-- This site is optimized with the Yoast SEO plugin v23.2 - https:\/\/yoast.com\/wordpress\/plugins\/seo\/ -->\n<title>Hyundai pr\u00e9pare deux pick-ups \u00e9lectrique - CanadaMotorJobs.com<\/title>\n<meta name=\"description\" content=\"Hyundai pr\u00e9pare deux pick-ups \u00e9lectrique - Benoit Charette - Annuel automobile - CanadaMotorJobs.com.\" \/>\n<meta name=\"robots\" content=\"index, follow, max-snippet:-1, max-image-preview:large, max-video-preview:-1\" \/>\n<meta property=\"og:locale\" content=\"fr_CA\" \/>\n<meta property=\"og:type\" content=\"article\" \/>\n<meta property=\"og:title\" content=\"Hyundai pr\u00e9pare deux pick-ups \u00e9lectrique - CanadaMotorJobs.com\" \/>\n<meta property=\"og:description\" content=\"Hyundai pr\u00e9pare deux pick-ups \u00e9lectrique - Benoit Charette - Annuel automobile - CanadaMotorJobs.com.\" \/>\n<meta property=\"og:url\" content=\"https:\/\/news.canadamotorjobs.com\/fr\/hyundai-prepare-deux-pick-ups-electrique\/\" \/>\n<meta property=\"og:site_name\" content=\"CanadaMotorJobs.com\" \/>\n<meta property=\"article:publisher\" content=\"https:\/\/www.facebook.com\/canadamotorjobs\/\" \/>\n<meta property=\"article:published_time\" content=\"2024-02-12T17:58:48+00:00\" \/>\n<meta property=\"article:modified_time\" content=\"2024-02-13T14:23:58+00:00\" \/>\n<meta property=\"og:image\" content=\"https:\/\/news.canadamotorjobs.com\/wp-content\/uploads\/2024\/02\/2028-Hyundai-Ioniq-T10-Carscoops-3.jpg\" \/>\n\t<meta property=\"og:image:width\" content=\"2250\" \/>\n\t<meta property=\"og:image:height\" content=\"1266\" \/>\n\t<meta property=\"og:image:type\" content=\"image\/jpeg\" \/>\n<meta name=\"author\" content=\"Benoit Charette\" \/>\n<meta name=\"twitter:card\" content=\"summary_large_image\" \/>\n<meta name=\"twitter:creator\" content=\"@canadamotorjobs\" \/>\n<meta name=\"twitter:site\" content=\"@canadamotorjobs\" \/>\n<meta name=\"twitter:label1\" content=\"\u00c9crit par\" \/>\n\t<meta name=\"twitter:data1\" content=\"Benoit Charette\" \/>\n\t<meta name=\"twitter:label2\" content=\"Estimation du temps de lecture\" \/>\n\t<meta name=\"twitter:data2\" content=\"2 minutes\" \/>\n<!-- \/ Yoast SEO plugin. -->","yoast_head_json":{"title":"Hyundai pr\u00e9pare deux pick-ups \u00e9lectrique - CanadaMotorJobs.com","description":"Hyundai pr\u00e9pare deux pick-ups \u00e9lectrique - Benoit Charette - Annuel automobile - CanadaMotorJobs.com.","robots":{"index":"index","follow":"follow","max-snippet":"max-snippet:-1","max-image-preview":"max-image-preview:large","max-video-preview":"max-video-preview:-1"},"og_locale":"fr_CA","og_type":"article","og_title":"Hyundai pr\u00e9pare deux pick-ups \u00e9lectrique - CanadaMotorJobs.com","og_description":"Hyundai pr\u00e9pare deux pick-ups \u00e9lectrique - Benoit Charette - Annuel automobile - CanadaMotorJobs.com.","og_url":"https:\/\/news.canadamotorjobs.com\/fr\/hyundai-prepare-deux-pick-ups-electrique\/","og_site_name":"CanadaMotorJobs.com","article_publisher":"https:\/\/www.facebook.com\/canadamotorjobs\/","article_published_time":"2024-02-12T17:58:48+00:00","article_modified_time":"2024-02-13T14:23:58+00:00","og_image":[{"width":2250,"height":1266,"url":"https:\/\/news.canadamotorjobs.com\/wp-content\/uploads\/2024\/02\/2028-Hyundai-Ioniq-T10-Carscoops-3.jpg","type":"image\/jpeg"}],"author":"Benoit Charette","twitter_card":"summary_large_image","twitter_creator":"@canadamotorjobs","twitter_site":"@canadamotorjobs","twitter_misc":{"\u00c9crit par":"Benoit Charette","Estimation du temps de lecture":"2 minutes"},"schema":{"@context":"https:\/\/schema.org","@graph":[{"@type":"Article","@id":"https:\/\/news.canadamotorjobs.com\/fr\/hyundai-prepare-deux-pick-ups-electrique\/#article","isPartOf":{"@id":"https:\/\/news.canadamotorjobs.com\/fr\/hyundai-prepare-deux-pick-ups-electrique\/"},"author":{"name":"Benoit Charette","@id":"https:\/\/news.canadamotorjobs.com\/#\/schema\/person\/51793d1f87d44011d7bcc2ed99269a90"},"headline":"Hyundai pr\u00e9pare deux pick-ups \u00e9lectrique","datePublished":"2024-02-12T17:58:48+00:00","dateModified":"2024-02-13T14:23:58+00:00","mainEntityOfPage":{"@id":"https:\/\/news.canadamotorjobs.com\/fr\/hyundai-prepare-deux-pick-ups-electrique\/"},"wordCount":402,"publisher":{"@id":"https:\/\/news.canadamotorjobs.com\/#organization"},"image":{"@id":"https:\/\/news.canadamotorjobs.com\/fr\/hyundai-prepare-deux-pick-ups-electrique\/#primaryimage"},"thumbnailUrl":"https:\/\/news.canadamotorjobs.com\/wp-content\/uploads\/2024\/02\/2028-Hyundai-Ioniq-T10-Carscoops-3.jpg","articleSection":["Annuel automobile"],"inLanguage":"fr-CA"},{"@type":"WebPage","@id":"https:\/\/news.canadamotorjobs.com\/fr\/hyundai-prepare-deux-pick-ups-electrique\/","url":"https:\/\/news.canadamotorjobs.com\/fr\/hyundai-prepare-deux-pick-ups-electrique\/","name":"Hyundai pr\u00e9pare deux pick-ups \u00e9lectrique - CanadaMotorJobs.com","isPartOf":{"@id":"https:\/\/news.canadamotorjobs.com\/#website"},"primaryImageOfPage":{"@id":"https:\/\/news.canadamotorjobs.com\/fr\/hyundai-prepare-deux-pick-ups-electrique\/#primaryimage"},"image":{"@id":"https:\/\/news.canadamotorjobs.com\/fr\/hyundai-prepare-deux-pick-ups-electrique\/#primaryimage"},"thumbnailUrl":"https:\/\/news.canadamotorjobs.com\/wp-content\/uploads\/2024\/02\/2028-Hyundai-Ioniq-T10-Carscoops-3.jpg","datePublished":"2024-02-12T17:58:48+00:00","dateModified":"2024-02-13T14:23:58+00:00","description":"Hyundai pr\u00e9pare deux pick-ups \u00e9lectrique - Benoit Charette - Annuel automobile - CanadaMotorJobs.com.","breadcrumb":{"@id":"https:\/\/news.canadamotorjobs.com\/fr\/hyundai-prepare-deux-pick-ups-electrique\/#breadcrumb"},"inLanguage":"fr-CA","potentialAction":[{"@type":"ReadAction","target":["https:\/\/news.canadamotorjobs.com\/fr\/hyundai-prepare-deux-pick-ups-electrique\/"]}]},{"@type":"ImageObject","inLanguage":"fr-CA","@id":"https:\/\/news.canadamotorjobs.com\/fr\/hyundai-prepare-deux-pick-ups-electrique\/#primaryimage","url":"https:\/\/news.canadamotorjobs.com\/wp-content\/uploads\/2024\/02\/2028-Hyundai-Ioniq-T10-Carscoops-3.jpg","contentUrl":"https:\/\/news.canadamotorjobs.com\/wp-content\/uploads\/2024\/02\/2028-Hyundai-Ioniq-T10-Carscoops-3.jpg","width":2250,"height":1266},{"@type":"BreadcrumbList","@id":"https:\/\/news.canadamotorjobs.com\/fr\/hyundai-prepare-deux-pick-ups-electrique\/#breadcrumb","itemListElement":[{"@type":"ListItem","position":1,"name":"Home","item":"https:\/\/news.canadamotorjobs.com\/fr\/blog\/"},{"@type":"ListItem","position":2,"name":"Hyundai pr\u00e9pare deux pick-ups \u00e9lectrique"}]},{"@type":"WebSite","@id":"https:\/\/news.canadamotorjobs.com\/#website","url":"https:\/\/news.canadamotorjobs.com\/","name":"CanadaMotorJobs.com","description":"Automotive Jobs","publisher":{"@id":"https:\/\/news.canadamotorjobs.com\/#organization"},"potentialAction":[{"@type":"SearchAction","target":{"@type":"EntryPoint","urlTemplate":"https:\/\/news.canadamotorjobs.com\/?s={search_term_string}"},"query-input":"required name=search_term_string"}],"inLanguage":"fr-CA"},{"@type":"Organization","@id":"https:\/\/news.canadamotorjobs.com\/#organization","name":"Canada Motor Jobs","url":"https:\/\/news.canadamotorjobs.com\/","logo":{"@type":"ImageObject","inLanguage":"fr-CA","@id":"https:\/\/news.canadamotorjobs.com\/#\/schema\/logo\/image\/","url":"https:\/\/news.canadamotorjobs.com\/wp-content\/uploads\/2022\/10\/logo-canada-motor-jobs-1.png","contentUrl":"https:\/\/news.canadamotorjobs.com\/wp-content\/uploads\/2022\/10\/logo-canada-motor-jobs-1.png","width":800,"height":400,"caption":"Canada Motor Jobs"},"image":{"@id":"https:\/\/news.canadamotorjobs.com\/#\/schema\/logo\/image\/"},"sameAs":["https:\/\/www.facebook.com\/canadamotorjobs\/","https:\/\/x.com\/canadamotorjobs","https:\/\/www.instagram.com\/canadamotorjobs\/","https:\/\/www.linkedin.com\/company\/canadamotorjobs"]},{"@type":"Person","@id":"https:\/\/news.canadamotorjobs.com\/#\/schema\/person\/51793d1f87d44011d7bcc2ed99269a90","name":"Benoit Charette","image":{"@type":"ImageObject","inLanguage":"fr-CA","@id":"https:\/\/news.canadamotorjobs.com\/#\/schema\/person\/image\/","url":"https:\/\/secure.gravatar.com\/avatar\/45f3d2eebcccd909668d7ce7ea7267b6?s=96&d=mm&r=g","contentUrl":"https:\/\/secure.gravatar.com\/avatar\/45f3d2eebcccd909668d7ce7ea7267b6?s=96&d=mm&r=g","caption":"Benoit Charette"},"description":"Benoit Charette \/ Propri\u00e9taire et r\u00e9dacteur en chef Benoit Charette pratique le journalisme automobile depuis bient\u00f4t 30 ans. Il a fait ses classes au c\u00f4t\u00e9 de Daniel H\u00e9raud et au Carnet de route de 1992 \u00e0 2001. Il est fondateur, copropri\u00e9taire et r\u00e9dacteur en chef de L\u2019Annuel de l\u2019automobile, qu\u2019il publie depuis 2001. Il a anim\u00e9 les \u00e9missions RPM et RPM+ sur V et les L\u00e9gendes de la route sur Historia. \u00c0 la radio depuis 1986, il reprend l\u2019antenne cette ann\u00e9e sur les ondes de Cogeco et participe pour la deuxi\u00e8me ann\u00e9e \u00e0 l\u2019\u00e9mission Passion Auto sur RDS en plus de mettre en ligne le site Web officiel de L\u2019Annuel de l\u2019automobile sur annuelauto.ca.","sameAs":["https:\/\/annuelauto.ca\/"],"url":"https:\/\/news.canadamotorjobs.com\/fr\/author\/benoit-charette\/"}]}},"_links":{"self":[{"href":"https:\/\/news.canadamotorjobs.com\/fr\/wp-json\/wp\/v2\/posts\/158627"}],"collection":[{"href":"https:\/\/news.canadamotorjobs.com\/fr\/wp-json\/wp\/v2\/posts"}],"about":[{"href":"https:\/\/news.canadamotorjobs.com\/fr\/wp-json\/wp\/v2\/types\/post"}],"author":[{"embeddable":true,"href":"https:\/\/news.canadamotorjobs.com\/fr\/wp-json\/wp\/v2\/users\/8"}],"replies":[{"embeddable":true,"href":"https:\/\/news.canadamotorjobs.com\/fr\/wp-json\/wp\/v2\/comments?post=158627"}],"version-history":[{"count":2,"href":"https:\/\/news.canadamotorjobs.com\/fr\/wp-json\/wp\/v2\/posts\/158627\/revisions"}],"predecessor-version":[{"id":158631,"href":"https:\/\/news.canadamotorjobs.com\/fr\/wp-json\/wp\/v2\/posts\/158627\/revisions\/158631"}],"wp:featuredmedia":[{"embeddable":true,"href":"https:\/\/news.canadamotorjobs.com\/fr\/wp-json\/wp\/v2\/media\/158629"}],"wp:attachment":[{"href":"https:\/\/news.canadamotorjobs.com\/fr\/wp-json\/wp\/v2\/media?parent=158627"}],"wp:term":[{"taxonomy":"category","embeddable":true,"href":"https:\/\/news.canadamotorjobs.com\/fr\/wp-json\/wp\/v2\/categories?post=158627"},{"taxonomy":"post_tag","embeddable":true,"href":"https:\/\/news.canadamotorjobs.com\/fr\/wp-json\/wp\/v2\/tags?post=158627"}],"curies":[{"name":"wp","href":"https:\/\/api.w.org\/{rel}","templated":true}]}}