{"id":158489,"date":"2024-02-09T12:08:53","date_gmt":"2024-02-09T17:08:53","guid":{"rendered":"https:\/\/news.canadamotorjobs.com\/?p=158489"},"modified":"2024-02-13T09:24:58","modified_gmt":"2024-02-13T14:24:58","slug":"volkswagen-revient-au-superbowl","status":"publish","type":"post","link":"https:\/\/news.canadamotorjobs.com\/fr\/volkswagen-revient-au-superbowl\/","title":{"rendered":"Volkswagen revient au Superbowl"},"content":{"rendered":"<\/p>\n<p>Volkswagen fait son retour dans les publicit\u00e9s du Super Bowl apr\u00e8s une absence de dix ans avec un commercial nostalgique intitul\u00e9 &#8220;Une histoire d&#8217;amour am\u00e9ricaine&#8221;. Pr\u00e9vu pour \u00eatre diffus\u00e9 pendant le Super Bowl LVIII le dimanche 11 f\u00e9vrier, la publicit\u00e9 c\u00e9l\u00e8bre le 75e anniversaire de Volkswagen sur le march\u00e9 am\u00e9ricain, retra\u00e7ant le parcours de la marque depuis ses d\u00e9buts modestes avec l&#8217;embl\u00e9matique Coccinelle.<\/p>\n<p>\u00c0 travers un m\u00e9lange d&#8217;images d&#8217;archives et de sc\u00e8nes recr\u00e9\u00e9es, les t\u00e9l\u00e9spectateurs sont transport\u00e9s en arri\u00e8re en 1949, lorsque la premi\u00e8re Coccinelle (Type 1) de VW est arriv\u00e9e au port de New York. Import\u00e9e par le homme d&#8217;affaires n\u00e9erlandais Ben Pon, la Coccinelle a d\u00fb faire face \u00e0 des d\u00e9fis initiaux dans un march\u00e9 obs\u00e9d\u00e9 par la taille. Cependant, au fil des ans, elle est devenue une ic\u00f4ne durable.<\/p>\n<p>La publicit\u00e9 c\u00e9l\u00e8bre \u00e9galement l&#8217;empreinte de Volkswagen sur des moments embl\u00e9matiques de la culture am\u00e9ricaine, mettant en avant sa pr\u00e9sence dans des classiques tels que les films Herbie, Les Simpson et Star Wars. Pr\u00e9sentant une gamme de mod\u00e8les VW, des bus T1 et T2 \u00e0 la Golf MK1 modifi\u00e9e, en passant par la New Beetle et la Jetta moderne, le voyage culmine avec la pr\u00e9sentation de l&#8217;ID.Buzz \u00e9lectrique, qui fera ses d\u00e9buts sur le march\u00e9 am\u00e9ricain en 2024, symbolisant l&#8217;\u00e9volution continue et l&#8217;innovation de Volkswagen.<\/p>\n<p>Le projet a \u00e9t\u00e9 dirig\u00e9 par l&#8217;agence cr\u00e9ative Johannes Leonardo, avec le r\u00e9alisateur Lance Acord \u00e0 la barre. Acord, connu pour son travail sur la m\u00e9morable publicit\u00e9 &#8220;The Force&#8221; de 2011, a apport\u00e9 son expertise \u00e0 cette pi\u00e8ce nostalgique. En accompagnement des images, la chanson classique de Neil Diamond &#8220;I Am&#8230; I Said&#8221; a \u00e9t\u00e9 choisie par l&#8217;agence pour \u00e9voquer un sentiment d&#8217;intemporalit\u00e9 et d&#8217;\u00e9motion.<\/p>\n<p>Jonathan Santana, directeur de la cr\u00e9ation chez Johannes Leonardo, a d\u00e9crit la publicit\u00e9 t\u00e9l\u00e9vis\u00e9e comme &#8220;un r\u00e9cit \u00e9pique sur la fa\u00e7on dont un outsider avec de grands r\u00eaves n&#8217;est pas seulement accept\u00e9, mais devient partie int\u00e9grante de la trame m\u00eame de la culture am\u00e9ricaine&#8221;, ajoutant que leur objectif \u00e9tait de &#8220;raviver l&#8217;amour pour la marque en Am\u00e9rique&#8221;.<\/p>\n<p>La version longue de cette publicit\u00e9, d&#8217;une dur\u00e9e de deux minutes, a \u00e9t\u00e9 pr\u00e9sent\u00e9e pour la premi\u00e8re fois au Salon de l&#8217;auto de Chicago 2024. Une version plus courte de 60 secondes sera diffus\u00e9e pendant le troisi\u00e8me quart du Super Bowl LVIII le dimanche 11 f\u00e9vrier.<\/p>\n<p>https:\/\/www.youtube.com\/watch?v=BjLzH8qj0gQ&amp;t=9s<\/p>\n<p>Avec des renseignements de Carscoops<\/p>\n<p>\u00a0<\/p>\n<p>Le texte <a rel=\"nofollow\" href=\"https:\/\/annuelauto.ca\/volkswagen-revient-au-superbowl\/\">Volkswagen revient au Superbowl<\/a> provient de <a rel=\"nofollow\" href=\"https:\/\/annuelauto.ca\">L&#8217;annuel de l&#8217;automobile &#8211; Actualit\u00e9 automobile<\/a><\/p>\n<p><\/p>\n","protected":false},"excerpt":{"rendered":"<p>Volkswagen fait son retour dans les publicit\u00e9s du Super Bowl apr\u00e8s une absence de dix ans avec un commercial nostalgique intitul\u00e9 &#8220;Une histoire d&#8217;amour am\u00e9ricaine&#8221;. Pr\u00e9vu pour \u00eatre diffus\u00e9 pendant le Super Bowl LVIII le dimanche 11 f\u00e9vrier, la publicit\u00e9 c\u00e9l\u00e8bre le 75e anniversaire de Volkswagen sur le march\u00e9 am\u00e9ricain, retra\u00e7ant le parcours de la [&hellip;]<\/p>\n","protected":false},"author":8,"featured_media":158491,"comment_status":"closed","ping_status":"closed","sticky":false,"template":"","format":"standard","meta":{"_monsterinsights_skip_tracking":false,"_monsterinsights_sitenote_active":false,"_monsterinsights_sitenote_note":"","_monsterinsights_sitenote_category":0,"footnotes":""},"categories":[101],"tags":[],"yoast_head":"<!-- This site is optimized with the Yoast SEO plugin v23.2 - https:\/\/yoast.com\/wordpress\/plugins\/seo\/ -->\n<title>Volkswagen revient au Superbowl - CanadaMotorJobs.com<\/title>\n<meta name=\"description\" content=\"Volkswagen revient au Superbowl - Benoit Charette - Annuel automobile - CanadaMotorJobs.com.\" \/>\n<meta name=\"robots\" content=\"index, follow, max-snippet:-1, max-image-preview:large, max-video-preview:-1\" \/>\n<meta property=\"og:locale\" content=\"fr_CA\" \/>\n<meta property=\"og:type\" content=\"article\" \/>\n<meta property=\"og:title\" content=\"Volkswagen revient au Superbowl - CanadaMotorJobs.com\" \/>\n<meta property=\"og:description\" content=\"Volkswagen revient au Superbowl - Benoit Charette - Annuel automobile - CanadaMotorJobs.com.\" \/>\n<meta property=\"og:url\" content=\"https:\/\/news.canadamotorjobs.com\/fr\/volkswagen-revient-au-superbowl\/\" \/>\n<meta property=\"og:site_name\" content=\"CanadaMotorJobs.com\" \/>\n<meta property=\"article:publisher\" content=\"https:\/\/www.facebook.com\/canadamotorjobs\/\" \/>\n<meta property=\"article:published_time\" content=\"2024-02-09T17:08:53+00:00\" \/>\n<meta property=\"article:modified_time\" content=\"2024-02-13T14:24:58+00:00\" \/>\n<meta property=\"og:image\" content=\"https:\/\/news.canadamotorjobs.com\/wp-content\/uploads\/2024\/02\/Large-17580-VolkswagendebutsAnAmericanLoveStoryextendedcutinadvanceofSuperBowlLVIIIadvertisement.jpg\" \/>\n\t<meta property=\"og:image:width\" content=\"1200\" \/>\n\t<meta property=\"og:image:height\" content=\"912\" \/>\n\t<meta property=\"og:image:type\" content=\"image\/jpeg\" \/>\n<meta name=\"author\" content=\"Benoit Charette\" \/>\n<meta name=\"twitter:card\" content=\"summary_large_image\" \/>\n<meta name=\"twitter:creator\" content=\"@canadamotorjobs\" \/>\n<meta name=\"twitter:site\" content=\"@canadamotorjobs\" \/>\n<meta name=\"twitter:label1\" content=\"\u00c9crit par\" \/>\n\t<meta name=\"twitter:data1\" content=\"Benoit Charette\" \/>\n\t<meta name=\"twitter:label2\" content=\"Estimation du temps de lecture\" \/>\n\t<meta name=\"twitter:data2\" content=\"2 minutes\" \/>\n<!-- \/ Yoast SEO plugin. -->","yoast_head_json":{"title":"Volkswagen revient au Superbowl - CanadaMotorJobs.com","description":"Volkswagen revient au Superbowl - Benoit Charette - Annuel automobile - CanadaMotorJobs.com.","robots":{"index":"index","follow":"follow","max-snippet":"max-snippet:-1","max-image-preview":"max-image-preview:large","max-video-preview":"max-video-preview:-1"},"og_locale":"fr_CA","og_type":"article","og_title":"Volkswagen revient au Superbowl - CanadaMotorJobs.com","og_description":"Volkswagen revient au Superbowl - Benoit Charette - Annuel automobile - CanadaMotorJobs.com.","og_url":"https:\/\/news.canadamotorjobs.com\/fr\/volkswagen-revient-au-superbowl\/","og_site_name":"CanadaMotorJobs.com","article_publisher":"https:\/\/www.facebook.com\/canadamotorjobs\/","article_published_time":"2024-02-09T17:08:53+00:00","article_modified_time":"2024-02-13T14:24:58+00:00","og_image":[{"width":1200,"height":912,"url":"https:\/\/news.canadamotorjobs.com\/wp-content\/uploads\/2024\/02\/Large-17580-VolkswagendebutsAnAmericanLoveStoryextendedcutinadvanceofSuperBowlLVIIIadvertisement.jpg","type":"image\/jpeg"}],"author":"Benoit Charette","twitter_card":"summary_large_image","twitter_creator":"@canadamotorjobs","twitter_site":"@canadamotorjobs","twitter_misc":{"\u00c9crit par":"Benoit Charette","Estimation du temps de lecture":"2 minutes"},"schema":{"@context":"https:\/\/schema.org","@graph":[{"@type":"Article","@id":"https:\/\/news.canadamotorjobs.com\/fr\/volkswagen-revient-au-superbowl\/#article","isPartOf":{"@id":"https:\/\/news.canadamotorjobs.com\/fr\/volkswagen-revient-au-superbowl\/"},"author":{"name":"Benoit Charette","@id":"https:\/\/news.canadamotorjobs.com\/#\/schema\/person\/51793d1f87d44011d7bcc2ed99269a90"},"headline":"Volkswagen revient au Superbowl","datePublished":"2024-02-09T17:08:53+00:00","dateModified":"2024-02-13T14:24:58+00:00","mainEntityOfPage":{"@id":"https:\/\/news.canadamotorjobs.com\/fr\/volkswagen-revient-au-superbowl\/"},"wordCount":486,"publisher":{"@id":"https:\/\/news.canadamotorjobs.com\/#organization"},"image":{"@id":"https:\/\/news.canadamotorjobs.com\/fr\/volkswagen-revient-au-superbowl\/#primaryimage"},"thumbnailUrl":"https:\/\/news.canadamotorjobs.com\/wp-content\/uploads\/2024\/02\/Large-17580-VolkswagendebutsAnAmericanLoveStoryextendedcutinadvanceofSuperBowlLVIIIadvertisement.jpg","articleSection":["Annuel automobile"],"inLanguage":"fr-CA"},{"@type":"WebPage","@id":"https:\/\/news.canadamotorjobs.com\/fr\/volkswagen-revient-au-superbowl\/","url":"https:\/\/news.canadamotorjobs.com\/fr\/volkswagen-revient-au-superbowl\/","name":"Volkswagen revient au Superbowl - CanadaMotorJobs.com","isPartOf":{"@id":"https:\/\/news.canadamotorjobs.com\/#website"},"primaryImageOfPage":{"@id":"https:\/\/news.canadamotorjobs.com\/fr\/volkswagen-revient-au-superbowl\/#primaryimage"},"image":{"@id":"https:\/\/news.canadamotorjobs.com\/fr\/volkswagen-revient-au-superbowl\/#primaryimage"},"thumbnailUrl":"https:\/\/news.canadamotorjobs.com\/wp-content\/uploads\/2024\/02\/Large-17580-VolkswagendebutsAnAmericanLoveStoryextendedcutinadvanceofSuperBowlLVIIIadvertisement.jpg","datePublished":"2024-02-09T17:08:53+00:00","dateModified":"2024-02-13T14:24:58+00:00","description":"Volkswagen revient au Superbowl - Benoit Charette - Annuel automobile - CanadaMotorJobs.com.","breadcrumb":{"@id":"https:\/\/news.canadamotorjobs.com\/fr\/volkswagen-revient-au-superbowl\/#breadcrumb"},"inLanguage":"fr-CA","potentialAction":[{"@type":"ReadAction","target":["https:\/\/news.canadamotorjobs.com\/fr\/volkswagen-revient-au-superbowl\/"]}]},{"@type":"ImageObject","inLanguage":"fr-CA","@id":"https:\/\/news.canadamotorjobs.com\/fr\/volkswagen-revient-au-superbowl\/#primaryimage","url":"https:\/\/news.canadamotorjobs.com\/wp-content\/uploads\/2024\/02\/Large-17580-VolkswagendebutsAnAmericanLoveStoryextendedcutinadvanceofSuperBowlLVIIIadvertisement.jpg","contentUrl":"https:\/\/news.canadamotorjobs.com\/wp-content\/uploads\/2024\/02\/Large-17580-VolkswagendebutsAnAmericanLoveStoryextendedcutinadvanceofSuperBowlLVIIIadvertisement.jpg","width":1200,"height":912},{"@type":"BreadcrumbList","@id":"https:\/\/news.canadamotorjobs.com\/fr\/volkswagen-revient-au-superbowl\/#breadcrumb","itemListElement":[{"@type":"ListItem","position":1,"name":"Home","item":"https:\/\/news.canadamotorjobs.com\/fr\/blog\/"},{"@type":"ListItem","position":2,"name":"Volkswagen revient au Superbowl"}]},{"@type":"WebSite","@id":"https:\/\/news.canadamotorjobs.com\/#website","url":"https:\/\/news.canadamotorjobs.com\/","name":"CanadaMotorJobs.com","description":"Automotive Jobs","publisher":{"@id":"https:\/\/news.canadamotorjobs.com\/#organization"},"potentialAction":[{"@type":"SearchAction","target":{"@type":"EntryPoint","urlTemplate":"https:\/\/news.canadamotorjobs.com\/?s={search_term_string}"},"query-input":"required name=search_term_string"}],"inLanguage":"fr-CA"},{"@type":"Organization","@id":"https:\/\/news.canadamotorjobs.com\/#organization","name":"Canada Motor Jobs","url":"https:\/\/news.canadamotorjobs.com\/","logo":{"@type":"ImageObject","inLanguage":"fr-CA","@id":"https:\/\/news.canadamotorjobs.com\/#\/schema\/logo\/image\/","url":"https:\/\/news.canadamotorjobs.com\/wp-content\/uploads\/2022\/10\/logo-canada-motor-jobs-1.png","contentUrl":"https:\/\/news.canadamotorjobs.com\/wp-content\/uploads\/2022\/10\/logo-canada-motor-jobs-1.png","width":800,"height":400,"caption":"Canada Motor Jobs"},"image":{"@id":"https:\/\/news.canadamotorjobs.com\/#\/schema\/logo\/image\/"},"sameAs":["https:\/\/www.facebook.com\/canadamotorjobs\/","https:\/\/x.com\/canadamotorjobs","https:\/\/www.instagram.com\/canadamotorjobs\/","https:\/\/www.linkedin.com\/company\/canadamotorjobs"]},{"@type":"Person","@id":"https:\/\/news.canadamotorjobs.com\/#\/schema\/person\/51793d1f87d44011d7bcc2ed99269a90","name":"Benoit Charette","image":{"@type":"ImageObject","inLanguage":"fr-CA","@id":"https:\/\/news.canadamotorjobs.com\/#\/schema\/person\/image\/","url":"https:\/\/secure.gravatar.com\/avatar\/45f3d2eebcccd909668d7ce7ea7267b6?s=96&d=mm&r=g","contentUrl":"https:\/\/secure.gravatar.com\/avatar\/45f3d2eebcccd909668d7ce7ea7267b6?s=96&d=mm&r=g","caption":"Benoit Charette"},"description":"Benoit Charette \/ Propri\u00e9taire et r\u00e9dacteur en chef Benoit Charette pratique le journalisme automobile depuis bient\u00f4t 30 ans. Il a fait ses classes au c\u00f4t\u00e9 de Daniel H\u00e9raud et au Carnet de route de 1992 \u00e0 2001. Il est fondateur, copropri\u00e9taire et r\u00e9dacteur en chef de L\u2019Annuel de l\u2019automobile, qu\u2019il publie depuis 2001. Il a anim\u00e9 les \u00e9missions RPM et RPM+ sur V et les L\u00e9gendes de la route sur Historia. \u00c0 la radio depuis 1986, il reprend l\u2019antenne cette ann\u00e9e sur les ondes de Cogeco et participe pour la deuxi\u00e8me ann\u00e9e \u00e0 l\u2019\u00e9mission Passion Auto sur RDS en plus de mettre en ligne le site Web officiel de L\u2019Annuel de l\u2019automobile sur annuelauto.ca.","sameAs":["https:\/\/annuelauto.ca\/"],"url":"https:\/\/news.canadamotorjobs.com\/fr\/author\/benoit-charette\/"}]}},"_links":{"self":[{"href":"https:\/\/news.canadamotorjobs.com\/fr\/wp-json\/wp\/v2\/posts\/158489"}],"collection":[{"href":"https:\/\/news.canadamotorjobs.com\/fr\/wp-json\/wp\/v2\/posts"}],"about":[{"href":"https:\/\/news.canadamotorjobs.com\/fr\/wp-json\/wp\/v2\/types\/post"}],"author":[{"embeddable":true,"href":"https:\/\/news.canadamotorjobs.com\/fr\/wp-json\/wp\/v2\/users\/8"}],"replies":[{"embeddable":true,"href":"https:\/\/news.canadamotorjobs.com\/fr\/wp-json\/wp\/v2\/comments?post=158489"}],"version-history":[{"count":2,"href":"https:\/\/news.canadamotorjobs.com\/fr\/wp-json\/wp\/v2\/posts\/158489\/revisions"}],"predecessor-version":[{"id":158493,"href":"https:\/\/news.canadamotorjobs.com\/fr\/wp-json\/wp\/v2\/posts\/158489\/revisions\/158493"}],"wp:featuredmedia":[{"embeddable":true,"href":"https:\/\/news.canadamotorjobs.com\/fr\/wp-json\/wp\/v2\/media\/158491"}],"wp:attachment":[{"href":"https:\/\/news.canadamotorjobs.com\/fr\/wp-json\/wp\/v2\/media?parent=158489"}],"wp:term":[{"taxonomy":"category","embeddable":true,"href":"https:\/\/news.canadamotorjobs.com\/fr\/wp-json\/wp\/v2\/categories?post=158489"},{"taxonomy":"post_tag","embeddable":true,"href":"https:\/\/news.canadamotorjobs.com\/fr\/wp-json\/wp\/v2\/tags?post=158489"}],"curies":[{"name":"wp","href":"https:\/\/api.w.org\/{rel}","templated":true}]}}