{"id":158469,"date":"2024-02-09T10:09:55","date_gmt":"2024-02-09T15:09:55","guid":{"rendered":"https:\/\/news.canadamotorjobs.com\/?p=158469"},"modified":"2024-11-21T09:01:22","modified_gmt":"2024-11-21T14:01:22","slug":"cadillac-confirme-larrivee-dune-version-allongee-de-lescalade-iq-electrique","status":"publish","type":"post","link":"https:\/\/news.canadamotorjobs.com\/fr\/cadillac-confirme-larrivee-dune-version-allongee-de-lescalade-iq-electrique\/","title":{"rendered":"Cadillac confirme l\u2019arriv\u00e9e d\u2019une version allong\u00e9e de l\u2019Escalade iQ \u00e9lectrique"},"content":{"rendered":"<\/p>\n<p>Au salon de l&#8217;auto de Chicago 2024, un repr\u00e9sentant de Cadillac a confirm\u00e9 que l\u2019imposant Cadillac Escalade iQ va s&#8217;agrandir davantage. La marque de luxe pr\u00e9voit d&#8217;ajouter une version allong\u00e9e, l&#8217;Escalade iQL, \u00e0 la gamme de ce grand VUS de luxe enti\u00e8rement \u00e9lectrique. Bien que la date de lancement ne soit pas pr\u00e9cis\u00e9e, Cadillac promet plus d&#8217;informations prochainement.<\/p>\n<p>Il est probable que l&#8217;iQL n&#8217;arrive chez les concessionnaires qu&#8217;apr\u00e8s le lancement de l&#8217;Escalade iQ standard, pr\u00e9vu pour cet \u00e9t\u00e9. Visuellement, peu de changements sont anticip\u00e9s, l&#8217;iQL suivant probablement la formule de l&#8217;Escalade ESV \u00e0 essence \u00e0 empattement long.<\/p>\n<p>L&#8217;Escalade iQ r\u00e9gulier est d\u00e9j\u00e0 un g\u00e9ant, mesurant 5,7 m\u00e8tres de long avec un empattement de 3,46 m\u00e8tres. C&#8217;est plus d&#8217;un pied de plus que l&#8217;Escalade \u00e0 essence, qui a un empattement de 3,06 m\u00e8tres, et \u00e0 seulement quelques centim\u00e8tres de moins que l&#8217;Escalade ESV. L&#8217;empattement de l&#8217;iQ est \u00e9galement d&#8217;environ 5 centim\u00e8tres plus long que celui de l&#8217;ESV, faisant de l&#8217;Escalade iQL un v\u00e9ritable colosse sur la route. Plus d&#8217;informations sont attendues plus tard cette ann\u00e9e, restez \u00e0 l&#8217;aff\u00fbt.<\/p>\n<p>Avec des renseignements de Car and Driver<\/p>\n<p>\u00a0<\/p>\n<p>Le texte <a rel=\"nofollow\" href=\"https:\/\/annuelauto.ca\/693003\/\">Cadillac confirme l\u2019arriv\u00e9e d\u2019une version allong\u00e9e de l\u2019Escalade iQ \u00e9lectrique<\/a> provient de <a rel=\"nofollow\" href=\"https:\/\/annuelauto.ca\">L&#8217;annuel de l&#8217;automobile &#8211; Actualit\u00e9 automobile<\/a><\/p>\n<p><\/p>\n","protected":false},"excerpt":{"rendered":"<p>Au salon de l&#8217;auto de Chicago 2024, un repr\u00e9sentant de Cadillac a confirm\u00e9 que l\u2019imposant Cadillac Escalade iQ va s&#8217;agrandir davantage. La marque de luxe pr\u00e9voit d&#8217;ajouter une version allong\u00e9e, l&#8217;Escalade iQL, \u00e0 la gamme de ce grand VUS de luxe enti\u00e8rement \u00e9lectrique. Bien que la date de lancement ne soit pas pr\u00e9cis\u00e9e, Cadillac promet [&hellip;]<\/p>\n","protected":false},"author":8,"featured_media":158471,"comment_status":"closed","ping_status":"closed","sticky":false,"template":"","format":"standard","meta":{"_monsterinsights_skip_tracking":false,"_monsterinsights_sitenote_active":false,"_monsterinsights_sitenote_note":"","_monsterinsights_sitenote_category":0,"footnotes":""},"categories":[101],"tags":[],"yoast_head":"<!-- This site is optimized with the Yoast SEO plugin v23.2 - https:\/\/yoast.com\/wordpress\/plugins\/seo\/ -->\n<title>Cadillac confirme l\u2019arriv\u00e9e d\u2019une version allong\u00e9e de l\u2019Escalade iQ \u00e9lectrique - CanadaMotorJobs.com<\/title>\n<meta name=\"description\" content=\"Cadillac confirme l\u2019arriv\u00e9e d\u2019une version allong\u00e9e de l\u2019Escalade iQ \u00e9lectrique - Benoit Charette - Annuel automobile - CanadaMotorJobs.com.\" \/>\n<meta name=\"robots\" content=\"index, follow, max-snippet:-1, max-image-preview:large, max-video-preview:-1\" \/>\n<meta property=\"og:locale\" content=\"fr_CA\" \/>\n<meta property=\"og:type\" content=\"article\" \/>\n<meta property=\"og:title\" content=\"Cadillac confirme l\u2019arriv\u00e9e d\u2019une version allong\u00e9e de l\u2019Escalade iQ \u00e9lectrique - CanadaMotorJobs.com\" \/>\n<meta property=\"og:description\" content=\"Cadillac confirme l\u2019arriv\u00e9e d\u2019une version allong\u00e9e de l\u2019Escalade iQ \u00e9lectrique - Benoit Charette - Annuel automobile - CanadaMotorJobs.com.\" \/>\n<meta property=\"og:url\" content=\"https:\/\/news.canadamotorjobs.com\/fr\/cadillac-confirme-larrivee-dune-version-allongee-de-lescalade-iq-electrique\/\" \/>\n<meta property=\"og:site_name\" content=\"CanadaMotorJobs.com\" \/>\n<meta property=\"article:publisher\" content=\"https:\/\/www.facebook.com\/canadamotorjobs\/\" \/>\n<meta property=\"article:published_time\" content=\"2024-02-09T15:09:55+00:00\" \/>\n<meta property=\"article:modified_time\" content=\"2024-11-21T14:01:22+00:00\" \/>\n<meta property=\"og:image\" content=\"https:\/\/news.canadamotorjobs.com\/wp-content\/uploads\/2024\/02\/2025-cadillac-escalade-iq-sport-0041-1024x472-1.jpg\" \/>\n\t<meta property=\"og:image:width\" content=\"1024\" \/>\n\t<meta property=\"og:image:height\" content=\"472\" \/>\n\t<meta property=\"og:image:type\" content=\"image\/jpeg\" \/>\n<meta name=\"author\" content=\"Benoit Charette\" \/>\n<meta name=\"twitter:card\" content=\"summary_large_image\" \/>\n<meta name=\"twitter:creator\" content=\"@canadamotorjobs\" \/>\n<meta name=\"twitter:site\" content=\"@canadamotorjobs\" \/>\n<meta name=\"twitter:label1\" content=\"\u00c9crit par\" \/>\n\t<meta name=\"twitter:data1\" content=\"Benoit Charette\" \/>\n\t<meta name=\"twitter:label2\" content=\"Estimation du temps de lecture\" \/>\n\t<meta name=\"twitter:data2\" content=\"1 minute\" \/>\n<!-- \/ Yoast SEO plugin. -->","yoast_head_json":{"title":"Cadillac confirme l\u2019arriv\u00e9e d\u2019une version allong\u00e9e de l\u2019Escalade iQ \u00e9lectrique - CanadaMotorJobs.com","description":"Cadillac confirme l\u2019arriv\u00e9e d\u2019une version allong\u00e9e de l\u2019Escalade iQ \u00e9lectrique - Benoit Charette - Annuel automobile - CanadaMotorJobs.com.","robots":{"index":"index","follow":"follow","max-snippet":"max-snippet:-1","max-image-preview":"max-image-preview:large","max-video-preview":"max-video-preview:-1"},"og_locale":"fr_CA","og_type":"article","og_title":"Cadillac confirme l\u2019arriv\u00e9e d\u2019une version allong\u00e9e de l\u2019Escalade iQ \u00e9lectrique - CanadaMotorJobs.com","og_description":"Cadillac confirme l\u2019arriv\u00e9e d\u2019une version allong\u00e9e de l\u2019Escalade iQ \u00e9lectrique - Benoit Charette - Annuel automobile - CanadaMotorJobs.com.","og_url":"https:\/\/news.canadamotorjobs.com\/fr\/cadillac-confirme-larrivee-dune-version-allongee-de-lescalade-iq-electrique\/","og_site_name":"CanadaMotorJobs.com","article_publisher":"https:\/\/www.facebook.com\/canadamotorjobs\/","article_published_time":"2024-02-09T15:09:55+00:00","article_modified_time":"2024-11-21T14:01:22+00:00","og_image":[{"width":1024,"height":472,"url":"https:\/\/news.canadamotorjobs.com\/wp-content\/uploads\/2024\/02\/2025-cadillac-escalade-iq-sport-0041-1024x472-1.jpg","type":"image\/jpeg"}],"author":"Benoit Charette","twitter_card":"summary_large_image","twitter_creator":"@canadamotorjobs","twitter_site":"@canadamotorjobs","twitter_misc":{"\u00c9crit par":"Benoit Charette","Estimation du temps de lecture":"1 minute"},"schema":{"@context":"https:\/\/schema.org","@graph":[{"@type":"Article","@id":"https:\/\/news.canadamotorjobs.com\/fr\/cadillac-confirme-larrivee-dune-version-allongee-de-lescalade-iq-electrique\/#article","isPartOf":{"@id":"https:\/\/news.canadamotorjobs.com\/fr\/cadillac-confirme-larrivee-dune-version-allongee-de-lescalade-iq-electrique\/"},"author":{"name":"Benoit Charette","@id":"https:\/\/news.canadamotorjobs.com\/#\/schema\/person\/51793d1f87d44011d7bcc2ed99269a90"},"headline":"Cadillac confirme l\u2019arriv\u00e9e d\u2019une version allong\u00e9e de l\u2019Escalade iQ \u00e9lectrique","datePublished":"2024-02-09T15:09:55+00:00","dateModified":"2024-11-21T14:01:22+00:00","mainEntityOfPage":{"@id":"https:\/\/news.canadamotorjobs.com\/fr\/cadillac-confirme-larrivee-dune-version-allongee-de-lescalade-iq-electrique\/"},"wordCount":259,"publisher":{"@id":"https:\/\/news.canadamotorjobs.com\/#organization"},"image":{"@id":"https:\/\/news.canadamotorjobs.com\/fr\/cadillac-confirme-larrivee-dune-version-allongee-de-lescalade-iq-electrique\/#primaryimage"},"thumbnailUrl":"https:\/\/news.canadamotorjobs.com\/wp-content\/uploads\/2024\/02\/2025-cadillac-escalade-iq-sport-0041-1024x472-1.jpg","articleSection":["Annuel automobile"],"inLanguage":"fr-CA"},{"@type":"WebPage","@id":"https:\/\/news.canadamotorjobs.com\/fr\/cadillac-confirme-larrivee-dune-version-allongee-de-lescalade-iq-electrique\/","url":"https:\/\/news.canadamotorjobs.com\/fr\/cadillac-confirme-larrivee-dune-version-allongee-de-lescalade-iq-electrique\/","name":"Cadillac confirme l\u2019arriv\u00e9e d\u2019une version allong\u00e9e de l\u2019Escalade iQ \u00e9lectrique - CanadaMotorJobs.com","isPartOf":{"@id":"https:\/\/news.canadamotorjobs.com\/#website"},"primaryImageOfPage":{"@id":"https:\/\/news.canadamotorjobs.com\/fr\/cadillac-confirme-larrivee-dune-version-allongee-de-lescalade-iq-electrique\/#primaryimage"},"image":{"@id":"https:\/\/news.canadamotorjobs.com\/fr\/cadillac-confirme-larrivee-dune-version-allongee-de-lescalade-iq-electrique\/#primaryimage"},"thumbnailUrl":"https:\/\/news.canadamotorjobs.com\/wp-content\/uploads\/2024\/02\/2025-cadillac-escalade-iq-sport-0041-1024x472-1.jpg","datePublished":"2024-02-09T15:09:55+00:00","dateModified":"2024-11-21T14:01:22+00:00","description":"Cadillac confirme l\u2019arriv\u00e9e d\u2019une version allong\u00e9e de l\u2019Escalade iQ \u00e9lectrique - Benoit Charette - Annuel automobile - CanadaMotorJobs.com.","breadcrumb":{"@id":"https:\/\/news.canadamotorjobs.com\/fr\/cadillac-confirme-larrivee-dune-version-allongee-de-lescalade-iq-electrique\/#breadcrumb"},"inLanguage":"fr-CA","potentialAction":[{"@type":"ReadAction","target":["https:\/\/news.canadamotorjobs.com\/fr\/cadillac-confirme-larrivee-dune-version-allongee-de-lescalade-iq-electrique\/"]}]},{"@type":"ImageObject","inLanguage":"fr-CA","@id":"https:\/\/news.canadamotorjobs.com\/fr\/cadillac-confirme-larrivee-dune-version-allongee-de-lescalade-iq-electrique\/#primaryimage","url":"https:\/\/news.canadamotorjobs.com\/wp-content\/uploads\/2024\/02\/2025-cadillac-escalade-iq-sport-0041-1024x472-1.jpg","contentUrl":"https:\/\/news.canadamotorjobs.com\/wp-content\/uploads\/2024\/02\/2025-cadillac-escalade-iq-sport-0041-1024x472-1.jpg","width":1024,"height":472},{"@type":"BreadcrumbList","@id":"https:\/\/news.canadamotorjobs.com\/fr\/cadillac-confirme-larrivee-dune-version-allongee-de-lescalade-iq-electrique\/#breadcrumb","itemListElement":[{"@type":"ListItem","position":1,"name":"Home","item":"https:\/\/news.canadamotorjobs.com\/fr\/blog\/"},{"@type":"ListItem","position":2,"name":"Cadillac confirme l\u2019arriv\u00e9e d\u2019une version allong\u00e9e de l\u2019Escalade iQ \u00e9lectrique"}]},{"@type":"WebSite","@id":"https:\/\/news.canadamotorjobs.com\/#website","url":"https:\/\/news.canadamotorjobs.com\/","name":"CanadaMotorJobs.com","description":"Automotive Jobs","publisher":{"@id":"https:\/\/news.canadamotorjobs.com\/#organization"},"potentialAction":[{"@type":"SearchAction","target":{"@type":"EntryPoint","urlTemplate":"https:\/\/news.canadamotorjobs.com\/?s={search_term_string}"},"query-input":"required name=search_term_string"}],"inLanguage":"fr-CA"},{"@type":"Organization","@id":"https:\/\/news.canadamotorjobs.com\/#organization","name":"Canada Motor Jobs","url":"https:\/\/news.canadamotorjobs.com\/","logo":{"@type":"ImageObject","inLanguage":"fr-CA","@id":"https:\/\/news.canadamotorjobs.com\/#\/schema\/logo\/image\/","url":"https:\/\/news.canadamotorjobs.com\/wp-content\/uploads\/2022\/10\/logo-canada-motor-jobs-1.png","contentUrl":"https:\/\/news.canadamotorjobs.com\/wp-content\/uploads\/2022\/10\/logo-canada-motor-jobs-1.png","width":800,"height":400,"caption":"Canada Motor Jobs"},"image":{"@id":"https:\/\/news.canadamotorjobs.com\/#\/schema\/logo\/image\/"},"sameAs":["https:\/\/www.facebook.com\/canadamotorjobs\/","https:\/\/x.com\/canadamotorjobs","https:\/\/www.instagram.com\/canadamotorjobs\/","https:\/\/www.linkedin.com\/company\/canadamotorjobs"]},{"@type":"Person","@id":"https:\/\/news.canadamotorjobs.com\/#\/schema\/person\/51793d1f87d44011d7bcc2ed99269a90","name":"Benoit Charette","image":{"@type":"ImageObject","inLanguage":"fr-CA","@id":"https:\/\/news.canadamotorjobs.com\/#\/schema\/person\/image\/","url":"https:\/\/secure.gravatar.com\/avatar\/45f3d2eebcccd909668d7ce7ea7267b6?s=96&d=mm&r=g","contentUrl":"https:\/\/secure.gravatar.com\/avatar\/45f3d2eebcccd909668d7ce7ea7267b6?s=96&d=mm&r=g","caption":"Benoit Charette"},"description":"Benoit Charette \/ Propri\u00e9taire et r\u00e9dacteur en chef Benoit Charette pratique le journalisme automobile depuis bient\u00f4t 30 ans. Il a fait ses classes au c\u00f4t\u00e9 de Daniel H\u00e9raud et au Carnet de route de 1992 \u00e0 2001. Il est fondateur, copropri\u00e9taire et r\u00e9dacteur en chef de L\u2019Annuel de l\u2019automobile, qu\u2019il publie depuis 2001. Il a anim\u00e9 les \u00e9missions RPM et RPM+ sur V et les L\u00e9gendes de la route sur Historia. \u00c0 la radio depuis 1986, il reprend l\u2019antenne cette ann\u00e9e sur les ondes de Cogeco et participe pour la deuxi\u00e8me ann\u00e9e \u00e0 l\u2019\u00e9mission Passion Auto sur RDS en plus de mettre en ligne le site Web officiel de L\u2019Annuel de l\u2019automobile sur annuelauto.ca.","sameAs":["https:\/\/annuelauto.ca\/"],"url":"https:\/\/news.canadamotorjobs.com\/fr\/author\/benoit-charette\/"}]}},"_links":{"self":[{"href":"https:\/\/news.canadamotorjobs.com\/fr\/wp-json\/wp\/v2\/posts\/158469"}],"collection":[{"href":"https:\/\/news.canadamotorjobs.com\/fr\/wp-json\/wp\/v2\/posts"}],"about":[{"href":"https:\/\/news.canadamotorjobs.com\/fr\/wp-json\/wp\/v2\/types\/post"}],"author":[{"embeddable":true,"href":"https:\/\/news.canadamotorjobs.com\/fr\/wp-json\/wp\/v2\/users\/8"}],"replies":[{"embeddable":true,"href":"https:\/\/news.canadamotorjobs.com\/fr\/wp-json\/wp\/v2\/comments?post=158469"}],"version-history":[{"count":2,"href":"https:\/\/news.canadamotorjobs.com\/fr\/wp-json\/wp\/v2\/posts\/158469\/revisions"}],"predecessor-version":[{"id":158473,"href":"https:\/\/news.canadamotorjobs.com\/fr\/wp-json\/wp\/v2\/posts\/158469\/revisions\/158473"}],"wp:featuredmedia":[{"embeddable":true,"href":"https:\/\/news.canadamotorjobs.com\/fr\/wp-json\/wp\/v2\/media\/158471"}],"wp:attachment":[{"href":"https:\/\/news.canadamotorjobs.com\/fr\/wp-json\/wp\/v2\/media?parent=158469"}],"wp:term":[{"taxonomy":"category","embeddable":true,"href":"https:\/\/news.canadamotorjobs.com\/fr\/wp-json\/wp\/v2\/categories?post=158469"},{"taxonomy":"post_tag","embeddable":true,"href":"https:\/\/news.canadamotorjobs.com\/fr\/wp-json\/wp\/v2\/tags?post=158469"}],"curies":[{"name":"wp","href":"https:\/\/api.w.org\/{rel}","templated":true}]}}