{"id":158405,"date":"2024-02-08T08:32:54","date_gmt":"2024-02-08T13:32:54","guid":{"rendered":"https:\/\/news.canadamotorjobs.com\/?p=158405"},"modified":"2024-02-13T09:25:21","modified_gmt":"2024-02-13T14:25:21","slug":"toyota-prepare-un-vus-electrique-a-3-rangees-fabrique-au-kentucky","status":"publish","type":"post","link":"https:\/\/news.canadamotorjobs.com\/fr\/toyota-prepare-un-vus-electrique-a-3-rangees-fabrique-au-kentucky\/","title":{"rendered":"Toyota pr\u00e9pare un VUS \u00e9lectrique \u00e0 3 rang\u00e9es fabriqu\u00e9 au Kentucky"},"content":{"rendered":"<\/p>\n<div class=\"flex flex-grow flex-col max-w-full\"><\/p>\n<div class=\"min-h-[20px] text-message flex flex-col items-start gap-3 whitespace-pre-wrap break-words [.text-message+&amp;]:mt-5 overflow-x-auto\" data-message-author-role=\"assistant\" data-message-id=\"b5a5449e-ae38-4cae-bef5-e39761082ac4\"><\/p>\n<div class=\"markdown prose w-full break-words dark:prose-invert light\">\n<p>Toyota a r\u00e9cemment d\u00e9voil\u00e9 un investissement massif de 1,3 milliard de dollars dans son usine du Kentucky, visant \u00e0 renforcer la production de v\u00e9hicules \u00e9lectrifi\u00e9s. Cette injection de fonds comprend la cr\u00e9ation d&#8217;une nouvelle unit\u00e9 de production de blocs de batteries, aliment\u00e9e par des batteries lithium-ion provenant d&#8217;une usine situ\u00e9e en Caroline du Nord.<\/p>\n<p>Bien que le calendrier de production du VUS n&#8217;ait pas \u00e9t\u00e9 pr\u00e9cis\u00e9, Toyota avait annonc\u00e9 l&#8217;ann\u00e9e derni\u00e8re son intention de d\u00e9marrer la production d&#8217;un VUS \u00e9lectrique \u00e0 trois rang\u00e9es aux \u00c9tats-Unis d&#8217;ici 2025. La mise en service de l&#8217;usine de batteries en Caroline du Nord est \u00e9galement pr\u00e9vue pour cette p\u00e9riode.<\/p>\n<p>Le VUS \u00e9lectrique \u00e0 trois rang\u00e9es avait \u00e9t\u00e9 pr\u00e9sent\u00e9 en tant que concept par Toyota \u00e0 la fin de 2021, lorsqu&#8217;ils avaient annonc\u00e9 leur objectif de lancer 30 v\u00e9hicules \u00e9lectriques d&#8217;ici 2030 sous les marques Toyota et Lexus. Par ailleurs, un concept de Land Cruiser \u00e9lectrique avait \u00e9t\u00e9 d\u00e9voil\u00e9 l&#8217;ann\u00e9e derni\u00e8re.<\/p>\n<p>Lexus, la filiale de luxe de Toyota, pr\u00e9voit \u00e9galement de lancer son propre VUS \u00e9lectrique \u00e0 trois rang\u00e9es, potentiellement construit aux c\u00f4t\u00e9s du mod\u00e8le Toyota dans l&#8217;usine du Kentucky, o\u00f9 la ES de Lexus est d\u00e9j\u00e0 produite.<\/p>\n<p>Le SUV \u00e9lectrique \u00e0 trois rang\u00e9es, \u00e9voquant le nom possible de TZ selon des indices r\u00e9cents, pourrait repr\u00e9senter une alternative \u00e9lectrique au VUS \u00e0 essence TX de Lexus, lanc\u00e9 pour l&#8217;ann\u00e9e mod\u00e8le 2024. Le TX, un VUS de taille moyenne avec une troisi\u00e8me rang\u00e9e de si\u00e8ges, semble ainsi trouver son homologue \u00e9lectrique dans le projet TZ.<\/p>\n<p>Avec cette annonce d&#8217;investissement, les engagements financiers de Toyota pour l&#8217;\u00e9lectrification en Am\u00e9rique du Nord s&#8217;\u00e9l\u00e8vent d\u00e9sormais \u00e0 17 milliards de dollars depuis 2021, soulignant son engagement croissant envers la transition vers la mobilit\u00e9 \u00e9lectrique.<\/p>\n<\/div>\n<p>\n<\/div>\n<p>\n<\/div>\n<p>Le texte <a rel=\"nofollow\" href=\"https:\/\/annuelauto.ca\/toyota-prepare-un-vus-electrique-a-3-rangees-fabrique-au-kentucky\/\">Toyota pr\u00e9pare un VUS \u00e9lectrique \u00e0 3 rang\u00e9es fabriqu\u00e9 au Kentucky<\/a> provient de <a rel=\"nofollow\" href=\"https:\/\/annuelauto.ca\">L&#8217;annuel de l&#8217;automobile &#8211; Actualit\u00e9 automobile<\/a><\/p>\n<p><\/p>\n","protected":false},"excerpt":{"rendered":"<p>Toyota a r\u00e9cemment d\u00e9voil\u00e9 un investissement massif de 1,3 milliard de dollars dans son usine du Kentucky, visant \u00e0 renforcer la production de v\u00e9hicules \u00e9lectrifi\u00e9s. Cette injection de fonds comprend la cr\u00e9ation d&#8217;une nouvelle unit\u00e9 de production de blocs de batteries, aliment\u00e9e par des batteries lithium-ion provenant d&#8217;une usine situ\u00e9e en Caroline du Nord. Bien [&hellip;]<\/p>\n","protected":false},"author":8,"featured_media":158407,"comment_status":"closed","ping_status":"closed","sticky":false,"template":"","format":"standard","meta":{"_monsterinsights_skip_tracking":false,"_monsterinsights_sitenote_active":false,"_monsterinsights_sitenote_note":"","_monsterinsights_sitenote_category":0,"footnotes":""},"categories":[101],"tags":[],"yoast_head":"<!-- This site is optimized with the Yoast SEO plugin v23.2 - https:\/\/yoast.com\/wordpress\/plugins\/seo\/ -->\n<title>Toyota pr\u00e9pare un VUS \u00e9lectrique \u00e0 3 rang\u00e9es fabriqu\u00e9 au Kentucky - CanadaMotorJobs.com<\/title>\n<meta name=\"description\" content=\"Toyota pr\u00e9pare un VUS \u00e9lectrique \u00e0 3 rang\u00e9es fabriqu\u00e9 au Kentucky - Benoit Charette - Annuel automobile - CanadaMotorJobs.com.\" \/>\n<meta name=\"robots\" content=\"index, follow, max-snippet:-1, max-image-preview:large, max-video-preview:-1\" \/>\n<meta property=\"og:locale\" content=\"fr_CA\" \/>\n<meta property=\"og:type\" content=\"article\" \/>\n<meta property=\"og:title\" content=\"Toyota pr\u00e9pare un VUS \u00e9lectrique \u00e0 3 rang\u00e9es fabriqu\u00e9 au Kentucky - CanadaMotorJobs.com\" \/>\n<meta property=\"og:description\" content=\"Toyota pr\u00e9pare un VUS \u00e9lectrique \u00e0 3 rang\u00e9es fabriqu\u00e9 au Kentucky - Benoit Charette - Annuel automobile - CanadaMotorJobs.com.\" \/>\n<meta property=\"og:url\" content=\"https:\/\/news.canadamotorjobs.com\/fr\/toyota-prepare-un-vus-electrique-a-3-rangees-fabrique-au-kentucky\/\" \/>\n<meta property=\"og:site_name\" content=\"CanadaMotorJobs.com\" \/>\n<meta property=\"article:publisher\" content=\"https:\/\/www.facebook.com\/canadamotorjobs\/\" \/>\n<meta property=\"article:published_time\" content=\"2024-02-08T13:32:54+00:00\" \/>\n<meta property=\"article:modified_time\" content=\"2024-02-13T14:25:21+00:00\" \/>\n<meta property=\"og:image\" content=\"https:\/\/news.canadamotorjobs.com\/wp-content\/uploads\/2024\/02\/toyota-motor-manufacturing.jpg\" \/>\n\t<meta property=\"og:image:width\" content=\"600\" \/>\n\t<meta property=\"og:image:height\" content=\"400\" \/>\n\t<meta property=\"og:image:type\" content=\"image\/jpeg\" \/>\n<meta name=\"author\" content=\"Benoit Charette\" \/>\n<meta name=\"twitter:card\" content=\"summary_large_image\" \/>\n<meta name=\"twitter:creator\" content=\"@canadamotorjobs\" \/>\n<meta name=\"twitter:site\" content=\"@canadamotorjobs\" \/>\n<meta name=\"twitter:label1\" content=\"\u00c9crit par\" \/>\n\t<meta name=\"twitter:data1\" content=\"Benoit Charette\" \/>\n\t<meta name=\"twitter:label2\" content=\"Estimation du temps de lecture\" \/>\n\t<meta name=\"twitter:data2\" content=\"2 minutes\" \/>\n<!-- \/ Yoast SEO plugin. -->","yoast_head_json":{"title":"Toyota pr\u00e9pare un VUS \u00e9lectrique \u00e0 3 rang\u00e9es fabriqu\u00e9 au Kentucky - CanadaMotorJobs.com","description":"Toyota pr\u00e9pare un VUS \u00e9lectrique \u00e0 3 rang\u00e9es fabriqu\u00e9 au Kentucky - Benoit Charette - Annuel automobile - CanadaMotorJobs.com.","robots":{"index":"index","follow":"follow","max-snippet":"max-snippet:-1","max-image-preview":"max-image-preview:large","max-video-preview":"max-video-preview:-1"},"og_locale":"fr_CA","og_type":"article","og_title":"Toyota pr\u00e9pare un VUS \u00e9lectrique \u00e0 3 rang\u00e9es fabriqu\u00e9 au Kentucky - CanadaMotorJobs.com","og_description":"Toyota pr\u00e9pare un VUS \u00e9lectrique \u00e0 3 rang\u00e9es fabriqu\u00e9 au Kentucky - Benoit Charette - Annuel automobile - CanadaMotorJobs.com.","og_url":"https:\/\/news.canadamotorjobs.com\/fr\/toyota-prepare-un-vus-electrique-a-3-rangees-fabrique-au-kentucky\/","og_site_name":"CanadaMotorJobs.com","article_publisher":"https:\/\/www.facebook.com\/canadamotorjobs\/","article_published_time":"2024-02-08T13:32:54+00:00","article_modified_time":"2024-02-13T14:25:21+00:00","og_image":[{"width":600,"height":400,"url":"https:\/\/news.canadamotorjobs.com\/wp-content\/uploads\/2024\/02\/toyota-motor-manufacturing.jpg","type":"image\/jpeg"}],"author":"Benoit Charette","twitter_card":"summary_large_image","twitter_creator":"@canadamotorjobs","twitter_site":"@canadamotorjobs","twitter_misc":{"\u00c9crit par":"Benoit Charette","Estimation du temps de lecture":"2 minutes"},"schema":{"@context":"https:\/\/schema.org","@graph":[{"@type":"Article","@id":"https:\/\/news.canadamotorjobs.com\/fr\/toyota-prepare-un-vus-electrique-a-3-rangees-fabrique-au-kentucky\/#article","isPartOf":{"@id":"https:\/\/news.canadamotorjobs.com\/fr\/toyota-prepare-un-vus-electrique-a-3-rangees-fabrique-au-kentucky\/"},"author":{"name":"Benoit Charette","@id":"https:\/\/news.canadamotorjobs.com\/#\/schema\/person\/51793d1f87d44011d7bcc2ed99269a90"},"headline":"Toyota pr\u00e9pare un VUS \u00e9lectrique \u00e0 3 rang\u00e9es fabriqu\u00e9 au Kentucky","datePublished":"2024-02-08T13:32:54+00:00","dateModified":"2024-02-13T14:25:21+00:00","mainEntityOfPage":{"@id":"https:\/\/news.canadamotorjobs.com\/fr\/toyota-prepare-un-vus-electrique-a-3-rangees-fabrique-au-kentucky\/"},"wordCount":354,"publisher":{"@id":"https:\/\/news.canadamotorjobs.com\/#organization"},"image":{"@id":"https:\/\/news.canadamotorjobs.com\/fr\/toyota-prepare-un-vus-electrique-a-3-rangees-fabrique-au-kentucky\/#primaryimage"},"thumbnailUrl":"https:\/\/news.canadamotorjobs.com\/wp-content\/uploads\/2024\/02\/toyota-motor-manufacturing.jpg","articleSection":["Annuel automobile"],"inLanguage":"fr-CA"},{"@type":"WebPage","@id":"https:\/\/news.canadamotorjobs.com\/fr\/toyota-prepare-un-vus-electrique-a-3-rangees-fabrique-au-kentucky\/","url":"https:\/\/news.canadamotorjobs.com\/fr\/toyota-prepare-un-vus-electrique-a-3-rangees-fabrique-au-kentucky\/","name":"Toyota pr\u00e9pare un VUS \u00e9lectrique \u00e0 3 rang\u00e9es fabriqu\u00e9 au Kentucky - CanadaMotorJobs.com","isPartOf":{"@id":"https:\/\/news.canadamotorjobs.com\/#website"},"primaryImageOfPage":{"@id":"https:\/\/news.canadamotorjobs.com\/fr\/toyota-prepare-un-vus-electrique-a-3-rangees-fabrique-au-kentucky\/#primaryimage"},"image":{"@id":"https:\/\/news.canadamotorjobs.com\/fr\/toyota-prepare-un-vus-electrique-a-3-rangees-fabrique-au-kentucky\/#primaryimage"},"thumbnailUrl":"https:\/\/news.canadamotorjobs.com\/wp-content\/uploads\/2024\/02\/toyota-motor-manufacturing.jpg","datePublished":"2024-02-08T13:32:54+00:00","dateModified":"2024-02-13T14:25:21+00:00","description":"Toyota pr\u00e9pare un VUS \u00e9lectrique \u00e0 3 rang\u00e9es fabriqu\u00e9 au Kentucky - Benoit Charette - Annuel automobile - CanadaMotorJobs.com.","breadcrumb":{"@id":"https:\/\/news.canadamotorjobs.com\/fr\/toyota-prepare-un-vus-electrique-a-3-rangees-fabrique-au-kentucky\/#breadcrumb"},"inLanguage":"fr-CA","potentialAction":[{"@type":"ReadAction","target":["https:\/\/news.canadamotorjobs.com\/fr\/toyota-prepare-un-vus-electrique-a-3-rangees-fabrique-au-kentucky\/"]}]},{"@type":"ImageObject","inLanguage":"fr-CA","@id":"https:\/\/news.canadamotorjobs.com\/fr\/toyota-prepare-un-vus-electrique-a-3-rangees-fabrique-au-kentucky\/#primaryimage","url":"https:\/\/news.canadamotorjobs.com\/wp-content\/uploads\/2024\/02\/toyota-motor-manufacturing.jpg","contentUrl":"https:\/\/news.canadamotorjobs.com\/wp-content\/uploads\/2024\/02\/toyota-motor-manufacturing.jpg","width":600,"height":400},{"@type":"BreadcrumbList","@id":"https:\/\/news.canadamotorjobs.com\/fr\/toyota-prepare-un-vus-electrique-a-3-rangees-fabrique-au-kentucky\/#breadcrumb","itemListElement":[{"@type":"ListItem","position":1,"name":"Home","item":"https:\/\/news.canadamotorjobs.com\/fr\/blog\/"},{"@type":"ListItem","position":2,"name":"Toyota pr\u00e9pare un VUS \u00e9lectrique \u00e0 3 rang\u00e9es fabriqu\u00e9 au Kentucky"}]},{"@type":"WebSite","@id":"https:\/\/news.canadamotorjobs.com\/#website","url":"https:\/\/news.canadamotorjobs.com\/","name":"CanadaMotorJobs.com","description":"Automotive Jobs","publisher":{"@id":"https:\/\/news.canadamotorjobs.com\/#organization"},"potentialAction":[{"@type":"SearchAction","target":{"@type":"EntryPoint","urlTemplate":"https:\/\/news.canadamotorjobs.com\/?s={search_term_string}"},"query-input":"required name=search_term_string"}],"inLanguage":"fr-CA"},{"@type":"Organization","@id":"https:\/\/news.canadamotorjobs.com\/#organization","name":"Canada Motor Jobs","url":"https:\/\/news.canadamotorjobs.com\/","logo":{"@type":"ImageObject","inLanguage":"fr-CA","@id":"https:\/\/news.canadamotorjobs.com\/#\/schema\/logo\/image\/","url":"https:\/\/news.canadamotorjobs.com\/wp-content\/uploads\/2022\/10\/logo-canada-motor-jobs-1.png","contentUrl":"https:\/\/news.canadamotorjobs.com\/wp-content\/uploads\/2022\/10\/logo-canada-motor-jobs-1.png","width":800,"height":400,"caption":"Canada Motor Jobs"},"image":{"@id":"https:\/\/news.canadamotorjobs.com\/#\/schema\/logo\/image\/"},"sameAs":["https:\/\/www.facebook.com\/canadamotorjobs\/","https:\/\/x.com\/canadamotorjobs","https:\/\/www.instagram.com\/canadamotorjobs\/","https:\/\/www.linkedin.com\/company\/canadamotorjobs"]},{"@type":"Person","@id":"https:\/\/news.canadamotorjobs.com\/#\/schema\/person\/51793d1f87d44011d7bcc2ed99269a90","name":"Benoit Charette","image":{"@type":"ImageObject","inLanguage":"fr-CA","@id":"https:\/\/news.canadamotorjobs.com\/#\/schema\/person\/image\/","url":"https:\/\/secure.gravatar.com\/avatar\/45f3d2eebcccd909668d7ce7ea7267b6?s=96&d=mm&r=g","contentUrl":"https:\/\/secure.gravatar.com\/avatar\/45f3d2eebcccd909668d7ce7ea7267b6?s=96&d=mm&r=g","caption":"Benoit Charette"},"description":"Benoit Charette \/ Propri\u00e9taire et r\u00e9dacteur en chef Benoit Charette pratique le journalisme automobile depuis bient\u00f4t 30 ans. Il a fait ses classes au c\u00f4t\u00e9 de Daniel H\u00e9raud et au Carnet de route de 1992 \u00e0 2001. Il est fondateur, copropri\u00e9taire et r\u00e9dacteur en chef de L\u2019Annuel de l\u2019automobile, qu\u2019il publie depuis 2001. Il a anim\u00e9 les \u00e9missions RPM et RPM+ sur V et les L\u00e9gendes de la route sur Historia. \u00c0 la radio depuis 1986, il reprend l\u2019antenne cette ann\u00e9e sur les ondes de Cogeco et participe pour la deuxi\u00e8me ann\u00e9e \u00e0 l\u2019\u00e9mission Passion Auto sur RDS en plus de mettre en ligne le site Web officiel de L\u2019Annuel de l\u2019automobile sur annuelauto.ca.","sameAs":["https:\/\/annuelauto.ca\/"],"url":"https:\/\/news.canadamotorjobs.com\/fr\/author\/benoit-charette\/"}]}},"_links":{"self":[{"href":"https:\/\/news.canadamotorjobs.com\/fr\/wp-json\/wp\/v2\/posts\/158405"}],"collection":[{"href":"https:\/\/news.canadamotorjobs.com\/fr\/wp-json\/wp\/v2\/posts"}],"about":[{"href":"https:\/\/news.canadamotorjobs.com\/fr\/wp-json\/wp\/v2\/types\/post"}],"author":[{"embeddable":true,"href":"https:\/\/news.canadamotorjobs.com\/fr\/wp-json\/wp\/v2\/users\/8"}],"replies":[{"embeddable":true,"href":"https:\/\/news.canadamotorjobs.com\/fr\/wp-json\/wp\/v2\/comments?post=158405"}],"version-history":[{"count":2,"href":"https:\/\/news.canadamotorjobs.com\/fr\/wp-json\/wp\/v2\/posts\/158405\/revisions"}],"predecessor-version":[{"id":158409,"href":"https:\/\/news.canadamotorjobs.com\/fr\/wp-json\/wp\/v2\/posts\/158405\/revisions\/158409"}],"wp:featuredmedia":[{"embeddable":true,"href":"https:\/\/news.canadamotorjobs.com\/fr\/wp-json\/wp\/v2\/media\/158407"}],"wp:attachment":[{"href":"https:\/\/news.canadamotorjobs.com\/fr\/wp-json\/wp\/v2\/media?parent=158405"}],"wp:term":[{"taxonomy":"category","embeddable":true,"href":"https:\/\/news.canadamotorjobs.com\/fr\/wp-json\/wp\/v2\/categories?post=158405"},{"taxonomy":"post_tag","embeddable":true,"href":"https:\/\/news.canadamotorjobs.com\/fr\/wp-json\/wp\/v2\/tags?post=158405"}],"curies":[{"name":"wp","href":"https:\/\/api.w.org\/{rel}","templated":true}]}}