{"id":158382,"date":"2024-02-08T07:19:04","date_gmt":"2024-02-08T12:19:04","guid":{"rendered":"https:\/\/news.canadamotorjobs.com\/?p=158382"},"modified":"2024-02-13T09:25:43","modified_gmt":"2024-02-13T14:25:43","slug":"honda-cr-v-hybrid","status":"publish","type":"post","link":"https:\/\/news.canadamotorjobs.com\/fr\/honda-cr-v-hybrid\/","title":{"rendered":"Honda CR-V hybrid"},"content":{"rendered":"<\/p>\n<p>Les constructeurs qui s\u2019opposent \u00e0 l\u2019\u00e9lectrification de l\u2019automobile avancent souvent (et \u00e0 tort, quand on regarde les chiffres) que les acheteurs ne sont juste pas int\u00e9ress\u00e9s \u00e0 acheter une auto \u00e9lectrique. Ces constructeurs-l\u00e0 ont tendance \u00e0 vendre un peu \u00e0 reculons leurs propres v\u00e9hicules \u00e9lectriques, et un de ces constructeurs-l\u00e0, manifestement, est Honda.<\/p>\n<p>Malheureusement, il suffit de regarder le prix de d\u00e9tail de ses v\u00e9hicules \u00e9lectrifi\u00e9s en tout ou en partie pour comprendre pourquoi Honda n\u2019est pas tr\u00e8s excit\u00e9 par le virage \u00e9lectrique. Le meilleur exemple est son CR-V, offert en une version hybride dont le prix de d\u00e9tail d\u00e9marre \u00e0 49\u00a0000$, ce qui est 12\u00a0000 $ au-dessus du prix de base du CR-V \u00e0 moteur \u00e0 essence seulement. Vu l\u2019\u00e9cart, on ne devrait pas s\u2019\u00e9tonner qu\u2019il soit beaucoup moins populaire en version hybride\u2026<\/p>\n<p>Vu son prix, on \u00e9tait aussi plut\u00f4t curieux de voir si sa m\u00e9canique bic\u00e9phale livrait la marchandise suffisamment pour absorber la surprime, ou en tout cas, si elle avait ce qu\u2019il faut pour rendre ce petit VUS qui est de moins en moins petit assez attrayant pour justifier un prix d\u2019environ 50\u00a0000$.<\/p>\n<p>L\u00e0-dessus, les avis seront partag\u00e9s. Sur papier, \u00e7a semble assez \u00e9vident. De base, le CR-V est anim\u00e9 par un 4 cylindre turbo de 1,5 litre qui g\u00e9n\u00e8re une puissance de 190 chevaux et un couple de 179 livres-pied. Le moteur hybride, compos\u00e9 d\u2019un moteur \u00e9lectrique jumel\u00e9 \u00e0 une cylindr\u00e9e de 2 litres \u00e0 aspiration naturelle, produit une puissance maximale de 204 chevaux et un couple de 247 livres-pied.<\/p>\n<p>Tous les CR-V ont une bo\u00eete de transmission \u00e0 variation continue (une CVT) et un rouage int\u00e9gral \u00e0 commande \u00e9lectronique. Le CR-V hybride h\u00e9rite en prime d\u2019un s\u00e9lecteur \u00e0 quatre modes de conduite (sport, normal, \u00e9cono et neige), ce que n\u2019ont pas ses autres versions.<\/p>\n<p>La bonne nouvelle est que tous les CR-V carburent \u00e0 l\u2019essence ordinaire, malgr\u00e9 le turbo. Leur consommation moyenne annonc\u00e9e par Honda est de 8,4 litres aux 100 kilom\u00e8tres pour les mod\u00e8les \u00e0 essence et de 6,4 litres aux 100 kilom\u00e8tres pour le CR-V hybride.\u00c9videmment, dans la vraie vie, c\u2019est un peu diff\u00e9rent. Attendez-vous plut\u00f4t \u00e0 consommer entre 9 et 10 litres aux 100 kilom\u00e8tres au volant du CR-V, et si vous optez pour l\u2019hybride, ce sera plus pr\u00e8s des 8 \u00e0 9 litres aux 100 kilom\u00e8tres.<\/p>\n<p>Ce qui, si vous \u00eates vite sur vos patins en termes de math\u00e9matiques, revient \u00e0 dire que le moteur hybride n\u2019apporte pas grand-chose de plus, et ne vaut essentiellement pas les 12\u00a0000 $ de plus qu\u2019il co\u00fbte.<\/p>\n<p>\u00c9videmment, on aimerait vous dire que l\u2019\u00e9quipement ajout\u00e9 sur cette version du CR-V compense pour la surprime, mais l\u00e0 encore, on reste un peu sur notre faim. On a CarPlay et Android Auto sans fil, plut\u00f4t qu\u2019\u00e0 connexion USB, et un syst\u00e8me multim\u00e9dia avec \u00e9cran de 9 pouces combin\u00e9 \u00e0 12 enceintes de la marque Bose, plut\u00f4t qu\u2019un syst\u00e8me \u00e0 6 ou 8 haut-parleurs.<\/p>\n<p>Les si\u00e8ges avant sont \u00e0 commande \u00e9lectrique \u00e0 bord de l\u2019hybride, comme pour la version EX-L la plus \u00e9quip\u00e9e, et on peut opter pour un cuir perfor\u00e9 aux accents orange tr\u00e8s chic.<\/p>\n<p>Mais presque 50\u00a0000 $ pour tout \u00e7a, \u00e0 notre humble avis, c\u2019est cher pay\u00e9. Peut-\u00eatre que c\u2019est m\u00eame trop cher, pour un VUS qui se veut pourtant un mod\u00e8le plus ou moins d\u2019entr\u00e9e de gamme. On se rappelle peut-\u00eatre un peu trop le CR-V d\u2019une autre \u00e9poque, quand ce mod\u00e8le-l\u00e0 \u00e9tait, avec le Toyota Rav4 et le Suzuki Vitara, un des plus petits v\u00e9hicules familiaux vendus au Canada.<\/p>\n<p>Allez savoir. Mais \u00e0 50\u00a0000 $, on comprend pourquoi le CR-V hybrid ne convainc personne que l\u2019\u00e9lectrification vaut la peine.<\/p>\n<p>\u00a0<\/p>\n<p>\u00a0<\/p>\n<p>Le texte <a rel=\"nofollow\" href=\"https:\/\/annuelauto.ca\/honda-cr-v-hybrid\/\">Honda CR-V hybrid<\/a> provient de <a rel=\"nofollow\" href=\"https:\/\/annuelauto.ca\">L&#8217;annuel de l&#8217;automobile &#8211; Actualit\u00e9 automobile<\/a><\/p>\n<p><\/p>\n","protected":false},"excerpt":{"rendered":"<p>Les constructeurs qui s\u2019opposent \u00e0 l\u2019\u00e9lectrification de l\u2019automobile avancent souvent (et \u00e0 tort, quand on regarde les chiffres) que les acheteurs ne sont juste pas int\u00e9ress\u00e9s \u00e0 acheter une auto \u00e9lectrique. Ces constructeurs-l\u00e0 ont tendance \u00e0 vendre un peu \u00e0 reculons leurs propres v\u00e9hicules \u00e9lectriques, et un de ces constructeurs-l\u00e0, manifestement, est Honda. Malheureusement, il [&hellip;]<\/p>\n","protected":false},"author":8,"featured_media":158384,"comment_status":"closed","ping_status":"closed","sticky":false,"template":"","format":"standard","meta":{"_monsterinsights_skip_tracking":false,"_monsterinsights_sitenote_active":false,"_monsterinsights_sitenote_note":"","_monsterinsights_sitenote_category":0,"footnotes":""},"categories":[101],"tags":[],"yoast_head":"<!-- This site is optimized with the Yoast SEO plugin v23.2 - https:\/\/yoast.com\/wordpress\/plugins\/seo\/ -->\n<title>Honda CR-V hybrid - CanadaMotorJobs.com<\/title>\n<meta name=\"description\" content=\"Honda CR-V hybrid - Benoit Charette - Annuel automobile - CanadaMotorJobs.com.\" \/>\n<meta name=\"robots\" content=\"index, follow, max-snippet:-1, max-image-preview:large, max-video-preview:-1\" \/>\n<meta property=\"og:locale\" content=\"fr_CA\" \/>\n<meta property=\"og:type\" content=\"article\" \/>\n<meta property=\"og:title\" content=\"Honda CR-V hybrid - CanadaMotorJobs.com\" \/>\n<meta property=\"og:description\" content=\"Honda CR-V hybrid - Benoit Charette - Annuel automobile - CanadaMotorJobs.com.\" \/>\n<meta property=\"og:url\" content=\"https:\/\/news.canadamotorjobs.com\/fr\/honda-cr-v-hybrid\/\" \/>\n<meta property=\"og:site_name\" content=\"CanadaMotorJobs.com\" \/>\n<meta property=\"article:publisher\" content=\"https:\/\/www.facebook.com\/canadamotorjobs\/\" \/>\n<meta property=\"article:published_time\" content=\"2024-02-08T12:19:04+00:00\" \/>\n<meta property=\"article:modified_time\" content=\"2024-02-13T14:25:43+00:00\" \/>\n<meta property=\"og:image\" content=\"https:\/\/news.canadamotorjobs.com\/wp-content\/uploads\/2024\/02\/69-2020-Honda-CR-V-Hybrid.jpg\" \/>\n\t<meta property=\"og:image:width\" content=\"1200\" \/>\n\t<meta property=\"og:image:height\" content=\"800\" \/>\n\t<meta property=\"og:image:type\" content=\"image\/jpeg\" \/>\n<meta name=\"author\" content=\"Benoit Charette\" \/>\n<meta name=\"twitter:card\" content=\"summary_large_image\" \/>\n<meta name=\"twitter:creator\" content=\"@canadamotorjobs\" \/>\n<meta name=\"twitter:site\" content=\"@canadamotorjobs\" \/>\n<meta name=\"twitter:label1\" content=\"\u00c9crit par\" \/>\n\t<meta name=\"twitter:data1\" content=\"Benoit Charette\" \/>\n\t<meta name=\"twitter:label2\" content=\"Estimation du temps de lecture\" \/>\n\t<meta name=\"twitter:data2\" content=\"3 minutes\" \/>\n<!-- \/ Yoast SEO plugin. -->","yoast_head_json":{"title":"Honda CR-V hybrid - CanadaMotorJobs.com","description":"Honda CR-V hybrid - Benoit Charette - Annuel automobile - CanadaMotorJobs.com.","robots":{"index":"index","follow":"follow","max-snippet":"max-snippet:-1","max-image-preview":"max-image-preview:large","max-video-preview":"max-video-preview:-1"},"og_locale":"fr_CA","og_type":"article","og_title":"Honda CR-V hybrid - CanadaMotorJobs.com","og_description":"Honda CR-V hybrid - Benoit Charette - Annuel automobile - CanadaMotorJobs.com.","og_url":"https:\/\/news.canadamotorjobs.com\/fr\/honda-cr-v-hybrid\/","og_site_name":"CanadaMotorJobs.com","article_publisher":"https:\/\/www.facebook.com\/canadamotorjobs\/","article_published_time":"2024-02-08T12:19:04+00:00","article_modified_time":"2024-02-13T14:25:43+00:00","og_image":[{"width":1200,"height":800,"url":"https:\/\/news.canadamotorjobs.com\/wp-content\/uploads\/2024\/02\/69-2020-Honda-CR-V-Hybrid.jpg","type":"image\/jpeg"}],"author":"Benoit Charette","twitter_card":"summary_large_image","twitter_creator":"@canadamotorjobs","twitter_site":"@canadamotorjobs","twitter_misc":{"\u00c9crit par":"Benoit Charette","Estimation du temps de lecture":"3 minutes"},"schema":{"@context":"https:\/\/schema.org","@graph":[{"@type":"Article","@id":"https:\/\/news.canadamotorjobs.com\/fr\/honda-cr-v-hybrid\/#article","isPartOf":{"@id":"https:\/\/news.canadamotorjobs.com\/fr\/honda-cr-v-hybrid\/"},"author":{"name":"Benoit Charette","@id":"https:\/\/news.canadamotorjobs.com\/#\/schema\/person\/51793d1f87d44011d7bcc2ed99269a90"},"headline":"Honda CR-V hybrid","datePublished":"2024-02-08T12:19:04+00:00","dateModified":"2024-02-13T14:25:43+00:00","mainEntityOfPage":{"@id":"https:\/\/news.canadamotorjobs.com\/fr\/honda-cr-v-hybrid\/"},"wordCount":642,"publisher":{"@id":"https:\/\/news.canadamotorjobs.com\/#organization"},"image":{"@id":"https:\/\/news.canadamotorjobs.com\/fr\/honda-cr-v-hybrid\/#primaryimage"},"thumbnailUrl":"https:\/\/news.canadamotorjobs.com\/wp-content\/uploads\/2024\/02\/69-2020-Honda-CR-V-Hybrid.jpg","articleSection":["Annuel automobile"],"inLanguage":"fr-CA"},{"@type":"WebPage","@id":"https:\/\/news.canadamotorjobs.com\/fr\/honda-cr-v-hybrid\/","url":"https:\/\/news.canadamotorjobs.com\/fr\/honda-cr-v-hybrid\/","name":"Honda CR-V hybrid - CanadaMotorJobs.com","isPartOf":{"@id":"https:\/\/news.canadamotorjobs.com\/#website"},"primaryImageOfPage":{"@id":"https:\/\/news.canadamotorjobs.com\/fr\/honda-cr-v-hybrid\/#primaryimage"},"image":{"@id":"https:\/\/news.canadamotorjobs.com\/fr\/honda-cr-v-hybrid\/#primaryimage"},"thumbnailUrl":"https:\/\/news.canadamotorjobs.com\/wp-content\/uploads\/2024\/02\/69-2020-Honda-CR-V-Hybrid.jpg","datePublished":"2024-02-08T12:19:04+00:00","dateModified":"2024-02-13T14:25:43+00:00","description":"Honda CR-V hybrid - Benoit Charette - Annuel automobile - CanadaMotorJobs.com.","breadcrumb":{"@id":"https:\/\/news.canadamotorjobs.com\/fr\/honda-cr-v-hybrid\/#breadcrumb"},"inLanguage":"fr-CA","potentialAction":[{"@type":"ReadAction","target":["https:\/\/news.canadamotorjobs.com\/fr\/honda-cr-v-hybrid\/"]}]},{"@type":"ImageObject","inLanguage":"fr-CA","@id":"https:\/\/news.canadamotorjobs.com\/fr\/honda-cr-v-hybrid\/#primaryimage","url":"https:\/\/news.canadamotorjobs.com\/wp-content\/uploads\/2024\/02\/69-2020-Honda-CR-V-Hybrid.jpg","contentUrl":"https:\/\/news.canadamotorjobs.com\/wp-content\/uploads\/2024\/02\/69-2020-Honda-CR-V-Hybrid.jpg","width":1200,"height":800},{"@type":"BreadcrumbList","@id":"https:\/\/news.canadamotorjobs.com\/fr\/honda-cr-v-hybrid\/#breadcrumb","itemListElement":[{"@type":"ListItem","position":1,"name":"Home","item":"https:\/\/news.canadamotorjobs.com\/fr\/blog\/"},{"@type":"ListItem","position":2,"name":"Honda CR-V hybrid"}]},{"@type":"WebSite","@id":"https:\/\/news.canadamotorjobs.com\/#website","url":"https:\/\/news.canadamotorjobs.com\/","name":"CanadaMotorJobs.com","description":"Automotive Jobs","publisher":{"@id":"https:\/\/news.canadamotorjobs.com\/#organization"},"potentialAction":[{"@type":"SearchAction","target":{"@type":"EntryPoint","urlTemplate":"https:\/\/news.canadamotorjobs.com\/?s={search_term_string}"},"query-input":"required name=search_term_string"}],"inLanguage":"fr-CA"},{"@type":"Organization","@id":"https:\/\/news.canadamotorjobs.com\/#organization","name":"Canada Motor Jobs","url":"https:\/\/news.canadamotorjobs.com\/","logo":{"@type":"ImageObject","inLanguage":"fr-CA","@id":"https:\/\/news.canadamotorjobs.com\/#\/schema\/logo\/image\/","url":"https:\/\/news.canadamotorjobs.com\/wp-content\/uploads\/2022\/10\/logo-canada-motor-jobs-1.png","contentUrl":"https:\/\/news.canadamotorjobs.com\/wp-content\/uploads\/2022\/10\/logo-canada-motor-jobs-1.png","width":800,"height":400,"caption":"Canada Motor Jobs"},"image":{"@id":"https:\/\/news.canadamotorjobs.com\/#\/schema\/logo\/image\/"},"sameAs":["https:\/\/www.facebook.com\/canadamotorjobs\/","https:\/\/x.com\/canadamotorjobs","https:\/\/www.instagram.com\/canadamotorjobs\/","https:\/\/www.linkedin.com\/company\/canadamotorjobs"]},{"@type":"Person","@id":"https:\/\/news.canadamotorjobs.com\/#\/schema\/person\/51793d1f87d44011d7bcc2ed99269a90","name":"Benoit Charette","image":{"@type":"ImageObject","inLanguage":"fr-CA","@id":"https:\/\/news.canadamotorjobs.com\/#\/schema\/person\/image\/","url":"https:\/\/secure.gravatar.com\/avatar\/45f3d2eebcccd909668d7ce7ea7267b6?s=96&d=mm&r=g","contentUrl":"https:\/\/secure.gravatar.com\/avatar\/45f3d2eebcccd909668d7ce7ea7267b6?s=96&d=mm&r=g","caption":"Benoit Charette"},"description":"Benoit Charette \/ Propri\u00e9taire et r\u00e9dacteur en chef Benoit Charette pratique le journalisme automobile depuis bient\u00f4t 30 ans. Il a fait ses classes au c\u00f4t\u00e9 de Daniel H\u00e9raud et au Carnet de route de 1992 \u00e0 2001. Il est fondateur, copropri\u00e9taire et r\u00e9dacteur en chef de L\u2019Annuel de l\u2019automobile, qu\u2019il publie depuis 2001. Il a anim\u00e9 les \u00e9missions RPM et RPM+ sur V et les L\u00e9gendes de la route sur Historia. \u00c0 la radio depuis 1986, il reprend l\u2019antenne cette ann\u00e9e sur les ondes de Cogeco et participe pour la deuxi\u00e8me ann\u00e9e \u00e0 l\u2019\u00e9mission Passion Auto sur RDS en plus de mettre en ligne le site Web officiel de L\u2019Annuel de l\u2019automobile sur annuelauto.ca.","sameAs":["https:\/\/annuelauto.ca\/"],"url":"https:\/\/news.canadamotorjobs.com\/fr\/author\/benoit-charette\/"}]}},"_links":{"self":[{"href":"https:\/\/news.canadamotorjobs.com\/fr\/wp-json\/wp\/v2\/posts\/158382"}],"collection":[{"href":"https:\/\/news.canadamotorjobs.com\/fr\/wp-json\/wp\/v2\/posts"}],"about":[{"href":"https:\/\/news.canadamotorjobs.com\/fr\/wp-json\/wp\/v2\/types\/post"}],"author":[{"embeddable":true,"href":"https:\/\/news.canadamotorjobs.com\/fr\/wp-json\/wp\/v2\/users\/8"}],"replies":[{"embeddable":true,"href":"https:\/\/news.canadamotorjobs.com\/fr\/wp-json\/wp\/v2\/comments?post=158382"}],"version-history":[{"count":2,"href":"https:\/\/news.canadamotorjobs.com\/fr\/wp-json\/wp\/v2\/posts\/158382\/revisions"}],"predecessor-version":[{"id":158386,"href":"https:\/\/news.canadamotorjobs.com\/fr\/wp-json\/wp\/v2\/posts\/158382\/revisions\/158386"}],"wp:featuredmedia":[{"embeddable":true,"href":"https:\/\/news.canadamotorjobs.com\/fr\/wp-json\/wp\/v2\/media\/158384"}],"wp:attachment":[{"href":"https:\/\/news.canadamotorjobs.com\/fr\/wp-json\/wp\/v2\/media?parent=158382"}],"wp:term":[{"taxonomy":"category","embeddable":true,"href":"https:\/\/news.canadamotorjobs.com\/fr\/wp-json\/wp\/v2\/categories?post=158382"},{"taxonomy":"post_tag","embeddable":true,"href":"https:\/\/news.canadamotorjobs.com\/fr\/wp-json\/wp\/v2\/tags?post=158382"}],"curies":[{"name":"wp","href":"https:\/\/api.w.org\/{rel}","templated":true}]}}