{"id":158359,"date":"2024-02-08T07:02:21","date_gmt":"2024-02-08T12:02:21","guid":{"rendered":"https:\/\/news.canadamotorjobs.com\/?p=158359"},"modified":"2024-02-13T09:25:56","modified_gmt":"2024-02-13T14:25:56","slug":"volkswagen-se-lance-a-son-tour-dans-lia-generative","status":"publish","type":"post","link":"https:\/\/news.canadamotorjobs.com\/fr\/volkswagen-se-lance-a-son-tour-dans-lia-generative\/","title":{"rendered":"Volkswagen se lance \u00e0 son tour dans l\u2019IA g\u00e9n\u00e9rative"},"content":{"rendered":"<\/p>\n<p>On parle beaucoup d\u2019intelligence artificielle depuis le lancement en novembre 2022 de l\u2019application ChatGPT, qui est capable de comprendre et de g\u00e9n\u00e9rer du texte ou des images de fa\u00e7on automatis\u00e9e, et l\u2019industrie automobile n\u2019est pas insensible \u00e0 cette tendance. Ces jours-ci, c\u2019est au tour de Volkswagen de se lancer dans l\u2019aventure.<\/p>\n<p>Le groupe allemand a annonc\u00e9 la cr\u00e9ation d\u2019une division interne mais relativement ind\u00e9pendante qui s\u2019appelle AI Lab et dont le mandat sera de faire le tour du monde afin de trouver les meilleures id\u00e9es d\u2019application de l\u2019IA \u00e0 bord de l\u2019automobile et, selon le cas, soit de d\u00e9velopper elle-m\u00eame ces id\u00e9es, ou de collaborer avec les autres entreprises qui voudront bien le faire \u00e0 sa place.<\/p>\n<p>Chez Volkswagen, on voit l\u2019IA \u00eatre appliqu\u00e9e de diff\u00e9rentes fa\u00e7on dans ses v\u00e9hicules. \u00c9videmment, le plus \u00e9vident est la cr\u00e9ation d\u2019une interface vocale \u00e9volu\u00e9e, quelque chose qui sera en application d\u00e8s 2025 en Europe \u00e0 bord de la Golf, d\u2019ailleurs. Volkswagen a justement d\u00e9cid\u00e9 d\u2019utiliser ChatGPT comme assistant vocal \u00e0 bord de sa petite voiture, et on vient d\u2019annoncer qu\u2019Alexa, la commande vocale d\u2019Amazon, sera bient\u00f4t ajout\u00e9 au syst\u00e8me multim\u00e9dia de ses futurs v\u00e9hicules.<\/p>\n<p>\u00c7a va aussi plus loin que \u00e7a. Volkswagen pense qu\u2019une IA con\u00e7ue pour l\u2019automobile pourrait pr\u00e9venir les bris m\u00e9caniques, en tenant compte de divers facteurs pour faire effectuer des \u00abentretiens pr\u00e9ventifs\u00bb, ce qui fera sauver de pr\u00e9cieux sous \u00e0 ses clients. Une IA adapt\u00e9e au syst\u00e8me de transport pourrait aussi faciliter la navigation en ville, par exemple en aidant le conducteur \u00e0 mieux anticiper le comportement des autres v\u00e9hicules, le rythme des feux de circulation, et ainsi de suite.<\/p>\n<p>Enfin, Volkswagen pr\u00e9voit que l\u2019IA permettra de faciliter la conduite de ses v\u00e9hicules \u00e9lectriques en aidant le conducteur \u00e0 int\u00e9grer plus naturellement \u00e0 ses d\u00e9placements des moments et des endroits o\u00f9 effectuer des recharges de sa batterie.<\/p>\n<p>On verra bien dans les prochaines ann\u00e9es ce que \u00e7a va donner. On ne peut pas dire que Volkswagen a eu la main heureuse du c\u00f4t\u00e9 logiciel ces derni\u00e8res ann\u00e9es, mais l\u2019intention derri\u00e8re la cr\u00e9ation de son AI Lab est clairement de corriger cette situation.<\/p>\n<p>\u00a0<\/p>\n<p>Le texte <a rel=\"nofollow\" href=\"https:\/\/annuelauto.ca\/volkswagen-se-lance-a-son-tour-dans-lia-generative\/\">Volkswagen se lance \u00e0 son tour dans l\u2019IA g\u00e9n\u00e9rative<\/a> provient de <a rel=\"nofollow\" href=\"https:\/\/annuelauto.ca\">L&#8217;annuel de l&#8217;automobile &#8211; Actualit\u00e9 automobile<\/a><\/p>\n<p><\/p>\n","protected":false},"excerpt":{"rendered":"<p>On parle beaucoup d\u2019intelligence artificielle depuis le lancement en novembre 2022 de l\u2019application ChatGPT, qui est capable de comprendre et de g\u00e9n\u00e9rer du texte ou des images de fa\u00e7on automatis\u00e9e, et l\u2019industrie automobile n\u2019est pas insensible \u00e0 cette tendance. Ces jours-ci, c\u2019est au tour de Volkswagen de se lancer dans l\u2019aventure. Le groupe allemand a [&hellip;]<\/p>\n","protected":false},"author":8,"featured_media":158361,"comment_status":"closed","ping_status":"closed","sticky":false,"template":"","format":"standard","meta":{"_monsterinsights_skip_tracking":false,"_monsterinsights_sitenote_active":false,"_monsterinsights_sitenote_note":"","_monsterinsights_sitenote_category":0,"footnotes":""},"categories":[101],"tags":[],"yoast_head":"<!-- This site is optimized with the Yoast SEO plugin v23.2 - https:\/\/yoast.com\/wordpress\/plugins\/seo\/ -->\n<title>Volkswagen se lance \u00e0 son tour dans l\u2019IA g\u00e9n\u00e9rative - CanadaMotorJobs.com<\/title>\n<meta name=\"description\" content=\"Volkswagen se lance \u00e0 son tour dans l\u2019IA g\u00e9n\u00e9rative - Benoit Charette - Annuel automobile - CanadaMotorJobs.com.\" \/>\n<meta name=\"robots\" content=\"index, follow, max-snippet:-1, max-image-preview:large, max-video-preview:-1\" \/>\n<meta property=\"og:locale\" content=\"fr_CA\" \/>\n<meta property=\"og:type\" content=\"article\" \/>\n<meta property=\"og:title\" content=\"Volkswagen se lance \u00e0 son tour dans l\u2019IA g\u00e9n\u00e9rative - CanadaMotorJobs.com\" \/>\n<meta property=\"og:description\" content=\"Volkswagen se lance \u00e0 son tour dans l\u2019IA g\u00e9n\u00e9rative - Benoit Charette - Annuel automobile - CanadaMotorJobs.com.\" \/>\n<meta property=\"og:url\" content=\"https:\/\/news.canadamotorjobs.com\/fr\/volkswagen-se-lance-a-son-tour-dans-lia-generative\/\" \/>\n<meta property=\"og:site_name\" content=\"CanadaMotorJobs.com\" \/>\n<meta property=\"article:publisher\" content=\"https:\/\/www.facebook.com\/canadamotorjobs\/\" \/>\n<meta property=\"article:published_time\" content=\"2024-02-08T12:02:21+00:00\" \/>\n<meta property=\"article:modified_time\" content=\"2024-02-13T14:25:56+00:00\" \/>\n<meta property=\"og:image\" content=\"https:\/\/news.canadamotorjobs.com\/wp-content\/uploads\/2024\/02\/volkswagen-golf-with-chatgpt-integration.jpg\" \/>\n\t<meta property=\"og:image:width\" content=\"1280\" \/>\n\t<meta property=\"og:image:height\" content=\"720\" \/>\n\t<meta property=\"og:image:type\" content=\"image\/jpeg\" \/>\n<meta name=\"author\" content=\"Benoit Charette\" \/>\n<meta name=\"twitter:card\" content=\"summary_large_image\" \/>\n<meta name=\"twitter:creator\" content=\"@canadamotorjobs\" \/>\n<meta name=\"twitter:site\" content=\"@canadamotorjobs\" \/>\n<meta name=\"twitter:label1\" content=\"\u00c9crit par\" \/>\n\t<meta name=\"twitter:data1\" content=\"Benoit Charette\" \/>\n\t<meta name=\"twitter:label2\" content=\"Estimation du temps de lecture\" \/>\n\t<meta name=\"twitter:data2\" content=\"2 minutes\" \/>\n<!-- \/ Yoast SEO plugin. -->","yoast_head_json":{"title":"Volkswagen se lance \u00e0 son tour dans l\u2019IA g\u00e9n\u00e9rative - CanadaMotorJobs.com","description":"Volkswagen se lance \u00e0 son tour dans l\u2019IA g\u00e9n\u00e9rative - Benoit Charette - Annuel automobile - CanadaMotorJobs.com.","robots":{"index":"index","follow":"follow","max-snippet":"max-snippet:-1","max-image-preview":"max-image-preview:large","max-video-preview":"max-video-preview:-1"},"og_locale":"fr_CA","og_type":"article","og_title":"Volkswagen se lance \u00e0 son tour dans l\u2019IA g\u00e9n\u00e9rative - CanadaMotorJobs.com","og_description":"Volkswagen se lance \u00e0 son tour dans l\u2019IA g\u00e9n\u00e9rative - Benoit Charette - Annuel automobile - CanadaMotorJobs.com.","og_url":"https:\/\/news.canadamotorjobs.com\/fr\/volkswagen-se-lance-a-son-tour-dans-lia-generative\/","og_site_name":"CanadaMotorJobs.com","article_publisher":"https:\/\/www.facebook.com\/canadamotorjobs\/","article_published_time":"2024-02-08T12:02:21+00:00","article_modified_time":"2024-02-13T14:25:56+00:00","og_image":[{"width":1280,"height":720,"url":"https:\/\/news.canadamotorjobs.com\/wp-content\/uploads\/2024\/02\/volkswagen-golf-with-chatgpt-integration.jpg","type":"image\/jpeg"}],"author":"Benoit Charette","twitter_card":"summary_large_image","twitter_creator":"@canadamotorjobs","twitter_site":"@canadamotorjobs","twitter_misc":{"\u00c9crit par":"Benoit Charette","Estimation du temps de lecture":"2 minutes"},"schema":{"@context":"https:\/\/schema.org","@graph":[{"@type":"Article","@id":"https:\/\/news.canadamotorjobs.com\/fr\/volkswagen-se-lance-a-son-tour-dans-lia-generative\/#article","isPartOf":{"@id":"https:\/\/news.canadamotorjobs.com\/fr\/volkswagen-se-lance-a-son-tour-dans-lia-generative\/"},"author":{"name":"Benoit Charette","@id":"https:\/\/news.canadamotorjobs.com\/#\/schema\/person\/51793d1f87d44011d7bcc2ed99269a90"},"headline":"Volkswagen se lance \u00e0 son tour dans l\u2019IA g\u00e9n\u00e9rative","datePublished":"2024-02-08T12:02:21+00:00","dateModified":"2024-02-13T14:25:56+00:00","mainEntityOfPage":{"@id":"https:\/\/news.canadamotorjobs.com\/fr\/volkswagen-se-lance-a-son-tour-dans-lia-generative\/"},"wordCount":437,"publisher":{"@id":"https:\/\/news.canadamotorjobs.com\/#organization"},"image":{"@id":"https:\/\/news.canadamotorjobs.com\/fr\/volkswagen-se-lance-a-son-tour-dans-lia-generative\/#primaryimage"},"thumbnailUrl":"https:\/\/news.canadamotorjobs.com\/wp-content\/uploads\/2024\/02\/volkswagen-golf-with-chatgpt-integration.jpg","articleSection":["Annuel automobile"],"inLanguage":"fr-CA"},{"@type":"WebPage","@id":"https:\/\/news.canadamotorjobs.com\/fr\/volkswagen-se-lance-a-son-tour-dans-lia-generative\/","url":"https:\/\/news.canadamotorjobs.com\/fr\/volkswagen-se-lance-a-son-tour-dans-lia-generative\/","name":"Volkswagen se lance \u00e0 son tour dans l\u2019IA g\u00e9n\u00e9rative - CanadaMotorJobs.com","isPartOf":{"@id":"https:\/\/news.canadamotorjobs.com\/#website"},"primaryImageOfPage":{"@id":"https:\/\/news.canadamotorjobs.com\/fr\/volkswagen-se-lance-a-son-tour-dans-lia-generative\/#primaryimage"},"image":{"@id":"https:\/\/news.canadamotorjobs.com\/fr\/volkswagen-se-lance-a-son-tour-dans-lia-generative\/#primaryimage"},"thumbnailUrl":"https:\/\/news.canadamotorjobs.com\/wp-content\/uploads\/2024\/02\/volkswagen-golf-with-chatgpt-integration.jpg","datePublished":"2024-02-08T12:02:21+00:00","dateModified":"2024-02-13T14:25:56+00:00","description":"Volkswagen se lance \u00e0 son tour dans l\u2019IA g\u00e9n\u00e9rative - Benoit Charette - Annuel automobile - CanadaMotorJobs.com.","breadcrumb":{"@id":"https:\/\/news.canadamotorjobs.com\/fr\/volkswagen-se-lance-a-son-tour-dans-lia-generative\/#breadcrumb"},"inLanguage":"fr-CA","potentialAction":[{"@type":"ReadAction","target":["https:\/\/news.canadamotorjobs.com\/fr\/volkswagen-se-lance-a-son-tour-dans-lia-generative\/"]}]},{"@type":"ImageObject","inLanguage":"fr-CA","@id":"https:\/\/news.canadamotorjobs.com\/fr\/volkswagen-se-lance-a-son-tour-dans-lia-generative\/#primaryimage","url":"https:\/\/news.canadamotorjobs.com\/wp-content\/uploads\/2024\/02\/volkswagen-golf-with-chatgpt-integration.jpg","contentUrl":"https:\/\/news.canadamotorjobs.com\/wp-content\/uploads\/2024\/02\/volkswagen-golf-with-chatgpt-integration.jpg","width":1280,"height":720},{"@type":"BreadcrumbList","@id":"https:\/\/news.canadamotorjobs.com\/fr\/volkswagen-se-lance-a-son-tour-dans-lia-generative\/#breadcrumb","itemListElement":[{"@type":"ListItem","position":1,"name":"Home","item":"https:\/\/news.canadamotorjobs.com\/fr\/blog\/"},{"@type":"ListItem","position":2,"name":"Volkswagen se lance \u00e0 son tour dans l\u2019IA g\u00e9n\u00e9rative"}]},{"@type":"WebSite","@id":"https:\/\/news.canadamotorjobs.com\/#website","url":"https:\/\/news.canadamotorjobs.com\/","name":"CanadaMotorJobs.com","description":"Automotive Jobs","publisher":{"@id":"https:\/\/news.canadamotorjobs.com\/#organization"},"potentialAction":[{"@type":"SearchAction","target":{"@type":"EntryPoint","urlTemplate":"https:\/\/news.canadamotorjobs.com\/?s={search_term_string}"},"query-input":"required name=search_term_string"}],"inLanguage":"fr-CA"},{"@type":"Organization","@id":"https:\/\/news.canadamotorjobs.com\/#organization","name":"Canada Motor Jobs","url":"https:\/\/news.canadamotorjobs.com\/","logo":{"@type":"ImageObject","inLanguage":"fr-CA","@id":"https:\/\/news.canadamotorjobs.com\/#\/schema\/logo\/image\/","url":"https:\/\/news.canadamotorjobs.com\/wp-content\/uploads\/2022\/10\/logo-canada-motor-jobs-1.png","contentUrl":"https:\/\/news.canadamotorjobs.com\/wp-content\/uploads\/2022\/10\/logo-canada-motor-jobs-1.png","width":800,"height":400,"caption":"Canada Motor Jobs"},"image":{"@id":"https:\/\/news.canadamotorjobs.com\/#\/schema\/logo\/image\/"},"sameAs":["https:\/\/www.facebook.com\/canadamotorjobs\/","https:\/\/x.com\/canadamotorjobs","https:\/\/www.instagram.com\/canadamotorjobs\/","https:\/\/www.linkedin.com\/company\/canadamotorjobs"]},{"@type":"Person","@id":"https:\/\/news.canadamotorjobs.com\/#\/schema\/person\/51793d1f87d44011d7bcc2ed99269a90","name":"Benoit Charette","image":{"@type":"ImageObject","inLanguage":"fr-CA","@id":"https:\/\/news.canadamotorjobs.com\/#\/schema\/person\/image\/","url":"https:\/\/secure.gravatar.com\/avatar\/45f3d2eebcccd909668d7ce7ea7267b6?s=96&d=mm&r=g","contentUrl":"https:\/\/secure.gravatar.com\/avatar\/45f3d2eebcccd909668d7ce7ea7267b6?s=96&d=mm&r=g","caption":"Benoit Charette"},"description":"Benoit Charette \/ Propri\u00e9taire et r\u00e9dacteur en chef Benoit Charette pratique le journalisme automobile depuis bient\u00f4t 30 ans. Il a fait ses classes au c\u00f4t\u00e9 de Daniel H\u00e9raud et au Carnet de route de 1992 \u00e0 2001. Il est fondateur, copropri\u00e9taire et r\u00e9dacteur en chef de L\u2019Annuel de l\u2019automobile, qu\u2019il publie depuis 2001. Il a anim\u00e9 les \u00e9missions RPM et RPM+ sur V et les L\u00e9gendes de la route sur Historia. \u00c0 la radio depuis 1986, il reprend l\u2019antenne cette ann\u00e9e sur les ondes de Cogeco et participe pour la deuxi\u00e8me ann\u00e9e \u00e0 l\u2019\u00e9mission Passion Auto sur RDS en plus de mettre en ligne le site Web officiel de L\u2019Annuel de l\u2019automobile sur annuelauto.ca.","sameAs":["https:\/\/annuelauto.ca\/"],"url":"https:\/\/news.canadamotorjobs.com\/fr\/author\/benoit-charette\/"}]}},"_links":{"self":[{"href":"https:\/\/news.canadamotorjobs.com\/fr\/wp-json\/wp\/v2\/posts\/158359"}],"collection":[{"href":"https:\/\/news.canadamotorjobs.com\/fr\/wp-json\/wp\/v2\/posts"}],"about":[{"href":"https:\/\/news.canadamotorjobs.com\/fr\/wp-json\/wp\/v2\/types\/post"}],"author":[{"embeddable":true,"href":"https:\/\/news.canadamotorjobs.com\/fr\/wp-json\/wp\/v2\/users\/8"}],"replies":[{"embeddable":true,"href":"https:\/\/news.canadamotorjobs.com\/fr\/wp-json\/wp\/v2\/comments?post=158359"}],"version-history":[{"count":2,"href":"https:\/\/news.canadamotorjobs.com\/fr\/wp-json\/wp\/v2\/posts\/158359\/revisions"}],"predecessor-version":[{"id":158363,"href":"https:\/\/news.canadamotorjobs.com\/fr\/wp-json\/wp\/v2\/posts\/158359\/revisions\/158363"}],"wp:featuredmedia":[{"embeddable":true,"href":"https:\/\/news.canadamotorjobs.com\/fr\/wp-json\/wp\/v2\/media\/158361"}],"wp:attachment":[{"href":"https:\/\/news.canadamotorjobs.com\/fr\/wp-json\/wp\/v2\/media?parent=158359"}],"wp:term":[{"taxonomy":"category","embeddable":true,"href":"https:\/\/news.canadamotorjobs.com\/fr\/wp-json\/wp\/v2\/categories?post=158359"},{"taxonomy":"post_tag","embeddable":true,"href":"https:\/\/news.canadamotorjobs.com\/fr\/wp-json\/wp\/v2\/tags?post=158359"}],"curies":[{"name":"wp","href":"https:\/\/api.w.org\/{rel}","templated":true}]}}