{"id":158300,"date":"2024-02-07T07:15:21","date_gmt":"2024-02-07T12:15:21","guid":{"rendered":"https:\/\/news.canadamotorjobs.com\/?p=158300"},"modified":"2024-02-07T07:29:16","modified_gmt":"2024-02-07T12:29:16","slug":"rivian-r2-un-vus-electrique-compact-attendu-le-7-mars","status":"publish","type":"post","link":"https:\/\/news.canadamotorjobs.com\/fr\/rivian-r2-un-vus-electrique-compact-attendu-le-7-mars\/","title":{"rendered":"Rivian R2\u00a0: un VUS \u00e9lectrique compact attendu le 7 mars"},"content":{"rendered":"<\/p>\n<p>On la voit moins que d\u2019autres sur nos routes, mais la marque de camions \u00e9lectriques Rivian poursuit son essor. Il faut dire que la livraison des premiers exemplaires de son R1S, un VUS tout \u00e9lectrique plein format, et de la R1T, la camionnette bas\u00e9e sur la m\u00eame plateforme, est plus longue que pr\u00e9vu. \u00c7a n\u2019emp\u00eache pas Rivian de planifier l\u2019arriv\u00e9e d\u2019un nouveau mod\u00e8le, le R2, qui sera d\u00e9voil\u00e9 le 7 mars prochain.<\/p>\n<p>C\u2019est ce que la direction de Rivian a annonc\u00e9 sur X, le r\u00e9seau social anciennement appel\u00e9 Twitter. Le R2 sera donc plus compact que le R1S, ce qui devrait se traduire au minimum par un prix de d\u00e9tail plus raisonnable. L\u2019annonce faite il y a quelques jours ne comprend aucune information technique, mais on peut d\u00e9duire de propos tenus l\u2019\u00e9t\u00e9 dernier par la directrice des finances de Rivian que le R2 sera mis en march\u00e9 d\u2019ici 2026 \u00e0 un prix de d\u00e9tail qui devrait osciller entre 40\u00a0000 et 60\u00a0000 $US, soit entre 55\u00a0000 et 80\u00a0000 $CA, selon le taux de change actuel.<\/p>\n<p>\u00c0 titre comparatif, le R1S co\u00fbte en ce moment 78\u00a0000 $US, soit 105\u00a0000 $CA. On parle donc d\u2019un plus petit v\u00e9hicule \u00e9lectrique qui rendra la marque Rivian plus accessible pour le grand public et qui, avec un peu de chance, assurera sa rentabilit\u00e9 \u00e0 plus long terme. Car Rivian, malgr\u00e9 l\u2019aide re\u00e7ue ces derni\u00e8res ann\u00e9es de Ford et d\u2019Amazon, entre autres, n\u2019est pas encore rentable. Il n\u2019y a pas de panique, \u00e0 l\u2019heure actuelle, mais quand m\u00eame, proposer des mod\u00e8les \u00e9lectrifi\u00e9s abordables est la cl\u00e9 du succ\u00e8s pour Rivian, qui semble vouloir imiter la strat\u00e9gie de Tesla \u00e0 ses d\u00e9buts, mais appliqu\u00e9e au march\u00e9 des VUS et des camionnettes.<\/p>\n<p>\u00c0 date, on n\u2019a pas vu grand-chose du R2, \u00e0 part un prototype voil\u00e9 qui avait la forme g\u00e9n\u00e9rale du R1S, mais dans un format comparable \u00e0 celui du Jeep Grand Cherokee. Rivian a aussi brevet\u00e9 le nom \u00abR2T\u00bb, ce qui laisse croire qu\u2019on pourrait voir appara\u00eetre aussi une version camionnette de ce mod\u00e8le.<\/p>\n<p>On en saura plus le 7 mars prochain. On pourra aussi voir si le plan de Rivian, qui \u00e9tait d\u2019offrir \u00e0 terme une gamme de six v\u00e9hicules \u00e9lectriques, tient toujours la route.<\/p>\n<p>Le texte <a rel=\"nofollow\" href=\"https:\/\/annuelauto.ca\/rivian-r2-un-vus-electrique-compact-attendu-le-7-mars\/\">Rivian R2\u00a0: un VUS \u00e9lectrique compact attendu le 7 mars<\/a> provient de <a rel=\"nofollow\" href=\"https:\/\/annuelauto.ca\">L&#8217;annuel de l&#8217;automobile &#8211; Actualit\u00e9 automobile<\/a><\/p>\n<p><\/p>\n","protected":false},"excerpt":{"rendered":"<p>On la voit moins que d\u2019autres sur nos routes, mais la marque de camions \u00e9lectriques Rivian poursuit son essor. Il faut dire que la livraison des premiers exemplaires de son R1S, un VUS tout \u00e9lectrique plein format, et de la R1T, la camionnette bas\u00e9e sur la m\u00eame plateforme, est plus longue que pr\u00e9vu. \u00c7a n\u2019emp\u00eache [&hellip;]<\/p>\n","protected":false},"author":8,"featured_media":158302,"comment_status":"close","ping_status":"closed","sticky":false,"template":"","format":"standard","meta":{"_monsterinsights_skip_tracking":false,"_monsterinsights_sitenote_active":false,"_monsterinsights_sitenote_note":"","_monsterinsights_sitenote_category":0,"footnotes":""},"categories":[101],"tags":[],"yoast_head":"<!-- This site is optimized with the Yoast SEO plugin v23.2 - https:\/\/yoast.com\/wordpress\/plugins\/seo\/ -->\n<title>Rivian R2\u00a0: un VUS \u00e9lectrique compact attendu le 7 mars - CanadaMotorJobs.com<\/title>\n<meta name=\"description\" content=\"Rivian R2\u00a0: un VUS \u00e9lectrique compact attendu le 7 mars - Benoit Charette - Annuel automobile - CanadaMotorJobs.com.\" \/>\n<meta name=\"robots\" content=\"index, follow, max-snippet:-1, max-image-preview:large, max-video-preview:-1\" \/>\n<meta property=\"og:locale\" content=\"fr_CA\" \/>\n<meta property=\"og:type\" content=\"article\" \/>\n<meta property=\"og:title\" content=\"Rivian R2\u00a0: un VUS \u00e9lectrique compact attendu le 7 mars - CanadaMotorJobs.com\" \/>\n<meta property=\"og:description\" content=\"Rivian R2\u00a0: un VUS \u00e9lectrique compact attendu le 7 mars - Benoit Charette - Annuel automobile - CanadaMotorJobs.com.\" \/>\n<meta property=\"og:url\" content=\"https:\/\/news.canadamotorjobs.com\/fr\/rivian-r2-un-vus-electrique-compact-attendu-le-7-mars\/\" \/>\n<meta property=\"og:site_name\" content=\"CanadaMotorJobs.com\" \/>\n<meta property=\"article:publisher\" content=\"https:\/\/www.facebook.com\/canadamotorjobs\/\" \/>\n<meta property=\"article:published_time\" content=\"2024-02-07T12:15:21+00:00\" \/>\n<meta property=\"article:modified_time\" content=\"2024-02-07T12:29:16+00:00\" \/>\n<meta property=\"og:image\" content=\"https:\/\/news.canadamotorjobs.com\/wp-content\/uploads\/2024\/02\/1149616.jpg\" \/>\n\t<meta property=\"og:image:width\" content=\"1600\" \/>\n\t<meta property=\"og:image:height\" content=\"1066\" \/>\n\t<meta property=\"og:image:type\" content=\"image\/jpeg\" \/>\n<meta name=\"author\" content=\"Benoit Charette\" \/>\n<meta name=\"twitter:card\" content=\"summary_large_image\" \/>\n<meta name=\"twitter:creator\" content=\"@canadamotorjobs\" \/>\n<meta name=\"twitter:site\" content=\"@canadamotorjobs\" \/>\n<meta name=\"twitter:label1\" content=\"\u00c9crit par\" \/>\n\t<meta name=\"twitter:data1\" content=\"Benoit Charette\" \/>\n\t<meta name=\"twitter:label2\" content=\"Estimation du temps de lecture\" \/>\n\t<meta name=\"twitter:data2\" content=\"2 minutes\" \/>\n<!-- \/ Yoast SEO plugin. -->","yoast_head_json":{"title":"Rivian R2\u00a0: un VUS \u00e9lectrique compact attendu le 7 mars - CanadaMotorJobs.com","description":"Rivian R2\u00a0: un VUS \u00e9lectrique compact attendu le 7 mars - Benoit Charette - Annuel automobile - CanadaMotorJobs.com.","robots":{"index":"index","follow":"follow","max-snippet":"max-snippet:-1","max-image-preview":"max-image-preview:large","max-video-preview":"max-video-preview:-1"},"og_locale":"fr_CA","og_type":"article","og_title":"Rivian R2\u00a0: un VUS \u00e9lectrique compact attendu le 7 mars - CanadaMotorJobs.com","og_description":"Rivian R2\u00a0: un VUS \u00e9lectrique compact attendu le 7 mars - Benoit Charette - Annuel automobile - CanadaMotorJobs.com.","og_url":"https:\/\/news.canadamotorjobs.com\/fr\/rivian-r2-un-vus-electrique-compact-attendu-le-7-mars\/","og_site_name":"CanadaMotorJobs.com","article_publisher":"https:\/\/www.facebook.com\/canadamotorjobs\/","article_published_time":"2024-02-07T12:15:21+00:00","article_modified_time":"2024-02-07T12:29:16+00:00","og_image":[{"width":1600,"height":1066,"url":"https:\/\/news.canadamotorjobs.com\/wp-content\/uploads\/2024\/02\/1149616.jpg","type":"image\/jpeg"}],"author":"Benoit Charette","twitter_card":"summary_large_image","twitter_creator":"@canadamotorjobs","twitter_site":"@canadamotorjobs","twitter_misc":{"\u00c9crit par":"Benoit Charette","Estimation du temps de lecture":"2 minutes"},"schema":{"@context":"https:\/\/schema.org","@graph":[{"@type":"Article","@id":"https:\/\/news.canadamotorjobs.com\/fr\/rivian-r2-un-vus-electrique-compact-attendu-le-7-mars\/#article","isPartOf":{"@id":"https:\/\/news.canadamotorjobs.com\/fr\/rivian-r2-un-vus-electrique-compact-attendu-le-7-mars\/"},"author":{"name":"Benoit Charette","@id":"https:\/\/news.canadamotorjobs.com\/#\/schema\/person\/51793d1f87d44011d7bcc2ed99269a90"},"headline":"Rivian R2\u00a0: un VUS \u00e9lectrique compact attendu le 7 mars","datePublished":"2024-02-07T12:15:21+00:00","dateModified":"2024-02-07T12:29:16+00:00","mainEntityOfPage":{"@id":"https:\/\/news.canadamotorjobs.com\/fr\/rivian-r2-un-vus-electrique-compact-attendu-le-7-mars\/"},"wordCount":432,"publisher":{"@id":"https:\/\/news.canadamotorjobs.com\/#organization"},"image":{"@id":"https:\/\/news.canadamotorjobs.com\/fr\/rivian-r2-un-vus-electrique-compact-attendu-le-7-mars\/#primaryimage"},"thumbnailUrl":"https:\/\/news.canadamotorjobs.com\/wp-content\/uploads\/2024\/02\/1149616.jpg","articleSection":["Annuel automobile"],"inLanguage":"fr-CA"},{"@type":"WebPage","@id":"https:\/\/news.canadamotorjobs.com\/fr\/rivian-r2-un-vus-electrique-compact-attendu-le-7-mars\/","url":"https:\/\/news.canadamotorjobs.com\/fr\/rivian-r2-un-vus-electrique-compact-attendu-le-7-mars\/","name":"Rivian R2\u00a0: un VUS \u00e9lectrique compact attendu le 7 mars - CanadaMotorJobs.com","isPartOf":{"@id":"https:\/\/news.canadamotorjobs.com\/#website"},"primaryImageOfPage":{"@id":"https:\/\/news.canadamotorjobs.com\/fr\/rivian-r2-un-vus-electrique-compact-attendu-le-7-mars\/#primaryimage"},"image":{"@id":"https:\/\/news.canadamotorjobs.com\/fr\/rivian-r2-un-vus-electrique-compact-attendu-le-7-mars\/#primaryimage"},"thumbnailUrl":"https:\/\/news.canadamotorjobs.com\/wp-content\/uploads\/2024\/02\/1149616.jpg","datePublished":"2024-02-07T12:15:21+00:00","dateModified":"2024-02-07T12:29:16+00:00","description":"Rivian R2\u00a0: un VUS \u00e9lectrique compact attendu le 7 mars - Benoit Charette - Annuel automobile - CanadaMotorJobs.com.","breadcrumb":{"@id":"https:\/\/news.canadamotorjobs.com\/fr\/rivian-r2-un-vus-electrique-compact-attendu-le-7-mars\/#breadcrumb"},"inLanguage":"fr-CA","potentialAction":[{"@type":"ReadAction","target":["https:\/\/news.canadamotorjobs.com\/fr\/rivian-r2-un-vus-electrique-compact-attendu-le-7-mars\/"]}]},{"@type":"ImageObject","inLanguage":"fr-CA","@id":"https:\/\/news.canadamotorjobs.com\/fr\/rivian-r2-un-vus-electrique-compact-attendu-le-7-mars\/#primaryimage","url":"https:\/\/news.canadamotorjobs.com\/wp-content\/uploads\/2024\/02\/1149616.jpg","contentUrl":"https:\/\/news.canadamotorjobs.com\/wp-content\/uploads\/2024\/02\/1149616.jpg","width":1600,"height":1066},{"@type":"BreadcrumbList","@id":"https:\/\/news.canadamotorjobs.com\/fr\/rivian-r2-un-vus-electrique-compact-attendu-le-7-mars\/#breadcrumb","itemListElement":[{"@type":"ListItem","position":1,"name":"Home","item":"https:\/\/news.canadamotorjobs.com\/fr\/blog\/"},{"@type":"ListItem","position":2,"name":"Rivian R2\u00a0: un VUS \u00e9lectrique compact attendu le 7 mars"}]},{"@type":"WebSite","@id":"https:\/\/news.canadamotorjobs.com\/#website","url":"https:\/\/news.canadamotorjobs.com\/","name":"CanadaMotorJobs.com","description":"Automotive Jobs","publisher":{"@id":"https:\/\/news.canadamotorjobs.com\/#organization"},"potentialAction":[{"@type":"SearchAction","target":{"@type":"EntryPoint","urlTemplate":"https:\/\/news.canadamotorjobs.com\/?s={search_term_string}"},"query-input":"required name=search_term_string"}],"inLanguage":"fr-CA"},{"@type":"Organization","@id":"https:\/\/news.canadamotorjobs.com\/#organization","name":"Canada Motor Jobs","url":"https:\/\/news.canadamotorjobs.com\/","logo":{"@type":"ImageObject","inLanguage":"fr-CA","@id":"https:\/\/news.canadamotorjobs.com\/#\/schema\/logo\/image\/","url":"https:\/\/news.canadamotorjobs.com\/wp-content\/uploads\/2022\/10\/logo-canada-motor-jobs-1.png","contentUrl":"https:\/\/news.canadamotorjobs.com\/wp-content\/uploads\/2022\/10\/logo-canada-motor-jobs-1.png","width":800,"height":400,"caption":"Canada Motor Jobs"},"image":{"@id":"https:\/\/news.canadamotorjobs.com\/#\/schema\/logo\/image\/"},"sameAs":["https:\/\/www.facebook.com\/canadamotorjobs\/","https:\/\/x.com\/canadamotorjobs","https:\/\/www.instagram.com\/canadamotorjobs\/","https:\/\/www.linkedin.com\/company\/canadamotorjobs"]},{"@type":"Person","@id":"https:\/\/news.canadamotorjobs.com\/#\/schema\/person\/51793d1f87d44011d7bcc2ed99269a90","name":"Benoit Charette","image":{"@type":"ImageObject","inLanguage":"fr-CA","@id":"https:\/\/news.canadamotorjobs.com\/#\/schema\/person\/image\/","url":"https:\/\/secure.gravatar.com\/avatar\/45f3d2eebcccd909668d7ce7ea7267b6?s=96&d=mm&r=g","contentUrl":"https:\/\/secure.gravatar.com\/avatar\/45f3d2eebcccd909668d7ce7ea7267b6?s=96&d=mm&r=g","caption":"Benoit Charette"},"description":"Benoit Charette \/ Propri\u00e9taire et r\u00e9dacteur en chef Benoit Charette pratique le journalisme automobile depuis bient\u00f4t 30 ans. Il a fait ses classes au c\u00f4t\u00e9 de Daniel H\u00e9raud et au Carnet de route de 1992 \u00e0 2001. Il est fondateur, copropri\u00e9taire et r\u00e9dacteur en chef de L\u2019Annuel de l\u2019automobile, qu\u2019il publie depuis 2001. Il a anim\u00e9 les \u00e9missions RPM et RPM+ sur V et les L\u00e9gendes de la route sur Historia. \u00c0 la radio depuis 1986, il reprend l\u2019antenne cette ann\u00e9e sur les ondes de Cogeco et participe pour la deuxi\u00e8me ann\u00e9e \u00e0 l\u2019\u00e9mission Passion Auto sur RDS en plus de mettre en ligne le site Web officiel de L\u2019Annuel de l\u2019automobile sur annuelauto.ca.","sameAs":["https:\/\/annuelauto.ca\/"],"url":"https:\/\/news.canadamotorjobs.com\/fr\/author\/benoit-charette\/"}]}},"_links":{"self":[{"href":"https:\/\/news.canadamotorjobs.com\/fr\/wp-json\/wp\/v2\/posts\/158300"}],"collection":[{"href":"https:\/\/news.canadamotorjobs.com\/fr\/wp-json\/wp\/v2\/posts"}],"about":[{"href":"https:\/\/news.canadamotorjobs.com\/fr\/wp-json\/wp\/v2\/types\/post"}],"author":[{"embeddable":true,"href":"https:\/\/news.canadamotorjobs.com\/fr\/wp-json\/wp\/v2\/users\/8"}],"replies":[{"embeddable":true,"href":"https:\/\/news.canadamotorjobs.com\/fr\/wp-json\/wp\/v2\/comments?post=158300"}],"version-history":[{"count":2,"href":"https:\/\/news.canadamotorjobs.com\/fr\/wp-json\/wp\/v2\/posts\/158300\/revisions"}],"predecessor-version":[{"id":158304,"href":"https:\/\/news.canadamotorjobs.com\/fr\/wp-json\/wp\/v2\/posts\/158300\/revisions\/158304"}],"wp:featuredmedia":[{"embeddable":true,"href":"https:\/\/news.canadamotorjobs.com\/fr\/wp-json\/wp\/v2\/media\/158302"}],"wp:attachment":[{"href":"https:\/\/news.canadamotorjobs.com\/fr\/wp-json\/wp\/v2\/media?parent=158300"}],"wp:term":[{"taxonomy":"category","embeddable":true,"href":"https:\/\/news.canadamotorjobs.com\/fr\/wp-json\/wp\/v2\/categories?post=158300"},{"taxonomy":"post_tag","embeddable":true,"href":"https:\/\/news.canadamotorjobs.com\/fr\/wp-json\/wp\/v2\/tags?post=158300"}],"curies":[{"name":"wp","href":"https:\/\/api.w.org\/{rel}","templated":true}]}}