{"id":158262,"date":"2024-02-07T07:07:26","date_gmt":"2024-02-07T12:07:26","guid":{"rendered":"https:\/\/news.canadamotorjobs.com\/?p=158262"},"modified":"2024-02-07T07:14:54","modified_gmt":"2024-02-07T12:14:54","slug":"non-les-ventes-de-vehicules-electriques-ne-ralentiront-pas-en-2024","status":"publish","type":"post","link":"https:\/\/news.canadamotorjobs.com\/fr\/non-les-ventes-de-vehicules-electriques-ne-ralentiront-pas-en-2024\/","title":{"rendered":"Non, les ventes de v\u00e9hicules \u00e9lectriques ne ralentiront pas en 2024"},"content":{"rendered":"<\/p>\n<p>Il y a une de ces fameuses r\u00e8gles non-\u00e9crites dans le monde des m\u00e9dias qui dit que les voix qu\u2019on entend le plus sont celles des gens m\u00e9contents, et c\u2019est vrai. On a plus tendance \u00e0 manifester notre insatisfaction que notre satisfaction. \u00c7a vaut aussi pour les v\u00e9hicules \u00e9lectriques, dont la popularit\u00e9 continue de grandir malgr\u00e9 ce que veulent bien en dire leurs critiques.<\/p>\n<p>La plus r\u00e9cente preuve en ce sens est une gracieuset\u00e9 de la firme d\u2019analyse am\u00e9ricaine J.D. Power, qui vient de publier ses projections des ventes de v\u00e9hicules \u00e9lectriques aux \u00c9tats-Unis en 2024. Et sa conclusion est simple\u00a0: les v\u00e9hicules \u00e9lectriques compteront pour 12% de tout le march\u00e9 automobile am\u00e9ricain en 2024, et bondira \u00e0 18% du march\u00e9 en 2025. C\u2019est, en gros, un rythme de croissance qui devrait permettre aux \u00c9tats-Unis d\u2019approcher la cible fix\u00e9e en 2030, o\u00f9 on esp\u00e8re que la moiti\u00e9 des v\u00e9hicules vendus seront \u00e0 z\u00e9ro \u00e9mission.<\/p>\n<p>La bonne nouvelle pour nous, au Qu\u00e9bec et au Canada, c\u2019est que ce virage \u00e9lectrique chez nos voisins du sud entra\u00eenera in\u00e9vitablement l\u2019industrie dans sa direction. On s\u2019attend donc \u00e0 ce que les constructeurs continuent d\u2019offrir davantage de mod\u00e8les \u00e9lectrifi\u00e9s, peu importe ce qu\u2019on voit ou ce qu\u2019on lit sur les m\u00e9dias sociaux. Et une partie de ces v\u00e9hicules seront r\u00e9serv\u00e9s pour le march\u00e9 canadien, ce qui accro\u00eetra le choix pour les automobilistes de chez nous \u00e9galement.<\/p>\n<p>\u00c9videmment, tout n\u2019est pas parfait durant cette transition. C\u2019est d\u2019ailleurs la deuxi\u00e8me conclusion faite par J.D. Power dans ses pr\u00e9visions. L\u2019organisme constate que les gens qui aux \u00c9tats-Unis conduisent d\u00e9j\u00e0 des v\u00e9hicules \u00e9lectriques sont insatisfaits de l\u2019offre de recharge publique, qui n\u2019est pas tr\u00e8s grande, ni tr\u00e8s fiable. Il y a peu de bornes aux \u00c9tats-Unis, et leur entretien est d\u00e9ficient.<\/p>\n<p>La cons\u00e9quence imm\u00e9diate est que les constructeurs ont d\u00e9cid\u00e9 d\u2019investir eux-m\u00eames dans des r\u00e9seaux de bornes publiques, et que ces r\u00e9seaux devraient commencer \u00e0 voir le jour d\u00e8s cette ann\u00e9e.<\/p>\n<p>Autrement dit, il y aura plus de v\u00e9hicules \u00e9lectriques vendus aux \u00c9tats-Unis cette ann\u00e9e (au Canada aussi), et l\u2019infrastructure de recharge publique devrait s\u2019am\u00e9liorer elle aussi.<\/p>\n<p>Le texte <a rel=\"nofollow\" href=\"https:\/\/annuelauto.ca\/non-les-ventes-de-vehicules-electriques-ne-ralentiront-pas-en-2024\/\">Non, les ventes de v\u00e9hicules \u00e9lectriques ne ralentiront pas en 2024<\/a> provient de <a rel=\"nofollow\" href=\"https:\/\/annuelauto.ca\">L&#8217;annuel de l&#8217;automobile &#8211; Actualit\u00e9 automobile<\/a><\/p>\n<p><\/p>\n","protected":false},"excerpt":{"rendered":"<p>Il y a une de ces fameuses r\u00e8gles non-\u00e9crites dans le monde des m\u00e9dias qui dit que les voix qu\u2019on entend le plus sont celles des gens m\u00e9contents, et c\u2019est vrai. On a plus tendance \u00e0 manifester notre insatisfaction que notre satisfaction. \u00c7a vaut aussi pour les v\u00e9hicules \u00e9lectriques, dont la popularit\u00e9 continue de grandir [&hellip;]<\/p>\n","protected":false},"author":8,"featured_media":158264,"comment_status":"close","ping_status":"closed","sticky":false,"template":"","format":"standard","meta":{"_monsterinsights_skip_tracking":false,"_monsterinsights_sitenote_active":false,"_monsterinsights_sitenote_note":"","_monsterinsights_sitenote_category":0,"footnotes":""},"categories":[101],"tags":[],"yoast_head":"<!-- This site is optimized with the Yoast SEO plugin v23.2 - https:\/\/yoast.com\/wordpress\/plugins\/seo\/ -->\n<title>Non, les ventes de v\u00e9hicules \u00e9lectriques ne ralentiront pas en 2024 - CanadaMotorJobs.com<\/title>\n<meta name=\"description\" content=\"Non, les ventes de v\u00e9hicules \u00e9lectriques ne ralentiront pas en 2024 - Benoit Charette - Annuel automobile - CanadaMotorJobs.com.\" \/>\n<meta name=\"robots\" content=\"index, follow, max-snippet:-1, max-image-preview:large, max-video-preview:-1\" \/>\n<meta property=\"og:locale\" content=\"fr_CA\" \/>\n<meta property=\"og:type\" content=\"article\" \/>\n<meta property=\"og:title\" content=\"Non, les ventes de v\u00e9hicules \u00e9lectriques ne ralentiront pas en 2024 - CanadaMotorJobs.com\" \/>\n<meta property=\"og:description\" content=\"Non, les ventes de v\u00e9hicules \u00e9lectriques ne ralentiront pas en 2024 - Benoit Charette - Annuel automobile - CanadaMotorJobs.com.\" \/>\n<meta property=\"og:url\" content=\"https:\/\/news.canadamotorjobs.com\/fr\/non-les-ventes-de-vehicules-electriques-ne-ralentiront-pas-en-2024\/\" \/>\n<meta property=\"og:site_name\" content=\"CanadaMotorJobs.com\" \/>\n<meta property=\"article:publisher\" content=\"https:\/\/www.facebook.com\/canadamotorjobs\/\" \/>\n<meta property=\"article:published_time\" content=\"2024-02-07T12:07:26+00:00\" \/>\n<meta property=\"article:modified_time\" content=\"2024-02-07T12:14:54+00:00\" \/>\n<meta property=\"og:image\" content=\"https:\/\/news.canadamotorjobs.com\/wp-content\/uploads\/2024\/02\/IMG_4894-1024x768-1.jpg\" \/>\n\t<meta property=\"og:image:width\" content=\"1024\" \/>\n\t<meta property=\"og:image:height\" content=\"768\" \/>\n\t<meta property=\"og:image:type\" content=\"image\/jpeg\" \/>\n<meta name=\"author\" content=\"Benoit Charette\" \/>\n<meta name=\"twitter:card\" content=\"summary_large_image\" \/>\n<meta name=\"twitter:creator\" content=\"@canadamotorjobs\" \/>\n<meta name=\"twitter:site\" content=\"@canadamotorjobs\" \/>\n<meta name=\"twitter:label1\" content=\"\u00c9crit par\" \/>\n\t<meta name=\"twitter:data1\" content=\"Benoit Charette\" \/>\n\t<meta name=\"twitter:label2\" content=\"Estimation du temps de lecture\" \/>\n\t<meta name=\"twitter:data2\" content=\"2 minutes\" \/>\n<!-- \/ Yoast SEO plugin. -->","yoast_head_json":{"title":"Non, les ventes de v\u00e9hicules \u00e9lectriques ne ralentiront pas en 2024 - CanadaMotorJobs.com","description":"Non, les ventes de v\u00e9hicules \u00e9lectriques ne ralentiront pas en 2024 - Benoit Charette - Annuel automobile - CanadaMotorJobs.com.","robots":{"index":"index","follow":"follow","max-snippet":"max-snippet:-1","max-image-preview":"max-image-preview:large","max-video-preview":"max-video-preview:-1"},"og_locale":"fr_CA","og_type":"article","og_title":"Non, les ventes de v\u00e9hicules \u00e9lectriques ne ralentiront pas en 2024 - CanadaMotorJobs.com","og_description":"Non, les ventes de v\u00e9hicules \u00e9lectriques ne ralentiront pas en 2024 - Benoit Charette - Annuel automobile - CanadaMotorJobs.com.","og_url":"https:\/\/news.canadamotorjobs.com\/fr\/non-les-ventes-de-vehicules-electriques-ne-ralentiront-pas-en-2024\/","og_site_name":"CanadaMotorJobs.com","article_publisher":"https:\/\/www.facebook.com\/canadamotorjobs\/","article_published_time":"2024-02-07T12:07:26+00:00","article_modified_time":"2024-02-07T12:14:54+00:00","og_image":[{"width":1024,"height":768,"url":"https:\/\/news.canadamotorjobs.com\/wp-content\/uploads\/2024\/02\/IMG_4894-1024x768-1.jpg","type":"image\/jpeg"}],"author":"Benoit Charette","twitter_card":"summary_large_image","twitter_creator":"@canadamotorjobs","twitter_site":"@canadamotorjobs","twitter_misc":{"\u00c9crit par":"Benoit Charette","Estimation du temps de lecture":"2 minutes"},"schema":{"@context":"https:\/\/schema.org","@graph":[{"@type":"Article","@id":"https:\/\/news.canadamotorjobs.com\/fr\/non-les-ventes-de-vehicules-electriques-ne-ralentiront-pas-en-2024\/#article","isPartOf":{"@id":"https:\/\/news.canadamotorjobs.com\/fr\/non-les-ventes-de-vehicules-electriques-ne-ralentiront-pas-en-2024\/"},"author":{"name":"Benoit Charette","@id":"https:\/\/news.canadamotorjobs.com\/#\/schema\/person\/51793d1f87d44011d7bcc2ed99269a90"},"headline":"Non, les ventes de v\u00e9hicules \u00e9lectriques ne ralentiront pas en 2024","datePublished":"2024-02-07T12:07:26+00:00","dateModified":"2024-02-07T12:14:54+00:00","mainEntityOfPage":{"@id":"https:\/\/news.canadamotorjobs.com\/fr\/non-les-ventes-de-vehicules-electriques-ne-ralentiront-pas-en-2024\/"},"wordCount":435,"publisher":{"@id":"https:\/\/news.canadamotorjobs.com\/#organization"},"image":{"@id":"https:\/\/news.canadamotorjobs.com\/fr\/non-les-ventes-de-vehicules-electriques-ne-ralentiront-pas-en-2024\/#primaryimage"},"thumbnailUrl":"https:\/\/news.canadamotorjobs.com\/wp-content\/uploads\/2024\/02\/IMG_4894-1024x768-1.jpg","articleSection":["Annuel automobile"],"inLanguage":"fr-CA"},{"@type":"WebPage","@id":"https:\/\/news.canadamotorjobs.com\/fr\/non-les-ventes-de-vehicules-electriques-ne-ralentiront-pas-en-2024\/","url":"https:\/\/news.canadamotorjobs.com\/fr\/non-les-ventes-de-vehicules-electriques-ne-ralentiront-pas-en-2024\/","name":"Non, les ventes de v\u00e9hicules \u00e9lectriques ne ralentiront pas en 2024 - CanadaMotorJobs.com","isPartOf":{"@id":"https:\/\/news.canadamotorjobs.com\/#website"},"primaryImageOfPage":{"@id":"https:\/\/news.canadamotorjobs.com\/fr\/non-les-ventes-de-vehicules-electriques-ne-ralentiront-pas-en-2024\/#primaryimage"},"image":{"@id":"https:\/\/news.canadamotorjobs.com\/fr\/non-les-ventes-de-vehicules-electriques-ne-ralentiront-pas-en-2024\/#primaryimage"},"thumbnailUrl":"https:\/\/news.canadamotorjobs.com\/wp-content\/uploads\/2024\/02\/IMG_4894-1024x768-1.jpg","datePublished":"2024-02-07T12:07:26+00:00","dateModified":"2024-02-07T12:14:54+00:00","description":"Non, les ventes de v\u00e9hicules \u00e9lectriques ne ralentiront pas en 2024 - Benoit Charette - Annuel automobile - CanadaMotorJobs.com.","breadcrumb":{"@id":"https:\/\/news.canadamotorjobs.com\/fr\/non-les-ventes-de-vehicules-electriques-ne-ralentiront-pas-en-2024\/#breadcrumb"},"inLanguage":"fr-CA","potentialAction":[{"@type":"ReadAction","target":["https:\/\/news.canadamotorjobs.com\/fr\/non-les-ventes-de-vehicules-electriques-ne-ralentiront-pas-en-2024\/"]}]},{"@type":"ImageObject","inLanguage":"fr-CA","@id":"https:\/\/news.canadamotorjobs.com\/fr\/non-les-ventes-de-vehicules-electriques-ne-ralentiront-pas-en-2024\/#primaryimage","url":"https:\/\/news.canadamotorjobs.com\/wp-content\/uploads\/2024\/02\/IMG_4894-1024x768-1.jpg","contentUrl":"https:\/\/news.canadamotorjobs.com\/wp-content\/uploads\/2024\/02\/IMG_4894-1024x768-1.jpg","width":1024,"height":768},{"@type":"BreadcrumbList","@id":"https:\/\/news.canadamotorjobs.com\/fr\/non-les-ventes-de-vehicules-electriques-ne-ralentiront-pas-en-2024\/#breadcrumb","itemListElement":[{"@type":"ListItem","position":1,"name":"Home","item":"https:\/\/news.canadamotorjobs.com\/fr\/blog\/"},{"@type":"ListItem","position":2,"name":"Non, les ventes de v\u00e9hicules \u00e9lectriques ne ralentiront pas en 2024"}]},{"@type":"WebSite","@id":"https:\/\/news.canadamotorjobs.com\/#website","url":"https:\/\/news.canadamotorjobs.com\/","name":"CanadaMotorJobs.com","description":"Automotive Jobs","publisher":{"@id":"https:\/\/news.canadamotorjobs.com\/#organization"},"potentialAction":[{"@type":"SearchAction","target":{"@type":"EntryPoint","urlTemplate":"https:\/\/news.canadamotorjobs.com\/?s={search_term_string}"},"query-input":"required name=search_term_string"}],"inLanguage":"fr-CA"},{"@type":"Organization","@id":"https:\/\/news.canadamotorjobs.com\/#organization","name":"Canada Motor Jobs","url":"https:\/\/news.canadamotorjobs.com\/","logo":{"@type":"ImageObject","inLanguage":"fr-CA","@id":"https:\/\/news.canadamotorjobs.com\/#\/schema\/logo\/image\/","url":"https:\/\/news.canadamotorjobs.com\/wp-content\/uploads\/2022\/10\/logo-canada-motor-jobs-1.png","contentUrl":"https:\/\/news.canadamotorjobs.com\/wp-content\/uploads\/2022\/10\/logo-canada-motor-jobs-1.png","width":800,"height":400,"caption":"Canada Motor Jobs"},"image":{"@id":"https:\/\/news.canadamotorjobs.com\/#\/schema\/logo\/image\/"},"sameAs":["https:\/\/www.facebook.com\/canadamotorjobs\/","https:\/\/x.com\/canadamotorjobs","https:\/\/www.instagram.com\/canadamotorjobs\/","https:\/\/www.linkedin.com\/company\/canadamotorjobs"]},{"@type":"Person","@id":"https:\/\/news.canadamotorjobs.com\/#\/schema\/person\/51793d1f87d44011d7bcc2ed99269a90","name":"Benoit Charette","image":{"@type":"ImageObject","inLanguage":"fr-CA","@id":"https:\/\/news.canadamotorjobs.com\/#\/schema\/person\/image\/","url":"https:\/\/secure.gravatar.com\/avatar\/45f3d2eebcccd909668d7ce7ea7267b6?s=96&d=mm&r=g","contentUrl":"https:\/\/secure.gravatar.com\/avatar\/45f3d2eebcccd909668d7ce7ea7267b6?s=96&d=mm&r=g","caption":"Benoit Charette"},"description":"Benoit Charette \/ Propri\u00e9taire et r\u00e9dacteur en chef Benoit Charette pratique le journalisme automobile depuis bient\u00f4t 30 ans. Il a fait ses classes au c\u00f4t\u00e9 de Daniel H\u00e9raud et au Carnet de route de 1992 \u00e0 2001. Il est fondateur, copropri\u00e9taire et r\u00e9dacteur en chef de L\u2019Annuel de l\u2019automobile, qu\u2019il publie depuis 2001. Il a anim\u00e9 les \u00e9missions RPM et RPM+ sur V et les L\u00e9gendes de la route sur Historia. \u00c0 la radio depuis 1986, il reprend l\u2019antenne cette ann\u00e9e sur les ondes de Cogeco et participe pour la deuxi\u00e8me ann\u00e9e \u00e0 l\u2019\u00e9mission Passion Auto sur RDS en plus de mettre en ligne le site Web officiel de L\u2019Annuel de l\u2019automobile sur annuelauto.ca.","sameAs":["https:\/\/annuelauto.ca\/"],"url":"https:\/\/news.canadamotorjobs.com\/fr\/author\/benoit-charette\/"}]}},"_links":{"self":[{"href":"https:\/\/news.canadamotorjobs.com\/fr\/wp-json\/wp\/v2\/posts\/158262"}],"collection":[{"href":"https:\/\/news.canadamotorjobs.com\/fr\/wp-json\/wp\/v2\/posts"}],"about":[{"href":"https:\/\/news.canadamotorjobs.com\/fr\/wp-json\/wp\/v2\/types\/post"}],"author":[{"embeddable":true,"href":"https:\/\/news.canadamotorjobs.com\/fr\/wp-json\/wp\/v2\/users\/8"}],"replies":[{"embeddable":true,"href":"https:\/\/news.canadamotorjobs.com\/fr\/wp-json\/wp\/v2\/comments?post=158262"}],"version-history":[{"count":2,"href":"https:\/\/news.canadamotorjobs.com\/fr\/wp-json\/wp\/v2\/posts\/158262\/revisions"}],"predecessor-version":[{"id":158266,"href":"https:\/\/news.canadamotorjobs.com\/fr\/wp-json\/wp\/v2\/posts\/158262\/revisions\/158266"}],"wp:featuredmedia":[{"embeddable":true,"href":"https:\/\/news.canadamotorjobs.com\/fr\/wp-json\/wp\/v2\/media\/158264"}],"wp:attachment":[{"href":"https:\/\/news.canadamotorjobs.com\/fr\/wp-json\/wp\/v2\/media?parent=158262"}],"wp:term":[{"taxonomy":"category","embeddable":true,"href":"https:\/\/news.canadamotorjobs.com\/fr\/wp-json\/wp\/v2\/categories?post=158262"},{"taxonomy":"post_tag","embeddable":true,"href":"https:\/\/news.canadamotorjobs.com\/fr\/wp-json\/wp\/v2\/tags?post=158262"}],"curies":[{"name":"wp","href":"https:\/\/api.w.org\/{rel}","templated":true}]}}