{"id":158204,"date":"2024-02-06T05:46:56","date_gmt":"2024-02-06T10:46:56","guid":{"rendered":"https:\/\/news.canadamotorjobs.com\/?p=158204"},"modified":"2024-02-06T06:00:10","modified_gmt":"2024-02-06T11:00:10","slug":"kia-rappelle-1-200-kia-ev6-et-niro-pour-un-probleme-de-transmission","status":"publish","type":"post","link":"https:\/\/news.canadamotorjobs.com\/fr\/kia-rappelle-1-200-kia-ev6-et-niro-pour-un-probleme-de-transmission\/","title":{"rendered":"Kia rappelle 1\u00a0200 Kia EV6 et Niro pour un probl\u00e8me de transmission"},"content":{"rendered":"<\/p>\n<p>Kia rappelle plus de 1 200 v\u00e9hicules EV6 et Niro EV en raison d&#8217;un d\u00e9faut de transmission susceptible de provoquer une perte de puissance.<\/p>\n<h3><strong>Probl\u00e8me de Transmission Identifi\u00e9 sur les Mod\u00e8les 2023-2024<\/strong><\/h3>\n<p><\/p>\n<ul><\/p>\n<li>Rappel affectant les mod\u00e8les Kia EV6 2023 et Kia Niro EV 2023-2024.<\/li>\n<p><\/p>\n<li>Kia estime que 1 243 v\u00e9hicules pourraient \u00eatre potentiellement touch\u00e9s.<\/li>\n<p>\n<\/ul>\n<p><\/p>\n<h3><strong>D\u00e9fectuosit\u00e9 de l&#8217;Arbre de Transmission Signal\u00e9e \u00e0 la NHTSA<\/strong><\/h3>\n<p><\/p>\n<ul><\/p>\n<li>Kia informe la NHTSA d&#8217;un rappel concernant les EV6 et Niro EV en raison d&#8217;un arbre de transmission d\u00e9fectueux.<\/li>\n<p><\/p>\n<li>Possibilit\u00e9 de rupture sous pression en raison d&#8217;un traitement thermique incorrect de l&#8217;arbre.<\/li>\n<p>\n<\/ul>\n<p><\/p>\n<h3><strong>Remplacement Gratuit des Arbres de Transmission<\/strong><\/h3>\n<p><\/p>\n<ul><\/p>\n<li>Les concessionnaires Kia remplaceront les arbres de transmission d\u00e9fectueux par de nouveaux mod\u00e8les correctement trait\u00e9s thermiquement.<\/li>\n<p><\/p>\n<li>Aucun co\u00fbt ne sera support\u00e9 par les propri\u00e9taires pour cette op\u00e9ration.<\/li>\n<p>\n<\/ul>\n<p><\/p>\n<h3><strong>D\u00e9couverte du Probl\u00e8me Apr\u00e8s un Incident en Turquie<\/strong><\/h3>\n<p><\/p>\n<ul><\/p>\n<li>Kia a identifi\u00e9 le probl\u00e8me suite \u00e0 un incident en Turquie signal\u00e9 par le si\u00e8ge de Kia plus t\u00f4t ce mois-ci.<\/li>\n<p><\/p>\n<li>Aucun incident similaire n&#8217;a \u00e9t\u00e9 d\u00e9tect\u00e9 sur les Niro EV apr\u00e8s une analyse sur le terrain, mais les mod\u00e8les EV6 partagent le m\u00eame fournisseur d&#8217;arbres de transmission int\u00e9rieurs arri\u00e8re.<\/li>\n<p>\n<\/ul>\n<p><\/p>\n<h3><strong>Aucun Accident Signal\u00e9, mais Rappel par Pr\u00e9caution<\/strong><\/h3>\n<p><\/p>\n<ul><\/p>\n<li>Bien qu&#8217;aucun accident ni aucune blessure n&#8217;ait \u00e9t\u00e9 signal\u00e9, Kia proc\u00e8de au rappel par pr\u00e9caution.<\/li>\n<p><\/p>\n<li>Les notifications aux propri\u00e9taires sont pr\u00e9vues pour le 9 mars.<\/li>\n<p>\n<\/ul>\n<p><\/p>\n<h3><strong>V\u00e9hicules concern\u00e9s et P\u00e9riodes de Production<\/strong><\/h3>\n<p><\/p>\n<ul><\/p>\n<li>Les Niro EV de l&#8217;ann\u00e9e mod\u00e8le 2024 produits du 27 juin 2023 au 13 juillet 2023 sont concern\u00e9s.<\/li>\n<p><\/p>\n<li>Les mod\u00e8les EV6 produits du 26 janvier 2023 au 8 avril 2023 sont \u00e9galement touch\u00e9s.<\/li>\n<p><\/p>\n<li>Au total, 204 Niro EV et 1 039 EV6 sont affect\u00e9s par ce rappel.<\/li>\n<p>\n<\/ul>\n<p>\nAvec des renseignements d&#8217;Electrek<\/p>\n<p>Le texte <a rel=\"nofollow\" href=\"https:\/\/annuelauto.ca\/kia-rappelle-1-200-kia-ev6-et-niro-pour-un-probleme-de-transmission\/\">Kia rappelle 1\u00a0200 Kia EV6 et Niro pour un probl\u00e8me de transmission<\/a> provient de <a rel=\"nofollow\" href=\"https:\/\/annuelauto.ca\">L&#8217;annuel de l&#8217;automobile &#8211; Actualit\u00e9 automobile<\/a><\/p>\n<p><\/p>\n","protected":false},"excerpt":{"rendered":"<p>Kia rappelle plus de 1 200 v\u00e9hicules EV6 et Niro EV en raison d&#8217;un d\u00e9faut de transmission susceptible de provoquer une perte de puissance. Probl\u00e8me de Transmission Identifi\u00e9 sur les Mod\u00e8les 2023-2024 Rappel affectant les mod\u00e8les Kia EV6 2023 et Kia Niro EV 2023-2024. Kia estime que 1 243 v\u00e9hicules pourraient \u00eatre potentiellement touch\u00e9s. D\u00e9fectuosit\u00e9 [&hellip;]<\/p>\n","protected":false},"author":8,"featured_media":158206,"comment_status":"close","ping_status":"closed","sticky":false,"template":"","format":"standard","meta":{"_monsterinsights_skip_tracking":false,"_monsterinsights_sitenote_active":false,"_monsterinsights_sitenote_note":"","_monsterinsights_sitenote_category":0,"footnotes":""},"categories":[101],"tags":[],"yoast_head":"<!-- This site is optimized with the Yoast SEO plugin v23.2 - https:\/\/yoast.com\/wordpress\/plugins\/seo\/ -->\n<title>Kia rappelle 1\u00a0200 Kia EV6 et Niro pour un probl\u00e8me de transmission - CanadaMotorJobs.com<\/title>\n<meta name=\"description\" content=\"Kia rappelle 1\u00a0200 Kia EV6 et Niro pour un probl\u00e8me de transmission - Benoit Charette - Annuel automobile - CanadaMotorJobs.com.\" \/>\n<meta name=\"robots\" content=\"index, follow, max-snippet:-1, max-image-preview:large, max-video-preview:-1\" \/>\n<meta property=\"og:locale\" content=\"fr_CA\" \/>\n<meta property=\"og:type\" content=\"article\" \/>\n<meta property=\"og:title\" content=\"Kia rappelle 1\u00a0200 Kia EV6 et Niro pour un probl\u00e8me de transmission - CanadaMotorJobs.com\" \/>\n<meta property=\"og:description\" content=\"Kia rappelle 1\u00a0200 Kia EV6 et Niro pour un probl\u00e8me de transmission - Benoit Charette - Annuel automobile - CanadaMotorJobs.com.\" \/>\n<meta property=\"og:url\" content=\"https:\/\/news.canadamotorjobs.com\/fr\/kia-rappelle-1-200-kia-ev6-et-niro-pour-un-probleme-de-transmission\/\" \/>\n<meta property=\"og:site_name\" content=\"CanadaMotorJobs.com\" \/>\n<meta property=\"article:publisher\" content=\"https:\/\/www.facebook.com\/canadamotorjobs\/\" \/>\n<meta property=\"article:published_time\" content=\"2024-02-06T10:46:56+00:00\" \/>\n<meta property=\"article:modified_time\" content=\"2024-02-06T11:00:10+00:00\" \/>\n<meta property=\"og:image\" content=\"https:\/\/news.canadamotorjobs.com\/wp-content\/uploads\/2024\/02\/19165_2023_ev6_gt.jpg\" \/>\n\t<meta property=\"og:image:width\" content=\"1920\" \/>\n\t<meta property=\"og:image:height\" content=\"1080\" \/>\n\t<meta property=\"og:image:type\" content=\"image\/jpeg\" \/>\n<meta name=\"author\" content=\"Benoit Charette\" \/>\n<meta name=\"twitter:card\" content=\"summary_large_image\" \/>\n<meta name=\"twitter:creator\" content=\"@canadamotorjobs\" \/>\n<meta name=\"twitter:site\" content=\"@canadamotorjobs\" \/>\n<meta name=\"twitter:label1\" content=\"\u00c9crit par\" \/>\n\t<meta name=\"twitter:data1\" content=\"Benoit Charette\" \/>\n\t<meta name=\"twitter:label2\" content=\"Estimation du temps de lecture\" \/>\n\t<meta name=\"twitter:data2\" content=\"2 minutes\" \/>\n<!-- \/ Yoast SEO plugin. -->","yoast_head_json":{"title":"Kia rappelle 1\u00a0200 Kia EV6 et Niro pour un probl\u00e8me de transmission - CanadaMotorJobs.com","description":"Kia rappelle 1\u00a0200 Kia EV6 et Niro pour un probl\u00e8me de transmission - Benoit Charette - Annuel automobile - CanadaMotorJobs.com.","robots":{"index":"index","follow":"follow","max-snippet":"max-snippet:-1","max-image-preview":"max-image-preview:large","max-video-preview":"max-video-preview:-1"},"og_locale":"fr_CA","og_type":"article","og_title":"Kia rappelle 1\u00a0200 Kia EV6 et Niro pour un probl\u00e8me de transmission - CanadaMotorJobs.com","og_description":"Kia rappelle 1\u00a0200 Kia EV6 et Niro pour un probl\u00e8me de transmission - Benoit Charette - Annuel automobile - CanadaMotorJobs.com.","og_url":"https:\/\/news.canadamotorjobs.com\/fr\/kia-rappelle-1-200-kia-ev6-et-niro-pour-un-probleme-de-transmission\/","og_site_name":"CanadaMotorJobs.com","article_publisher":"https:\/\/www.facebook.com\/canadamotorjobs\/","article_published_time":"2024-02-06T10:46:56+00:00","article_modified_time":"2024-02-06T11:00:10+00:00","og_image":[{"width":1920,"height":1080,"url":"https:\/\/news.canadamotorjobs.com\/wp-content\/uploads\/2024\/02\/19165_2023_ev6_gt.jpg","type":"image\/jpeg"}],"author":"Benoit Charette","twitter_card":"summary_large_image","twitter_creator":"@canadamotorjobs","twitter_site":"@canadamotorjobs","twitter_misc":{"\u00c9crit par":"Benoit Charette","Estimation du temps de lecture":"2 minutes"},"schema":{"@context":"https:\/\/schema.org","@graph":[{"@type":"Article","@id":"https:\/\/news.canadamotorjobs.com\/fr\/kia-rappelle-1-200-kia-ev6-et-niro-pour-un-probleme-de-transmission\/#article","isPartOf":{"@id":"https:\/\/news.canadamotorjobs.com\/fr\/kia-rappelle-1-200-kia-ev6-et-niro-pour-un-probleme-de-transmission\/"},"author":{"name":"Benoit Charette","@id":"https:\/\/news.canadamotorjobs.com\/#\/schema\/person\/51793d1f87d44011d7bcc2ed99269a90"},"headline":"Kia rappelle 1\u00a0200 Kia EV6 et Niro pour un probl\u00e8me de transmission","datePublished":"2024-02-06T10:46:56+00:00","dateModified":"2024-02-06T11:00:10+00:00","mainEntityOfPage":{"@id":"https:\/\/news.canadamotorjobs.com\/fr\/kia-rappelle-1-200-kia-ev6-et-niro-pour-un-probleme-de-transmission\/"},"wordCount":344,"publisher":{"@id":"https:\/\/news.canadamotorjobs.com\/#organization"},"image":{"@id":"https:\/\/news.canadamotorjobs.com\/fr\/kia-rappelle-1-200-kia-ev6-et-niro-pour-un-probleme-de-transmission\/#primaryimage"},"thumbnailUrl":"https:\/\/news.canadamotorjobs.com\/wp-content\/uploads\/2024\/02\/19165_2023_ev6_gt.jpg","articleSection":["Annuel automobile"],"inLanguage":"fr-CA"},{"@type":"WebPage","@id":"https:\/\/news.canadamotorjobs.com\/fr\/kia-rappelle-1-200-kia-ev6-et-niro-pour-un-probleme-de-transmission\/","url":"https:\/\/news.canadamotorjobs.com\/fr\/kia-rappelle-1-200-kia-ev6-et-niro-pour-un-probleme-de-transmission\/","name":"Kia rappelle 1\u00a0200 Kia EV6 et Niro pour un probl\u00e8me de transmission - CanadaMotorJobs.com","isPartOf":{"@id":"https:\/\/news.canadamotorjobs.com\/#website"},"primaryImageOfPage":{"@id":"https:\/\/news.canadamotorjobs.com\/fr\/kia-rappelle-1-200-kia-ev6-et-niro-pour-un-probleme-de-transmission\/#primaryimage"},"image":{"@id":"https:\/\/news.canadamotorjobs.com\/fr\/kia-rappelle-1-200-kia-ev6-et-niro-pour-un-probleme-de-transmission\/#primaryimage"},"thumbnailUrl":"https:\/\/news.canadamotorjobs.com\/wp-content\/uploads\/2024\/02\/19165_2023_ev6_gt.jpg","datePublished":"2024-02-06T10:46:56+00:00","dateModified":"2024-02-06T11:00:10+00:00","description":"Kia rappelle 1\u00a0200 Kia EV6 et Niro pour un probl\u00e8me de transmission - Benoit Charette - Annuel automobile - CanadaMotorJobs.com.","breadcrumb":{"@id":"https:\/\/news.canadamotorjobs.com\/fr\/kia-rappelle-1-200-kia-ev6-et-niro-pour-un-probleme-de-transmission\/#breadcrumb"},"inLanguage":"fr-CA","potentialAction":[{"@type":"ReadAction","target":["https:\/\/news.canadamotorjobs.com\/fr\/kia-rappelle-1-200-kia-ev6-et-niro-pour-un-probleme-de-transmission\/"]}]},{"@type":"ImageObject","inLanguage":"fr-CA","@id":"https:\/\/news.canadamotorjobs.com\/fr\/kia-rappelle-1-200-kia-ev6-et-niro-pour-un-probleme-de-transmission\/#primaryimage","url":"https:\/\/news.canadamotorjobs.com\/wp-content\/uploads\/2024\/02\/19165_2023_ev6_gt.jpg","contentUrl":"https:\/\/news.canadamotorjobs.com\/wp-content\/uploads\/2024\/02\/19165_2023_ev6_gt.jpg","width":1920,"height":1080},{"@type":"BreadcrumbList","@id":"https:\/\/news.canadamotorjobs.com\/fr\/kia-rappelle-1-200-kia-ev6-et-niro-pour-un-probleme-de-transmission\/#breadcrumb","itemListElement":[{"@type":"ListItem","position":1,"name":"Home","item":"https:\/\/news.canadamotorjobs.com\/fr\/blog\/"},{"@type":"ListItem","position":2,"name":"Kia rappelle 1\u00a0200 Kia EV6 et Niro pour un probl\u00e8me de transmission"}]},{"@type":"WebSite","@id":"https:\/\/news.canadamotorjobs.com\/#website","url":"https:\/\/news.canadamotorjobs.com\/","name":"CanadaMotorJobs.com","description":"Automotive Jobs","publisher":{"@id":"https:\/\/news.canadamotorjobs.com\/#organization"},"potentialAction":[{"@type":"SearchAction","target":{"@type":"EntryPoint","urlTemplate":"https:\/\/news.canadamotorjobs.com\/?s={search_term_string}"},"query-input":"required name=search_term_string"}],"inLanguage":"fr-CA"},{"@type":"Organization","@id":"https:\/\/news.canadamotorjobs.com\/#organization","name":"Canada Motor Jobs","url":"https:\/\/news.canadamotorjobs.com\/","logo":{"@type":"ImageObject","inLanguage":"fr-CA","@id":"https:\/\/news.canadamotorjobs.com\/#\/schema\/logo\/image\/","url":"https:\/\/news.canadamotorjobs.com\/wp-content\/uploads\/2022\/10\/logo-canada-motor-jobs-1.png","contentUrl":"https:\/\/news.canadamotorjobs.com\/wp-content\/uploads\/2022\/10\/logo-canada-motor-jobs-1.png","width":800,"height":400,"caption":"Canada Motor Jobs"},"image":{"@id":"https:\/\/news.canadamotorjobs.com\/#\/schema\/logo\/image\/"},"sameAs":["https:\/\/www.facebook.com\/canadamotorjobs\/","https:\/\/x.com\/canadamotorjobs","https:\/\/www.instagram.com\/canadamotorjobs\/","https:\/\/www.linkedin.com\/company\/canadamotorjobs"]},{"@type":"Person","@id":"https:\/\/news.canadamotorjobs.com\/#\/schema\/person\/51793d1f87d44011d7bcc2ed99269a90","name":"Benoit Charette","image":{"@type":"ImageObject","inLanguage":"fr-CA","@id":"https:\/\/news.canadamotorjobs.com\/#\/schema\/person\/image\/","url":"https:\/\/secure.gravatar.com\/avatar\/45f3d2eebcccd909668d7ce7ea7267b6?s=96&d=mm&r=g","contentUrl":"https:\/\/secure.gravatar.com\/avatar\/45f3d2eebcccd909668d7ce7ea7267b6?s=96&d=mm&r=g","caption":"Benoit Charette"},"description":"Benoit Charette \/ Propri\u00e9taire et r\u00e9dacteur en chef Benoit Charette pratique le journalisme automobile depuis bient\u00f4t 30 ans. Il a fait ses classes au c\u00f4t\u00e9 de Daniel H\u00e9raud et au Carnet de route de 1992 \u00e0 2001. Il est fondateur, copropri\u00e9taire et r\u00e9dacteur en chef de L\u2019Annuel de l\u2019automobile, qu\u2019il publie depuis 2001. Il a anim\u00e9 les \u00e9missions RPM et RPM+ sur V et les L\u00e9gendes de la route sur Historia. \u00c0 la radio depuis 1986, il reprend l\u2019antenne cette ann\u00e9e sur les ondes de Cogeco et participe pour la deuxi\u00e8me ann\u00e9e \u00e0 l\u2019\u00e9mission Passion Auto sur RDS en plus de mettre en ligne le site Web officiel de L\u2019Annuel de l\u2019automobile sur annuelauto.ca.","sameAs":["https:\/\/annuelauto.ca\/"],"url":"https:\/\/news.canadamotorjobs.com\/fr\/author\/benoit-charette\/"}]}},"_links":{"self":[{"href":"https:\/\/news.canadamotorjobs.com\/fr\/wp-json\/wp\/v2\/posts\/158204"}],"collection":[{"href":"https:\/\/news.canadamotorjobs.com\/fr\/wp-json\/wp\/v2\/posts"}],"about":[{"href":"https:\/\/news.canadamotorjobs.com\/fr\/wp-json\/wp\/v2\/types\/post"}],"author":[{"embeddable":true,"href":"https:\/\/news.canadamotorjobs.com\/fr\/wp-json\/wp\/v2\/users\/8"}],"replies":[{"embeddable":true,"href":"https:\/\/news.canadamotorjobs.com\/fr\/wp-json\/wp\/v2\/comments?post=158204"}],"version-history":[{"count":2,"href":"https:\/\/news.canadamotorjobs.com\/fr\/wp-json\/wp\/v2\/posts\/158204\/revisions"}],"predecessor-version":[{"id":158208,"href":"https:\/\/news.canadamotorjobs.com\/fr\/wp-json\/wp\/v2\/posts\/158204\/revisions\/158208"}],"wp:featuredmedia":[{"embeddable":true,"href":"https:\/\/news.canadamotorjobs.com\/fr\/wp-json\/wp\/v2\/media\/158206"}],"wp:attachment":[{"href":"https:\/\/news.canadamotorjobs.com\/fr\/wp-json\/wp\/v2\/media?parent=158204"}],"wp:term":[{"taxonomy":"category","embeddable":true,"href":"https:\/\/news.canadamotorjobs.com\/fr\/wp-json\/wp\/v2\/categories?post=158204"},{"taxonomy":"post_tag","embeddable":true,"href":"https:\/\/news.canadamotorjobs.com\/fr\/wp-json\/wp\/v2\/tags?post=158204"}],"curies":[{"name":"wp","href":"https:\/\/api.w.org\/{rel}","templated":true}]}}