{"id":158181,"date":"2024-02-06T05:31:47","date_gmt":"2024-02-06T10:31:47","guid":{"rendered":"https:\/\/news.canadamotorjobs.com\/?p=158181"},"modified":"2024-02-06T05:45:56","modified_gmt":"2024-02-06T10:45:56","slug":"une-audi-rs6-inspiree-de-la-course","status":"publish","type":"post","link":"https:\/\/news.canadamotorjobs.com\/fr\/une-audi-rs6-inspiree-de-la-course\/","title":{"rendered":"Une Audi RS6 inspir\u00e9e de la course"},"content":{"rendered":"<\/p>\n<p>La RS6 Avant GT, influenc\u00e9e par la l\u00e9gendaire Audi 90 quattro IMSA GTO, \u00e9l\u00e8ve la puissance \u00e0 un niveau \u00e9poustouflant. Audi produira seulement 660 unit\u00e9s \u00e0 l\u2019\u00e9chelle mondiale et seulement 7 unit\u00e9s seront vendues au Canada. Sous le capot, des performances exaltantes :<\/p>\n<ul><\/p>\n<li>Moteur V8 biturbo de 4,0 litres (621 chevaux\/627 lb-pi de couple)<\/li>\n<p><\/p>\n<li>Acc\u00e9l\u00e9ration 0 \u00e0 100 km\/h en 3,3 secondes, atteignant une vitesse maximale de 305 km\/h<\/li>\n<p>\n<\/ul>\n<p><\/p>\n<h3><strong>Dynamique Sup\u00e9rieure : Ajustements Diff\u00e9rentiels et de Suspension<\/strong><\/h3>\n<p><\/p>\n<ul><\/p>\n<li>Maniabilit\u00e9 am\u00e9lior\u00e9e gr\u00e2ce \u00e0 des ajustements diff\u00e9rentiels et de suspension<\/li>\n<p><\/p>\n<li>Suspension r\u00e9glable pour une exp\u00e9rience de conduite sur mesure<\/li>\n<p>\n<\/ul>\n<p><\/p>\n<h3><em>Un Adieu Explosif<\/em><\/h3>\n<p>\nLa RS6 Avant GT revient avec plus de puissance, un design mena\u00e7ant et une attitude pr\u00eate \u00e0 d\u00e9fier les voitures exotiques. C&#8217;est l&#8217;adieu ultime \u00e0 la RS6 telle que nous la connaissons, promettant de &#8220;bloquer nos esprits&#8221;. D\u00e9couvrons ce que cette b\u00eate a \u00e0 offrir.<\/p>\n<h3><strong>Sur la Route : Une b\u00eate de course <\/strong><\/h3>\n<p><\/p>\n<ul><\/p>\n<li>Puissance impressionnante avec un V8 biturbo pouss\u00e9 \u00e0 621 chevaux<\/li>\n<p><\/p>\n<li>Acc\u00e9l\u00e9ration fulgurante, passant de 0 \u00e0 100 km\/h en 3,3 secondes<\/li>\n<p><\/p>\n<li>Freinage assur\u00e9 par des disques c\u00e9ramiques RS<\/li>\n<p>\n<\/ul>\n<p><\/p>\n<h3><strong>Dynamique de Conduite : Un Concentr\u00e9 de Technologie<\/strong><\/h3>\n<p><\/p>\n<ul><\/p>\n<li>Diff\u00e9rentiel central \u00e0 verrouillage pour une r\u00e9partition de puissance pr\u00e9cise<\/li>\n<p><\/p>\n<li>R\u00e9glages sp\u00e9cifiques du diff\u00e9rentiel sport quattro pour une conduite sportive et pr\u00e9cise<\/li>\n<p>\n<\/ul>\n<p><\/p>\n<h3><strong>Une familiale \u00e0 nulle autre pareil<\/strong><\/h3>\n<p><\/p>\n<ul><\/p>\n<li>Suspension \u00e0 ressorts r\u00e9glable<\/li>\n<p><\/p>\n<li>Ajustements de hauteur pour un \u00e9quilibre parfait entre confort et dynamique<\/li>\n<p>\n<\/ul>\n<p><\/p>\n<h3><strong>Style et \u00c9l\u00e9gance : Un Design Inspir\u00e9 du Pass\u00e9 et du Pr\u00e9sent<\/strong><\/h3>\n<p>\nLa RS6 Avant GT ne se contente pas de performances exceptionnelles, elle arbore \u00e9galement un style inspir\u00e9 du concept GTO et de la l\u00e9gendaire Audi 90 quattro IMSA GTO.<\/p>\n<h3><strong>Calandre agressive et fibre de carbone<\/strong><\/h3>\n<p><\/p>\n<ul><\/p>\n<li>Calandre Singleframe peinte en noir brillant et prises d&#8217;air agressives<\/li>\n<p><\/p>\n<li>Utilisation de fibre de carbone pour le capot et les ailes avant, une premi\u00e8re chez Audi<\/li>\n<p>\n<\/ul>\n<p><\/p>\n<h3><strong>Roues et A\u00e9rodynamique : Des Attributs Impressionnants<\/strong><\/h3>\n<p><\/p>\n<ul><\/p>\n<li>Roues de 22 pouces sp\u00e9cifiques au mod\u00e8le et bas de caisse distinctifs<\/li>\n<p><\/p>\n<li>Diffuseur fonctionnel et double aileron arri\u00e8re pour une a\u00e9rodynamique optimale<\/li>\n<p>\n<\/ul>\n<p><\/p>\n<h3><strong>Options de Personnalisation : Des Choix Audacieux<\/strong><\/h3>\n<p><\/p>\n<ul><\/p>\n<li>Cinq finitions ext\u00e9rieures, dont l&#8217;exclusive Arkona White<\/li>\n<p><\/p>\n<li>Ensembles de d\u00e9calcomanies inspir\u00e9s de l&#8217;Audi 90 quattro IMSA GTO pour les amateurs de personnalisation<\/li>\n<p>\n<\/ul>\n<p><\/p>\n<h3><strong>Int\u00e9rieur Raffin\u00e9 : Des Si\u00e8ges Sport et un Toit Ouvrant<\/strong><\/h3>\n<p><\/p>\n<ul><\/p>\n<li>Si\u00e8ges baquets RS exclusifs avec coutures rouge et cuir (pour l&#8217;Europe)<\/li>\n<p><\/p>\n<li>Toit ouvrant panoramique \u00e9lectrique pour une exp\u00e9rience de conduite unique<\/li>\n<p>\n<\/ul>\n<p><\/p>\n<h3><strong>Exclusivit\u00e9 Garantie : Seulement 660 Unit\u00e9s dans le Monde<\/strong><\/h3>\n<p><\/p>\n<ul><\/p>\n<li>Production limit\u00e9e \u00e0 660 exemplaires, dont 85 r\u00e9serv\u00e9s pour les \u00c9tats-Unis et 7 au Canada<\/li>\n<p><\/p>\n<li>Hommage \u00e0 la RS6 \u00e0 moteur \u00e0 combustion avant sa transition \u00e9lectrique future<\/li>\n<p>\n<\/ul>\n<p>\n<em>Audi n\u2019a pas annonc\u00e9 de prix, mais il szera plus \u00e9lev\u00e9 que les 150\u00a0000 $ de la version RS6 r\u00e9guli\u00e8re.<\/em><\/p>\n<p>\u00a0<\/p>\n<p>Le texte <a rel=\"nofollow\" href=\"https:\/\/annuelauto.ca\/une-audi-rs6-inspiree-de-la-course\/\">Une Audi RS6 inspir\u00e9e de la course<\/a> provient de <a rel=\"nofollow\" href=\"https:\/\/annuelauto.ca\">L&#8217;annuel de l&#8217;automobile &#8211; Actualit\u00e9 automobile<\/a><\/p>\n<p><\/p>\n","protected":false},"excerpt":{"rendered":"<p>La RS6 Avant GT, influenc\u00e9e par la l\u00e9gendaire Audi 90 quattro IMSA GTO, \u00e9l\u00e8ve la puissance \u00e0 un niveau \u00e9poustouflant. Audi produira seulement 660 unit\u00e9s \u00e0 l\u2019\u00e9chelle mondiale et seulement 7 unit\u00e9s seront vendues au Canada. Sous le capot, des performances exaltantes : Moteur V8 biturbo de 4,0 litres (621 chevaux\/627 lb-pi de couple) Acc\u00e9l\u00e9ration [&hellip;]<\/p>\n","protected":false},"author":8,"featured_media":158183,"comment_status":"close","ping_status":"closed","sticky":false,"template":"","format":"standard","meta":{"_monsterinsights_skip_tracking":false,"_monsterinsights_sitenote_active":false,"_monsterinsights_sitenote_note":"","_monsterinsights_sitenote_category":0,"footnotes":""},"categories":[101],"tags":[],"yoast_head":"<!-- This site is optimized with the Yoast SEO plugin v23.2 - https:\/\/yoast.com\/wordpress\/plugins\/seo\/ -->\n<title>Une Audi RS6 inspir\u00e9e de la course - CanadaMotorJobs.com<\/title>\n<meta name=\"description\" content=\"Une Audi RS6 inspir\u00e9e de la course - Benoit Charette - Annuel automobile - CanadaMotorJobs.com.\" \/>\n<meta name=\"robots\" content=\"index, follow, max-snippet:-1, max-image-preview:large, max-video-preview:-1\" \/>\n<meta property=\"og:locale\" content=\"fr_CA\" \/>\n<meta property=\"og:type\" content=\"article\" \/>\n<meta property=\"og:title\" content=\"Une Audi RS6 inspir\u00e9e de la course - CanadaMotorJobs.com\" \/>\n<meta property=\"og:description\" content=\"Une Audi RS6 inspir\u00e9e de la course - Benoit Charette - Annuel automobile - CanadaMotorJobs.com.\" \/>\n<meta property=\"og:url\" content=\"https:\/\/news.canadamotorjobs.com\/fr\/une-audi-rs6-inspiree-de-la-course\/\" \/>\n<meta property=\"og:site_name\" content=\"CanadaMotorJobs.com\" \/>\n<meta property=\"article:publisher\" content=\"https:\/\/www.facebook.com\/canadamotorjobs\/\" \/>\n<meta property=\"article:published_time\" content=\"2024-02-06T10:31:47+00:00\" \/>\n<meta property=\"article:modified_time\" content=\"2024-02-06T10:45:56+00:00\" \/>\n<meta property=\"og:image\" content=\"https:\/\/news.canadamotorjobs.com\/wp-content\/uploads\/2024\/02\/A237141_large.jpg\" \/>\n\t<meta property=\"og:image:width\" content=\"1067\" \/>\n\t<meta property=\"og:image:height\" content=\"800\" \/>\n\t<meta property=\"og:image:type\" content=\"image\/jpeg\" \/>\n<meta name=\"author\" content=\"Benoit Charette\" \/>\n<meta name=\"twitter:card\" content=\"summary_large_image\" \/>\n<meta name=\"twitter:creator\" content=\"@canadamotorjobs\" \/>\n<meta name=\"twitter:site\" content=\"@canadamotorjobs\" \/>\n<meta name=\"twitter:label1\" content=\"\u00c9crit par\" \/>\n\t<meta name=\"twitter:data1\" content=\"Benoit Charette\" \/>\n\t<meta name=\"twitter:label2\" content=\"Estimation du temps de lecture\" \/>\n\t<meta name=\"twitter:data2\" content=\"2 minutes\" \/>\n<!-- \/ Yoast SEO plugin. -->","yoast_head_json":{"title":"Une Audi RS6 inspir\u00e9e de la course - CanadaMotorJobs.com","description":"Une Audi RS6 inspir\u00e9e de la course - Benoit Charette - Annuel automobile - CanadaMotorJobs.com.","robots":{"index":"index","follow":"follow","max-snippet":"max-snippet:-1","max-image-preview":"max-image-preview:large","max-video-preview":"max-video-preview:-1"},"og_locale":"fr_CA","og_type":"article","og_title":"Une Audi RS6 inspir\u00e9e de la course - CanadaMotorJobs.com","og_description":"Une Audi RS6 inspir\u00e9e de la course - Benoit Charette - Annuel automobile - CanadaMotorJobs.com.","og_url":"https:\/\/news.canadamotorjobs.com\/fr\/une-audi-rs6-inspiree-de-la-course\/","og_site_name":"CanadaMotorJobs.com","article_publisher":"https:\/\/www.facebook.com\/canadamotorjobs\/","article_published_time":"2024-02-06T10:31:47+00:00","article_modified_time":"2024-02-06T10:45:56+00:00","og_image":[{"width":1067,"height":800,"url":"https:\/\/news.canadamotorjobs.com\/wp-content\/uploads\/2024\/02\/A237141_large.jpg","type":"image\/jpeg"}],"author":"Benoit Charette","twitter_card":"summary_large_image","twitter_creator":"@canadamotorjobs","twitter_site":"@canadamotorjobs","twitter_misc":{"\u00c9crit par":"Benoit Charette","Estimation du temps de lecture":"2 minutes"},"schema":{"@context":"https:\/\/schema.org","@graph":[{"@type":"Article","@id":"https:\/\/news.canadamotorjobs.com\/fr\/une-audi-rs6-inspiree-de-la-course\/#article","isPartOf":{"@id":"https:\/\/news.canadamotorjobs.com\/fr\/une-audi-rs6-inspiree-de-la-course\/"},"author":{"name":"Benoit Charette","@id":"https:\/\/news.canadamotorjobs.com\/#\/schema\/person\/51793d1f87d44011d7bcc2ed99269a90"},"headline":"Une Audi RS6 inspir\u00e9e de la course","datePublished":"2024-02-06T10:31:47+00:00","dateModified":"2024-02-06T10:45:56+00:00","mainEntityOfPage":{"@id":"https:\/\/news.canadamotorjobs.com\/fr\/une-audi-rs6-inspiree-de-la-course\/"},"wordCount":496,"publisher":{"@id":"https:\/\/news.canadamotorjobs.com\/#organization"},"image":{"@id":"https:\/\/news.canadamotorjobs.com\/fr\/une-audi-rs6-inspiree-de-la-course\/#primaryimage"},"thumbnailUrl":"https:\/\/news.canadamotorjobs.com\/wp-content\/uploads\/2024\/02\/A237141_large.jpg","articleSection":["Annuel automobile"],"inLanguage":"fr-CA"},{"@type":"WebPage","@id":"https:\/\/news.canadamotorjobs.com\/fr\/une-audi-rs6-inspiree-de-la-course\/","url":"https:\/\/news.canadamotorjobs.com\/fr\/une-audi-rs6-inspiree-de-la-course\/","name":"Une Audi RS6 inspir\u00e9e de la course - CanadaMotorJobs.com","isPartOf":{"@id":"https:\/\/news.canadamotorjobs.com\/#website"},"primaryImageOfPage":{"@id":"https:\/\/news.canadamotorjobs.com\/fr\/une-audi-rs6-inspiree-de-la-course\/#primaryimage"},"image":{"@id":"https:\/\/news.canadamotorjobs.com\/fr\/une-audi-rs6-inspiree-de-la-course\/#primaryimage"},"thumbnailUrl":"https:\/\/news.canadamotorjobs.com\/wp-content\/uploads\/2024\/02\/A237141_large.jpg","datePublished":"2024-02-06T10:31:47+00:00","dateModified":"2024-02-06T10:45:56+00:00","description":"Une Audi RS6 inspir\u00e9e de la course - Benoit Charette - Annuel automobile - CanadaMotorJobs.com.","breadcrumb":{"@id":"https:\/\/news.canadamotorjobs.com\/fr\/une-audi-rs6-inspiree-de-la-course\/#breadcrumb"},"inLanguage":"fr-CA","potentialAction":[{"@type":"ReadAction","target":["https:\/\/news.canadamotorjobs.com\/fr\/une-audi-rs6-inspiree-de-la-course\/"]}]},{"@type":"ImageObject","inLanguage":"fr-CA","@id":"https:\/\/news.canadamotorjobs.com\/fr\/une-audi-rs6-inspiree-de-la-course\/#primaryimage","url":"https:\/\/news.canadamotorjobs.com\/wp-content\/uploads\/2024\/02\/A237141_large.jpg","contentUrl":"https:\/\/news.canadamotorjobs.com\/wp-content\/uploads\/2024\/02\/A237141_large.jpg","width":1067,"height":800},{"@type":"BreadcrumbList","@id":"https:\/\/news.canadamotorjobs.com\/fr\/une-audi-rs6-inspiree-de-la-course\/#breadcrumb","itemListElement":[{"@type":"ListItem","position":1,"name":"Home","item":"https:\/\/news.canadamotorjobs.com\/fr\/blog\/"},{"@type":"ListItem","position":2,"name":"Une Audi RS6 inspir\u00e9e de la course"}]},{"@type":"WebSite","@id":"https:\/\/news.canadamotorjobs.com\/#website","url":"https:\/\/news.canadamotorjobs.com\/","name":"CanadaMotorJobs.com","description":"Automotive Jobs","publisher":{"@id":"https:\/\/news.canadamotorjobs.com\/#organization"},"potentialAction":[{"@type":"SearchAction","target":{"@type":"EntryPoint","urlTemplate":"https:\/\/news.canadamotorjobs.com\/?s={search_term_string}"},"query-input":"required name=search_term_string"}],"inLanguage":"fr-CA"},{"@type":"Organization","@id":"https:\/\/news.canadamotorjobs.com\/#organization","name":"Canada Motor Jobs","url":"https:\/\/news.canadamotorjobs.com\/","logo":{"@type":"ImageObject","inLanguage":"fr-CA","@id":"https:\/\/news.canadamotorjobs.com\/#\/schema\/logo\/image\/","url":"https:\/\/news.canadamotorjobs.com\/wp-content\/uploads\/2022\/10\/logo-canada-motor-jobs-1.png","contentUrl":"https:\/\/news.canadamotorjobs.com\/wp-content\/uploads\/2022\/10\/logo-canada-motor-jobs-1.png","width":800,"height":400,"caption":"Canada Motor Jobs"},"image":{"@id":"https:\/\/news.canadamotorjobs.com\/#\/schema\/logo\/image\/"},"sameAs":["https:\/\/www.facebook.com\/canadamotorjobs\/","https:\/\/x.com\/canadamotorjobs","https:\/\/www.instagram.com\/canadamotorjobs\/","https:\/\/www.linkedin.com\/company\/canadamotorjobs"]},{"@type":"Person","@id":"https:\/\/news.canadamotorjobs.com\/#\/schema\/person\/51793d1f87d44011d7bcc2ed99269a90","name":"Benoit Charette","image":{"@type":"ImageObject","inLanguage":"fr-CA","@id":"https:\/\/news.canadamotorjobs.com\/#\/schema\/person\/image\/","url":"https:\/\/secure.gravatar.com\/avatar\/45f3d2eebcccd909668d7ce7ea7267b6?s=96&d=mm&r=g","contentUrl":"https:\/\/secure.gravatar.com\/avatar\/45f3d2eebcccd909668d7ce7ea7267b6?s=96&d=mm&r=g","caption":"Benoit Charette"},"description":"Benoit Charette \/ Propri\u00e9taire et r\u00e9dacteur en chef Benoit Charette pratique le journalisme automobile depuis bient\u00f4t 30 ans. Il a fait ses classes au c\u00f4t\u00e9 de Daniel H\u00e9raud et au Carnet de route de 1992 \u00e0 2001. Il est fondateur, copropri\u00e9taire et r\u00e9dacteur en chef de L\u2019Annuel de l\u2019automobile, qu\u2019il publie depuis 2001. Il a anim\u00e9 les \u00e9missions RPM et RPM+ sur V et les L\u00e9gendes de la route sur Historia. \u00c0 la radio depuis 1986, il reprend l\u2019antenne cette ann\u00e9e sur les ondes de Cogeco et participe pour la deuxi\u00e8me ann\u00e9e \u00e0 l\u2019\u00e9mission Passion Auto sur RDS en plus de mettre en ligne le site Web officiel de L\u2019Annuel de l\u2019automobile sur annuelauto.ca.","sameAs":["https:\/\/annuelauto.ca\/"],"url":"https:\/\/news.canadamotorjobs.com\/fr\/author\/benoit-charette\/"}]}},"_links":{"self":[{"href":"https:\/\/news.canadamotorjobs.com\/fr\/wp-json\/wp\/v2\/posts\/158181"}],"collection":[{"href":"https:\/\/news.canadamotorjobs.com\/fr\/wp-json\/wp\/v2\/posts"}],"about":[{"href":"https:\/\/news.canadamotorjobs.com\/fr\/wp-json\/wp\/v2\/types\/post"}],"author":[{"embeddable":true,"href":"https:\/\/news.canadamotorjobs.com\/fr\/wp-json\/wp\/v2\/users\/8"}],"replies":[{"embeddable":true,"href":"https:\/\/news.canadamotorjobs.com\/fr\/wp-json\/wp\/v2\/comments?post=158181"}],"version-history":[{"count":2,"href":"https:\/\/news.canadamotorjobs.com\/fr\/wp-json\/wp\/v2\/posts\/158181\/revisions"}],"predecessor-version":[{"id":158185,"href":"https:\/\/news.canadamotorjobs.com\/fr\/wp-json\/wp\/v2\/posts\/158181\/revisions\/158185"}],"wp:featuredmedia":[{"embeddable":true,"href":"https:\/\/news.canadamotorjobs.com\/fr\/wp-json\/wp\/v2\/media\/158183"}],"wp:attachment":[{"href":"https:\/\/news.canadamotorjobs.com\/fr\/wp-json\/wp\/v2\/media?parent=158181"}],"wp:term":[{"taxonomy":"category","embeddable":true,"href":"https:\/\/news.canadamotorjobs.com\/fr\/wp-json\/wp\/v2\/categories?post=158181"},{"taxonomy":"post_tag","embeddable":true,"href":"https:\/\/news.canadamotorjobs.com\/fr\/wp-json\/wp\/v2\/tags?post=158181"}],"curies":[{"name":"wp","href":"https:\/\/api.w.org\/{rel}","templated":true}]}}