{"id":158153,"date":"2024-02-05T08:58:13","date_gmt":"2024-02-05T13:58:13","guid":{"rendered":"https:\/\/news.canadamotorjobs.com\/?p=158153"},"modified":"2024-02-05T09:00:28","modified_gmt":"2024-02-05T14:00:28","slug":"mercedes-benz-esprinter-2024","status":"publish","type":"post","link":"https:\/\/news.canadamotorjobs.com\/fr\/mercedes-benz-esprinter-2024\/","title":{"rendered":"Mercedes-Benz eSprinter 2024"},"content":{"rendered":"<\/p>\n<p><em>Newport Beach, Californie<\/em> &#8211; L&#8217;\u00e9l\u00e9gance \u00e9lectrique se cache sous la carrosserie famili\u00e8re du nouveau eSprinter de Mercedes-Benz. Arborant une apparence presque identique \u00e0 son homologue \u00e0 essence, le eSprinter r\u00e9v\u00e8le sa transformation sous le capot. Avec une batterie de 113 kWh log\u00e9e dans son ventre et un moteur \u00e9lectrique propulsant les roues arri\u00e8re, ce fourgon \u00e9lectrique offre une alternative silencieuse pour la livraison.<\/p>\n<h3><strong>Le jumeau de l&#8217;autre<br \/>\n<\/strong><\/h3>\n<p>\nAu premier regard, la ressemblance entre le eSprinter \u00e9lectrique et son homologue \u00e0 essence est frappante. Mercedes-Benz a m\u00eame laiss\u00e9 la trappe \u00e0 essence du mod\u00e8le \u00e0 combustion interne, ajoutant une touche subtile \u00e0 l&#8217;esth\u00e9tique. Cependant, la v\u00e9ritable r\u00e9volution se d\u00e9roule sous la carrosserie, avec une toute nouvelle architecture \u00e9lectrique.<\/p>\n<h3><strong>Finition soign\u00e9e pour un fourgon<\/strong><\/h3>\n<p>\nL&#8217;espace int\u00e9rieur du eSprinter offre un volume cargo de 13,8 m\u00e8tres cubes, l\u00e9g\u00e8rement inf\u00e9rieur \u00e0 la version \u00e0 essence \u00e0 15,05 m\u00e8tres cubes. La charge utile maximale est de 1 191 kg, offrant tout de m\u00eame une capacit\u00e9 de transport consid\u00e9rable. Les caract\u00e9ristiques du mod\u00e8le \u00e9lectrique sont compl\u00e9t\u00e9es par une fen\u00eatre pr\u00e8s du plafond, offrant une vue fonctionnelle sur l&#8217;espace cargo. Vous avez en option une cabine s\u00e9par\u00e9e sans fen\u00eatre qui vient avec une cam\u00e9ra dans le r\u00e9troviseur int\u00e9rieur.Le eSprinter est \u00e9quip\u00e9 de la derni\u00e8re g\u00e9n\u00e9ration du logiciel d&#8217;infodivertissement de Mercedes-Benz, incluant un assistant vocal MBUX et diverses fonctionnalit\u00e9s de s\u00e9curit\u00e9. Avec une autonomie annonc\u00e9e de 440 kilom\u00e8tres (WLTP), le mod\u00e8le promet des performances \u00e9lectriques de pointe, bien que notre essai sous une pluie battante en Californie sugg\u00e8re une autonomie qui sera plus proche de 300 km dans la vie de tous les jours.<\/p>\n<h3><strong>Un seul moteur \u00e9lectrique pour le moment<\/strong><\/h3>\n<p>\nLe moteur \u00e9lectrique synchrone \u00e0 aimant permanent, associ\u00e9 \u00e0 une batterie lithium\/phosphate de fer, offre une puissance de 201 chevaux et un couple impressionnant de 295 lb.-ft. La gestion thermique am\u00e9lior\u00e9e et la pompe \u00e0 chaleur garantissent une efficacit\u00e9 optimale, tandis que les temps de recharge varient de 42 minutes \u00e0 12 heures selon les options choisies. Plus tard, Mercedes pr\u00e9pare un moteur de 64 kWh dans un habillage diff\u00e9rent qui va offrir 134 chevaux. Pas encore de d\u00e9tails de commercialisation \u00e0 propos de ce mod\u00e8le.<\/p>\n<h3><strong>Peu de chose \u00e0 dire au volant<\/strong><\/h3>\n<p>\nLa conduite du eSprinter, bien que centr\u00e9e sur la fonctionnalit\u00e9, pr\u00e9sente des caract\u00e9ristiques notables. Les si\u00e8ges chauffants, les modes de conduite ajustables et les cinq modes r\u00e9g\u00e9n\u00e9ratifs pour le freinage offrent une exp\u00e9rience de conduite adapt\u00e9e aux besoins du conducteur.<\/p>\n<h3><strong>\u00c7a co\u00fbte cher<\/strong><\/h3>\n<p>\nLe principal obstacle semble \u00eatre le prix initial \u00e9lev\u00e9 de 107 273 $, avec des options pouvant facilement porter la facture \u00e0 115 ou 120 000 $. Compar\u00e9 au Ford e-Transit enti\u00e8rement \u00e9quip\u00e9 \u00e0 seulement 76 000 $, le eSprinter pourrait \u00eatre un investissement difficile pour de nombreuses petites entreprises.<\/p>\n<h3><strong>Conclusion<\/strong><\/h3>\n<p>\nBien que le eSprinter impressionne par sa conduite silencieuse, son syst\u00e8me de navigation et son efficacit\u00e9 anti-vents lat\u00e9raux, le co\u00fbt \u00e9lev\u00e9 soul\u00e8ve des questions quant \u00e0 sa viabilit\u00e9 pour un large public. L&#8217;avenir pourrait r\u00e9v\u00e9ler des versions plus abordables, r\u00e9pondant aux besoins des petites entreprises, tandis que des g\u00e9ants tels qu&#8217;Amazon, DHL ou UPS pourraient \u00eatre les premiers adeptes de cette r\u00e9volution \u00e9lectrique sur roues. Les batteries moins ch\u00e8res justifient-elles le co\u00fbt \u00e9lev\u00e9 du eSprinter? Une version de base pr\u00e9vue l&#8217;ann\u00e9e prochaine sera-t-elle r\u00e9ellement<\/p>\n<h3><em>Forces<\/em><\/h3>\n<p><\/p>\n<ul><\/p>\n<li>La conduite silencieuse<\/li>\n<p><\/p>\n<li>Le syst\u00e8me de navigation en option<\/li>\n<p><\/p>\n<li>L&#8217;efficacit\u00e9 du syst\u00e8me anti-vents lat\u00e9raux<\/li>\n<p>\n<\/ul>\n<p><\/p>\n<h3><em>Faiblesses<\/em><\/h3>\n<p><\/p>\n<ul><\/p>\n<li>Le prix \u00e9lev\u00e9<\/li>\n<p><\/p>\n<li>La liste d&#8217;options \u00e9tendue<\/li>\n<p><\/p>\n<li>Une capacit\u00e9 de chargement perfectible<\/li>\n<p>\n<\/ul>\n<p>\n\u00a0<\/p>\n<p>Le texte <a rel=\"nofollow\" href=\"https:\/\/annuelauto.ca\/mercedes-benz-esprinter-2024\/\">Mercedes-Benz eSprinter 2024<\/a> provient de <a rel=\"nofollow\" href=\"https:\/\/annuelauto.ca\">L&#8217;annuel de l&#8217;automobile &#8211; Actualit\u00e9 automobile<\/a><\/p>\n<p><\/p>\n","protected":false},"excerpt":{"rendered":"<p>Newport Beach, Californie &#8211; L&#8217;\u00e9l\u00e9gance \u00e9lectrique se cache sous la carrosserie famili\u00e8re du nouveau eSprinter de Mercedes-Benz. Arborant une apparence presque identique \u00e0 son homologue \u00e0 essence, le eSprinter r\u00e9v\u00e8le sa transformation sous le capot. Avec une batterie de 113 kWh log\u00e9e dans son ventre et un moteur \u00e9lectrique propulsant les roues arri\u00e8re, ce fourgon [&hellip;]<\/p>\n","protected":false},"author":8,"featured_media":158155,"comment_status":"close","ping_status":"closed","sticky":false,"template":"","format":"standard","meta":{"_monsterinsights_skip_tracking":false,"_monsterinsights_sitenote_active":false,"_monsterinsights_sitenote_note":"","_monsterinsights_sitenote_category":0,"footnotes":""},"categories":[101],"tags":[],"yoast_head":"<!-- This site is optimized with the Yoast SEO plugin v23.2 - https:\/\/yoast.com\/wordpress\/plugins\/seo\/ -->\n<title>Mercedes-Benz eSprinter 2024 - CanadaMotorJobs.com<\/title>\n<meta name=\"description\" content=\"Mercedes-Benz eSprinter 2024 - Benoit Charette - Annuel automobile - CanadaMotorJobs.com.\" \/>\n<meta name=\"robots\" content=\"index, follow, max-snippet:-1, max-image-preview:large, max-video-preview:-1\" \/>\n<meta property=\"og:locale\" content=\"fr_CA\" \/>\n<meta property=\"og:type\" content=\"article\" \/>\n<meta property=\"og:title\" content=\"Mercedes-Benz eSprinter 2024 - CanadaMotorJobs.com\" \/>\n<meta property=\"og:description\" content=\"Mercedes-Benz eSprinter 2024 - Benoit Charette - Annuel automobile - CanadaMotorJobs.com.\" \/>\n<meta property=\"og:url\" content=\"https:\/\/news.canadamotorjobs.com\/fr\/mercedes-benz-esprinter-2024\/\" \/>\n<meta property=\"og:site_name\" content=\"CanadaMotorJobs.com\" \/>\n<meta property=\"article:publisher\" content=\"https:\/\/www.facebook.com\/canadamotorjobs\/\" \/>\n<meta property=\"article:published_time\" content=\"2024-02-05T13:58:13+00:00\" \/>\n<meta property=\"article:modified_time\" content=\"2024-02-05T14:00:28+00:00\" \/>\n<meta property=\"og:image\" content=\"https:\/\/news.canadamotorjobs.com\/wp-content\/uploads\/2024\/02\/eSprinter_Newport_64.jpg\" \/>\n\t<meta property=\"og:image:width\" content=\"1199\" \/>\n\t<meta property=\"og:image:height\" content=\"800\" \/>\n\t<meta property=\"og:image:type\" content=\"image\/jpeg\" \/>\n<meta name=\"author\" content=\"Benoit Charette\" \/>\n<meta name=\"twitter:card\" content=\"summary_large_image\" \/>\n<meta name=\"twitter:creator\" content=\"@canadamotorjobs\" \/>\n<meta name=\"twitter:site\" content=\"@canadamotorjobs\" \/>\n<meta name=\"twitter:label1\" content=\"\u00c9crit par\" \/>\n\t<meta name=\"twitter:data1\" content=\"Benoit Charette\" \/>\n\t<meta name=\"twitter:label2\" content=\"Estimation du temps de lecture\" \/>\n\t<meta name=\"twitter:data2\" content=\"3 minutes\" \/>\n<!-- \/ Yoast SEO plugin. -->","yoast_head_json":{"title":"Mercedes-Benz eSprinter 2024 - CanadaMotorJobs.com","description":"Mercedes-Benz eSprinter 2024 - Benoit Charette - Annuel automobile - CanadaMotorJobs.com.","robots":{"index":"index","follow":"follow","max-snippet":"max-snippet:-1","max-image-preview":"max-image-preview:large","max-video-preview":"max-video-preview:-1"},"og_locale":"fr_CA","og_type":"article","og_title":"Mercedes-Benz eSprinter 2024 - CanadaMotorJobs.com","og_description":"Mercedes-Benz eSprinter 2024 - Benoit Charette - Annuel automobile - CanadaMotorJobs.com.","og_url":"https:\/\/news.canadamotorjobs.com\/fr\/mercedes-benz-esprinter-2024\/","og_site_name":"CanadaMotorJobs.com","article_publisher":"https:\/\/www.facebook.com\/canadamotorjobs\/","article_published_time":"2024-02-05T13:58:13+00:00","article_modified_time":"2024-02-05T14:00:28+00:00","og_image":[{"width":1199,"height":800,"url":"https:\/\/news.canadamotorjobs.com\/wp-content\/uploads\/2024\/02\/eSprinter_Newport_64.jpg","type":"image\/jpeg"}],"author":"Benoit Charette","twitter_card":"summary_large_image","twitter_creator":"@canadamotorjobs","twitter_site":"@canadamotorjobs","twitter_misc":{"\u00c9crit par":"Benoit Charette","Estimation du temps de lecture":"3 minutes"},"schema":{"@context":"https:\/\/schema.org","@graph":[{"@type":"Article","@id":"https:\/\/news.canadamotorjobs.com\/fr\/mercedes-benz-esprinter-2024\/#article","isPartOf":{"@id":"https:\/\/news.canadamotorjobs.com\/fr\/mercedes-benz-esprinter-2024\/"},"author":{"name":"Benoit Charette","@id":"https:\/\/news.canadamotorjobs.com\/#\/schema\/person\/51793d1f87d44011d7bcc2ed99269a90"},"headline":"Mercedes-Benz eSprinter 2024","datePublished":"2024-02-05T13:58:13+00:00","dateModified":"2024-02-05T14:00:28+00:00","mainEntityOfPage":{"@id":"https:\/\/news.canadamotorjobs.com\/fr\/mercedes-benz-esprinter-2024\/"},"wordCount":637,"publisher":{"@id":"https:\/\/news.canadamotorjobs.com\/#organization"},"image":{"@id":"https:\/\/news.canadamotorjobs.com\/fr\/mercedes-benz-esprinter-2024\/#primaryimage"},"thumbnailUrl":"https:\/\/news.canadamotorjobs.com\/wp-content\/uploads\/2024\/02\/eSprinter_Newport_64.jpg","articleSection":["Annuel automobile"],"inLanguage":"fr-CA"},{"@type":"WebPage","@id":"https:\/\/news.canadamotorjobs.com\/fr\/mercedes-benz-esprinter-2024\/","url":"https:\/\/news.canadamotorjobs.com\/fr\/mercedes-benz-esprinter-2024\/","name":"Mercedes-Benz eSprinter 2024 - CanadaMotorJobs.com","isPartOf":{"@id":"https:\/\/news.canadamotorjobs.com\/#website"},"primaryImageOfPage":{"@id":"https:\/\/news.canadamotorjobs.com\/fr\/mercedes-benz-esprinter-2024\/#primaryimage"},"image":{"@id":"https:\/\/news.canadamotorjobs.com\/fr\/mercedes-benz-esprinter-2024\/#primaryimage"},"thumbnailUrl":"https:\/\/news.canadamotorjobs.com\/wp-content\/uploads\/2024\/02\/eSprinter_Newport_64.jpg","datePublished":"2024-02-05T13:58:13+00:00","dateModified":"2024-02-05T14:00:28+00:00","description":"Mercedes-Benz eSprinter 2024 - Benoit Charette - Annuel automobile - CanadaMotorJobs.com.","breadcrumb":{"@id":"https:\/\/news.canadamotorjobs.com\/fr\/mercedes-benz-esprinter-2024\/#breadcrumb"},"inLanguage":"fr-CA","potentialAction":[{"@type":"ReadAction","target":["https:\/\/news.canadamotorjobs.com\/fr\/mercedes-benz-esprinter-2024\/"]}]},{"@type":"ImageObject","inLanguage":"fr-CA","@id":"https:\/\/news.canadamotorjobs.com\/fr\/mercedes-benz-esprinter-2024\/#primaryimage","url":"https:\/\/news.canadamotorjobs.com\/wp-content\/uploads\/2024\/02\/eSprinter_Newport_64.jpg","contentUrl":"https:\/\/news.canadamotorjobs.com\/wp-content\/uploads\/2024\/02\/eSprinter_Newport_64.jpg","width":1199,"height":800},{"@type":"BreadcrumbList","@id":"https:\/\/news.canadamotorjobs.com\/fr\/mercedes-benz-esprinter-2024\/#breadcrumb","itemListElement":[{"@type":"ListItem","position":1,"name":"Home","item":"https:\/\/news.canadamotorjobs.com\/fr\/blog\/"},{"@type":"ListItem","position":2,"name":"Mercedes-Benz eSprinter 2024"}]},{"@type":"WebSite","@id":"https:\/\/news.canadamotorjobs.com\/#website","url":"https:\/\/news.canadamotorjobs.com\/","name":"CanadaMotorJobs.com","description":"Automotive Jobs","publisher":{"@id":"https:\/\/news.canadamotorjobs.com\/#organization"},"potentialAction":[{"@type":"SearchAction","target":{"@type":"EntryPoint","urlTemplate":"https:\/\/news.canadamotorjobs.com\/?s={search_term_string}"},"query-input":"required name=search_term_string"}],"inLanguage":"fr-CA"},{"@type":"Organization","@id":"https:\/\/news.canadamotorjobs.com\/#organization","name":"Canada Motor Jobs","url":"https:\/\/news.canadamotorjobs.com\/","logo":{"@type":"ImageObject","inLanguage":"fr-CA","@id":"https:\/\/news.canadamotorjobs.com\/#\/schema\/logo\/image\/","url":"https:\/\/news.canadamotorjobs.com\/wp-content\/uploads\/2022\/10\/logo-canada-motor-jobs-1.png","contentUrl":"https:\/\/news.canadamotorjobs.com\/wp-content\/uploads\/2022\/10\/logo-canada-motor-jobs-1.png","width":800,"height":400,"caption":"Canada Motor Jobs"},"image":{"@id":"https:\/\/news.canadamotorjobs.com\/#\/schema\/logo\/image\/"},"sameAs":["https:\/\/www.facebook.com\/canadamotorjobs\/","https:\/\/x.com\/canadamotorjobs","https:\/\/www.instagram.com\/canadamotorjobs\/","https:\/\/www.linkedin.com\/company\/canadamotorjobs"]},{"@type":"Person","@id":"https:\/\/news.canadamotorjobs.com\/#\/schema\/person\/51793d1f87d44011d7bcc2ed99269a90","name":"Benoit Charette","image":{"@type":"ImageObject","inLanguage":"fr-CA","@id":"https:\/\/news.canadamotorjobs.com\/#\/schema\/person\/image\/","url":"https:\/\/secure.gravatar.com\/avatar\/45f3d2eebcccd909668d7ce7ea7267b6?s=96&d=mm&r=g","contentUrl":"https:\/\/secure.gravatar.com\/avatar\/45f3d2eebcccd909668d7ce7ea7267b6?s=96&d=mm&r=g","caption":"Benoit Charette"},"description":"Benoit Charette \/ Propri\u00e9taire et r\u00e9dacteur en chef Benoit Charette pratique le journalisme automobile depuis bient\u00f4t 30 ans. Il a fait ses classes au c\u00f4t\u00e9 de Daniel H\u00e9raud et au Carnet de route de 1992 \u00e0 2001. Il est fondateur, copropri\u00e9taire et r\u00e9dacteur en chef de L\u2019Annuel de l\u2019automobile, qu\u2019il publie depuis 2001. Il a anim\u00e9 les \u00e9missions RPM et RPM+ sur V et les L\u00e9gendes de la route sur Historia. \u00c0 la radio depuis 1986, il reprend l\u2019antenne cette ann\u00e9e sur les ondes de Cogeco et participe pour la deuxi\u00e8me ann\u00e9e \u00e0 l\u2019\u00e9mission Passion Auto sur RDS en plus de mettre en ligne le site Web officiel de L\u2019Annuel de l\u2019automobile sur annuelauto.ca.","sameAs":["https:\/\/annuelauto.ca\/"],"url":"https:\/\/news.canadamotorjobs.com\/fr\/author\/benoit-charette\/"}]}},"_links":{"self":[{"href":"https:\/\/news.canadamotorjobs.com\/fr\/wp-json\/wp\/v2\/posts\/158153"}],"collection":[{"href":"https:\/\/news.canadamotorjobs.com\/fr\/wp-json\/wp\/v2\/posts"}],"about":[{"href":"https:\/\/news.canadamotorjobs.com\/fr\/wp-json\/wp\/v2\/types\/post"}],"author":[{"embeddable":true,"href":"https:\/\/news.canadamotorjobs.com\/fr\/wp-json\/wp\/v2\/users\/8"}],"replies":[{"embeddable":true,"href":"https:\/\/news.canadamotorjobs.com\/fr\/wp-json\/wp\/v2\/comments?post=158153"}],"version-history":[{"count":2,"href":"https:\/\/news.canadamotorjobs.com\/fr\/wp-json\/wp\/v2\/posts\/158153\/revisions"}],"predecessor-version":[{"id":158157,"href":"https:\/\/news.canadamotorjobs.com\/fr\/wp-json\/wp\/v2\/posts\/158153\/revisions\/158157"}],"wp:featuredmedia":[{"embeddable":true,"href":"https:\/\/news.canadamotorjobs.com\/fr\/wp-json\/wp\/v2\/media\/158155"}],"wp:attachment":[{"href":"https:\/\/news.canadamotorjobs.com\/fr\/wp-json\/wp\/v2\/media?parent=158153"}],"wp:term":[{"taxonomy":"category","embeddable":true,"href":"https:\/\/news.canadamotorjobs.com\/fr\/wp-json\/wp\/v2\/categories?post=158153"},{"taxonomy":"post_tag","embeddable":true,"href":"https:\/\/news.canadamotorjobs.com\/fr\/wp-json\/wp\/v2\/tags?post=158153"}],"curies":[{"name":"wp","href":"https:\/\/api.w.org\/{rel}","templated":true}]}}