{"id":158126,"date":"2024-02-05T07:54:44","date_gmt":"2024-02-05T12:54:44","guid":{"rendered":"https:\/\/news.canadamotorjobs.com\/?p=158126"},"modified":"2024-02-05T08:00:57","modified_gmt":"2024-02-05T13:00:57","slug":"des-rumeurs-de-fusion-entre-renault-et-stellantis-rejete-par-stellantis","status":"publish","type":"post","link":"https:\/\/news.canadamotorjobs.com\/fr\/des-rumeurs-de-fusion-entre-renault-et-stellantis-rejete-par-stellantis\/","title":{"rendered":"Des rumeurs de fusion entre Renault et Stellantis rejet\u00e9 par Stellantis"},"content":{"rendered":"<\/p>\n<p>Le pr\u00e9sident de Stellantis, John Elkann, a cat\u00e9goriquement ni\u00e9 tout projet de fusion avec d&#8217;autres constructeurs automobiles, en particulier avec le rival Renault. Elkann a d\u00e9clar\u00e9 dans un communiqu\u00e9 lundi qu&#8217;il n&#8217;y avait &#8220;aucun plan \u00e0 l&#8217;\u00e9tude concernant des op\u00e9rations de fusion avec d&#8217;autres constructeurs&#8221;.<\/p>\n<p>Stellantis, engag\u00e9 dans un plan visant \u00e0 atteindre des objectifs communs li\u00e9s \u00e0 la transition \u00e9lectrique, a rassembl\u00e9 le gouvernement italien et les acteurs de l&#8217;industrie automobile. Cette d\u00e9claration intervient en r\u00e9ponse aux sp\u00e9culations du quotidien italien Il Messaggero sur un projet de fusion entre Renault et Stellantis, aliment\u00e9 par l&#8217;int\u00e9r\u00eat du gouvernement fran\u00e7ais, principal actionnaire de Renault.<\/p>\n<p>Bien que les actions de Renault aient initialement augment\u00e9 de plus de 4 % en raison de ces sp\u00e9culations, elles ont par la suite r\u00e9duit leurs gains \u00e0 1 % apr\u00e8s les commentaires d&#8217;Elkann. Les analystes boursiers soulignent les obstacles antitrust \u00e9vidents et les probl\u00e8mes sociaux potentiels en raison d&#8217;une duplication des installations en France dans le cas d&#8217;une telle fusion.<\/p>\n<p>Carlos Tavares, PDG de Stellantis, a r\u00e9cemment aliment\u00e9 le d\u00e9bat en \u00e9voquant les facteurs renfor\u00e7ant le potentiel de fusion, notamment la mont\u00e9e en puissance des fabricants chinois, les efforts de l&#8217;Union europ\u00e9enne pour \u00e9liminer les moteurs \u00e0 combustion, et les co\u00fbts \u00e9lev\u00e9s des nouveaux contrats de l&#8217;UAW.<\/p>\n<p>Tavares a pr\u00e9vu une consolidation de l&#8217;industrie automobile, avertissant d&#8217;un possible &#8220;bain de sang&#8221; dans la course aux v\u00e9hicules \u00e9lectriques abordables. Il a soulign\u00e9 la vuln\u00e9rabilit\u00e9 per\u00e7ue de Renault mais n&#8217;a pas exclu l&#8217;int\u00e9r\u00eat pour d&#8217;autres constructeurs \u00e0 l&#8217;avenir.<\/p>\n<p>En r\u00e9ponse aux critiques du gouvernement italien, Tavares a mentionn\u00e9 que l&#8217;Italie devrait plut\u00f4t prot\u00e9ger les emplois du secteur automobile. Le ministre italien de l&#8217;Industrie, Adolfo Urso, a m\u00eame \u00e9voqu\u00e9 la possibilit\u00e9 d&#8217;une participation gouvernementale dans Stellantis pour contrer l&#8217;influence fran\u00e7aise.<\/p>\n<p>Avec des renseignements d\u2019Automotive News<\/p>\n<p>Le texte <a rel=\"nofollow\" href=\"https:\/\/annuelauto.ca\/des-rumeurs-de-fusion-entre-renault-et-stellantis-rejete-par-stellantis\/\">Des rumeurs de fusion entre Renault et Stellantis rejet\u00e9 par Stellantis<\/a> provient de <a rel=\"nofollow\" href=\"https:\/\/annuelauto.ca\">L&#8217;annuel de l&#8217;automobile &#8211; Actualit\u00e9 automobile<\/a><\/p>\n<p><\/p>\n","protected":false},"excerpt":{"rendered":"<p>Le pr\u00e9sident de Stellantis, John Elkann, a cat\u00e9goriquement ni\u00e9 tout projet de fusion avec d&#8217;autres constructeurs automobiles, en particulier avec le rival Renault. Elkann a d\u00e9clar\u00e9 dans un communiqu\u00e9 lundi qu&#8217;il n&#8217;y avait &#8220;aucun plan \u00e0 l&#8217;\u00e9tude concernant des op\u00e9rations de fusion avec d&#8217;autres constructeurs&#8221;. Stellantis, engag\u00e9 dans un plan visant \u00e0 atteindre des objectifs [&hellip;]<\/p>\n","protected":false},"author":8,"featured_media":158128,"comment_status":"close","ping_status":"closed","sticky":false,"template":"","format":"standard","meta":{"_monsterinsights_skip_tracking":false,"_monsterinsights_sitenote_active":false,"_monsterinsights_sitenote_note":"","_monsterinsights_sitenote_category":0,"footnotes":""},"categories":[101],"tags":[],"yoast_head":"<!-- This site is optimized with the Yoast SEO plugin v23.2 - https:\/\/yoast.com\/wordpress\/plugins\/seo\/ -->\n<title>Des rumeurs de fusion entre Renault et Stellantis rejet\u00e9 par Stellantis - CanadaMotorJobs.com<\/title>\n<meta name=\"description\" content=\"Des rumeurs de fusion entre Renault et Stellantis rejet\u00e9 par Stellantis - Benoit Charette - Annuel automobile - CanadaMotorJobs.com.\" \/>\n<meta name=\"robots\" content=\"index, follow, max-snippet:-1, max-image-preview:large, max-video-preview:-1\" \/>\n<meta property=\"og:locale\" content=\"fr_CA\" \/>\n<meta property=\"og:type\" content=\"article\" \/>\n<meta property=\"og:title\" content=\"Des rumeurs de fusion entre Renault et Stellantis rejet\u00e9 par Stellantis - CanadaMotorJobs.com\" \/>\n<meta property=\"og:description\" content=\"Des rumeurs de fusion entre Renault et Stellantis rejet\u00e9 par Stellantis - Benoit Charette - Annuel automobile - CanadaMotorJobs.com.\" \/>\n<meta property=\"og:url\" content=\"https:\/\/news.canadamotorjobs.com\/fr\/des-rumeurs-de-fusion-entre-renault-et-stellantis-rejete-par-stellantis\/\" \/>\n<meta property=\"og:site_name\" content=\"CanadaMotorJobs.com\" \/>\n<meta property=\"article:publisher\" content=\"https:\/\/www.facebook.com\/canadamotorjobs\/\" \/>\n<meta property=\"article:published_time\" content=\"2024-02-05T12:54:44+00:00\" \/>\n<meta property=\"article:modified_time\" content=\"2024-02-05T13:00:57+00:00\" \/>\n<meta property=\"og:image\" content=\"https:\/\/news.canadamotorjobs.com\/wp-content\/uploads\/2024\/02\/STELLANTIS-LOGO-thin-72-03.png\" \/>\n\t<meta property=\"og:image:width\" content=\"1921\" \/>\n\t<meta property=\"og:image:height\" content=\"592\" \/>\n\t<meta property=\"og:image:type\" content=\"image\/png\" \/>\n<meta name=\"author\" content=\"Benoit Charette\" \/>\n<meta name=\"twitter:card\" content=\"summary_large_image\" \/>\n<meta name=\"twitter:creator\" content=\"@canadamotorjobs\" \/>\n<meta name=\"twitter:site\" content=\"@canadamotorjobs\" \/>\n<meta name=\"twitter:label1\" content=\"\u00c9crit par\" \/>\n\t<meta name=\"twitter:data1\" content=\"Benoit Charette\" \/>\n\t<meta name=\"twitter:label2\" content=\"Estimation du temps de lecture\" \/>\n\t<meta name=\"twitter:data2\" content=\"2 minutes\" \/>\n<!-- \/ Yoast SEO plugin. -->","yoast_head_json":{"title":"Des rumeurs de fusion entre Renault et Stellantis rejet\u00e9 par Stellantis - CanadaMotorJobs.com","description":"Des rumeurs de fusion entre Renault et Stellantis rejet\u00e9 par Stellantis - Benoit Charette - Annuel automobile - CanadaMotorJobs.com.","robots":{"index":"index","follow":"follow","max-snippet":"max-snippet:-1","max-image-preview":"max-image-preview:large","max-video-preview":"max-video-preview:-1"},"og_locale":"fr_CA","og_type":"article","og_title":"Des rumeurs de fusion entre Renault et Stellantis rejet\u00e9 par Stellantis - CanadaMotorJobs.com","og_description":"Des rumeurs de fusion entre Renault et Stellantis rejet\u00e9 par Stellantis - Benoit Charette - Annuel automobile - CanadaMotorJobs.com.","og_url":"https:\/\/news.canadamotorjobs.com\/fr\/des-rumeurs-de-fusion-entre-renault-et-stellantis-rejete-par-stellantis\/","og_site_name":"CanadaMotorJobs.com","article_publisher":"https:\/\/www.facebook.com\/canadamotorjobs\/","article_published_time":"2024-02-05T12:54:44+00:00","article_modified_time":"2024-02-05T13:00:57+00:00","og_image":[{"width":1921,"height":592,"url":"https:\/\/news.canadamotorjobs.com\/wp-content\/uploads\/2024\/02\/STELLANTIS-LOGO-thin-72-03.png","type":"image\/png"}],"author":"Benoit Charette","twitter_card":"summary_large_image","twitter_creator":"@canadamotorjobs","twitter_site":"@canadamotorjobs","twitter_misc":{"\u00c9crit par":"Benoit Charette","Estimation du temps de lecture":"2 minutes"},"schema":{"@context":"https:\/\/schema.org","@graph":[{"@type":"Article","@id":"https:\/\/news.canadamotorjobs.com\/fr\/des-rumeurs-de-fusion-entre-renault-et-stellantis-rejete-par-stellantis\/#article","isPartOf":{"@id":"https:\/\/news.canadamotorjobs.com\/fr\/des-rumeurs-de-fusion-entre-renault-et-stellantis-rejete-par-stellantis\/"},"author":{"name":"Benoit Charette","@id":"https:\/\/news.canadamotorjobs.com\/#\/schema\/person\/51793d1f87d44011d7bcc2ed99269a90"},"headline":"Des rumeurs de fusion entre Renault et Stellantis rejet\u00e9 par Stellantis","datePublished":"2024-02-05T12:54:44+00:00","dateModified":"2024-02-05T13:00:57+00:00","mainEntityOfPage":{"@id":"https:\/\/news.canadamotorjobs.com\/fr\/des-rumeurs-de-fusion-entre-renault-et-stellantis-rejete-par-stellantis\/"},"wordCount":375,"publisher":{"@id":"https:\/\/news.canadamotorjobs.com\/#organization"},"image":{"@id":"https:\/\/news.canadamotorjobs.com\/fr\/des-rumeurs-de-fusion-entre-renault-et-stellantis-rejete-par-stellantis\/#primaryimage"},"thumbnailUrl":"https:\/\/news.canadamotorjobs.com\/wp-content\/uploads\/2024\/02\/STELLANTIS-LOGO-thin-72-03.png","articleSection":["Annuel automobile"],"inLanguage":"fr-CA"},{"@type":"WebPage","@id":"https:\/\/news.canadamotorjobs.com\/fr\/des-rumeurs-de-fusion-entre-renault-et-stellantis-rejete-par-stellantis\/","url":"https:\/\/news.canadamotorjobs.com\/fr\/des-rumeurs-de-fusion-entre-renault-et-stellantis-rejete-par-stellantis\/","name":"Des rumeurs de fusion entre Renault et Stellantis rejet\u00e9 par Stellantis - CanadaMotorJobs.com","isPartOf":{"@id":"https:\/\/news.canadamotorjobs.com\/#website"},"primaryImageOfPage":{"@id":"https:\/\/news.canadamotorjobs.com\/fr\/des-rumeurs-de-fusion-entre-renault-et-stellantis-rejete-par-stellantis\/#primaryimage"},"image":{"@id":"https:\/\/news.canadamotorjobs.com\/fr\/des-rumeurs-de-fusion-entre-renault-et-stellantis-rejete-par-stellantis\/#primaryimage"},"thumbnailUrl":"https:\/\/news.canadamotorjobs.com\/wp-content\/uploads\/2024\/02\/STELLANTIS-LOGO-thin-72-03.png","datePublished":"2024-02-05T12:54:44+00:00","dateModified":"2024-02-05T13:00:57+00:00","description":"Des rumeurs de fusion entre Renault et Stellantis rejet\u00e9 par Stellantis - Benoit Charette - Annuel automobile - CanadaMotorJobs.com.","breadcrumb":{"@id":"https:\/\/news.canadamotorjobs.com\/fr\/des-rumeurs-de-fusion-entre-renault-et-stellantis-rejete-par-stellantis\/#breadcrumb"},"inLanguage":"fr-CA","potentialAction":[{"@type":"ReadAction","target":["https:\/\/news.canadamotorjobs.com\/fr\/des-rumeurs-de-fusion-entre-renault-et-stellantis-rejete-par-stellantis\/"]}]},{"@type":"ImageObject","inLanguage":"fr-CA","@id":"https:\/\/news.canadamotorjobs.com\/fr\/des-rumeurs-de-fusion-entre-renault-et-stellantis-rejete-par-stellantis\/#primaryimage","url":"https:\/\/news.canadamotorjobs.com\/wp-content\/uploads\/2024\/02\/STELLANTIS-LOGO-thin-72-03.png","contentUrl":"https:\/\/news.canadamotorjobs.com\/wp-content\/uploads\/2024\/02\/STELLANTIS-LOGO-thin-72-03.png","width":1921,"height":592},{"@type":"BreadcrumbList","@id":"https:\/\/news.canadamotorjobs.com\/fr\/des-rumeurs-de-fusion-entre-renault-et-stellantis-rejete-par-stellantis\/#breadcrumb","itemListElement":[{"@type":"ListItem","position":1,"name":"Home","item":"https:\/\/news.canadamotorjobs.com\/fr\/blog\/"},{"@type":"ListItem","position":2,"name":"Des rumeurs de fusion entre Renault et Stellantis rejet\u00e9 par Stellantis"}]},{"@type":"WebSite","@id":"https:\/\/news.canadamotorjobs.com\/#website","url":"https:\/\/news.canadamotorjobs.com\/","name":"CanadaMotorJobs.com","description":"Automotive Jobs","publisher":{"@id":"https:\/\/news.canadamotorjobs.com\/#organization"},"potentialAction":[{"@type":"SearchAction","target":{"@type":"EntryPoint","urlTemplate":"https:\/\/news.canadamotorjobs.com\/?s={search_term_string}"},"query-input":"required name=search_term_string"}],"inLanguage":"fr-CA"},{"@type":"Organization","@id":"https:\/\/news.canadamotorjobs.com\/#organization","name":"Canada Motor Jobs","url":"https:\/\/news.canadamotorjobs.com\/","logo":{"@type":"ImageObject","inLanguage":"fr-CA","@id":"https:\/\/news.canadamotorjobs.com\/#\/schema\/logo\/image\/","url":"https:\/\/news.canadamotorjobs.com\/wp-content\/uploads\/2022\/10\/logo-canada-motor-jobs-1.png","contentUrl":"https:\/\/news.canadamotorjobs.com\/wp-content\/uploads\/2022\/10\/logo-canada-motor-jobs-1.png","width":800,"height":400,"caption":"Canada Motor Jobs"},"image":{"@id":"https:\/\/news.canadamotorjobs.com\/#\/schema\/logo\/image\/"},"sameAs":["https:\/\/www.facebook.com\/canadamotorjobs\/","https:\/\/x.com\/canadamotorjobs","https:\/\/www.instagram.com\/canadamotorjobs\/","https:\/\/www.linkedin.com\/company\/canadamotorjobs"]},{"@type":"Person","@id":"https:\/\/news.canadamotorjobs.com\/#\/schema\/person\/51793d1f87d44011d7bcc2ed99269a90","name":"Benoit Charette","image":{"@type":"ImageObject","inLanguage":"fr-CA","@id":"https:\/\/news.canadamotorjobs.com\/#\/schema\/person\/image\/","url":"https:\/\/secure.gravatar.com\/avatar\/45f3d2eebcccd909668d7ce7ea7267b6?s=96&d=mm&r=g","contentUrl":"https:\/\/secure.gravatar.com\/avatar\/45f3d2eebcccd909668d7ce7ea7267b6?s=96&d=mm&r=g","caption":"Benoit Charette"},"description":"Benoit Charette \/ Propri\u00e9taire et r\u00e9dacteur en chef Benoit Charette pratique le journalisme automobile depuis bient\u00f4t 30 ans. Il a fait ses classes au c\u00f4t\u00e9 de Daniel H\u00e9raud et au Carnet de route de 1992 \u00e0 2001. Il est fondateur, copropri\u00e9taire et r\u00e9dacteur en chef de L\u2019Annuel de l\u2019automobile, qu\u2019il publie depuis 2001. Il a anim\u00e9 les \u00e9missions RPM et RPM+ sur V et les L\u00e9gendes de la route sur Historia. \u00c0 la radio depuis 1986, il reprend l\u2019antenne cette ann\u00e9e sur les ondes de Cogeco et participe pour la deuxi\u00e8me ann\u00e9e \u00e0 l\u2019\u00e9mission Passion Auto sur RDS en plus de mettre en ligne le site Web officiel de L\u2019Annuel de l\u2019automobile sur annuelauto.ca.","sameAs":["https:\/\/annuelauto.ca\/"],"url":"https:\/\/news.canadamotorjobs.com\/fr\/author\/benoit-charette\/"}]}},"_links":{"self":[{"href":"https:\/\/news.canadamotorjobs.com\/fr\/wp-json\/wp\/v2\/posts\/158126"}],"collection":[{"href":"https:\/\/news.canadamotorjobs.com\/fr\/wp-json\/wp\/v2\/posts"}],"about":[{"href":"https:\/\/news.canadamotorjobs.com\/fr\/wp-json\/wp\/v2\/types\/post"}],"author":[{"embeddable":true,"href":"https:\/\/news.canadamotorjobs.com\/fr\/wp-json\/wp\/v2\/users\/8"}],"replies":[{"embeddable":true,"href":"https:\/\/news.canadamotorjobs.com\/fr\/wp-json\/wp\/v2\/comments?post=158126"}],"version-history":[{"count":2,"href":"https:\/\/news.canadamotorjobs.com\/fr\/wp-json\/wp\/v2\/posts\/158126\/revisions"}],"predecessor-version":[{"id":158130,"href":"https:\/\/news.canadamotorjobs.com\/fr\/wp-json\/wp\/v2\/posts\/158126\/revisions\/158130"}],"wp:featuredmedia":[{"embeddable":true,"href":"https:\/\/news.canadamotorjobs.com\/fr\/wp-json\/wp\/v2\/media\/158128"}],"wp:attachment":[{"href":"https:\/\/news.canadamotorjobs.com\/fr\/wp-json\/wp\/v2\/media?parent=158126"}],"wp:term":[{"taxonomy":"category","embeddable":true,"href":"https:\/\/news.canadamotorjobs.com\/fr\/wp-json\/wp\/v2\/categories?post=158126"},{"taxonomy":"post_tag","embeddable":true,"href":"https:\/\/news.canadamotorjobs.com\/fr\/wp-json\/wp\/v2\/tags?post=158126"}],"curies":[{"name":"wp","href":"https:\/\/api.w.org\/{rel}","templated":true}]}}