{"id":158098,"date":"2024-02-02T10:00:05","date_gmt":"2024-02-02T15:00:05","guid":{"rendered":"https:\/\/news.canadamotorjobs.com\/?p=158098"},"modified":"2024-02-02T10:15:16","modified_gmt":"2024-02-02T15:15:16","slug":"mazda-remet-en-selle-un-projet-de-moteur-rotatif","status":"publish","type":"post","link":"https:\/\/news.canadamotorjobs.com\/fr\/mazda-remet-en-selle-un-projet-de-moteur-rotatif\/","title":{"rendered":"Mazda remet en selle un projet de moteur rotatif"},"content":{"rendered":"<\/p>\n<p>Mazda a annonc\u00e9 son intention d&#8217;acc\u00e9l\u00e9rer les efforts de recherche et d\u00e9veloppement (R&amp;D) dans le domaine des moteurs Wankel.<\/p>\n<p>Peut-\u00eatre la marque la plus \u00e9troitement associ\u00e9e aux moteurs rotatifs, gr\u00e2ce aux voitures de sport comme la RX-7 et la RX-8, le constructeur automobile japonais s&#8217;int\u00e9resse d\u00e9sormais \u00e0 leur utilisation comme g\u00e9n\u00e9rateur pour les v\u00e9hicules avec des moteurs \u00e9lectriques.<\/p>\n<p>Plus r\u00e9cemment, la soci\u00e9t\u00e9 a explor\u00e9 l&#8217;utilisation d&#8217;un moteur rotatif dans la MX-30 e-Skyactive R-EV hybride rechargeable en Europe. Son moteur Wankel de 0,8 litre charge la petite batterie du v\u00e9hicule, augmentant son autonomie de 85 km pour une autonomie totale de 600 km. Ce d\u00e9veloppement a \u00e9t\u00e9 assez r\u00e9ussi pour convaincre la marque d&#8217;investir davantage dans la technologie.<\/p>\n<p>Depuis hier, une \u00e9quipe de 36 ing\u00e9nieurs collabore dans le but de r\u00e9aliser une perc\u00e9e dans la technologie du moteur rotatif, selon Ichiro Hirose, directeur de la technologie de Mazda. Il promet une technologie qui peut aider \u00e0 cr\u00e9er des &#8220;voitures attrayantes qui excitent les clients&#8221;.<\/p>\n<p>Mazda souhaite d\u00e9velopper la technologie rotative au-del\u00e0 de ce que poss\u00e8de la MX-30. Cependant, la soci\u00e9t\u00e9 pr\u00e9cise que le moteur continuera d&#8217;\u00eatre utilis\u00e9 comme g\u00e9n\u00e9rateur et convient bien \u00e0 cette t\u00e2che. Les moteurs rotatifs sont connus pour leur petite taille, ce qui les rend plus faciles \u00e0 int\u00e9grer dans un v\u00e9hicule hybride.<\/p>\n<p>Bien que les d\u00e9tails du plan de Mazda pour le moteur rotatif restent flous, la soci\u00e9t\u00e9 a laiss\u00e9 entendre qu&#8217;elle envisage de produire une voiture de sport bas\u00e9e sur la technologie. Le concept car embl\u00e9matique SP a \u00e9t\u00e9 d\u00e9voil\u00e9 au au Salon de l\u2019auto de Tokyo en octobre et aurait \u00e9t\u00e9 dot\u00e9 d&#8217;un &#8220;syst\u00e8me EV rotatif \u00e0 deux rotors&#8221; pouvant fonctionner \u00e0 l&#8217;hydrog\u00e8ne ou \u00e0 d&#8217;autres carburants neutres en carbone.<\/p>\n<p>Avec un design \u00e9tonnamment s\u00e9duisant, environ 365 chevaux et une r\u00e9partition parfaite du poids \u00e0 50-50, il pourrait \u00eatre une voiture embl\u00e9matique parfaite pour la nouvelle technologie de l&#8217;entreprise.<\/p>\n<p>Avec des renseignements de Carscoops<\/p>\n<p>Le texte <a rel=\"nofollow\" href=\"https:\/\/annuelauto.ca\/mazda-remet-en-selle-un-projet-de-moteur-rotatif\/\">Mazda remet en selle un projet de moteur rotatif<\/a> provient de <a rel=\"nofollow\" href=\"https:\/\/annuelauto.ca\">L&#8217;annuel de l&#8217;automobile &#8211; Actualit\u00e9 automobile<\/a><\/p>\n<p><\/p>\n","protected":false},"excerpt":{"rendered":"<p>Mazda a annonc\u00e9 son intention d&#8217;acc\u00e9l\u00e9rer les efforts de recherche et d\u00e9veloppement (R&amp;D) dans le domaine des moteurs Wankel. Peut-\u00eatre la marque la plus \u00e9troitement associ\u00e9e aux moteurs rotatifs, gr\u00e2ce aux voitures de sport comme la RX-7 et la RX-8, le constructeur automobile japonais s&#8217;int\u00e9resse d\u00e9sormais \u00e0 leur utilisation comme g\u00e9n\u00e9rateur pour les v\u00e9hicules avec [&hellip;]<\/p>\n","protected":false},"author":8,"featured_media":158100,"comment_status":"close","ping_status":"closed","sticky":false,"template":"","format":"standard","meta":{"_monsterinsights_skip_tracking":false,"_monsterinsights_sitenote_active":false,"_monsterinsights_sitenote_note":"","_monsterinsights_sitenote_category":0,"footnotes":""},"categories":[101],"tags":[],"yoast_head":"<!-- This site is optimized with the Yoast SEO plugin v23.2 - https:\/\/yoast.com\/wordpress\/plugins\/seo\/ -->\n<title>Mazda remet en selle un projet de moteur rotatif - CanadaMotorJobs.com<\/title>\n<meta name=\"description\" content=\"Mazda remet en selle un projet de moteur rotatif - Benoit Charette - Annuel automobile - CanadaMotorJobs.com.\" \/>\n<meta name=\"robots\" content=\"index, follow, max-snippet:-1, max-image-preview:large, max-video-preview:-1\" \/>\n<meta property=\"og:locale\" content=\"fr_CA\" \/>\n<meta property=\"og:type\" content=\"article\" \/>\n<meta property=\"og:title\" content=\"Mazda remet en selle un projet de moteur rotatif - CanadaMotorJobs.com\" \/>\n<meta property=\"og:description\" content=\"Mazda remet en selle un projet de moteur rotatif - Benoit Charette - Annuel automobile - CanadaMotorJobs.com.\" \/>\n<meta property=\"og:url\" content=\"https:\/\/news.canadamotorjobs.com\/fr\/mazda-remet-en-selle-un-projet-de-moteur-rotatif\/\" \/>\n<meta property=\"og:site_name\" content=\"CanadaMotorJobs.com\" \/>\n<meta property=\"article:publisher\" content=\"https:\/\/www.facebook.com\/canadamotorjobs\/\" \/>\n<meta property=\"article:published_time\" content=\"2024-02-02T15:00:05+00:00\" \/>\n<meta property=\"article:modified_time\" content=\"2024-02-02T15:15:16+00:00\" \/>\n<meta property=\"og:image\" content=\"https:\/\/news.canadamotorjobs.com\/wp-content\/uploads\/2024\/02\/IMG_3644-1024x683-1.jpg\" \/>\n\t<meta property=\"og:image:width\" content=\"1024\" \/>\n\t<meta property=\"og:image:height\" content=\"683\" \/>\n\t<meta property=\"og:image:type\" content=\"image\/jpeg\" \/>\n<meta name=\"author\" content=\"Benoit Charette\" \/>\n<meta name=\"twitter:card\" content=\"summary_large_image\" \/>\n<meta name=\"twitter:creator\" content=\"@canadamotorjobs\" \/>\n<meta name=\"twitter:site\" content=\"@canadamotorjobs\" \/>\n<meta name=\"twitter:label1\" content=\"\u00c9crit par\" \/>\n\t<meta name=\"twitter:data1\" content=\"Benoit Charette\" \/>\n\t<meta name=\"twitter:label2\" content=\"Estimation du temps de lecture\" \/>\n\t<meta name=\"twitter:data2\" content=\"2 minutes\" \/>\n<!-- \/ Yoast SEO plugin. -->","yoast_head_json":{"title":"Mazda remet en selle un projet de moteur rotatif - CanadaMotorJobs.com","description":"Mazda remet en selle un projet de moteur rotatif - Benoit Charette - Annuel automobile - CanadaMotorJobs.com.","robots":{"index":"index","follow":"follow","max-snippet":"max-snippet:-1","max-image-preview":"max-image-preview:large","max-video-preview":"max-video-preview:-1"},"og_locale":"fr_CA","og_type":"article","og_title":"Mazda remet en selle un projet de moteur rotatif - CanadaMotorJobs.com","og_description":"Mazda remet en selle un projet de moteur rotatif - Benoit Charette - Annuel automobile - CanadaMotorJobs.com.","og_url":"https:\/\/news.canadamotorjobs.com\/fr\/mazda-remet-en-selle-un-projet-de-moteur-rotatif\/","og_site_name":"CanadaMotorJobs.com","article_publisher":"https:\/\/www.facebook.com\/canadamotorjobs\/","article_published_time":"2024-02-02T15:00:05+00:00","article_modified_time":"2024-02-02T15:15:16+00:00","og_image":[{"width":1024,"height":683,"url":"https:\/\/news.canadamotorjobs.com\/wp-content\/uploads\/2024\/02\/IMG_3644-1024x683-1.jpg","type":"image\/jpeg"}],"author":"Benoit Charette","twitter_card":"summary_large_image","twitter_creator":"@canadamotorjobs","twitter_site":"@canadamotorjobs","twitter_misc":{"\u00c9crit par":"Benoit Charette","Estimation du temps de lecture":"2 minutes"},"schema":{"@context":"https:\/\/schema.org","@graph":[{"@type":"Article","@id":"https:\/\/news.canadamotorjobs.com\/fr\/mazda-remet-en-selle-un-projet-de-moteur-rotatif\/#article","isPartOf":{"@id":"https:\/\/news.canadamotorjobs.com\/fr\/mazda-remet-en-selle-un-projet-de-moteur-rotatif\/"},"author":{"name":"Benoit Charette","@id":"https:\/\/news.canadamotorjobs.com\/#\/schema\/person\/51793d1f87d44011d7bcc2ed99269a90"},"headline":"Mazda remet en selle un projet de moteur rotatif","datePublished":"2024-02-02T15:00:05+00:00","dateModified":"2024-02-02T15:15:16+00:00","mainEntityOfPage":{"@id":"https:\/\/news.canadamotorjobs.com\/fr\/mazda-remet-en-selle-un-projet-de-moteur-rotatif\/"},"wordCount":388,"publisher":{"@id":"https:\/\/news.canadamotorjobs.com\/#organization"},"image":{"@id":"https:\/\/news.canadamotorjobs.com\/fr\/mazda-remet-en-selle-un-projet-de-moteur-rotatif\/#primaryimage"},"thumbnailUrl":"https:\/\/news.canadamotorjobs.com\/wp-content\/uploads\/2024\/02\/IMG_3644-1024x683-1.jpg","articleSection":["Annuel automobile"],"inLanguage":"fr-CA"},{"@type":"WebPage","@id":"https:\/\/news.canadamotorjobs.com\/fr\/mazda-remet-en-selle-un-projet-de-moteur-rotatif\/","url":"https:\/\/news.canadamotorjobs.com\/fr\/mazda-remet-en-selle-un-projet-de-moteur-rotatif\/","name":"Mazda remet en selle un projet de moteur rotatif - CanadaMotorJobs.com","isPartOf":{"@id":"https:\/\/news.canadamotorjobs.com\/#website"},"primaryImageOfPage":{"@id":"https:\/\/news.canadamotorjobs.com\/fr\/mazda-remet-en-selle-un-projet-de-moteur-rotatif\/#primaryimage"},"image":{"@id":"https:\/\/news.canadamotorjobs.com\/fr\/mazda-remet-en-selle-un-projet-de-moteur-rotatif\/#primaryimage"},"thumbnailUrl":"https:\/\/news.canadamotorjobs.com\/wp-content\/uploads\/2024\/02\/IMG_3644-1024x683-1.jpg","datePublished":"2024-02-02T15:00:05+00:00","dateModified":"2024-02-02T15:15:16+00:00","description":"Mazda remet en selle un projet de moteur rotatif - Benoit Charette - Annuel automobile - CanadaMotorJobs.com.","breadcrumb":{"@id":"https:\/\/news.canadamotorjobs.com\/fr\/mazda-remet-en-selle-un-projet-de-moteur-rotatif\/#breadcrumb"},"inLanguage":"fr-CA","potentialAction":[{"@type":"ReadAction","target":["https:\/\/news.canadamotorjobs.com\/fr\/mazda-remet-en-selle-un-projet-de-moteur-rotatif\/"]}]},{"@type":"ImageObject","inLanguage":"fr-CA","@id":"https:\/\/news.canadamotorjobs.com\/fr\/mazda-remet-en-selle-un-projet-de-moteur-rotatif\/#primaryimage","url":"https:\/\/news.canadamotorjobs.com\/wp-content\/uploads\/2024\/02\/IMG_3644-1024x683-1.jpg","contentUrl":"https:\/\/news.canadamotorjobs.com\/wp-content\/uploads\/2024\/02\/IMG_3644-1024x683-1.jpg","width":1024,"height":683},{"@type":"BreadcrumbList","@id":"https:\/\/news.canadamotorjobs.com\/fr\/mazda-remet-en-selle-un-projet-de-moteur-rotatif\/#breadcrumb","itemListElement":[{"@type":"ListItem","position":1,"name":"Home","item":"https:\/\/news.canadamotorjobs.com\/fr\/blog\/"},{"@type":"ListItem","position":2,"name":"Mazda remet en selle un projet de moteur rotatif"}]},{"@type":"WebSite","@id":"https:\/\/news.canadamotorjobs.com\/#website","url":"https:\/\/news.canadamotorjobs.com\/","name":"CanadaMotorJobs.com","description":"Automotive Jobs","publisher":{"@id":"https:\/\/news.canadamotorjobs.com\/#organization"},"potentialAction":[{"@type":"SearchAction","target":{"@type":"EntryPoint","urlTemplate":"https:\/\/news.canadamotorjobs.com\/?s={search_term_string}"},"query-input":"required name=search_term_string"}],"inLanguage":"fr-CA"},{"@type":"Organization","@id":"https:\/\/news.canadamotorjobs.com\/#organization","name":"Canada Motor Jobs","url":"https:\/\/news.canadamotorjobs.com\/","logo":{"@type":"ImageObject","inLanguage":"fr-CA","@id":"https:\/\/news.canadamotorjobs.com\/#\/schema\/logo\/image\/","url":"https:\/\/news.canadamotorjobs.com\/wp-content\/uploads\/2022\/10\/logo-canada-motor-jobs-1.png","contentUrl":"https:\/\/news.canadamotorjobs.com\/wp-content\/uploads\/2022\/10\/logo-canada-motor-jobs-1.png","width":800,"height":400,"caption":"Canada Motor Jobs"},"image":{"@id":"https:\/\/news.canadamotorjobs.com\/#\/schema\/logo\/image\/"},"sameAs":["https:\/\/www.facebook.com\/canadamotorjobs\/","https:\/\/x.com\/canadamotorjobs","https:\/\/www.instagram.com\/canadamotorjobs\/","https:\/\/www.linkedin.com\/company\/canadamotorjobs"]},{"@type":"Person","@id":"https:\/\/news.canadamotorjobs.com\/#\/schema\/person\/51793d1f87d44011d7bcc2ed99269a90","name":"Benoit Charette","image":{"@type":"ImageObject","inLanguage":"fr-CA","@id":"https:\/\/news.canadamotorjobs.com\/#\/schema\/person\/image\/","url":"https:\/\/secure.gravatar.com\/avatar\/45f3d2eebcccd909668d7ce7ea7267b6?s=96&d=mm&r=g","contentUrl":"https:\/\/secure.gravatar.com\/avatar\/45f3d2eebcccd909668d7ce7ea7267b6?s=96&d=mm&r=g","caption":"Benoit Charette"},"description":"Benoit Charette \/ Propri\u00e9taire et r\u00e9dacteur en chef Benoit Charette pratique le journalisme automobile depuis bient\u00f4t 30 ans. Il a fait ses classes au c\u00f4t\u00e9 de Daniel H\u00e9raud et au Carnet de route de 1992 \u00e0 2001. Il est fondateur, copropri\u00e9taire et r\u00e9dacteur en chef de L\u2019Annuel de l\u2019automobile, qu\u2019il publie depuis 2001. Il a anim\u00e9 les \u00e9missions RPM et RPM+ sur V et les L\u00e9gendes de la route sur Historia. \u00c0 la radio depuis 1986, il reprend l\u2019antenne cette ann\u00e9e sur les ondes de Cogeco et participe pour la deuxi\u00e8me ann\u00e9e \u00e0 l\u2019\u00e9mission Passion Auto sur RDS en plus de mettre en ligne le site Web officiel de L\u2019Annuel de l\u2019automobile sur annuelauto.ca.","sameAs":["https:\/\/annuelauto.ca\/"],"url":"https:\/\/news.canadamotorjobs.com\/fr\/author\/benoit-charette\/"}]}},"_links":{"self":[{"href":"https:\/\/news.canadamotorjobs.com\/fr\/wp-json\/wp\/v2\/posts\/158098"}],"collection":[{"href":"https:\/\/news.canadamotorjobs.com\/fr\/wp-json\/wp\/v2\/posts"}],"about":[{"href":"https:\/\/news.canadamotorjobs.com\/fr\/wp-json\/wp\/v2\/types\/post"}],"author":[{"embeddable":true,"href":"https:\/\/news.canadamotorjobs.com\/fr\/wp-json\/wp\/v2\/users\/8"}],"replies":[{"embeddable":true,"href":"https:\/\/news.canadamotorjobs.com\/fr\/wp-json\/wp\/v2\/comments?post=158098"}],"version-history":[{"count":2,"href":"https:\/\/news.canadamotorjobs.com\/fr\/wp-json\/wp\/v2\/posts\/158098\/revisions"}],"predecessor-version":[{"id":158102,"href":"https:\/\/news.canadamotorjobs.com\/fr\/wp-json\/wp\/v2\/posts\/158098\/revisions\/158102"}],"wp:featuredmedia":[{"embeddable":true,"href":"https:\/\/news.canadamotorjobs.com\/fr\/wp-json\/wp\/v2\/media\/158100"}],"wp:attachment":[{"href":"https:\/\/news.canadamotorjobs.com\/fr\/wp-json\/wp\/v2\/media?parent=158098"}],"wp:term":[{"taxonomy":"category","embeddable":true,"href":"https:\/\/news.canadamotorjobs.com\/fr\/wp-json\/wp\/v2\/categories?post=158098"},{"taxonomy":"post_tag","embeddable":true,"href":"https:\/\/news.canadamotorjobs.com\/fr\/wp-json\/wp\/v2\/tags?post=158098"}],"curies":[{"name":"wp","href":"https:\/\/api.w.org\/{rel}","templated":true}]}}