{"id":158079,"date":"2024-02-02T09:42:59","date_gmt":"2024-02-02T14:42:59","guid":{"rendered":"https:\/\/news.canadamotorjobs.com\/?p=158079"},"modified":"2024-02-02T09:46:36","modified_gmt":"2024-02-02T14:46:36","slug":"tesla-abaisse-les-prix-du-model-y-au-canada","status":"publish","type":"post","link":"https:\/\/news.canadamotorjobs.com\/fr\/tesla-abaisse-les-prix-du-model-y-au-canada\/","title":{"rendered":"Tesla Abaisse les Prix du Model Y au Canada"},"content":{"rendered":"<\/p>\n<p>Tesla a r\u00e9cemment r\u00e9duit les prix des deux versions de base du Model Y au Canada, offrant ainsi aux acheteurs du populaire Model Y AWD avec une remise de 12 000 $ au Qu\u00e9bec.<\/p>\n<h3><em>Strat\u00e9gie Gagnante<br \/>\n<\/em><\/h3>\n<p>\nLa version \u00e0 deux moteurs du VUS \u00e9lectrique \u00e9tant pris\u00e9e chez nous, cette d\u00e9cision pourrait avoir un impact significatif. Dans une mise \u00e0 jour nocturne de son configurateur de v\u00e9hicules en ligne, Tesla a consid\u00e9rablement r\u00e9duit le prix du Model Y au Canada.<\/p>\n<h3><em>Des Rabais Appr\u00e9ciables<\/em><\/h3>\n<p>\nLe Model Y en version \u00e0 propulsion (RWD) d\u00e9marre maintenant \u00e0 53 990 $ , soit une baisse de 4 000 $. Le Model Y Dual Motor All-Wheel-Drive Long Range a \u00e9galement b\u00e9n\u00e9fici\u00e9 d&#8217;une r\u00e9duction de prix de 4 000 $, d\u00e9butant d\u00e9sormais \u00e0 63 990 $.<\/p>\n<h3><em>Prix Plancher avec les Incitatifs Gouvernementaux<\/em><\/h3>\n<p>\nLe prix de d\u00e9part de 54 000 $ est un nouveau record pour ce mod\u00e8le populaire, \u00e9ligible \u00e0 une remise f\u00e9d\u00e9rale de 5 000 $ et provinciale de 7\u00a0000 $. Plus important encore, le Model Y AWD est maintenant moins cher que 65 000 $, ce qui permet aussi la r\u00e9duction de 12\u00a0000$ au Qu\u00e9bec.<\/p>\n<h3><em>Une Demande Potentielle \u00c9lev\u00e9e<\/em><\/h3>\n<p>\nCette nouvelle politique tarifaire pourrait susciter une forte demande. Les Qu\u00e9b\u00e9cois se tournent rapidement vers les v\u00e9hicules \u00e9lectriques, mais la pr\u00e9f\u00e9rence pour la transmission int\u00e9grale et une autonomie accrue reste forte pour affronter les conditions climatiques difficiles.<\/p>\n<h3><em>Conclusion<\/em><\/h3>\n<p>\nAnticipant une augmentation des commandes du Model Y au Canada, particuli\u00e8rement au Qu\u00e9bec, avec cette nouvelle tarification attractive. Les consommateurs qui h\u00e9sitaient en raison du seuil de prix pour l&#8217;incitatif qu\u00e9b\u00e9cois pourraient maintenant opter pour ce VUS \u00e9lectrique, stimulant ainsi le march\u00e9.<\/p>\n<p>\u00a0<\/p>\n<p>Avec des renseignements d\u2019Electrek<\/p>\n<p>\u00a0<\/p>\n<p>Le texte <a rel=\"nofollow\" href=\"https:\/\/annuelauto.ca\/692858\/\">Tesla Abaisse les Prix du Model Y au Canada<\/a> provient de <a rel=\"nofollow\" href=\"https:\/\/annuelauto.ca\">L&#8217;annuel de l&#8217;automobile &#8211; Actualit\u00e9 automobile<\/a><\/p>\n<p><\/p>\n","protected":false},"excerpt":{"rendered":"<p>Tesla a r\u00e9cemment r\u00e9duit les prix des deux versions de base du Model Y au Canada, offrant ainsi aux acheteurs du populaire Model Y AWD avec une remise de 12 000 $ au Qu\u00e9bec. Strat\u00e9gie Gagnante La version \u00e0 deux moteurs du VUS \u00e9lectrique \u00e9tant pris\u00e9e chez nous, cette d\u00e9cision pourrait avoir un impact significatif. [&hellip;]<\/p>\n","protected":false},"author":8,"featured_media":158081,"comment_status":"close","ping_status":"closed","sticky":false,"template":"","format":"standard","meta":{"_monsterinsights_skip_tracking":false,"_monsterinsights_sitenote_active":false,"_monsterinsights_sitenote_note":"","_monsterinsights_sitenote_category":0,"footnotes":""},"categories":[101],"tags":[],"yoast_head":"<!-- This site is optimized with the Yoast SEO plugin v23.2 - https:\/\/yoast.com\/wordpress\/plugins\/seo\/ -->\n<title>Tesla Abaisse les Prix du Model Y au Canada - CanadaMotorJobs.com<\/title>\n<meta name=\"description\" content=\"Tesla Abaisse les Prix du Model Y au Canada - Benoit Charette - Annuel automobile - CanadaMotorJobs.com.\" \/>\n<meta name=\"robots\" content=\"index, follow, max-snippet:-1, max-image-preview:large, max-video-preview:-1\" \/>\n<meta property=\"og:locale\" content=\"fr_CA\" \/>\n<meta property=\"og:type\" content=\"article\" \/>\n<meta property=\"og:title\" content=\"Tesla Abaisse les Prix du Model Y au Canada - CanadaMotorJobs.com\" \/>\n<meta property=\"og:description\" content=\"Tesla Abaisse les Prix du Model Y au Canada - Benoit Charette - Annuel automobile - CanadaMotorJobs.com.\" \/>\n<meta property=\"og:url\" content=\"https:\/\/news.canadamotorjobs.com\/fr\/tesla-abaisse-les-prix-du-model-y-au-canada\/\" \/>\n<meta property=\"og:site_name\" content=\"CanadaMotorJobs.com\" \/>\n<meta property=\"article:publisher\" content=\"https:\/\/www.facebook.com\/canadamotorjobs\/\" \/>\n<meta property=\"article:published_time\" content=\"2024-02-02T14:42:59+00:00\" \/>\n<meta property=\"article:modified_time\" content=\"2024-02-02T14:46:36+00:00\" \/>\n<meta property=\"og:image\" content=\"https:\/\/news.canadamotorjobs.com\/wp-content\/uploads\/2024\/02\/2023_Tesla_Model_Y_Angular_Front_1.jpg\" \/>\n\t<meta property=\"og:image:width\" content=\"960\" \/>\n\t<meta property=\"og:image:height\" content=\"720\" \/>\n\t<meta property=\"og:image:type\" content=\"image\/jpeg\" \/>\n<meta name=\"author\" content=\"Benoit Charette\" \/>\n<meta name=\"twitter:card\" content=\"summary_large_image\" \/>\n<meta name=\"twitter:creator\" content=\"@canadamotorjobs\" \/>\n<meta name=\"twitter:site\" content=\"@canadamotorjobs\" \/>\n<meta name=\"twitter:label1\" content=\"\u00c9crit par\" \/>\n\t<meta name=\"twitter:data1\" content=\"Benoit Charette\" \/>\n\t<meta name=\"twitter:label2\" content=\"Estimation du temps de lecture\" \/>\n\t<meta name=\"twitter:data2\" content=\"1 minute\" \/>\n<!-- \/ Yoast SEO plugin. -->","yoast_head_json":{"title":"Tesla Abaisse les Prix du Model Y au Canada - CanadaMotorJobs.com","description":"Tesla Abaisse les Prix du Model Y au Canada - Benoit Charette - Annuel automobile - CanadaMotorJobs.com.","robots":{"index":"index","follow":"follow","max-snippet":"max-snippet:-1","max-image-preview":"max-image-preview:large","max-video-preview":"max-video-preview:-1"},"og_locale":"fr_CA","og_type":"article","og_title":"Tesla Abaisse les Prix du Model Y au Canada - CanadaMotorJobs.com","og_description":"Tesla Abaisse les Prix du Model Y au Canada - Benoit Charette - Annuel automobile - CanadaMotorJobs.com.","og_url":"https:\/\/news.canadamotorjobs.com\/fr\/tesla-abaisse-les-prix-du-model-y-au-canada\/","og_site_name":"CanadaMotorJobs.com","article_publisher":"https:\/\/www.facebook.com\/canadamotorjobs\/","article_published_time":"2024-02-02T14:42:59+00:00","article_modified_time":"2024-02-02T14:46:36+00:00","og_image":[{"width":960,"height":720,"url":"https:\/\/news.canadamotorjobs.com\/wp-content\/uploads\/2024\/02\/2023_Tesla_Model_Y_Angular_Front_1.jpg","type":"image\/jpeg"}],"author":"Benoit Charette","twitter_card":"summary_large_image","twitter_creator":"@canadamotorjobs","twitter_site":"@canadamotorjobs","twitter_misc":{"\u00c9crit par":"Benoit Charette","Estimation du temps de lecture":"1 minute"},"schema":{"@context":"https:\/\/schema.org","@graph":[{"@type":"Article","@id":"https:\/\/news.canadamotorjobs.com\/fr\/tesla-abaisse-les-prix-du-model-y-au-canada\/#article","isPartOf":{"@id":"https:\/\/news.canadamotorjobs.com\/fr\/tesla-abaisse-les-prix-du-model-y-au-canada\/"},"author":{"name":"Benoit Charette","@id":"https:\/\/news.canadamotorjobs.com\/#\/schema\/person\/51793d1f87d44011d7bcc2ed99269a90"},"headline":"Tesla Abaisse les Prix du Model Y au Canada","datePublished":"2024-02-02T14:42:59+00:00","dateModified":"2024-02-02T14:46:36+00:00","mainEntityOfPage":{"@id":"https:\/\/news.canadamotorjobs.com\/fr\/tesla-abaisse-les-prix-du-model-y-au-canada\/"},"wordCount":311,"publisher":{"@id":"https:\/\/news.canadamotorjobs.com\/#organization"},"image":{"@id":"https:\/\/news.canadamotorjobs.com\/fr\/tesla-abaisse-les-prix-du-model-y-au-canada\/#primaryimage"},"thumbnailUrl":"https:\/\/news.canadamotorjobs.com\/wp-content\/uploads\/2024\/02\/2023_Tesla_Model_Y_Angular_Front_1.jpg","articleSection":["Annuel automobile"],"inLanguage":"fr-CA"},{"@type":"WebPage","@id":"https:\/\/news.canadamotorjobs.com\/fr\/tesla-abaisse-les-prix-du-model-y-au-canada\/","url":"https:\/\/news.canadamotorjobs.com\/fr\/tesla-abaisse-les-prix-du-model-y-au-canada\/","name":"Tesla Abaisse les Prix du Model Y au Canada - CanadaMotorJobs.com","isPartOf":{"@id":"https:\/\/news.canadamotorjobs.com\/#website"},"primaryImageOfPage":{"@id":"https:\/\/news.canadamotorjobs.com\/fr\/tesla-abaisse-les-prix-du-model-y-au-canada\/#primaryimage"},"image":{"@id":"https:\/\/news.canadamotorjobs.com\/fr\/tesla-abaisse-les-prix-du-model-y-au-canada\/#primaryimage"},"thumbnailUrl":"https:\/\/news.canadamotorjobs.com\/wp-content\/uploads\/2024\/02\/2023_Tesla_Model_Y_Angular_Front_1.jpg","datePublished":"2024-02-02T14:42:59+00:00","dateModified":"2024-02-02T14:46:36+00:00","description":"Tesla Abaisse les Prix du Model Y au Canada - Benoit Charette - Annuel automobile - CanadaMotorJobs.com.","breadcrumb":{"@id":"https:\/\/news.canadamotorjobs.com\/fr\/tesla-abaisse-les-prix-du-model-y-au-canada\/#breadcrumb"},"inLanguage":"fr-CA","potentialAction":[{"@type":"ReadAction","target":["https:\/\/news.canadamotorjobs.com\/fr\/tesla-abaisse-les-prix-du-model-y-au-canada\/"]}]},{"@type":"ImageObject","inLanguage":"fr-CA","@id":"https:\/\/news.canadamotorjobs.com\/fr\/tesla-abaisse-les-prix-du-model-y-au-canada\/#primaryimage","url":"https:\/\/news.canadamotorjobs.com\/wp-content\/uploads\/2024\/02\/2023_Tesla_Model_Y_Angular_Front_1.jpg","contentUrl":"https:\/\/news.canadamotorjobs.com\/wp-content\/uploads\/2024\/02\/2023_Tesla_Model_Y_Angular_Front_1.jpg","width":960,"height":720},{"@type":"BreadcrumbList","@id":"https:\/\/news.canadamotorjobs.com\/fr\/tesla-abaisse-les-prix-du-model-y-au-canada\/#breadcrumb","itemListElement":[{"@type":"ListItem","position":1,"name":"Home","item":"https:\/\/news.canadamotorjobs.com\/fr\/blog\/"},{"@type":"ListItem","position":2,"name":"Tesla Abaisse les Prix du Model Y au Canada"}]},{"@type":"WebSite","@id":"https:\/\/news.canadamotorjobs.com\/#website","url":"https:\/\/news.canadamotorjobs.com\/","name":"CanadaMotorJobs.com","description":"Automotive Jobs","publisher":{"@id":"https:\/\/news.canadamotorjobs.com\/#organization"},"potentialAction":[{"@type":"SearchAction","target":{"@type":"EntryPoint","urlTemplate":"https:\/\/news.canadamotorjobs.com\/?s={search_term_string}"},"query-input":"required name=search_term_string"}],"inLanguage":"fr-CA"},{"@type":"Organization","@id":"https:\/\/news.canadamotorjobs.com\/#organization","name":"Canada Motor Jobs","url":"https:\/\/news.canadamotorjobs.com\/","logo":{"@type":"ImageObject","inLanguage":"fr-CA","@id":"https:\/\/news.canadamotorjobs.com\/#\/schema\/logo\/image\/","url":"https:\/\/news.canadamotorjobs.com\/wp-content\/uploads\/2022\/10\/logo-canada-motor-jobs-1.png","contentUrl":"https:\/\/news.canadamotorjobs.com\/wp-content\/uploads\/2022\/10\/logo-canada-motor-jobs-1.png","width":800,"height":400,"caption":"Canada Motor Jobs"},"image":{"@id":"https:\/\/news.canadamotorjobs.com\/#\/schema\/logo\/image\/"},"sameAs":["https:\/\/www.facebook.com\/canadamotorjobs\/","https:\/\/x.com\/canadamotorjobs","https:\/\/www.instagram.com\/canadamotorjobs\/","https:\/\/www.linkedin.com\/company\/canadamotorjobs"]},{"@type":"Person","@id":"https:\/\/news.canadamotorjobs.com\/#\/schema\/person\/51793d1f87d44011d7bcc2ed99269a90","name":"Benoit Charette","image":{"@type":"ImageObject","inLanguage":"fr-CA","@id":"https:\/\/news.canadamotorjobs.com\/#\/schema\/person\/image\/","url":"https:\/\/secure.gravatar.com\/avatar\/45f3d2eebcccd909668d7ce7ea7267b6?s=96&d=mm&r=g","contentUrl":"https:\/\/secure.gravatar.com\/avatar\/45f3d2eebcccd909668d7ce7ea7267b6?s=96&d=mm&r=g","caption":"Benoit Charette"},"description":"Benoit Charette \/ Propri\u00e9taire et r\u00e9dacteur en chef Benoit Charette pratique le journalisme automobile depuis bient\u00f4t 30 ans. Il a fait ses classes au c\u00f4t\u00e9 de Daniel H\u00e9raud et au Carnet de route de 1992 \u00e0 2001. Il est fondateur, copropri\u00e9taire et r\u00e9dacteur en chef de L\u2019Annuel de l\u2019automobile, qu\u2019il publie depuis 2001. Il a anim\u00e9 les \u00e9missions RPM et RPM+ sur V et les L\u00e9gendes de la route sur Historia. \u00c0 la radio depuis 1986, il reprend l\u2019antenne cette ann\u00e9e sur les ondes de Cogeco et participe pour la deuxi\u00e8me ann\u00e9e \u00e0 l\u2019\u00e9mission Passion Auto sur RDS en plus de mettre en ligne le site Web officiel de L\u2019Annuel de l\u2019automobile sur annuelauto.ca.","sameAs":["https:\/\/annuelauto.ca\/"],"url":"https:\/\/news.canadamotorjobs.com\/fr\/author\/benoit-charette\/"}]}},"_links":{"self":[{"href":"https:\/\/news.canadamotorjobs.com\/fr\/wp-json\/wp\/v2\/posts\/158079"}],"collection":[{"href":"https:\/\/news.canadamotorjobs.com\/fr\/wp-json\/wp\/v2\/posts"}],"about":[{"href":"https:\/\/news.canadamotorjobs.com\/fr\/wp-json\/wp\/v2\/types\/post"}],"author":[{"embeddable":true,"href":"https:\/\/news.canadamotorjobs.com\/fr\/wp-json\/wp\/v2\/users\/8"}],"replies":[{"embeddable":true,"href":"https:\/\/news.canadamotorjobs.com\/fr\/wp-json\/wp\/v2\/comments?post=158079"}],"version-history":[{"count":2,"href":"https:\/\/news.canadamotorjobs.com\/fr\/wp-json\/wp\/v2\/posts\/158079\/revisions"}],"predecessor-version":[{"id":158083,"href":"https:\/\/news.canadamotorjobs.com\/fr\/wp-json\/wp\/v2\/posts\/158079\/revisions\/158083"}],"wp:featuredmedia":[{"embeddable":true,"href":"https:\/\/news.canadamotorjobs.com\/fr\/wp-json\/wp\/v2\/media\/158081"}],"wp:attachment":[{"href":"https:\/\/news.canadamotorjobs.com\/fr\/wp-json\/wp\/v2\/media?parent=158079"}],"wp:term":[{"taxonomy":"category","embeddable":true,"href":"https:\/\/news.canadamotorjobs.com\/fr\/wp-json\/wp\/v2\/categories?post=158079"},{"taxonomy":"post_tag","embeddable":true,"href":"https:\/\/news.canadamotorjobs.com\/fr\/wp-json\/wp\/v2\/tags?post=158079"}],"curies":[{"name":"wp","href":"https:\/\/api.w.org\/{rel}","templated":true}]}}