{"id":158039,"date":"2024-02-01T10:23:16","date_gmt":"2024-02-01T15:23:16","guid":{"rendered":"https:\/\/news.canadamotorjobs.com\/?p=158039"},"modified":"2024-02-01T10:30:13","modified_gmt":"2024-02-01T15:30:13","slug":"volvo-cars-cessera-de-financer-polestar-et-transferera-la-responsabilite-de-la-marque-a-geely","status":"publish","type":"post","link":"https:\/\/news.canadamotorjobs.com\/fr\/volvo-cars-cessera-de-financer-polestar-et-transferera-la-responsabilite-de-la-marque-a-geely\/","title":{"rendered":"Volvo Cars cessera de financer Polestar et transf\u00e9rera la responsabilit\u00e9 de la marque \u00e0 Geely"},"content":{"rendered":"<\/p>\n<p>L&#8217;implication importante de Volvo dans Polestar, o\u00f9 elle d\u00e9tient environ 48 % des actions du fabricant de v\u00e9hicules \u00e9lectriques, a \u00e9t\u00e9 critiqu\u00e9e par des analystes consid\u00e9rant cette participation comme une charge pour les ressources de Volvo. Zhejiang Geely Holding Group, la maison m\u00e8re des deux marques, se pr\u00e9pare \u00e0 fournir plus de financement \u00e0 Polestar dans le cadre d&#8217;une redistribution potentielle des actions pour soulager la pression sur Volvo.<\/p>\n<h3>Une annonce attendue<\/h3>\n<p>\nGeely a d\u00e9clar\u00e9 jeudi qu&#8217;il soutiendrait pleinement Polestar en tant que marque ind\u00e9pendante, sans impact sur sa participation de 79 % dans Volvo. Geely a \u00e9galement salu\u00e9 la d\u00e9cision de Volvo de concentrer ses ressources sur son propre d\u00e9veloppement. Selon l&#8217;accord propos\u00e9, Volvo transf\u00e9rerait une partie de sa participation de 48 % dans Polestar \u00e0 Geely, a annonc\u00e9 Volvo jeudi.<\/p>\n<h3>Un redressement en bourse \u00e0 pr\u00e9voir<\/h3>\n<p>\nCette redistribution d&#8217;actions fait suite \u00e0 une mont\u00e9e en puissance plus lente que pr\u00e9vu chez Polestar, conjugu\u00e9e \u00e0 un refroidissement g\u00e9n\u00e9ralis\u00e9 des v\u00e9hicules \u00e9lectriques, faisant chuter ses actions \u00e0 un niveau record. Depuis son inscription aux \u00c9tats-Unis en 2022 via une fusion avec une soci\u00e9t\u00e9 d&#8217;acquisition \u00e0 vocation sp\u00e9ciale, ou SPAC, les actions de Polestar ont chut\u00e9 de 83 %.<\/p>\n<h3>Des premiers pas difficiles<\/h3>\n<p>\nComme d&#8217;autres nouvelles marques de v\u00e9hicules \u00e9lectriques, Polestar a du mal \u00e0 progresser, surtout depuis que Tesla a lanc\u00e9 une guerre des prix l&#8217;ann\u00e9e derni\u00e8re. Polestar a livr\u00e9 54 600 voitures en 2023, en dessous de son objectif de 60 000 voitures. Selon les analystes de Bernstein, Polestar aurait besoin d&#8217;un milliard de dollars suppl\u00e9mentaire au cours des 12 prochains mois pour rester \u00e0 flot, pr\u00e9conisant que la marque ne devrait pas \u00eatre cot\u00e9e de mani\u00e8re ind\u00e9pendante.<\/p>\n<p>Polestar a annonc\u00e9 la semaine derni\u00e8re son intention de supprimer environ 450 emplois dans le monde, soit environ 15 % de sa main-d&#8217;\u0153uvre, en raison de &#8220;conditions de march\u00e9 difficiles&#8221;.<\/p>\n<p>En novembre, elle avait \u00e9galement d\u00e9clar\u00e9 qu&#8217;elle chercherait \u00e0 r\u00e9duire sa d\u00e9pendance \u00e0 l&#8217;aide ext\u00e9rieure, publiant un plan d&#8217;affaires r\u00e9vis\u00e9 incluant l&#8217;obtention de pr\u00eats suppl\u00e9mentaires de Volvo et de Geely.<\/p>\n<p>Cette nouvelle pourrait soulever des questions sur la viabilit\u00e9 de Polestar, qui vise l&#8217;\u00e9quilibre financier en 2025. Certains analystes ont sugg\u00e9r\u00e9 qu&#8217;il pourrait \u00eatre plus logique d&#8217;int\u00e9grer Polestar \u00e0 Geely.<\/p>\n<h3>Les d\u00e9fis de Volvo<\/h3>\n<p>\nVolvo, qui poss\u00e9dait pr\u00e9c\u00e9demment Polestar en tant que sous-marque sportive, doit faire face \u00e0 ses propres d\u00e9fis. L&#8217;ann\u00e9e derni\u00e8re, elle a commenc\u00e9 \u00e0 supprimer 1 300 emplois dans le cadre d&#8217;une initiative visant \u00e0 r\u00e9duire les co\u00fbts \u00e0 l&#8217;\u00e9chelle mondiale.<\/p>\n<p>Le constructeur automobile est \u00e9galement confront\u00e9 \u00e0 des probl\u00e8mes de d\u00e9veloppement logiciel qui ont retard\u00e9 le lancement des nouveaux mod\u00e8les \u00e9lectriques EX30 et EX90 de la marque.<\/p>\n<p>Jeudi, Volvo a annonc\u00e9 une hausse plus importante que pr\u00e9vu de son r\u00e9sultat d&#8217;exploitation au quatri\u00e8me trimestre, affichant un b\u00e9n\u00e9fice d&#8217;exploitation, hors coentreprises et associ\u00e9s, de 6,7 milliards de couronnes su\u00e9doises (644 millions de dollars), contre 3,9 milliards l&#8217;ann\u00e9e pr\u00e9c\u00e9dente.<\/p>\n<p>Avec des renseignements d&#8217;Automotive News<\/p>\n<p>\u00a0<\/p>\n<p>Le texte <a rel=\"nofollow\" href=\"https:\/\/annuelauto.ca\/volvo-cars-cessera-de-financer-polestar-et-transferera-la-responsabilite-de-la-marque-a-geely\/\">Volvo Cars cessera de financer Polestar et transf\u00e9rera la responsabilit\u00e9 de la marque \u00e0 Geely<\/a> provient de <a rel=\"nofollow\" href=\"https:\/\/annuelauto.ca\">L&#8217;annuel de l&#8217;automobile &#8211; Actualit\u00e9 automobile<\/a><\/p>\n<p><\/p>\n","protected":false},"excerpt":{"rendered":"<p>L&#8217;implication importante de Volvo dans Polestar, o\u00f9 elle d\u00e9tient environ 48 % des actions du fabricant de v\u00e9hicules \u00e9lectriques, a \u00e9t\u00e9 critiqu\u00e9e par des analystes consid\u00e9rant cette participation comme une charge pour les ressources de Volvo. Zhejiang Geely Holding Group, la maison m\u00e8re des deux marques, se pr\u00e9pare \u00e0 fournir plus de financement \u00e0 Polestar [&hellip;]<\/p>\n","protected":false},"author":8,"featured_media":158041,"comment_status":"close","ping_status":"closed","sticky":false,"template":"","format":"standard","meta":{"_monsterinsights_skip_tracking":false,"_monsterinsights_sitenote_active":false,"_monsterinsights_sitenote_note":"","_monsterinsights_sitenote_category":0,"footnotes":""},"categories":[101],"tags":[],"yoast_head":"<!-- This site is optimized with the Yoast SEO plugin v23.2 - https:\/\/yoast.com\/wordpress\/plugins\/seo\/ -->\n<title>Volvo Cars cessera de financer Polestar et transf\u00e9rera la responsabilit\u00e9 de la marque \u00e0 Geely - CanadaMotorJobs.com<\/title>\n<meta name=\"description\" content=\"Volvo Cars cessera de financer Polestar et transf\u00e9rera la responsabilit\u00e9 de la marque \u00e0 Geely - Benoit Charette - Annuel automobile - CanadaMotorJobs.com.\" \/>\n<meta name=\"robots\" content=\"index, follow, max-snippet:-1, max-image-preview:large, max-video-preview:-1\" \/>\n<meta property=\"og:locale\" content=\"fr_CA\" \/>\n<meta property=\"og:type\" content=\"article\" \/>\n<meta property=\"og:title\" content=\"Volvo Cars cessera de financer Polestar et transf\u00e9rera la responsabilit\u00e9 de la marque \u00e0 Geely - CanadaMotorJobs.com\" \/>\n<meta property=\"og:description\" content=\"Volvo Cars cessera de financer Polestar et transf\u00e9rera la responsabilit\u00e9 de la marque \u00e0 Geely - Benoit Charette - Annuel automobile - CanadaMotorJobs.com.\" \/>\n<meta property=\"og:url\" content=\"https:\/\/news.canadamotorjobs.com\/fr\/volvo-cars-cessera-de-financer-polestar-et-transferera-la-responsabilite-de-la-marque-a-geely\/\" \/>\n<meta property=\"og:site_name\" content=\"CanadaMotorJobs.com\" \/>\n<meta property=\"article:publisher\" content=\"https:\/\/www.facebook.com\/canadamotorjobs\/\" \/>\n<meta property=\"article:published_time\" content=\"2024-02-01T15:23:16+00:00\" \/>\n<meta property=\"article:modified_time\" content=\"2024-02-01T15:30:13+00:00\" \/>\n<meta property=\"og:image\" content=\"https:\/\/news.canadamotorjobs.com\/wp-content\/uploads\/2024\/02\/volvo-logo-on-grill-01.jpg\" \/>\n\t<meta property=\"og:image:width\" content=\"1400\" \/>\n\t<meta property=\"og:image:height\" content=\"933\" \/>\n\t<meta property=\"og:image:type\" content=\"image\/jpeg\" \/>\n<meta name=\"author\" content=\"Benoit Charette\" \/>\n<meta name=\"twitter:card\" content=\"summary_large_image\" \/>\n<meta name=\"twitter:creator\" content=\"@canadamotorjobs\" \/>\n<meta name=\"twitter:site\" content=\"@canadamotorjobs\" \/>\n<meta name=\"twitter:label1\" content=\"\u00c9crit par\" \/>\n\t<meta name=\"twitter:data1\" content=\"Benoit Charette\" \/>\n\t<meta name=\"twitter:label2\" content=\"Estimation du temps de lecture\" \/>\n\t<meta name=\"twitter:data2\" content=\"3 minutes\" \/>\n<!-- \/ Yoast SEO plugin. -->","yoast_head_json":{"title":"Volvo Cars cessera de financer Polestar et transf\u00e9rera la responsabilit\u00e9 de la marque \u00e0 Geely - CanadaMotorJobs.com","description":"Volvo Cars cessera de financer Polestar et transf\u00e9rera la responsabilit\u00e9 de la marque \u00e0 Geely - Benoit Charette - Annuel automobile - CanadaMotorJobs.com.","robots":{"index":"index","follow":"follow","max-snippet":"max-snippet:-1","max-image-preview":"max-image-preview:large","max-video-preview":"max-video-preview:-1"},"og_locale":"fr_CA","og_type":"article","og_title":"Volvo Cars cessera de financer Polestar et transf\u00e9rera la responsabilit\u00e9 de la marque \u00e0 Geely - CanadaMotorJobs.com","og_description":"Volvo Cars cessera de financer Polestar et transf\u00e9rera la responsabilit\u00e9 de la marque \u00e0 Geely - Benoit Charette - Annuel automobile - CanadaMotorJobs.com.","og_url":"https:\/\/news.canadamotorjobs.com\/fr\/volvo-cars-cessera-de-financer-polestar-et-transferera-la-responsabilite-de-la-marque-a-geely\/","og_site_name":"CanadaMotorJobs.com","article_publisher":"https:\/\/www.facebook.com\/canadamotorjobs\/","article_published_time":"2024-02-01T15:23:16+00:00","article_modified_time":"2024-02-01T15:30:13+00:00","og_image":[{"width":1400,"height":933,"url":"https:\/\/news.canadamotorjobs.com\/wp-content\/uploads\/2024\/02\/volvo-logo-on-grill-01.jpg","type":"image\/jpeg"}],"author":"Benoit Charette","twitter_card":"summary_large_image","twitter_creator":"@canadamotorjobs","twitter_site":"@canadamotorjobs","twitter_misc":{"\u00c9crit par":"Benoit Charette","Estimation du temps de lecture":"3 minutes"},"schema":{"@context":"https:\/\/schema.org","@graph":[{"@type":"Article","@id":"https:\/\/news.canadamotorjobs.com\/fr\/volvo-cars-cessera-de-financer-polestar-et-transferera-la-responsabilite-de-la-marque-a-geely\/#article","isPartOf":{"@id":"https:\/\/news.canadamotorjobs.com\/fr\/volvo-cars-cessera-de-financer-polestar-et-transferera-la-responsabilite-de-la-marque-a-geely\/"},"author":{"name":"Benoit Charette","@id":"https:\/\/news.canadamotorjobs.com\/#\/schema\/person\/51793d1f87d44011d7bcc2ed99269a90"},"headline":"Volvo Cars cessera de financer Polestar et transf\u00e9rera la responsabilit\u00e9 de la marque \u00e0 Geely","datePublished":"2024-02-01T15:23:16+00:00","dateModified":"2024-02-01T15:30:13+00:00","mainEntityOfPage":{"@id":"https:\/\/news.canadamotorjobs.com\/fr\/volvo-cars-cessera-de-financer-polestar-et-transferera-la-responsabilite-de-la-marque-a-geely\/"},"wordCount":569,"publisher":{"@id":"https:\/\/news.canadamotorjobs.com\/#organization"},"image":{"@id":"https:\/\/news.canadamotorjobs.com\/fr\/volvo-cars-cessera-de-financer-polestar-et-transferera-la-responsabilite-de-la-marque-a-geely\/#primaryimage"},"thumbnailUrl":"https:\/\/news.canadamotorjobs.com\/wp-content\/uploads\/2024\/02\/volvo-logo-on-grill-01.jpg","articleSection":["Annuel automobile"],"inLanguage":"fr-CA"},{"@type":"WebPage","@id":"https:\/\/news.canadamotorjobs.com\/fr\/volvo-cars-cessera-de-financer-polestar-et-transferera-la-responsabilite-de-la-marque-a-geely\/","url":"https:\/\/news.canadamotorjobs.com\/fr\/volvo-cars-cessera-de-financer-polestar-et-transferera-la-responsabilite-de-la-marque-a-geely\/","name":"Volvo Cars cessera de financer Polestar et transf\u00e9rera la responsabilit\u00e9 de la marque \u00e0 Geely - CanadaMotorJobs.com","isPartOf":{"@id":"https:\/\/news.canadamotorjobs.com\/#website"},"primaryImageOfPage":{"@id":"https:\/\/news.canadamotorjobs.com\/fr\/volvo-cars-cessera-de-financer-polestar-et-transferera-la-responsabilite-de-la-marque-a-geely\/#primaryimage"},"image":{"@id":"https:\/\/news.canadamotorjobs.com\/fr\/volvo-cars-cessera-de-financer-polestar-et-transferera-la-responsabilite-de-la-marque-a-geely\/#primaryimage"},"thumbnailUrl":"https:\/\/news.canadamotorjobs.com\/wp-content\/uploads\/2024\/02\/volvo-logo-on-grill-01.jpg","datePublished":"2024-02-01T15:23:16+00:00","dateModified":"2024-02-01T15:30:13+00:00","description":"Volvo Cars cessera de financer Polestar et transf\u00e9rera la responsabilit\u00e9 de la marque \u00e0 Geely - Benoit Charette - Annuel automobile - CanadaMotorJobs.com.","breadcrumb":{"@id":"https:\/\/news.canadamotorjobs.com\/fr\/volvo-cars-cessera-de-financer-polestar-et-transferera-la-responsabilite-de-la-marque-a-geely\/#breadcrumb"},"inLanguage":"fr-CA","potentialAction":[{"@type":"ReadAction","target":["https:\/\/news.canadamotorjobs.com\/fr\/volvo-cars-cessera-de-financer-polestar-et-transferera-la-responsabilite-de-la-marque-a-geely\/"]}]},{"@type":"ImageObject","inLanguage":"fr-CA","@id":"https:\/\/news.canadamotorjobs.com\/fr\/volvo-cars-cessera-de-financer-polestar-et-transferera-la-responsabilite-de-la-marque-a-geely\/#primaryimage","url":"https:\/\/news.canadamotorjobs.com\/wp-content\/uploads\/2024\/02\/volvo-logo-on-grill-01.jpg","contentUrl":"https:\/\/news.canadamotorjobs.com\/wp-content\/uploads\/2024\/02\/volvo-logo-on-grill-01.jpg","width":1400,"height":933},{"@type":"BreadcrumbList","@id":"https:\/\/news.canadamotorjobs.com\/fr\/volvo-cars-cessera-de-financer-polestar-et-transferera-la-responsabilite-de-la-marque-a-geely\/#breadcrumb","itemListElement":[{"@type":"ListItem","position":1,"name":"Home","item":"https:\/\/news.canadamotorjobs.com\/fr\/blog\/"},{"@type":"ListItem","position":2,"name":"Volvo Cars cessera de financer Polestar et transf\u00e9rera la responsabilit\u00e9 de la marque \u00e0 Geely"}]},{"@type":"WebSite","@id":"https:\/\/news.canadamotorjobs.com\/#website","url":"https:\/\/news.canadamotorjobs.com\/","name":"CanadaMotorJobs.com","description":"Automotive Jobs","publisher":{"@id":"https:\/\/news.canadamotorjobs.com\/#organization"},"potentialAction":[{"@type":"SearchAction","target":{"@type":"EntryPoint","urlTemplate":"https:\/\/news.canadamotorjobs.com\/?s={search_term_string}"},"query-input":"required name=search_term_string"}],"inLanguage":"fr-CA"},{"@type":"Organization","@id":"https:\/\/news.canadamotorjobs.com\/#organization","name":"Canada Motor Jobs","url":"https:\/\/news.canadamotorjobs.com\/","logo":{"@type":"ImageObject","inLanguage":"fr-CA","@id":"https:\/\/news.canadamotorjobs.com\/#\/schema\/logo\/image\/","url":"https:\/\/news.canadamotorjobs.com\/wp-content\/uploads\/2022\/10\/logo-canada-motor-jobs-1.png","contentUrl":"https:\/\/news.canadamotorjobs.com\/wp-content\/uploads\/2022\/10\/logo-canada-motor-jobs-1.png","width":800,"height":400,"caption":"Canada Motor Jobs"},"image":{"@id":"https:\/\/news.canadamotorjobs.com\/#\/schema\/logo\/image\/"},"sameAs":["https:\/\/www.facebook.com\/canadamotorjobs\/","https:\/\/x.com\/canadamotorjobs","https:\/\/www.instagram.com\/canadamotorjobs\/","https:\/\/www.linkedin.com\/company\/canadamotorjobs"]},{"@type":"Person","@id":"https:\/\/news.canadamotorjobs.com\/#\/schema\/person\/51793d1f87d44011d7bcc2ed99269a90","name":"Benoit Charette","image":{"@type":"ImageObject","inLanguage":"fr-CA","@id":"https:\/\/news.canadamotorjobs.com\/#\/schema\/person\/image\/","url":"https:\/\/secure.gravatar.com\/avatar\/45f3d2eebcccd909668d7ce7ea7267b6?s=96&d=mm&r=g","contentUrl":"https:\/\/secure.gravatar.com\/avatar\/45f3d2eebcccd909668d7ce7ea7267b6?s=96&d=mm&r=g","caption":"Benoit Charette"},"description":"Benoit Charette \/ Propri\u00e9taire et r\u00e9dacteur en chef Benoit Charette pratique le journalisme automobile depuis bient\u00f4t 30 ans. Il a fait ses classes au c\u00f4t\u00e9 de Daniel H\u00e9raud et au Carnet de route de 1992 \u00e0 2001. Il est fondateur, copropri\u00e9taire et r\u00e9dacteur en chef de L\u2019Annuel de l\u2019automobile, qu\u2019il publie depuis 2001. Il a anim\u00e9 les \u00e9missions RPM et RPM+ sur V et les L\u00e9gendes de la route sur Historia. \u00c0 la radio depuis 1986, il reprend l\u2019antenne cette ann\u00e9e sur les ondes de Cogeco et participe pour la deuxi\u00e8me ann\u00e9e \u00e0 l\u2019\u00e9mission Passion Auto sur RDS en plus de mettre en ligne le site Web officiel de L\u2019Annuel de l\u2019automobile sur annuelauto.ca.","sameAs":["https:\/\/annuelauto.ca\/"],"url":"https:\/\/news.canadamotorjobs.com\/fr\/author\/benoit-charette\/"}]}},"_links":{"self":[{"href":"https:\/\/news.canadamotorjobs.com\/fr\/wp-json\/wp\/v2\/posts\/158039"}],"collection":[{"href":"https:\/\/news.canadamotorjobs.com\/fr\/wp-json\/wp\/v2\/posts"}],"about":[{"href":"https:\/\/news.canadamotorjobs.com\/fr\/wp-json\/wp\/v2\/types\/post"}],"author":[{"embeddable":true,"href":"https:\/\/news.canadamotorjobs.com\/fr\/wp-json\/wp\/v2\/users\/8"}],"replies":[{"embeddable":true,"href":"https:\/\/news.canadamotorjobs.com\/fr\/wp-json\/wp\/v2\/comments?post=158039"}],"version-history":[{"count":2,"href":"https:\/\/news.canadamotorjobs.com\/fr\/wp-json\/wp\/v2\/posts\/158039\/revisions"}],"predecessor-version":[{"id":158043,"href":"https:\/\/news.canadamotorjobs.com\/fr\/wp-json\/wp\/v2\/posts\/158039\/revisions\/158043"}],"wp:featuredmedia":[{"embeddable":true,"href":"https:\/\/news.canadamotorjobs.com\/fr\/wp-json\/wp\/v2\/media\/158041"}],"wp:attachment":[{"href":"https:\/\/news.canadamotorjobs.com\/fr\/wp-json\/wp\/v2\/media?parent=158039"}],"wp:term":[{"taxonomy":"category","embeddable":true,"href":"https:\/\/news.canadamotorjobs.com\/fr\/wp-json\/wp\/v2\/categories?post=158039"},{"taxonomy":"post_tag","embeddable":true,"href":"https:\/\/news.canadamotorjobs.com\/fr\/wp-json\/wp\/v2\/tags?post=158039"}],"curies":[{"name":"wp","href":"https:\/\/api.w.org\/{rel}","templated":true}]}}