{"id":157920,"date":"2024-01-31T08:08:44","date_gmt":"2024-01-31T13:08:44","guid":{"rendered":"https:\/\/news.canadamotorjobs.com\/?p=157920"},"modified":"2024-01-31T08:14:16","modified_gmt":"2024-01-31T13:14:16","slug":"gm-prevoit-de-reintroduire-les-hybrides-rechargeables-en-amerique-du-nord","status":"publish","type":"post","link":"https:\/\/news.canadamotorjobs.com\/fr\/gm-prevoit-de-reintroduire-les-hybrides-rechargeables-en-amerique-du-nord\/","title":{"rendered":"GM pr\u00e9voit de r\u00e9introduire les hybrides rechargeables en Am\u00e9rique du Nord"},"content":{"rendered":"<\/p>\n<h3>Retour aux hybrides rechargeables: GM ajuste sa strat\u00e9gie face \u00e0 la demande plus faible que pr\u00e9vu pour les v\u00e9hicules enti\u00e8rement \u00e9lectriques.<\/h3>\n<p><\/p>\n<h3>Mary Barra, PDG de GM, annonce que les hybrides rechargeables aideront l&#8217;entreprise \u00e0 respecter les normes d&#8217;\u00e9missions futures plus strictes.<\/h3>\n<p><\/p>\n<h3>Engagement envers l&#8217;\u00e9lectrification: GM se concentre sur les v\u00e9hicules enti\u00e8rement \u00e9lectriques tout en int\u00e9grant les hybrides rechargeables pour r\u00e9pondre aux normes environnementales.<\/h3>\n<p>\nRevirement strat\u00e9gique chez General Motors qui pr\u00e9voit de ramener les hybrides rechargeables en Am\u00e9rique du Nord. La d\u00e9cision fait suite \u00e0 une demande plus faible que pr\u00e9vu pour les v\u00e9hicules enti\u00e8rement \u00e9lectriques. La PDG de GM, Mary Barra, a annonc\u00e9 que les hybrides rechargeables joueront un r\u00f4le crucial dans la r\u00e9ponse de l&#8217;entreprise aux normes d&#8217;\u00e9missions futures de plus en plus strictes.<\/p>\n<p>Barra a soulign\u00e9 que, bien que GM se concentre sur l&#8217;expansion de sa gamme de v\u00e9hicules \u00e9lectriques (VE) en 2024, les hybrides rechargeables contribueront \u00e0 atteindre ces objectifs environnementaux. Elle n&#8217;a cependant pas pr\u00e9cis\u00e9 les segments de v\u00e9hicules cibl\u00e9s ni les dates de lancement.<\/p>\n<h3>On veut mieux r\u00e9pondre \u00e0 la demande<\/h3>\n<p>\nGM pr\u00e9voit de synchroniser les lancements &#8220;pour nous aider \u00e0 respecter les normes plus strictes en mati\u00e8re d&#8217;\u00e9conomie de carburant et d&#8217;\u00e9missions \u00e0 l&#8217;\u00e9chappement qui sont propos\u00e9es&#8221;. Barra a assur\u00e9 que le programme serait mis en \u0153uvre de mani\u00e8re rentable, car la technologie est d\u00e9j\u00e0 en production sur d&#8217;autres march\u00e9s.<\/p>\n<p>Alors que GM travaille \u00e0 \u00e9lectrifier sa gamme l\u00e9g\u00e8re avec son architecture Ultium, la soci\u00e9t\u00e9 vise \u00e0 produire 1 million de V\u00c9S par an en Am\u00e9rique du Nord d&#8217;ici 2025. Cependant, contrairement \u00e0 d&#8217;autres constructeurs qui ajoutent des mod\u00e8les hybrides rechargeables et hybrides conventionnels pour r\u00e9duire les \u00e9missions de carbone, GM met l&#8217;accent sur les V\u00c9S en Am\u00e9rique du Nord.<\/p>\n<p>Barra a soulign\u00e9 que les lancements de V\u00c9S, tels que le Chevrolet Equinox EV et une version orient\u00e9e vers la vente au d\u00e9tail du Silverado EV, seront la priorit\u00e9 de GM cette ann\u00e9e. Cependant, elle a ajout\u00e9 que les hybrides rechargeables seront introduits &#8220;au moment o\u00f9 nous en aurons besoin d&#8217;un point de vue de la conformit\u00e9&#8221;.<\/p>\n<p>GM avait vendu le Chevrolet Volt hybride rechargeable de 2010 jusqu&#8217;\u00e0 la fin de la production en 2019 pour reconfigurer une usine d&#8217;assemblage \u00e0 Detroit pour les VE. L&#8217;entreprise avait \u00e9galement commercialis\u00e9 une Cadillac hybride rechargeable appel\u00e9e ELR pendant les ann\u00e9es-mod\u00e8les 2014 et 2016. Bien que le Volt ait \u00e9t\u00e9 l&#8217;un des premiers hybrides rechargeables sur le march\u00e9, ses ventes n&#8217;ont pas atteint les attentes de GM.<\/p>\n<p>\u00a0<\/p>\n<p>Avec des renseignements d\u2019Automotive News<\/p>\n<p>\u00a0<\/p>\n<p>Le texte <a rel=\"nofollow\" href=\"https:\/\/annuelauto.ca\/gm-prevoit-de-reintroduire-les-hybrides-rechargeables-en-amerique-du-nord\/\">GM pr\u00e9voit de r\u00e9introduire les hybrides rechargeables en Am\u00e9rique du Nord<\/a> provient de <a rel=\"nofollow\" href=\"https:\/\/annuelauto.ca\">L&#8217;annuel de l&#8217;automobile &#8211; Actualit\u00e9 automobile<\/a><\/p>\n<p><\/p>\n","protected":false},"excerpt":{"rendered":"<p>Retour aux hybrides rechargeables: GM ajuste sa strat\u00e9gie face \u00e0 la demande plus faible que pr\u00e9vu pour les v\u00e9hicules enti\u00e8rement \u00e9lectriques. Mary Barra, PDG de GM, annonce que les hybrides rechargeables aideront l&#8217;entreprise \u00e0 respecter les normes d&#8217;\u00e9missions futures plus strictes. Engagement envers l&#8217;\u00e9lectrification: GM se concentre sur les v\u00e9hicules enti\u00e8rement \u00e9lectriques tout en int\u00e9grant [&hellip;]<\/p>\n","protected":false},"author":8,"featured_media":157922,"comment_status":"close","ping_status":"closed","sticky":false,"template":"","format":"standard","meta":{"_monsterinsights_skip_tracking":false,"_monsterinsights_sitenote_active":false,"_monsterinsights_sitenote_note":"","_monsterinsights_sitenote_category":0,"footnotes":""},"categories":[101],"tags":[],"yoast_head":"<!-- This site is optimized with the Yoast SEO plugin v23.2 - https:\/\/yoast.com\/wordpress\/plugins\/seo\/ -->\n<title>GM pr\u00e9voit de r\u00e9introduire les hybrides rechargeables en Am\u00e9rique du Nord - CanadaMotorJobs.com<\/title>\n<meta name=\"description\" content=\"GM pr\u00e9voit de r\u00e9introduire les hybrides rechargeables en Am\u00e9rique du Nord - Benoit Charette - Annuel automobile - CanadaMotorJobs.com.\" \/>\n<meta name=\"robots\" content=\"index, follow, max-snippet:-1, max-image-preview:large, max-video-preview:-1\" \/>\n<meta property=\"og:locale\" content=\"fr_CA\" \/>\n<meta property=\"og:type\" content=\"article\" \/>\n<meta property=\"og:title\" content=\"GM pr\u00e9voit de r\u00e9introduire les hybrides rechargeables en Am\u00e9rique du Nord - CanadaMotorJobs.com\" \/>\n<meta property=\"og:description\" content=\"GM pr\u00e9voit de r\u00e9introduire les hybrides rechargeables en Am\u00e9rique du Nord - Benoit Charette - Annuel automobile - CanadaMotorJobs.com.\" \/>\n<meta property=\"og:url\" content=\"https:\/\/news.canadamotorjobs.com\/fr\/gm-prevoit-de-reintroduire-les-hybrides-rechargeables-en-amerique-du-nord\/\" \/>\n<meta property=\"og:site_name\" content=\"CanadaMotorJobs.com\" \/>\n<meta property=\"article:publisher\" content=\"https:\/\/www.facebook.com\/canadamotorjobs\/\" \/>\n<meta property=\"article:published_time\" content=\"2024-01-31T13:08:44+00:00\" \/>\n<meta property=\"article:modified_time\" content=\"2024-01-31T13:14:16+00:00\" \/>\n<meta property=\"og:image\" content=\"https:\/\/news.canadamotorjobs.com\/wp-content\/uploads\/2024\/01\/2019-Chevrolet-Volt-001-scaled-1.jpg\" \/>\n\t<meta property=\"og:image:width\" content=\"2560\" \/>\n\t<meta property=\"og:image:height\" content=\"1707\" \/>\n\t<meta property=\"og:image:type\" content=\"image\/jpeg\" \/>\n<meta name=\"author\" content=\"Benoit Charette\" \/>\n<meta name=\"twitter:card\" content=\"summary_large_image\" \/>\n<meta name=\"twitter:creator\" content=\"@canadamotorjobs\" \/>\n<meta name=\"twitter:site\" content=\"@canadamotorjobs\" \/>\n<meta name=\"twitter:label1\" content=\"\u00c9crit par\" \/>\n\t<meta name=\"twitter:data1\" content=\"Benoit Charette\" \/>\n\t<meta name=\"twitter:label2\" content=\"Estimation du temps de lecture\" \/>\n\t<meta name=\"twitter:data2\" content=\"2 minutes\" \/>\n<!-- \/ Yoast SEO plugin. -->","yoast_head_json":{"title":"GM pr\u00e9voit de r\u00e9introduire les hybrides rechargeables en Am\u00e9rique du Nord - CanadaMotorJobs.com","description":"GM pr\u00e9voit de r\u00e9introduire les hybrides rechargeables en Am\u00e9rique du Nord - Benoit Charette - Annuel automobile - CanadaMotorJobs.com.","robots":{"index":"index","follow":"follow","max-snippet":"max-snippet:-1","max-image-preview":"max-image-preview:large","max-video-preview":"max-video-preview:-1"},"og_locale":"fr_CA","og_type":"article","og_title":"GM pr\u00e9voit de r\u00e9introduire les hybrides rechargeables en Am\u00e9rique du Nord - CanadaMotorJobs.com","og_description":"GM pr\u00e9voit de r\u00e9introduire les hybrides rechargeables en Am\u00e9rique du Nord - Benoit Charette - Annuel automobile - CanadaMotorJobs.com.","og_url":"https:\/\/news.canadamotorjobs.com\/fr\/gm-prevoit-de-reintroduire-les-hybrides-rechargeables-en-amerique-du-nord\/","og_site_name":"CanadaMotorJobs.com","article_publisher":"https:\/\/www.facebook.com\/canadamotorjobs\/","article_published_time":"2024-01-31T13:08:44+00:00","article_modified_time":"2024-01-31T13:14:16+00:00","og_image":[{"width":2560,"height":1707,"url":"https:\/\/news.canadamotorjobs.com\/wp-content\/uploads\/2024\/01\/2019-Chevrolet-Volt-001-scaled-1.jpg","type":"image\/jpeg"}],"author":"Benoit Charette","twitter_card":"summary_large_image","twitter_creator":"@canadamotorjobs","twitter_site":"@canadamotorjobs","twitter_misc":{"\u00c9crit par":"Benoit Charette","Estimation du temps de lecture":"2 minutes"},"schema":{"@context":"https:\/\/schema.org","@graph":[{"@type":"Article","@id":"https:\/\/news.canadamotorjobs.com\/fr\/gm-prevoit-de-reintroduire-les-hybrides-rechargeables-en-amerique-du-nord\/#article","isPartOf":{"@id":"https:\/\/news.canadamotorjobs.com\/fr\/gm-prevoit-de-reintroduire-les-hybrides-rechargeables-en-amerique-du-nord\/"},"author":{"name":"Benoit Charette","@id":"https:\/\/news.canadamotorjobs.com\/#\/schema\/person\/51793d1f87d44011d7bcc2ed99269a90"},"headline":"GM pr\u00e9voit de r\u00e9introduire les hybrides rechargeables en Am\u00e9rique du Nord","datePublished":"2024-01-31T13:08:44+00:00","dateModified":"2024-01-31T13:14:16+00:00","mainEntityOfPage":{"@id":"https:\/\/news.canadamotorjobs.com\/fr\/gm-prevoit-de-reintroduire-les-hybrides-rechargeables-en-amerique-du-nord\/"},"wordCount":501,"publisher":{"@id":"https:\/\/news.canadamotorjobs.com\/#organization"},"image":{"@id":"https:\/\/news.canadamotorjobs.com\/fr\/gm-prevoit-de-reintroduire-les-hybrides-rechargeables-en-amerique-du-nord\/#primaryimage"},"thumbnailUrl":"https:\/\/news.canadamotorjobs.com\/wp-content\/uploads\/2024\/01\/2019-Chevrolet-Volt-001-scaled-1.jpg","articleSection":["Annuel automobile"],"inLanguage":"fr-CA"},{"@type":"WebPage","@id":"https:\/\/news.canadamotorjobs.com\/fr\/gm-prevoit-de-reintroduire-les-hybrides-rechargeables-en-amerique-du-nord\/","url":"https:\/\/news.canadamotorjobs.com\/fr\/gm-prevoit-de-reintroduire-les-hybrides-rechargeables-en-amerique-du-nord\/","name":"GM pr\u00e9voit de r\u00e9introduire les hybrides rechargeables en Am\u00e9rique du Nord - CanadaMotorJobs.com","isPartOf":{"@id":"https:\/\/news.canadamotorjobs.com\/#website"},"primaryImageOfPage":{"@id":"https:\/\/news.canadamotorjobs.com\/fr\/gm-prevoit-de-reintroduire-les-hybrides-rechargeables-en-amerique-du-nord\/#primaryimage"},"image":{"@id":"https:\/\/news.canadamotorjobs.com\/fr\/gm-prevoit-de-reintroduire-les-hybrides-rechargeables-en-amerique-du-nord\/#primaryimage"},"thumbnailUrl":"https:\/\/news.canadamotorjobs.com\/wp-content\/uploads\/2024\/01\/2019-Chevrolet-Volt-001-scaled-1.jpg","datePublished":"2024-01-31T13:08:44+00:00","dateModified":"2024-01-31T13:14:16+00:00","description":"GM pr\u00e9voit de r\u00e9introduire les hybrides rechargeables en Am\u00e9rique du Nord - Benoit Charette - Annuel automobile - CanadaMotorJobs.com.","breadcrumb":{"@id":"https:\/\/news.canadamotorjobs.com\/fr\/gm-prevoit-de-reintroduire-les-hybrides-rechargeables-en-amerique-du-nord\/#breadcrumb"},"inLanguage":"fr-CA","potentialAction":[{"@type":"ReadAction","target":["https:\/\/news.canadamotorjobs.com\/fr\/gm-prevoit-de-reintroduire-les-hybrides-rechargeables-en-amerique-du-nord\/"]}]},{"@type":"ImageObject","inLanguage":"fr-CA","@id":"https:\/\/news.canadamotorjobs.com\/fr\/gm-prevoit-de-reintroduire-les-hybrides-rechargeables-en-amerique-du-nord\/#primaryimage","url":"https:\/\/news.canadamotorjobs.com\/wp-content\/uploads\/2024\/01\/2019-Chevrolet-Volt-001-scaled-1.jpg","contentUrl":"https:\/\/news.canadamotorjobs.com\/wp-content\/uploads\/2024\/01\/2019-Chevrolet-Volt-001-scaled-1.jpg","width":2560,"height":1707},{"@type":"BreadcrumbList","@id":"https:\/\/news.canadamotorjobs.com\/fr\/gm-prevoit-de-reintroduire-les-hybrides-rechargeables-en-amerique-du-nord\/#breadcrumb","itemListElement":[{"@type":"ListItem","position":1,"name":"Home","item":"https:\/\/news.canadamotorjobs.com\/fr\/blog\/"},{"@type":"ListItem","position":2,"name":"GM pr\u00e9voit de r\u00e9introduire les hybrides rechargeables en Am\u00e9rique du Nord"}]},{"@type":"WebSite","@id":"https:\/\/news.canadamotorjobs.com\/#website","url":"https:\/\/news.canadamotorjobs.com\/","name":"CanadaMotorJobs.com","description":"Automotive Jobs","publisher":{"@id":"https:\/\/news.canadamotorjobs.com\/#organization"},"potentialAction":[{"@type":"SearchAction","target":{"@type":"EntryPoint","urlTemplate":"https:\/\/news.canadamotorjobs.com\/?s={search_term_string}"},"query-input":"required name=search_term_string"}],"inLanguage":"fr-CA"},{"@type":"Organization","@id":"https:\/\/news.canadamotorjobs.com\/#organization","name":"Canada Motor Jobs","url":"https:\/\/news.canadamotorjobs.com\/","logo":{"@type":"ImageObject","inLanguage":"fr-CA","@id":"https:\/\/news.canadamotorjobs.com\/#\/schema\/logo\/image\/","url":"https:\/\/news.canadamotorjobs.com\/wp-content\/uploads\/2022\/10\/logo-canada-motor-jobs-1.png","contentUrl":"https:\/\/news.canadamotorjobs.com\/wp-content\/uploads\/2022\/10\/logo-canada-motor-jobs-1.png","width":800,"height":400,"caption":"Canada Motor Jobs"},"image":{"@id":"https:\/\/news.canadamotorjobs.com\/#\/schema\/logo\/image\/"},"sameAs":["https:\/\/www.facebook.com\/canadamotorjobs\/","https:\/\/x.com\/canadamotorjobs","https:\/\/www.instagram.com\/canadamotorjobs\/","https:\/\/www.linkedin.com\/company\/canadamotorjobs"]},{"@type":"Person","@id":"https:\/\/news.canadamotorjobs.com\/#\/schema\/person\/51793d1f87d44011d7bcc2ed99269a90","name":"Benoit Charette","image":{"@type":"ImageObject","inLanguage":"fr-CA","@id":"https:\/\/news.canadamotorjobs.com\/#\/schema\/person\/image\/","url":"https:\/\/secure.gravatar.com\/avatar\/45f3d2eebcccd909668d7ce7ea7267b6?s=96&d=mm&r=g","contentUrl":"https:\/\/secure.gravatar.com\/avatar\/45f3d2eebcccd909668d7ce7ea7267b6?s=96&d=mm&r=g","caption":"Benoit Charette"},"description":"Benoit Charette \/ Propri\u00e9taire et r\u00e9dacteur en chef Benoit Charette pratique le journalisme automobile depuis bient\u00f4t 30 ans. Il a fait ses classes au c\u00f4t\u00e9 de Daniel H\u00e9raud et au Carnet de route de 1992 \u00e0 2001. Il est fondateur, copropri\u00e9taire et r\u00e9dacteur en chef de L\u2019Annuel de l\u2019automobile, qu\u2019il publie depuis 2001. Il a anim\u00e9 les \u00e9missions RPM et RPM+ sur V et les L\u00e9gendes de la route sur Historia. \u00c0 la radio depuis 1986, il reprend l\u2019antenne cette ann\u00e9e sur les ondes de Cogeco et participe pour la deuxi\u00e8me ann\u00e9e \u00e0 l\u2019\u00e9mission Passion Auto sur RDS en plus de mettre en ligne le site Web officiel de L\u2019Annuel de l\u2019automobile sur annuelauto.ca.","sameAs":["https:\/\/annuelauto.ca\/"],"url":"https:\/\/news.canadamotorjobs.com\/fr\/author\/benoit-charette\/"}]}},"_links":{"self":[{"href":"https:\/\/news.canadamotorjobs.com\/fr\/wp-json\/wp\/v2\/posts\/157920"}],"collection":[{"href":"https:\/\/news.canadamotorjobs.com\/fr\/wp-json\/wp\/v2\/posts"}],"about":[{"href":"https:\/\/news.canadamotorjobs.com\/fr\/wp-json\/wp\/v2\/types\/post"}],"author":[{"embeddable":true,"href":"https:\/\/news.canadamotorjobs.com\/fr\/wp-json\/wp\/v2\/users\/8"}],"replies":[{"embeddable":true,"href":"https:\/\/news.canadamotorjobs.com\/fr\/wp-json\/wp\/v2\/comments?post=157920"}],"version-history":[{"count":2,"href":"https:\/\/news.canadamotorjobs.com\/fr\/wp-json\/wp\/v2\/posts\/157920\/revisions"}],"predecessor-version":[{"id":157924,"href":"https:\/\/news.canadamotorjobs.com\/fr\/wp-json\/wp\/v2\/posts\/157920\/revisions\/157924"}],"wp:featuredmedia":[{"embeddable":true,"href":"https:\/\/news.canadamotorjobs.com\/fr\/wp-json\/wp\/v2\/media\/157922"}],"wp:attachment":[{"href":"https:\/\/news.canadamotorjobs.com\/fr\/wp-json\/wp\/v2\/media?parent=157920"}],"wp:term":[{"taxonomy":"category","embeddable":true,"href":"https:\/\/news.canadamotorjobs.com\/fr\/wp-json\/wp\/v2\/categories?post=157920"},{"taxonomy":"post_tag","embeddable":true,"href":"https:\/\/news.canadamotorjobs.com\/fr\/wp-json\/wp\/v2\/tags?post=157920"}],"curies":[{"name":"wp","href":"https:\/\/api.w.org\/{rel}","templated":true}]}}