{"id":157854,"date":"2024-01-30T10:59:19","date_gmt":"2024-01-30T15:59:19","guid":{"rendered":"https:\/\/news.canadamotorjobs.com\/?p=157854"},"modified":"2024-01-30T11:00:50","modified_gmt":"2024-01-30T16:00:50","slug":"mazda-cx-70-levolution-en-douceur","status":"publish","type":"post","link":"https:\/\/news.canadamotorjobs.com\/fr\/mazda-cx-70-levolution-en-douceur\/","title":{"rendered":"Mazda CX-70 l\u2019\u00e9volution en douceur"},"content":{"rendered":"<\/p>\n<p>Avec le CX-70,, Mazda d\u00e9voile un nouveau chapitre de son histoire automobile. Un r\u00e9cit qui s&#8217;entrelace avec les r\u00eaves avort\u00e9s des ann\u00e9es 1990, o\u00f9 la marque envisageait la cr\u00e9ation d&#8217;une branche luxueuse nomm\u00e9e Amati, en qu\u00eate de concurrence face aux t\u00e9nors tels que Lexus, Infiniti et Acura. Bien que l&#8217;ombre d&#8217;Amati n&#8217;ait jamais touch\u00e9 la r\u00e9alit\u00e9, Mazda<\/p>\n<h3><strong>Un CX-90 Cinq Places<\/strong><\/h3>\n<p>\nL&#8217;histoire se poursuit avec une s\u00e9rie d&#8217;\u00e9volutions luxueuses. Du CX-30 au CX-90, chaque mod\u00e8le a sculpt\u00e9 son chemin, effa\u00e7ant son pr\u00e9d\u00e9cesseur pour accueillir une version plus sophistiqu\u00e9e. C&#8217;est d\u00e9sormais au tour du CX-70 de prendre la sc\u00e8ne, d\u00e9voilant sa nature de CX-90 en format cinq places, pr\u00eat \u00e0 conqu\u00e9rir les routes ce printemps.<\/p>\n<h3><strong>Harmonie dans la pr\u00e9sentation<\/strong><\/h3>\n<p>\nLe CX-70, dans une danse synchronis\u00e9e, se pavane sur la m\u00eame plateforme que son pr\u00e9d\u00e9cesseur, h\u00e9ritant de ses moteurs et transmissions. Le mim\u00e9tisme visuel est frappant, mais sous cette surface famili\u00e8re, Mazda insuffle des \u00e9l\u00e9ments distinctifs. Une calandre d\u00e9licatement diff\u00e9rente, des phares DEL au design unique, un toit panoramique, un hayon \u00e9lectrique et des vitres arri\u00e8re teint\u00e9es &#8211; autant de d\u00e9tails qui d\u00e9finissent le CX-70. Les couleurs uniques promises par Mazda Canada ajoutent une touche d&#8217;individualit\u00e9 \u00e0 cette pi\u00e8ce ma\u00eetresse.<\/p>\n<h3><strong>Puissance au C\u0153ur de l&#8217;Innovation<\/strong><\/h3>\n<p>\nSous le capot, le CX-70 partage l&#8217;ADN de son pr\u00e9d\u00e9cesseur, se reposant sur une architecture longitudinale favorisant une conduite sportive et une disposition plus spacieuse. Les options de moteurs incluent le six cylindres en ligne et l&#8217;hybride rechargeable (PHEV), mariant un moteur Skyactiv de 2,5 litres \u00e0 quatre cylindres avec un moteur \u00e9lectrique, offrant une puissance totale de 323 chevaux et 369 lb-pi de couple. La version \u00e0 six cylindres en ligne propose un choix entre 280 et 340 chevaux, avec une hybridation l\u00e9g\u00e8re de 48 volts. La traction int\u00e9grale i-Activ demeure in\u00e9branlable, garantissant une exp\u00e9rience de conduite exquise. L&#8217;autonomie PHEV, bien que non divulgu\u00e9e, devrait rivaliser avec les 42 km du CX-90.<\/p>\n<h3><strong>Un Sanctuaire de Confort et de Style<\/strong><\/h3>\n<p>\nL&#8217;int\u00e9rieur du CX-70 se d\u00e9ploie comme un espace de s\u00e9r\u00e9nit\u00e9, mettant en valeur le confort des cinq passagers. L&#8217;emphase est mise sur la deuxi\u00e8me rang\u00e9e et un espace cargo plus vaste. Les couleurs cuir bourgogne et les influences de Kaichou cr\u00e9ent une esth\u00e9tique unique, avec des mat\u00e9riaux tels que le bois d&#8217;\u00e9rable, le cuir Nappa, le chrome et des textiles japonais. L&#8217;ergonomie conviviale de Mazda persiste, avec des boutons physiques et un \u00e9cran couleur moderne emprunt\u00e9 du CX-90, ainsi qu&#8217;un affichage t\u00eate haute disponible.<\/p>\n<h3><strong>L&#8217;Aube d&#8217;une Nouvelle \u00c8re Automobile<\/strong><\/h3>\n<p>\nLe voile sur le prix officiel demeure, mais les diff\u00e9rences avec le CX-90 s&#8217;annoncent minimes. L&#8217;arriv\u00e9e imminente du CX-70 en concession ce printemps promet une comp\u00e9tition acharn\u00e9e dans le segment des VUS cinq places, faisant de Mazda un joueur captivant aux c\u00f4t\u00e9s de rivaux tels que le Honda Passport, le Volkswagen Atlas Crossport, le Kia Sorento, et le nouveau Santa Fe chez Hyundai. Une nouvelle \u00e8re automobile s&#8217;annonce, avec le CX-70 comme phare guidant Mazda vers de nouveaux horizons.<\/p>\n<p>\u00a0<\/p>\n<p>Le texte <a rel=\"nofollow\" href=\"https:\/\/annuelauto.ca\/mazda-cx-70-levolution-en-douceur\/\">Mazda CX-70 l\u2019\u00e9volution en douceur<\/a> provient de <a rel=\"nofollow\" href=\"https:\/\/annuelauto.ca\">L&#8217;annuel de l&#8217;automobile &#8211; Actualit\u00e9 automobile<\/a><\/p>\n<p><\/p>\n","protected":false},"excerpt":{"rendered":"<p>Avec le CX-70,, Mazda d\u00e9voile un nouveau chapitre de son histoire automobile. Un r\u00e9cit qui s&#8217;entrelace avec les r\u00eaves avort\u00e9s des ann\u00e9es 1990, o\u00f9 la marque envisageait la cr\u00e9ation d&#8217;une branche luxueuse nomm\u00e9e Amati, en qu\u00eate de concurrence face aux t\u00e9nors tels que Lexus, Infiniti et Acura. Bien que l&#8217;ombre d&#8217;Amati n&#8217;ait jamais touch\u00e9 la [&hellip;]<\/p>\n","protected":false},"author":8,"featured_media":157856,"comment_status":"close","ping_status":"closed","sticky":false,"template":"","format":"standard","meta":{"_monsterinsights_skip_tracking":false,"_monsterinsights_sitenote_active":false,"_monsterinsights_sitenote_note":"","_monsterinsights_sitenote_category":0,"footnotes":""},"categories":[101],"tags":[],"yoast_head":"<!-- This site is optimized with the Yoast SEO plugin v23.2 - https:\/\/yoast.com\/wordpress\/plugins\/seo\/ -->\n<title>Mazda CX-70 l\u2019\u00e9volution en douceur - CanadaMotorJobs.com<\/title>\n<meta name=\"description\" content=\"Mazda CX-70 l\u2019\u00e9volution en douceur - Benoit Charette - Annuel automobile - CanadaMotorJobs.com.\" \/>\n<meta name=\"robots\" content=\"index, follow, max-snippet:-1, max-image-preview:large, max-video-preview:-1\" \/>\n<meta property=\"og:locale\" content=\"fr_CA\" \/>\n<meta property=\"og:type\" content=\"article\" \/>\n<meta property=\"og:title\" content=\"Mazda CX-70 l\u2019\u00e9volution en douceur - CanadaMotorJobs.com\" \/>\n<meta property=\"og:description\" content=\"Mazda CX-70 l\u2019\u00e9volution en douceur - Benoit Charette - Annuel automobile - CanadaMotorJobs.com.\" \/>\n<meta property=\"og:url\" content=\"https:\/\/news.canadamotorjobs.com\/fr\/mazda-cx-70-levolution-en-douceur\/\" \/>\n<meta property=\"og:site_name\" content=\"CanadaMotorJobs.com\" \/>\n<meta property=\"article:publisher\" content=\"https:\/\/www.facebook.com\/canadamotorjobs\/\" \/>\n<meta property=\"article:published_time\" content=\"2024-01-30T15:59:19+00:00\" \/>\n<meta property=\"article:modified_time\" content=\"2024-01-30T16:00:50+00:00\" \/>\n<meta property=\"og:image\" content=\"https:\/\/news.canadamotorjobs.com\/wp-content\/uploads\/2024\/01\/2025_CX-70_01.jpg\" \/>\n\t<meta property=\"og:image:width\" content=\"1211\" \/>\n\t<meta property=\"og:image:height\" content=\"800\" \/>\n\t<meta property=\"og:image:type\" content=\"image\/jpeg\" \/>\n<meta name=\"author\" content=\"Benoit Charette\" \/>\n<meta name=\"twitter:card\" content=\"summary_large_image\" \/>\n<meta name=\"twitter:creator\" content=\"@canadamotorjobs\" \/>\n<meta name=\"twitter:site\" content=\"@canadamotorjobs\" \/>\n<meta name=\"twitter:label1\" content=\"\u00c9crit par\" \/>\n\t<meta name=\"twitter:data1\" content=\"Benoit Charette\" \/>\n\t<meta name=\"twitter:label2\" content=\"Estimation du temps de lecture\" \/>\n\t<meta name=\"twitter:data2\" content=\"3 minutes\" \/>\n<!-- \/ Yoast SEO plugin. -->","yoast_head_json":{"title":"Mazda CX-70 l\u2019\u00e9volution en douceur - CanadaMotorJobs.com","description":"Mazda CX-70 l\u2019\u00e9volution en douceur - Benoit Charette - Annuel automobile - CanadaMotorJobs.com.","robots":{"index":"index","follow":"follow","max-snippet":"max-snippet:-1","max-image-preview":"max-image-preview:large","max-video-preview":"max-video-preview:-1"},"og_locale":"fr_CA","og_type":"article","og_title":"Mazda CX-70 l\u2019\u00e9volution en douceur - CanadaMotorJobs.com","og_description":"Mazda CX-70 l\u2019\u00e9volution en douceur - Benoit Charette - Annuel automobile - CanadaMotorJobs.com.","og_url":"https:\/\/news.canadamotorjobs.com\/fr\/mazda-cx-70-levolution-en-douceur\/","og_site_name":"CanadaMotorJobs.com","article_publisher":"https:\/\/www.facebook.com\/canadamotorjobs\/","article_published_time":"2024-01-30T15:59:19+00:00","article_modified_time":"2024-01-30T16:00:50+00:00","og_image":[{"width":1211,"height":800,"url":"https:\/\/news.canadamotorjobs.com\/wp-content\/uploads\/2024\/01\/2025_CX-70_01.jpg","type":"image\/jpeg"}],"author":"Benoit Charette","twitter_card":"summary_large_image","twitter_creator":"@canadamotorjobs","twitter_site":"@canadamotorjobs","twitter_misc":{"\u00c9crit par":"Benoit Charette","Estimation du temps de lecture":"3 minutes"},"schema":{"@context":"https:\/\/schema.org","@graph":[{"@type":"Article","@id":"https:\/\/news.canadamotorjobs.com\/fr\/mazda-cx-70-levolution-en-douceur\/#article","isPartOf":{"@id":"https:\/\/news.canadamotorjobs.com\/fr\/mazda-cx-70-levolution-en-douceur\/"},"author":{"name":"Benoit Charette","@id":"https:\/\/news.canadamotorjobs.com\/#\/schema\/person\/51793d1f87d44011d7bcc2ed99269a90"},"headline":"Mazda CX-70 l\u2019\u00e9volution en douceur","datePublished":"2024-01-30T15:59:19+00:00","dateModified":"2024-01-30T16:00:50+00:00","mainEntityOfPage":{"@id":"https:\/\/news.canadamotorjobs.com\/fr\/mazda-cx-70-levolution-en-douceur\/"},"wordCount":589,"publisher":{"@id":"https:\/\/news.canadamotorjobs.com\/#organization"},"image":{"@id":"https:\/\/news.canadamotorjobs.com\/fr\/mazda-cx-70-levolution-en-douceur\/#primaryimage"},"thumbnailUrl":"https:\/\/news.canadamotorjobs.com\/wp-content\/uploads\/2024\/01\/2025_CX-70_01.jpg","articleSection":["Annuel automobile"],"inLanguage":"fr-CA"},{"@type":"WebPage","@id":"https:\/\/news.canadamotorjobs.com\/fr\/mazda-cx-70-levolution-en-douceur\/","url":"https:\/\/news.canadamotorjobs.com\/fr\/mazda-cx-70-levolution-en-douceur\/","name":"Mazda CX-70 l\u2019\u00e9volution en douceur - CanadaMotorJobs.com","isPartOf":{"@id":"https:\/\/news.canadamotorjobs.com\/#website"},"primaryImageOfPage":{"@id":"https:\/\/news.canadamotorjobs.com\/fr\/mazda-cx-70-levolution-en-douceur\/#primaryimage"},"image":{"@id":"https:\/\/news.canadamotorjobs.com\/fr\/mazda-cx-70-levolution-en-douceur\/#primaryimage"},"thumbnailUrl":"https:\/\/news.canadamotorjobs.com\/wp-content\/uploads\/2024\/01\/2025_CX-70_01.jpg","datePublished":"2024-01-30T15:59:19+00:00","dateModified":"2024-01-30T16:00:50+00:00","description":"Mazda CX-70 l\u2019\u00e9volution en douceur - Benoit Charette - Annuel automobile - CanadaMotorJobs.com.","breadcrumb":{"@id":"https:\/\/news.canadamotorjobs.com\/fr\/mazda-cx-70-levolution-en-douceur\/#breadcrumb"},"inLanguage":"fr-CA","potentialAction":[{"@type":"ReadAction","target":["https:\/\/news.canadamotorjobs.com\/fr\/mazda-cx-70-levolution-en-douceur\/"]}]},{"@type":"ImageObject","inLanguage":"fr-CA","@id":"https:\/\/news.canadamotorjobs.com\/fr\/mazda-cx-70-levolution-en-douceur\/#primaryimage","url":"https:\/\/news.canadamotorjobs.com\/wp-content\/uploads\/2024\/01\/2025_CX-70_01.jpg","contentUrl":"https:\/\/news.canadamotorjobs.com\/wp-content\/uploads\/2024\/01\/2025_CX-70_01.jpg","width":1211,"height":800},{"@type":"BreadcrumbList","@id":"https:\/\/news.canadamotorjobs.com\/fr\/mazda-cx-70-levolution-en-douceur\/#breadcrumb","itemListElement":[{"@type":"ListItem","position":1,"name":"Home","item":"https:\/\/news.canadamotorjobs.com\/fr\/blog\/"},{"@type":"ListItem","position":2,"name":"Mazda CX-70 l\u2019\u00e9volution en douceur"}]},{"@type":"WebSite","@id":"https:\/\/news.canadamotorjobs.com\/#website","url":"https:\/\/news.canadamotorjobs.com\/","name":"CanadaMotorJobs.com","description":"Automotive Jobs","publisher":{"@id":"https:\/\/news.canadamotorjobs.com\/#organization"},"potentialAction":[{"@type":"SearchAction","target":{"@type":"EntryPoint","urlTemplate":"https:\/\/news.canadamotorjobs.com\/?s={search_term_string}"},"query-input":"required name=search_term_string"}],"inLanguage":"fr-CA"},{"@type":"Organization","@id":"https:\/\/news.canadamotorjobs.com\/#organization","name":"Canada Motor Jobs","url":"https:\/\/news.canadamotorjobs.com\/","logo":{"@type":"ImageObject","inLanguage":"fr-CA","@id":"https:\/\/news.canadamotorjobs.com\/#\/schema\/logo\/image\/","url":"https:\/\/news.canadamotorjobs.com\/wp-content\/uploads\/2022\/10\/logo-canada-motor-jobs-1.png","contentUrl":"https:\/\/news.canadamotorjobs.com\/wp-content\/uploads\/2022\/10\/logo-canada-motor-jobs-1.png","width":800,"height":400,"caption":"Canada Motor Jobs"},"image":{"@id":"https:\/\/news.canadamotorjobs.com\/#\/schema\/logo\/image\/"},"sameAs":["https:\/\/www.facebook.com\/canadamotorjobs\/","https:\/\/x.com\/canadamotorjobs","https:\/\/www.instagram.com\/canadamotorjobs\/","https:\/\/www.linkedin.com\/company\/canadamotorjobs"]},{"@type":"Person","@id":"https:\/\/news.canadamotorjobs.com\/#\/schema\/person\/51793d1f87d44011d7bcc2ed99269a90","name":"Benoit Charette","image":{"@type":"ImageObject","inLanguage":"fr-CA","@id":"https:\/\/news.canadamotorjobs.com\/#\/schema\/person\/image\/","url":"https:\/\/secure.gravatar.com\/avatar\/45f3d2eebcccd909668d7ce7ea7267b6?s=96&d=mm&r=g","contentUrl":"https:\/\/secure.gravatar.com\/avatar\/45f3d2eebcccd909668d7ce7ea7267b6?s=96&d=mm&r=g","caption":"Benoit Charette"},"description":"Benoit Charette \/ Propri\u00e9taire et r\u00e9dacteur en chef Benoit Charette pratique le journalisme automobile depuis bient\u00f4t 30 ans. Il a fait ses classes au c\u00f4t\u00e9 de Daniel H\u00e9raud et au Carnet de route de 1992 \u00e0 2001. Il est fondateur, copropri\u00e9taire et r\u00e9dacteur en chef de L\u2019Annuel de l\u2019automobile, qu\u2019il publie depuis 2001. Il a anim\u00e9 les \u00e9missions RPM et RPM+ sur V et les L\u00e9gendes de la route sur Historia. \u00c0 la radio depuis 1986, il reprend l\u2019antenne cette ann\u00e9e sur les ondes de Cogeco et participe pour la deuxi\u00e8me ann\u00e9e \u00e0 l\u2019\u00e9mission Passion Auto sur RDS en plus de mettre en ligne le site Web officiel de L\u2019Annuel de l\u2019automobile sur annuelauto.ca.","sameAs":["https:\/\/annuelauto.ca\/"],"url":"https:\/\/news.canadamotorjobs.com\/fr\/author\/benoit-charette\/"}]}},"_links":{"self":[{"href":"https:\/\/news.canadamotorjobs.com\/fr\/wp-json\/wp\/v2\/posts\/157854"}],"collection":[{"href":"https:\/\/news.canadamotorjobs.com\/fr\/wp-json\/wp\/v2\/posts"}],"about":[{"href":"https:\/\/news.canadamotorjobs.com\/fr\/wp-json\/wp\/v2\/types\/post"}],"author":[{"embeddable":true,"href":"https:\/\/news.canadamotorjobs.com\/fr\/wp-json\/wp\/v2\/users\/8"}],"replies":[{"embeddable":true,"href":"https:\/\/news.canadamotorjobs.com\/fr\/wp-json\/wp\/v2\/comments?post=157854"}],"version-history":[{"count":2,"href":"https:\/\/news.canadamotorjobs.com\/fr\/wp-json\/wp\/v2\/posts\/157854\/revisions"}],"predecessor-version":[{"id":157858,"href":"https:\/\/news.canadamotorjobs.com\/fr\/wp-json\/wp\/v2\/posts\/157854\/revisions\/157858"}],"wp:featuredmedia":[{"embeddable":true,"href":"https:\/\/news.canadamotorjobs.com\/fr\/wp-json\/wp\/v2\/media\/157856"}],"wp:attachment":[{"href":"https:\/\/news.canadamotorjobs.com\/fr\/wp-json\/wp\/v2\/media?parent=157854"}],"wp:term":[{"taxonomy":"category","embeddable":true,"href":"https:\/\/news.canadamotorjobs.com\/fr\/wp-json\/wp\/v2\/categories?post=157854"},{"taxonomy":"post_tag","embeddable":true,"href":"https:\/\/news.canadamotorjobs.com\/fr\/wp-json\/wp\/v2\/tags?post=157854"}],"curies":[{"name":"wp","href":"https:\/\/api.w.org\/{rel}","templated":true}]}}