{"id":157829,"date":"2024-01-30T08:51:18","date_gmt":"2024-01-30T13:51:18","guid":{"rendered":"https:\/\/news.canadamotorjobs.com\/?p=157829"},"modified":"2024-01-30T08:59:28","modified_gmt":"2024-01-30T13:59:28","slug":"le-ram-rho-prend-la-releve-du-tsx-pour-2025","status":"publish","type":"post","link":"https:\/\/news.canadamotorjobs.com\/fr\/le-ram-rho-prend-la-releve-du-tsx-pour-2025\/","title":{"rendered":"Le Ram RHO prend la rel\u00e8ve du TSX pour 2025"},"content":{"rendered":"<\/p>\n<h3>Un Nouveau Chapitre dans la Gamme Ram<\/h3>\n<p>\nRam a revisit\u00e9 le pickup 1500 pour l&#8217;ann\u00e9e 2025, offrant au camion un design rafra\u00eechi, de nouvelles motorisations et deux nouvelles finitions. Parmi ces finitions, on trouve le nouveau RHO.<\/p>\n<h3>Une Alternative au TRX<\/h3>\n<p>\nLe RHO ne sera pas aussi puissant que le TRX, dont la production prend fin apr\u00e8s l&#8217;ann\u00e9e mod\u00e8le 2024. Cependant, elle devrait \u00eatre tout aussi performante. Ram n&#8217;a pas encore d\u00e9voil\u00e9 tous les d\u00e9tails sur le nouveau pickup, ceux-ci seront r\u00e9v\u00e9l\u00e9s plus pr\u00e8s du lancement du mod\u00e8le. Voici tout ce que nous savons sur le Ram 1500 RHO de 2025.<\/p>\n<h3>Le Ram 1500 RHO : Une Nouvelle Finition<\/h3>\n<p>\nLe RHO est une nouvelle finition pour l&#8217;ann\u00e9e mod\u00e8le 2025. Il s&#8217;agit d&#8217;un pickup orient\u00e9 tout-terrain qui se situera au-dessus du Rebel dans la gamme rafra\u00eechie des camions sportifs de la marque.<\/p>\n<h3>Les Performances Sous le Capot<\/h3>\n<p>\nLa RHO ne disposera pas d&#8217;un V8 Hemi. \u00c0 la place, Ram installe son nouveau moteur Hurricane \u00e0 six cylindres en ligne et double suralimentation de 3,0 litres (emprunt\u00e9 \u00e0 Jeep), qui produira 540 chevaux avec 28 psi de suralimentation. Les d\u00e9tails sur le couple exact ou sur la vitesse \u00e0 laquelle ce camion atteindra 60 miles par heure restent \u00e0 confirmer, mais cela pourrait se situer aux alentours de 5,0 secondes. Ces d\u00e9tails seront r\u00e9v\u00e9l\u00e9s ult\u00e9rieurement.<\/p>\n<h3>Capacit\u00e9 Tout-Terrain<\/h3>\n<p>\nRam positionnera le RHO en haut de sa gamme de camions, ce qui devrait donner une id\u00e9e de sa capacit\u00e9 tout-terrain. Aucun d\u00e9tail sp\u00e9cifique sur la robustesse de ce camion n&#8217;a \u00e9t\u00e9 d\u00e9voil\u00e9, mais il pourrait \u00eatre aussi capable que le TRX, mais avec moins de puissance.<\/p>\n<h3>Prix et Disponibilit\u00e9<\/h3>\n<p>\nRam n&#8217;a pas encore r\u00e9v\u00e9l\u00e9 le prix du RHO 2025 lors de son lancement. Le camion se situera au-dessus du Rebel dans la gamme et sera sans doute \u00e0 plus de 100\u00a0000 $.Le RHO rejoindra la gamme au troisi\u00e8me trimestre de 2024. Ram fournira davantage d&#8217;informations sur le camion, y compris le prix, plus pr\u00e8s de la date de lancement.<\/p>\n<p>Avec des renseignements de Motor 1<\/p>\n<p>\u00a0<\/p>\n<p>\u00a0<\/p>\n<p>Le texte <a rel=\"nofollow\" href=\"https:\/\/annuelauto.ca\/le-ram-rho-prend-la-releve-du-tsx-pour-2025\/\">Le Ram RHO prend la rel\u00e8ve du TSX pour 2025<\/a> provient de <a rel=\"nofollow\" href=\"https:\/\/annuelauto.ca\">L&#8217;annuel de l&#8217;automobile &#8211; Actualit\u00e9 automobile<\/a><\/p>\n<p><\/p>\n","protected":false},"excerpt":{"rendered":"<p>Un Nouveau Chapitre dans la Gamme Ram Ram a revisit\u00e9 le pickup 1500 pour l&#8217;ann\u00e9e 2025, offrant au camion un design rafra\u00eechi, de nouvelles motorisations et deux nouvelles finitions. Parmi ces finitions, on trouve le nouveau RHO. Une Alternative au TRX Le RHO ne sera pas aussi puissant que le TRX, dont la production prend [&hellip;]<\/p>\n","protected":false},"author":8,"featured_media":157831,"comment_status":"close","ping_status":"closed","sticky":false,"template":"","format":"standard","meta":{"_monsterinsights_skip_tracking":false,"_monsterinsights_sitenote_active":false,"_monsterinsights_sitenote_note":"","_monsterinsights_sitenote_category":0,"footnotes":""},"categories":[101],"tags":[],"yoast_head":"<!-- This site is optimized with the Yoast SEO plugin v23.2 - https:\/\/yoast.com\/wordpress\/plugins\/seo\/ -->\n<title>Le Ram RHO prend la rel\u00e8ve du TSX pour 2025 - CanadaMotorJobs.com<\/title>\n<meta name=\"description\" content=\"Le Ram RHO prend la rel\u00e8ve du TSX pour 2025 - Benoit Charette - Annuel automobile - CanadaMotorJobs.com.\" \/>\n<meta name=\"robots\" content=\"index, follow, max-snippet:-1, max-image-preview:large, max-video-preview:-1\" \/>\n<meta property=\"og:locale\" content=\"fr_CA\" \/>\n<meta property=\"og:type\" content=\"article\" \/>\n<meta property=\"og:title\" content=\"Le Ram RHO prend la rel\u00e8ve du TSX pour 2025 - CanadaMotorJobs.com\" \/>\n<meta property=\"og:description\" content=\"Le Ram RHO prend la rel\u00e8ve du TSX pour 2025 - Benoit Charette - Annuel automobile - CanadaMotorJobs.com.\" \/>\n<meta property=\"og:url\" content=\"https:\/\/news.canadamotorjobs.com\/fr\/le-ram-rho-prend-la-releve-du-tsx-pour-2025\/\" \/>\n<meta property=\"og:site_name\" content=\"CanadaMotorJobs.com\" \/>\n<meta property=\"article:publisher\" content=\"https:\/\/www.facebook.com\/canadamotorjobs\/\" \/>\n<meta property=\"article:published_time\" content=\"2024-01-30T13:51:18+00:00\" \/>\n<meta property=\"article:modified_time\" content=\"2024-01-30T13:59:28+00:00\" \/>\n<meta property=\"og:image\" content=\"https:\/\/news.canadamotorjobs.com\/wp-content\/uploads\/2024\/01\/2025-ram-1500-rho-rendering.jpg\" \/>\n\t<meta property=\"og:image:width\" content=\"1280\" \/>\n\t<meta property=\"og:image:height\" content=\"720\" \/>\n\t<meta property=\"og:image:type\" content=\"image\/jpeg\" \/>\n<meta name=\"author\" content=\"Benoit Charette\" \/>\n<meta name=\"twitter:card\" content=\"summary_large_image\" \/>\n<meta name=\"twitter:creator\" content=\"@canadamotorjobs\" \/>\n<meta name=\"twitter:site\" content=\"@canadamotorjobs\" \/>\n<meta name=\"twitter:label1\" content=\"\u00c9crit par\" \/>\n\t<meta name=\"twitter:data1\" content=\"Benoit Charette\" \/>\n\t<meta name=\"twitter:label2\" content=\"Estimation du temps de lecture\" \/>\n\t<meta name=\"twitter:data2\" content=\"2 minutes\" \/>\n<!-- \/ Yoast SEO plugin. -->","yoast_head_json":{"title":"Le Ram RHO prend la rel\u00e8ve du TSX pour 2025 - CanadaMotorJobs.com","description":"Le Ram RHO prend la rel\u00e8ve du TSX pour 2025 - Benoit Charette - Annuel automobile - CanadaMotorJobs.com.","robots":{"index":"index","follow":"follow","max-snippet":"max-snippet:-1","max-image-preview":"max-image-preview:large","max-video-preview":"max-video-preview:-1"},"og_locale":"fr_CA","og_type":"article","og_title":"Le Ram RHO prend la rel\u00e8ve du TSX pour 2025 - CanadaMotorJobs.com","og_description":"Le Ram RHO prend la rel\u00e8ve du TSX pour 2025 - Benoit Charette - Annuel automobile - CanadaMotorJobs.com.","og_url":"https:\/\/news.canadamotorjobs.com\/fr\/le-ram-rho-prend-la-releve-du-tsx-pour-2025\/","og_site_name":"CanadaMotorJobs.com","article_publisher":"https:\/\/www.facebook.com\/canadamotorjobs\/","article_published_time":"2024-01-30T13:51:18+00:00","article_modified_time":"2024-01-30T13:59:28+00:00","og_image":[{"width":1280,"height":720,"url":"https:\/\/news.canadamotorjobs.com\/wp-content\/uploads\/2024\/01\/2025-ram-1500-rho-rendering.jpg","type":"image\/jpeg"}],"author":"Benoit Charette","twitter_card":"summary_large_image","twitter_creator":"@canadamotorjobs","twitter_site":"@canadamotorjobs","twitter_misc":{"\u00c9crit par":"Benoit Charette","Estimation du temps de lecture":"2 minutes"},"schema":{"@context":"https:\/\/schema.org","@graph":[{"@type":"Article","@id":"https:\/\/news.canadamotorjobs.com\/fr\/le-ram-rho-prend-la-releve-du-tsx-pour-2025\/#article","isPartOf":{"@id":"https:\/\/news.canadamotorjobs.com\/fr\/le-ram-rho-prend-la-releve-du-tsx-pour-2025\/"},"author":{"name":"Benoit Charette","@id":"https:\/\/news.canadamotorjobs.com\/#\/schema\/person\/51793d1f87d44011d7bcc2ed99269a90"},"headline":"Le Ram RHO prend la rel\u00e8ve du TSX pour 2025","datePublished":"2024-01-30T13:51:18+00:00","dateModified":"2024-01-30T13:59:28+00:00","mainEntityOfPage":{"@id":"https:\/\/news.canadamotorjobs.com\/fr\/le-ram-rho-prend-la-releve-du-tsx-pour-2025\/"},"wordCount":389,"publisher":{"@id":"https:\/\/news.canadamotorjobs.com\/#organization"},"image":{"@id":"https:\/\/news.canadamotorjobs.com\/fr\/le-ram-rho-prend-la-releve-du-tsx-pour-2025\/#primaryimage"},"thumbnailUrl":"https:\/\/news.canadamotorjobs.com\/wp-content\/uploads\/2024\/01\/2025-ram-1500-rho-rendering.jpg","articleSection":["Annuel automobile"],"inLanguage":"fr-CA"},{"@type":"WebPage","@id":"https:\/\/news.canadamotorjobs.com\/fr\/le-ram-rho-prend-la-releve-du-tsx-pour-2025\/","url":"https:\/\/news.canadamotorjobs.com\/fr\/le-ram-rho-prend-la-releve-du-tsx-pour-2025\/","name":"Le Ram RHO prend la rel\u00e8ve du TSX pour 2025 - CanadaMotorJobs.com","isPartOf":{"@id":"https:\/\/news.canadamotorjobs.com\/#website"},"primaryImageOfPage":{"@id":"https:\/\/news.canadamotorjobs.com\/fr\/le-ram-rho-prend-la-releve-du-tsx-pour-2025\/#primaryimage"},"image":{"@id":"https:\/\/news.canadamotorjobs.com\/fr\/le-ram-rho-prend-la-releve-du-tsx-pour-2025\/#primaryimage"},"thumbnailUrl":"https:\/\/news.canadamotorjobs.com\/wp-content\/uploads\/2024\/01\/2025-ram-1500-rho-rendering.jpg","datePublished":"2024-01-30T13:51:18+00:00","dateModified":"2024-01-30T13:59:28+00:00","description":"Le Ram RHO prend la rel\u00e8ve du TSX pour 2025 - Benoit Charette - Annuel automobile - CanadaMotorJobs.com.","breadcrumb":{"@id":"https:\/\/news.canadamotorjobs.com\/fr\/le-ram-rho-prend-la-releve-du-tsx-pour-2025\/#breadcrumb"},"inLanguage":"fr-CA","potentialAction":[{"@type":"ReadAction","target":["https:\/\/news.canadamotorjobs.com\/fr\/le-ram-rho-prend-la-releve-du-tsx-pour-2025\/"]}]},{"@type":"ImageObject","inLanguage":"fr-CA","@id":"https:\/\/news.canadamotorjobs.com\/fr\/le-ram-rho-prend-la-releve-du-tsx-pour-2025\/#primaryimage","url":"https:\/\/news.canadamotorjobs.com\/wp-content\/uploads\/2024\/01\/2025-ram-1500-rho-rendering.jpg","contentUrl":"https:\/\/news.canadamotorjobs.com\/wp-content\/uploads\/2024\/01\/2025-ram-1500-rho-rendering.jpg","width":1280,"height":720},{"@type":"BreadcrumbList","@id":"https:\/\/news.canadamotorjobs.com\/fr\/le-ram-rho-prend-la-releve-du-tsx-pour-2025\/#breadcrumb","itemListElement":[{"@type":"ListItem","position":1,"name":"Home","item":"https:\/\/news.canadamotorjobs.com\/fr\/blog\/"},{"@type":"ListItem","position":2,"name":"Le Ram RHO prend la rel\u00e8ve du TSX pour 2025"}]},{"@type":"WebSite","@id":"https:\/\/news.canadamotorjobs.com\/#website","url":"https:\/\/news.canadamotorjobs.com\/","name":"CanadaMotorJobs.com","description":"Automotive Jobs","publisher":{"@id":"https:\/\/news.canadamotorjobs.com\/#organization"},"potentialAction":[{"@type":"SearchAction","target":{"@type":"EntryPoint","urlTemplate":"https:\/\/news.canadamotorjobs.com\/?s={search_term_string}"},"query-input":"required name=search_term_string"}],"inLanguage":"fr-CA"},{"@type":"Organization","@id":"https:\/\/news.canadamotorjobs.com\/#organization","name":"Canada Motor Jobs","url":"https:\/\/news.canadamotorjobs.com\/","logo":{"@type":"ImageObject","inLanguage":"fr-CA","@id":"https:\/\/news.canadamotorjobs.com\/#\/schema\/logo\/image\/","url":"https:\/\/news.canadamotorjobs.com\/wp-content\/uploads\/2022\/10\/logo-canada-motor-jobs-1.png","contentUrl":"https:\/\/news.canadamotorjobs.com\/wp-content\/uploads\/2022\/10\/logo-canada-motor-jobs-1.png","width":800,"height":400,"caption":"Canada Motor Jobs"},"image":{"@id":"https:\/\/news.canadamotorjobs.com\/#\/schema\/logo\/image\/"},"sameAs":["https:\/\/www.facebook.com\/canadamotorjobs\/","https:\/\/x.com\/canadamotorjobs","https:\/\/www.instagram.com\/canadamotorjobs\/","https:\/\/www.linkedin.com\/company\/canadamotorjobs"]},{"@type":"Person","@id":"https:\/\/news.canadamotorjobs.com\/#\/schema\/person\/51793d1f87d44011d7bcc2ed99269a90","name":"Benoit Charette","image":{"@type":"ImageObject","inLanguage":"fr-CA","@id":"https:\/\/news.canadamotorjobs.com\/#\/schema\/person\/image\/","url":"https:\/\/secure.gravatar.com\/avatar\/45f3d2eebcccd909668d7ce7ea7267b6?s=96&d=mm&r=g","contentUrl":"https:\/\/secure.gravatar.com\/avatar\/45f3d2eebcccd909668d7ce7ea7267b6?s=96&d=mm&r=g","caption":"Benoit Charette"},"description":"Benoit Charette \/ Propri\u00e9taire et r\u00e9dacteur en chef Benoit Charette pratique le journalisme automobile depuis bient\u00f4t 30 ans. Il a fait ses classes au c\u00f4t\u00e9 de Daniel H\u00e9raud et au Carnet de route de 1992 \u00e0 2001. Il est fondateur, copropri\u00e9taire et r\u00e9dacteur en chef de L\u2019Annuel de l\u2019automobile, qu\u2019il publie depuis 2001. Il a anim\u00e9 les \u00e9missions RPM et RPM+ sur V et les L\u00e9gendes de la route sur Historia. \u00c0 la radio depuis 1986, il reprend l\u2019antenne cette ann\u00e9e sur les ondes de Cogeco et participe pour la deuxi\u00e8me ann\u00e9e \u00e0 l\u2019\u00e9mission Passion Auto sur RDS en plus de mettre en ligne le site Web officiel de L\u2019Annuel de l\u2019automobile sur annuelauto.ca.","sameAs":["https:\/\/annuelauto.ca\/"],"url":"https:\/\/news.canadamotorjobs.com\/fr\/author\/benoit-charette\/"}]}},"_links":{"self":[{"href":"https:\/\/news.canadamotorjobs.com\/fr\/wp-json\/wp\/v2\/posts\/157829"}],"collection":[{"href":"https:\/\/news.canadamotorjobs.com\/fr\/wp-json\/wp\/v2\/posts"}],"about":[{"href":"https:\/\/news.canadamotorjobs.com\/fr\/wp-json\/wp\/v2\/types\/post"}],"author":[{"embeddable":true,"href":"https:\/\/news.canadamotorjobs.com\/fr\/wp-json\/wp\/v2\/users\/8"}],"replies":[{"embeddable":true,"href":"https:\/\/news.canadamotorjobs.com\/fr\/wp-json\/wp\/v2\/comments?post=157829"}],"version-history":[{"count":2,"href":"https:\/\/news.canadamotorjobs.com\/fr\/wp-json\/wp\/v2\/posts\/157829\/revisions"}],"predecessor-version":[{"id":157833,"href":"https:\/\/news.canadamotorjobs.com\/fr\/wp-json\/wp\/v2\/posts\/157829\/revisions\/157833"}],"wp:featuredmedia":[{"embeddable":true,"href":"https:\/\/news.canadamotorjobs.com\/fr\/wp-json\/wp\/v2\/media\/157831"}],"wp:attachment":[{"href":"https:\/\/news.canadamotorjobs.com\/fr\/wp-json\/wp\/v2\/media?parent=157829"}],"wp:term":[{"taxonomy":"category","embeddable":true,"href":"https:\/\/news.canadamotorjobs.com\/fr\/wp-json\/wp\/v2\/categories?post=157829"},{"taxonomy":"post_tag","embeddable":true,"href":"https:\/\/news.canadamotorjobs.com\/fr\/wp-json\/wp\/v2\/tags?post=157829"}],"curies":[{"name":"wp","href":"https:\/\/api.w.org\/{rel}","templated":true}]}}