{"id":157704,"date":"2024-01-29T11:09:56","date_gmt":"2024-01-29T16:09:56","guid":{"rendered":"https:\/\/news.canadamotorjobs.com\/?p=157704"},"modified":"2024-01-29T11:16:22","modified_gmt":"2024-01-29T16:16:22","slug":"loblaw-double-sa-flotte-de-semi-remorques-electriques-avec-lajout-de-10-freightliner-ecascadia-a-vancouver","status":"publish","type":"post","link":"https:\/\/news.canadamotorjobs.com\/fr\/loblaw-double-sa-flotte-de-semi-remorques-electriques-avec-lajout-de-10-freightliner-ecascadia-a-vancouver\/","title":{"rendered":"Loblaw double sa flotte de semi-remorques \u00e9lectriques avec l\u2019ajout de 10 Freightliner eCascadia \u00e0 Vancouver"},"content":{"rendered":"<\/p>\n<h3><strong>Expansion de la flotte \u00e9lectrique<\/strong><\/h3>\n<p>\nL&#8217;entreprise canadienne de distribution alimentaire Loblaw annonce avoir doubl\u00e9 la taille de sa flotte de semi-remorques z\u00e9ro \u00e9mission en d\u00e9ployant 10 nouveaux camions Freightliner eCascadia enti\u00e8rement \u00e9lectriques \u00e0 Vancouver.<\/p>\n<h3><strong>Utilisation op\u00e9rationnelle \u00e0 Vancouver<\/strong><\/h3>\n<p>\nLes nouveaux semi-remorques \u00e9lectriques Freightliner eCascadia ont \u00e9t\u00e9 livr\u00e9s \u00e0 Loblaw \u00e0 la fin du mois dernier et sont d\u00e9sormais pleinement op\u00e9rationnels \u00e0 Vancouver et en Colombie-Britannique.<\/p>\n<h3><strong>Pourquoi Vancouver<\/strong><\/h3>\n<p>\nWayne Scott, directeur principal de la maintenance chez Loblaw, souligne que Vancouver s&#8217;est d\u00e9marqu\u00e9e comme l&#8217;emplacement id\u00e9al en raison de son engagement constant envers les initiatives \u00e9cologiques, en faisant ainsi un leader dans l&#8217;adoption de technologies respectueuses de l&#8217;environnement.<\/p>\n<h3><strong>Objectif de flotte enti\u00e8rement \u00e9lectrique d&#8217;ici 2030<\/strong><\/h3>\n<p>\nCes 10 semi-remorques \u00e9lectriques s&#8217;ajoutent aux quatre originaux en service depuis avril dernier dans la r\u00e9gion du Grand Montr\u00e9al, portant la flotte eCascadia op\u00e9rationnelle de Loblaw \u00e0 14. L&#8217;entreprise annonce \u00e9galement avoir command\u00e9 25 camions Tesla Semi, contribuant \u00e0 son objectif de transition vers une flotte de transport enti\u00e8rement z\u00e9ro \u00e9mission d&#8217;ici 2030.<\/p>\n<h3><strong>Engagement envers l&#8217;\u00e9nergie propre<\/strong><\/h3>\n<p>\nWayne Scott affirme que l&#8217;ajout de ces camions \u00e9lectriques t\u00e9moigne de l&#8217;engagement de Loblaw envers l&#8217;\u00e9nergie propre et la responsabilit\u00e9 sociale. Il est convaincu que cet investissement profitera non seulement \u00e0 l&#8217;entreprise mais contribuera \u00e9galement \u00e0 la durabilit\u00e9 environnementale.<\/p>\n<h3><strong>Performances des semi-remorques \u00e9lectriques<\/strong><\/h3>\n<p>\nLes quatre camions \u00e9lectriques actuels de Loblaw effectuent des livraisons \u00e0 courte distance depuis un centre de distribution vers plus de 200 magasins Loblaw, parcourant environ 370 km par charge tout en transportant jusqu&#8217;\u00e0 32 000 kg. La recharge s&#8217;effectue la nuit sur l&#8217;un des cinq chargeurs ABB de 180 kW situ\u00e9s \u00e0 environ 10 km de Coquitlam.<\/p>\n<h3><strong>Visibilit\u00e9 \u00e9cologique dans l&#8217;Ouest canadien<\/strong><\/h3>\n<p>\nLa flotte eCascadia de Loblaw arbore une livr\u00e9e verte et bleue &#8220;branch\u00e9e&#8221;, avec &#8220;100% \u00e9lectrique&#8221; en \u00e9vidence sur les ailes avant des camions. Ils deviendront ainsi hautement visibles dans l&#8217;ensemble de l&#8217;Ouest canadien, une r\u00e9gion souvent associ\u00e9e au p\u00e9trole, aux sables bitumineux et aux camionnettes, changeant progressivement cette perception.<\/p>\n<p>Avec des renseignements d\u2019Electrek<\/p>\n<p>\u00a0<\/p>\n<p>Le texte <a rel=\"nofollow\" href=\"https:\/\/annuelauto.ca\/loblaw-double-sa-flotte-de-semi-remorques-electriques-avec-lajout-de-10-freightliner-ecascadia-a-vancouver\/\">Loblaw double sa flotte de semi-remorques \u00e9lectriques avec l\u2019ajout de 10 Freightliner eCascadia \u00e0 Vancouver<\/a> provient de <a rel=\"nofollow\" href=\"https:\/\/annuelauto.ca\">L&#8217;annuel de l&#8217;automobile &#8211; Actualit\u00e9 automobile<\/a><\/p>\n<p><\/p>\n","protected":false},"excerpt":{"rendered":"<p>Expansion de la flotte \u00e9lectrique L&#8217;entreprise canadienne de distribution alimentaire Loblaw annonce avoir doubl\u00e9 la taille de sa flotte de semi-remorques z\u00e9ro \u00e9mission en d\u00e9ployant 10 nouveaux camions Freightliner eCascadia enti\u00e8rement \u00e9lectriques \u00e0 Vancouver. Utilisation op\u00e9rationnelle \u00e0 Vancouver Les nouveaux semi-remorques \u00e9lectriques Freightliner eCascadia ont \u00e9t\u00e9 livr\u00e9s \u00e0 Loblaw \u00e0 la fin du mois dernier [&hellip;]<\/p>\n","protected":false},"author":8,"featured_media":157706,"comment_status":"close","ping_status":"closed","sticky":false,"template":"","format":"standard","meta":{"_monsterinsights_skip_tracking":false,"_monsterinsights_sitenote_active":false,"_monsterinsights_sitenote_note":"","_monsterinsights_sitenote_category":0,"footnotes":""},"categories":[101],"tags":[],"yoast_head":"<!-- This site is optimized with the Yoast SEO plugin v23.2 - https:\/\/yoast.com\/wordpress\/plugins\/seo\/ -->\n<title>Loblaw double sa flotte de semi-remorques \u00e9lectriques avec l\u2019ajout de 10 Freightliner eCascadia \u00e0 Vancouver - CanadaMotorJobs.com<\/title>\n<meta name=\"description\" content=\"Loblaw double sa flotte de semi-remorques \u00e9lectriques avec l\u2019ajout de 10 Freightliner eCascadia \u00e0 Vancouver - Benoit Charette - Annuel automobile - CanadaMotorJobs.com.\" \/>\n<meta name=\"robots\" content=\"index, follow, max-snippet:-1, max-image-preview:large, max-video-preview:-1\" \/>\n<meta property=\"og:locale\" content=\"fr_CA\" \/>\n<meta property=\"og:type\" content=\"article\" \/>\n<meta property=\"og:title\" content=\"Loblaw double sa flotte de semi-remorques \u00e9lectriques avec l\u2019ajout de 10 Freightliner eCascadia \u00e0 Vancouver - CanadaMotorJobs.com\" \/>\n<meta property=\"og:description\" content=\"Loblaw double sa flotte de semi-remorques \u00e9lectriques avec l\u2019ajout de 10 Freightliner eCascadia \u00e0 Vancouver - Benoit Charette - Annuel automobile - CanadaMotorJobs.com.\" \/>\n<meta property=\"og:url\" content=\"https:\/\/news.canadamotorjobs.com\/fr\/loblaw-double-sa-flotte-de-semi-remorques-electriques-avec-lajout-de-10-freightliner-ecascadia-a-vancouver\/\" \/>\n<meta property=\"og:site_name\" content=\"CanadaMotorJobs.com\" \/>\n<meta property=\"article:publisher\" content=\"https:\/\/www.facebook.com\/canadamotorjobs\/\" \/>\n<meta property=\"article:published_time\" content=\"2024-01-29T16:09:56+00:00\" \/>\n<meta property=\"article:modified_time\" content=\"2024-01-29T16:16:22+00:00\" \/>\n<meta property=\"og:image\" content=\"https:\/\/news.canadamotorjobs.com\/wp-content\/uploads\/2024\/01\/Loblaw-Vancouver-hero.jpeg\" \/>\n\t<meta property=\"og:image:width\" content=\"1200\" \/>\n\t<meta property=\"og:image:height\" content=\"750\" \/>\n\t<meta property=\"og:image:type\" content=\"image\/jpeg\" \/>\n<meta name=\"author\" content=\"Benoit Charette\" \/>\n<meta name=\"twitter:card\" content=\"summary_large_image\" \/>\n<meta name=\"twitter:creator\" content=\"@canadamotorjobs\" \/>\n<meta name=\"twitter:site\" content=\"@canadamotorjobs\" \/>\n<meta name=\"twitter:label1\" content=\"\u00c9crit par\" \/>\n\t<meta name=\"twitter:data1\" content=\"Benoit Charette\" \/>\n\t<meta name=\"twitter:label2\" content=\"Estimation du temps de lecture\" \/>\n\t<meta name=\"twitter:data2\" content=\"2 minutes\" \/>\n<!-- \/ Yoast SEO plugin. -->","yoast_head_json":{"title":"Loblaw double sa flotte de semi-remorques \u00e9lectriques avec l\u2019ajout de 10 Freightliner eCascadia \u00e0 Vancouver - CanadaMotorJobs.com","description":"Loblaw double sa flotte de semi-remorques \u00e9lectriques avec l\u2019ajout de 10 Freightliner eCascadia \u00e0 Vancouver - Benoit Charette - Annuel automobile - CanadaMotorJobs.com.","robots":{"index":"index","follow":"follow","max-snippet":"max-snippet:-1","max-image-preview":"max-image-preview:large","max-video-preview":"max-video-preview:-1"},"og_locale":"fr_CA","og_type":"article","og_title":"Loblaw double sa flotte de semi-remorques \u00e9lectriques avec l\u2019ajout de 10 Freightliner eCascadia \u00e0 Vancouver - CanadaMotorJobs.com","og_description":"Loblaw double sa flotte de semi-remorques \u00e9lectriques avec l\u2019ajout de 10 Freightliner eCascadia \u00e0 Vancouver - Benoit Charette - Annuel automobile - CanadaMotorJobs.com.","og_url":"https:\/\/news.canadamotorjobs.com\/fr\/loblaw-double-sa-flotte-de-semi-remorques-electriques-avec-lajout-de-10-freightliner-ecascadia-a-vancouver\/","og_site_name":"CanadaMotorJobs.com","article_publisher":"https:\/\/www.facebook.com\/canadamotorjobs\/","article_published_time":"2024-01-29T16:09:56+00:00","article_modified_time":"2024-01-29T16:16:22+00:00","og_image":[{"width":1200,"height":750,"url":"https:\/\/news.canadamotorjobs.com\/wp-content\/uploads\/2024\/01\/Loblaw-Vancouver-hero.jpeg","type":"image\/jpeg"}],"author":"Benoit Charette","twitter_card":"summary_large_image","twitter_creator":"@canadamotorjobs","twitter_site":"@canadamotorjobs","twitter_misc":{"\u00c9crit par":"Benoit Charette","Estimation du temps de lecture":"2 minutes"},"schema":{"@context":"https:\/\/schema.org","@graph":[{"@type":"Article","@id":"https:\/\/news.canadamotorjobs.com\/fr\/loblaw-double-sa-flotte-de-semi-remorques-electriques-avec-lajout-de-10-freightliner-ecascadia-a-vancouver\/#article","isPartOf":{"@id":"https:\/\/news.canadamotorjobs.com\/fr\/loblaw-double-sa-flotte-de-semi-remorques-electriques-avec-lajout-de-10-freightliner-ecascadia-a-vancouver\/"},"author":{"name":"Benoit Charette","@id":"https:\/\/news.canadamotorjobs.com\/#\/schema\/person\/51793d1f87d44011d7bcc2ed99269a90"},"headline":"Loblaw double sa flotte de semi-remorques \u00e9lectriques avec l\u2019ajout de 10 Freightliner eCascadia \u00e0 Vancouver","datePublished":"2024-01-29T16:09:56+00:00","dateModified":"2024-01-29T16:16:22+00:00","mainEntityOfPage":{"@id":"https:\/\/news.canadamotorjobs.com\/fr\/loblaw-double-sa-flotte-de-semi-remorques-electriques-avec-lajout-de-10-freightliner-ecascadia-a-vancouver\/"},"wordCount":388,"publisher":{"@id":"https:\/\/news.canadamotorjobs.com\/#organization"},"image":{"@id":"https:\/\/news.canadamotorjobs.com\/fr\/loblaw-double-sa-flotte-de-semi-remorques-electriques-avec-lajout-de-10-freightliner-ecascadia-a-vancouver\/#primaryimage"},"thumbnailUrl":"https:\/\/news.canadamotorjobs.com\/wp-content\/uploads\/2024\/01\/Loblaw-Vancouver-hero.jpeg","articleSection":["Annuel automobile"],"inLanguage":"fr-CA"},{"@type":"WebPage","@id":"https:\/\/news.canadamotorjobs.com\/fr\/loblaw-double-sa-flotte-de-semi-remorques-electriques-avec-lajout-de-10-freightliner-ecascadia-a-vancouver\/","url":"https:\/\/news.canadamotorjobs.com\/fr\/loblaw-double-sa-flotte-de-semi-remorques-electriques-avec-lajout-de-10-freightliner-ecascadia-a-vancouver\/","name":"Loblaw double sa flotte de semi-remorques \u00e9lectriques avec l\u2019ajout de 10 Freightliner eCascadia \u00e0 Vancouver - CanadaMotorJobs.com","isPartOf":{"@id":"https:\/\/news.canadamotorjobs.com\/#website"},"primaryImageOfPage":{"@id":"https:\/\/news.canadamotorjobs.com\/fr\/loblaw-double-sa-flotte-de-semi-remorques-electriques-avec-lajout-de-10-freightliner-ecascadia-a-vancouver\/#primaryimage"},"image":{"@id":"https:\/\/news.canadamotorjobs.com\/fr\/loblaw-double-sa-flotte-de-semi-remorques-electriques-avec-lajout-de-10-freightliner-ecascadia-a-vancouver\/#primaryimage"},"thumbnailUrl":"https:\/\/news.canadamotorjobs.com\/wp-content\/uploads\/2024\/01\/Loblaw-Vancouver-hero.jpeg","datePublished":"2024-01-29T16:09:56+00:00","dateModified":"2024-01-29T16:16:22+00:00","description":"Loblaw double sa flotte de semi-remorques \u00e9lectriques avec l\u2019ajout de 10 Freightliner eCascadia \u00e0 Vancouver - Benoit Charette - Annuel automobile - CanadaMotorJobs.com.","breadcrumb":{"@id":"https:\/\/news.canadamotorjobs.com\/fr\/loblaw-double-sa-flotte-de-semi-remorques-electriques-avec-lajout-de-10-freightliner-ecascadia-a-vancouver\/#breadcrumb"},"inLanguage":"fr-CA","potentialAction":[{"@type":"ReadAction","target":["https:\/\/news.canadamotorjobs.com\/fr\/loblaw-double-sa-flotte-de-semi-remorques-electriques-avec-lajout-de-10-freightliner-ecascadia-a-vancouver\/"]}]},{"@type":"ImageObject","inLanguage":"fr-CA","@id":"https:\/\/news.canadamotorjobs.com\/fr\/loblaw-double-sa-flotte-de-semi-remorques-electriques-avec-lajout-de-10-freightliner-ecascadia-a-vancouver\/#primaryimage","url":"https:\/\/news.canadamotorjobs.com\/wp-content\/uploads\/2024\/01\/Loblaw-Vancouver-hero.jpeg","contentUrl":"https:\/\/news.canadamotorjobs.com\/wp-content\/uploads\/2024\/01\/Loblaw-Vancouver-hero.jpeg","width":1200,"height":750},{"@type":"BreadcrumbList","@id":"https:\/\/news.canadamotorjobs.com\/fr\/loblaw-double-sa-flotte-de-semi-remorques-electriques-avec-lajout-de-10-freightliner-ecascadia-a-vancouver\/#breadcrumb","itemListElement":[{"@type":"ListItem","position":1,"name":"Home","item":"https:\/\/news.canadamotorjobs.com\/fr\/blog\/"},{"@type":"ListItem","position":2,"name":"Loblaw double sa flotte de semi-remorques \u00e9lectriques avec l\u2019ajout de 10 Freightliner eCascadia \u00e0 Vancouver"}]},{"@type":"WebSite","@id":"https:\/\/news.canadamotorjobs.com\/#website","url":"https:\/\/news.canadamotorjobs.com\/","name":"CanadaMotorJobs.com","description":"Automotive Jobs","publisher":{"@id":"https:\/\/news.canadamotorjobs.com\/#organization"},"potentialAction":[{"@type":"SearchAction","target":{"@type":"EntryPoint","urlTemplate":"https:\/\/news.canadamotorjobs.com\/?s={search_term_string}"},"query-input":"required name=search_term_string"}],"inLanguage":"fr-CA"},{"@type":"Organization","@id":"https:\/\/news.canadamotorjobs.com\/#organization","name":"Canada Motor Jobs","url":"https:\/\/news.canadamotorjobs.com\/","logo":{"@type":"ImageObject","inLanguage":"fr-CA","@id":"https:\/\/news.canadamotorjobs.com\/#\/schema\/logo\/image\/","url":"https:\/\/news.canadamotorjobs.com\/wp-content\/uploads\/2022\/10\/logo-canada-motor-jobs-1.png","contentUrl":"https:\/\/news.canadamotorjobs.com\/wp-content\/uploads\/2022\/10\/logo-canada-motor-jobs-1.png","width":800,"height":400,"caption":"Canada Motor Jobs"},"image":{"@id":"https:\/\/news.canadamotorjobs.com\/#\/schema\/logo\/image\/"},"sameAs":["https:\/\/www.facebook.com\/canadamotorjobs\/","https:\/\/x.com\/canadamotorjobs","https:\/\/www.instagram.com\/canadamotorjobs\/","https:\/\/www.linkedin.com\/company\/canadamotorjobs"]},{"@type":"Person","@id":"https:\/\/news.canadamotorjobs.com\/#\/schema\/person\/51793d1f87d44011d7bcc2ed99269a90","name":"Benoit Charette","image":{"@type":"ImageObject","inLanguage":"fr-CA","@id":"https:\/\/news.canadamotorjobs.com\/#\/schema\/person\/image\/","url":"https:\/\/secure.gravatar.com\/avatar\/45f3d2eebcccd909668d7ce7ea7267b6?s=96&d=mm&r=g","contentUrl":"https:\/\/secure.gravatar.com\/avatar\/45f3d2eebcccd909668d7ce7ea7267b6?s=96&d=mm&r=g","caption":"Benoit Charette"},"description":"Benoit Charette \/ Propri\u00e9taire et r\u00e9dacteur en chef Benoit Charette pratique le journalisme automobile depuis bient\u00f4t 30 ans. Il a fait ses classes au c\u00f4t\u00e9 de Daniel H\u00e9raud et au Carnet de route de 1992 \u00e0 2001. Il est fondateur, copropri\u00e9taire et r\u00e9dacteur en chef de L\u2019Annuel de l\u2019automobile, qu\u2019il publie depuis 2001. Il a anim\u00e9 les \u00e9missions RPM et RPM+ sur V et les L\u00e9gendes de la route sur Historia. \u00c0 la radio depuis 1986, il reprend l\u2019antenne cette ann\u00e9e sur les ondes de Cogeco et participe pour la deuxi\u00e8me ann\u00e9e \u00e0 l\u2019\u00e9mission Passion Auto sur RDS en plus de mettre en ligne le site Web officiel de L\u2019Annuel de l\u2019automobile sur annuelauto.ca.","sameAs":["https:\/\/annuelauto.ca\/"],"url":"https:\/\/news.canadamotorjobs.com\/fr\/author\/benoit-charette\/"}]}},"_links":{"self":[{"href":"https:\/\/news.canadamotorjobs.com\/fr\/wp-json\/wp\/v2\/posts\/157704"}],"collection":[{"href":"https:\/\/news.canadamotorjobs.com\/fr\/wp-json\/wp\/v2\/posts"}],"about":[{"href":"https:\/\/news.canadamotorjobs.com\/fr\/wp-json\/wp\/v2\/types\/post"}],"author":[{"embeddable":true,"href":"https:\/\/news.canadamotorjobs.com\/fr\/wp-json\/wp\/v2\/users\/8"}],"replies":[{"embeddable":true,"href":"https:\/\/news.canadamotorjobs.com\/fr\/wp-json\/wp\/v2\/comments?post=157704"}],"version-history":[{"count":2,"href":"https:\/\/news.canadamotorjobs.com\/fr\/wp-json\/wp\/v2\/posts\/157704\/revisions"}],"predecessor-version":[{"id":157708,"href":"https:\/\/news.canadamotorjobs.com\/fr\/wp-json\/wp\/v2\/posts\/157704\/revisions\/157708"}],"wp:featuredmedia":[{"embeddable":true,"href":"https:\/\/news.canadamotorjobs.com\/fr\/wp-json\/wp\/v2\/media\/157706"}],"wp:attachment":[{"href":"https:\/\/news.canadamotorjobs.com\/fr\/wp-json\/wp\/v2\/media?parent=157704"}],"wp:term":[{"taxonomy":"category","embeddable":true,"href":"https:\/\/news.canadamotorjobs.com\/fr\/wp-json\/wp\/v2\/categories?post=157704"},{"taxonomy":"post_tag","embeddable":true,"href":"https:\/\/news.canadamotorjobs.com\/fr\/wp-json\/wp\/v2\/tags?post=157704"}],"curies":[{"name":"wp","href":"https:\/\/api.w.org\/{rel}","templated":true}]}}