{"id":157668,"date":"2024-01-29T10:12:33","date_gmt":"2024-01-29T15:12:33","guid":{"rendered":"https:\/\/news.canadamotorjobs.com\/?p=157668"},"modified":"2024-01-29T10:16:38","modified_gmt":"2024-01-29T15:16:38","slug":"gm-doit-resoudre-des-problemes-lies-a-la-production-des-ves-en-2024","status":"publish","type":"post","link":"https:\/\/news.canadamotorjobs.com\/fr\/gm-doit-resoudre-des-problemes-lies-a-la-production-des-ves-en-2024\/","title":{"rendered":"GM doit r\u00e9soudre des probl\u00e8mes li\u00e9s \u00e0 la production des VES en 2024"},"content":{"rendered":"<\/p>\n<p>GM a d\u00e9clar\u00e9 qu&#8217;il gagnerait pr\u00e8s de 10 milliards de dollars en 2023, mais qu&#8217;il devrait r\u00e9soudre les probl\u00e8mes li\u00e9s \u00e0 la production de v\u00e9hicules \u00e9lectriques et \u00e0 son activit\u00e9 de robotaxi Cruise en 2024.<\/p>\n<h3>Un nouveau contrat pour les travailleurs<\/h3>\n<p>\nG\u00e9n\u00e9ral Motors entame l&#8217;ann\u00e9e 2024 avec une vision claire de ses co\u00fbts de main-d&#8217;\u0153uvre apr\u00e8s la finalisation de nouveaux contrats syndicaux aux \u00c9tats-Unis et au Canada, mais avec beaucoup d&#8217;incertitudes \u00e0 r\u00e9soudre dans d&#8217;autres parties cl\u00e9s de son activit\u00e9.<\/p>\n<h3><strong>Situation actuelle<\/strong><\/h3>\n<p>\nSa strat\u00e9gie de v\u00e9hicules \u00e9lectriques a \u00e9t\u00e9 entrav\u00e9e par des contraintes de production, et son activit\u00e9 de v\u00e9hicules autonomes Cruise est secou\u00e9e par un accident en octobre ayant interrompu ses op\u00e9rations \u00e0 l&#8217;\u00e9chelle nationale et d\u00e9clench\u00e9 des enqu\u00eates f\u00e9d\u00e9rales.<\/p>\n<h3><strong>R\u00e9sultats financiers<\/strong><\/h3>\n<p>\nGM s&#8217;appr\u00eate \u00e0 annoncer ses r\u00e9sultats financiers du quatri\u00e8me trimestre et de l&#8217;ann\u00e9e compl\u00e8te mardi. En novembre, le constructeur automobile a d\u00e9clar\u00e9 s&#8217;attendre \u00e0 gagner pr\u00e8s de 10 milliards de dollars en 2023, m\u00eame apr\u00e8s avoir pris en compte la perte de 1,1 milliard de dollars due \u00e0 la gr\u00e8ve de six semaines de l&#8217;UAW \u00e0 l&#8217;automne.<\/p>\n<h3><strong>Objectifs de 2024<\/strong><\/h3>\n<p>\nLa PDG Mary Barra a d\u00e9clar\u00e9 que GM pr\u00e9voit de &#8220;compenser int\u00e9gralement&#8221; les co\u00fbts de main-d&#8217;\u0153uvre plus \u00e9lev\u00e9s pour 2024, soit environ 1,5 milliard de dollars, ou 500 dollars par v\u00e9hicule.<\/p>\n<h3><strong>Perspectives positives<\/strong><\/h3>\n<p>\nDavid Whiston, analyste en actions automobiles chez Morningstar Research Services LLC, est optimiste quant \u00e0 l&#8217;ann\u00e9e \u00e0 venir pour GM, d\u00e9clarant que 2024 &#8220;devrait \u00eatre au moins une ann\u00e9e solide pour eux, voire meilleure&#8221;.<\/p>\n<h3><strong>D\u00e9fis \u00e0 relever<\/strong><\/h3>\n<p>\nCependant, il souligne que l&#8217;accent sera mis sur les attentes en mati\u00e8re de v\u00e9hicules \u00e9lectriques, car le sentiment envers l&#8217;\u00e9lectrification s&#8217;est rapidement d\u00e9t\u00e9rior\u00e9.<\/p>\n<h3><strong>Production de VE<\/strong><\/h3>\n<p>\nGM a rencontr\u00e9 des difficult\u00e9s inattendues pour augmenter la production de v\u00e9hicules \u00e9lectriques bas\u00e9s sur son architecture de batterie Ultium, en raison, en partie, d&#8217;un probl\u00e8me avec le fournisseur d&#8217;\u00e9quipements d&#8217;automatisation qui a ralenti l&#8217;assemblage des modules de batterie.<\/p>\n<h3><strong>Probl\u00e8mes chez Cruise<\/strong><\/h3>\n<p>\nLa priorit\u00e9 est \u00e9galement de r\u00e9soudre les probl\u00e8mes chez Cruise, la filiale de v\u00e9hicules autonomes de GM, apr\u00e8s une pause dans ses op\u00e9rations en raison d&#8217;un accident en octobre. Cruise a publi\u00e9 les r\u00e9sultats d&#8217;une enqu\u00eate externe, mettant en \u00e9vidence des lacunes de leadership et des erreurs de jugement.<\/p>\n<h3><strong>Perspectives pour Cruise<\/strong><\/h3>\n<p>\nCruise a l&#8217;intention de reprendre ses op\u00e9rations dans une seule ville, bien que le moment et l&#8217;endroit n&#8217;aient pas encore \u00e9t\u00e9 divulgu\u00e9s.<\/p>\n<h3><strong>Attentes pour 2024<\/strong><\/h3>\n<p>\nWhiston pr\u00e9voit que GM fournira plus de d\u00e9tails sur l&#8217;avenir de Cruise lors d&#8217;une journ\u00e9e investisseurs en mars, soulignant que les pertes de l&#8217;unit\u00e9 devraient \u00eatre beaucoup moins importantes en 2024 en raison d&#8217;une r\u00e9duction des d\u00e9penses.<\/p>\n<p>Avec des renseignements d\u2019Automotive News<\/p>\n<p>Le texte <a rel=\"nofollow\" href=\"https:\/\/annuelauto.ca\/gm-doit-resoudre-des-problemes-lies-a-la-production-des-ves-en-2024\/\">GM doit r\u00e9soudre des probl\u00e8mes li\u00e9s \u00e0 la production des VES en 2024<\/a> provient de <a rel=\"nofollow\" href=\"https:\/\/annuelauto.ca\">L&#8217;annuel de l&#8217;automobile &#8211; Actualit\u00e9 automobile<\/a><\/p>\n<p><\/p>\n","protected":false},"excerpt":{"rendered":"<p>GM a d\u00e9clar\u00e9 qu&#8217;il gagnerait pr\u00e8s de 10 milliards de dollars en 2023, mais qu&#8217;il devrait r\u00e9soudre les probl\u00e8mes li\u00e9s \u00e0 la production de v\u00e9hicules \u00e9lectriques et \u00e0 son activit\u00e9 de robotaxi Cruise en 2024. Un nouveau contrat pour les travailleurs G\u00e9n\u00e9ral Motors entame l&#8217;ann\u00e9e 2024 avec une vision claire de ses co\u00fbts de main-d&#8217;\u0153uvre [&hellip;]<\/p>\n","protected":false},"author":8,"featured_media":157670,"comment_status":"close","ping_status":"closed","sticky":false,"template":"","format":"standard","meta":{"_monsterinsights_skip_tracking":false,"_monsterinsights_sitenote_active":false,"_monsterinsights_sitenote_note":"","_monsterinsights_sitenote_category":0,"footnotes":""},"categories":[101],"tags":[],"yoast_head":"<!-- This site is optimized with the Yoast SEO plugin v23.2 - https:\/\/yoast.com\/wordpress\/plugins\/seo\/ -->\n<title>GM doit r\u00e9soudre des probl\u00e8mes li\u00e9s \u00e0 la production des VES en 2024 - CanadaMotorJobs.com<\/title>\n<meta name=\"description\" content=\"GM doit r\u00e9soudre des probl\u00e8mes li\u00e9s \u00e0 la production des VES en 2024 - Benoit Charette - Annuel automobile - CanadaMotorJobs.com.\" \/>\n<meta name=\"robots\" content=\"index, follow, max-snippet:-1, max-image-preview:large, max-video-preview:-1\" \/>\n<meta property=\"og:locale\" content=\"fr_CA\" \/>\n<meta property=\"og:type\" content=\"article\" \/>\n<meta property=\"og:title\" content=\"GM doit r\u00e9soudre des probl\u00e8mes li\u00e9s \u00e0 la production des VES en 2024 - CanadaMotorJobs.com\" \/>\n<meta property=\"og:description\" content=\"GM doit r\u00e9soudre des probl\u00e8mes li\u00e9s \u00e0 la production des VES en 2024 - Benoit Charette - Annuel automobile - CanadaMotorJobs.com.\" \/>\n<meta property=\"og:url\" content=\"https:\/\/news.canadamotorjobs.com\/fr\/gm-doit-resoudre-des-problemes-lies-a-la-production-des-ves-en-2024\/\" \/>\n<meta property=\"og:site_name\" content=\"CanadaMotorJobs.com\" \/>\n<meta property=\"article:publisher\" content=\"https:\/\/www.facebook.com\/canadamotorjobs\/\" \/>\n<meta property=\"article:published_time\" content=\"2024-01-29T15:12:33+00:00\" \/>\n<meta property=\"article:modified_time\" content=\"2024-01-29T15:16:38+00:00\" \/>\n<meta property=\"og:image\" content=\"https:\/\/news.canadamotorjobs.com\/wp-content\/uploads\/2024\/01\/EV_Lineup_Full_DT.jpg\" \/>\n\t<meta property=\"og:image:width\" content=\"2160\" \/>\n\t<meta property=\"og:image:height\" content=\"1080\" \/>\n\t<meta property=\"og:image:type\" content=\"image\/jpeg\" \/>\n<meta name=\"author\" content=\"Benoit Charette\" \/>\n<meta name=\"twitter:card\" content=\"summary_large_image\" \/>\n<meta name=\"twitter:creator\" content=\"@canadamotorjobs\" \/>\n<meta name=\"twitter:site\" content=\"@canadamotorjobs\" \/>\n<meta name=\"twitter:label1\" content=\"\u00c9crit par\" \/>\n\t<meta name=\"twitter:data1\" content=\"Benoit Charette\" \/>\n\t<meta name=\"twitter:label2\" content=\"Estimation du temps de lecture\" \/>\n\t<meta name=\"twitter:data2\" content=\"3 minutes\" \/>\n<!-- \/ Yoast SEO plugin. -->","yoast_head_json":{"title":"GM doit r\u00e9soudre des probl\u00e8mes li\u00e9s \u00e0 la production des VES en 2024 - CanadaMotorJobs.com","description":"GM doit r\u00e9soudre des probl\u00e8mes li\u00e9s \u00e0 la production des VES en 2024 - Benoit Charette - Annuel automobile - CanadaMotorJobs.com.","robots":{"index":"index","follow":"follow","max-snippet":"max-snippet:-1","max-image-preview":"max-image-preview:large","max-video-preview":"max-video-preview:-1"},"og_locale":"fr_CA","og_type":"article","og_title":"GM doit r\u00e9soudre des probl\u00e8mes li\u00e9s \u00e0 la production des VES en 2024 - CanadaMotorJobs.com","og_description":"GM doit r\u00e9soudre des probl\u00e8mes li\u00e9s \u00e0 la production des VES en 2024 - Benoit Charette - Annuel automobile - CanadaMotorJobs.com.","og_url":"https:\/\/news.canadamotorjobs.com\/fr\/gm-doit-resoudre-des-problemes-lies-a-la-production-des-ves-en-2024\/","og_site_name":"CanadaMotorJobs.com","article_publisher":"https:\/\/www.facebook.com\/canadamotorjobs\/","article_published_time":"2024-01-29T15:12:33+00:00","article_modified_time":"2024-01-29T15:16:38+00:00","og_image":[{"width":2160,"height":1080,"url":"https:\/\/news.canadamotorjobs.com\/wp-content\/uploads\/2024\/01\/EV_Lineup_Full_DT.jpg","type":"image\/jpeg"}],"author":"Benoit Charette","twitter_card":"summary_large_image","twitter_creator":"@canadamotorjobs","twitter_site":"@canadamotorjobs","twitter_misc":{"\u00c9crit par":"Benoit Charette","Estimation du temps de lecture":"3 minutes"},"schema":{"@context":"https:\/\/schema.org","@graph":[{"@type":"Article","@id":"https:\/\/news.canadamotorjobs.com\/fr\/gm-doit-resoudre-des-problemes-lies-a-la-production-des-ves-en-2024\/#article","isPartOf":{"@id":"https:\/\/news.canadamotorjobs.com\/fr\/gm-doit-resoudre-des-problemes-lies-a-la-production-des-ves-en-2024\/"},"author":{"name":"Benoit Charette","@id":"https:\/\/news.canadamotorjobs.com\/#\/schema\/person\/51793d1f87d44011d7bcc2ed99269a90"},"headline":"GM doit r\u00e9soudre des probl\u00e8mes li\u00e9s \u00e0 la production des VES en 2024","datePublished":"2024-01-29T15:12:33+00:00","dateModified":"2024-01-29T15:16:38+00:00","mainEntityOfPage":{"@id":"https:\/\/news.canadamotorjobs.com\/fr\/gm-doit-resoudre-des-problemes-lies-a-la-production-des-ves-en-2024\/"},"wordCount":552,"publisher":{"@id":"https:\/\/news.canadamotorjobs.com\/#organization"},"image":{"@id":"https:\/\/news.canadamotorjobs.com\/fr\/gm-doit-resoudre-des-problemes-lies-a-la-production-des-ves-en-2024\/#primaryimage"},"thumbnailUrl":"https:\/\/news.canadamotorjobs.com\/wp-content\/uploads\/2024\/01\/EV_Lineup_Full_DT.jpg","articleSection":["Annuel automobile"],"inLanguage":"fr-CA"},{"@type":"WebPage","@id":"https:\/\/news.canadamotorjobs.com\/fr\/gm-doit-resoudre-des-problemes-lies-a-la-production-des-ves-en-2024\/","url":"https:\/\/news.canadamotorjobs.com\/fr\/gm-doit-resoudre-des-problemes-lies-a-la-production-des-ves-en-2024\/","name":"GM doit r\u00e9soudre des probl\u00e8mes li\u00e9s \u00e0 la production des VES en 2024 - CanadaMotorJobs.com","isPartOf":{"@id":"https:\/\/news.canadamotorjobs.com\/#website"},"primaryImageOfPage":{"@id":"https:\/\/news.canadamotorjobs.com\/fr\/gm-doit-resoudre-des-problemes-lies-a-la-production-des-ves-en-2024\/#primaryimage"},"image":{"@id":"https:\/\/news.canadamotorjobs.com\/fr\/gm-doit-resoudre-des-problemes-lies-a-la-production-des-ves-en-2024\/#primaryimage"},"thumbnailUrl":"https:\/\/news.canadamotorjobs.com\/wp-content\/uploads\/2024\/01\/EV_Lineup_Full_DT.jpg","datePublished":"2024-01-29T15:12:33+00:00","dateModified":"2024-01-29T15:16:38+00:00","description":"GM doit r\u00e9soudre des probl\u00e8mes li\u00e9s \u00e0 la production des VES en 2024 - Benoit Charette - Annuel automobile - CanadaMotorJobs.com.","breadcrumb":{"@id":"https:\/\/news.canadamotorjobs.com\/fr\/gm-doit-resoudre-des-problemes-lies-a-la-production-des-ves-en-2024\/#breadcrumb"},"inLanguage":"fr-CA","potentialAction":[{"@type":"ReadAction","target":["https:\/\/news.canadamotorjobs.com\/fr\/gm-doit-resoudre-des-problemes-lies-a-la-production-des-ves-en-2024\/"]}]},{"@type":"ImageObject","inLanguage":"fr-CA","@id":"https:\/\/news.canadamotorjobs.com\/fr\/gm-doit-resoudre-des-problemes-lies-a-la-production-des-ves-en-2024\/#primaryimage","url":"https:\/\/news.canadamotorjobs.com\/wp-content\/uploads\/2024\/01\/EV_Lineup_Full_DT.jpg","contentUrl":"https:\/\/news.canadamotorjobs.com\/wp-content\/uploads\/2024\/01\/EV_Lineup_Full_DT.jpg","width":2160,"height":1080},{"@type":"BreadcrumbList","@id":"https:\/\/news.canadamotorjobs.com\/fr\/gm-doit-resoudre-des-problemes-lies-a-la-production-des-ves-en-2024\/#breadcrumb","itemListElement":[{"@type":"ListItem","position":1,"name":"Home","item":"https:\/\/news.canadamotorjobs.com\/fr\/blog\/"},{"@type":"ListItem","position":2,"name":"GM doit r\u00e9soudre des probl\u00e8mes li\u00e9s \u00e0 la production des VES en 2024"}]},{"@type":"WebSite","@id":"https:\/\/news.canadamotorjobs.com\/#website","url":"https:\/\/news.canadamotorjobs.com\/","name":"CanadaMotorJobs.com","description":"Automotive Jobs","publisher":{"@id":"https:\/\/news.canadamotorjobs.com\/#organization"},"potentialAction":[{"@type":"SearchAction","target":{"@type":"EntryPoint","urlTemplate":"https:\/\/news.canadamotorjobs.com\/?s={search_term_string}"},"query-input":"required name=search_term_string"}],"inLanguage":"fr-CA"},{"@type":"Organization","@id":"https:\/\/news.canadamotorjobs.com\/#organization","name":"Canada Motor Jobs","url":"https:\/\/news.canadamotorjobs.com\/","logo":{"@type":"ImageObject","inLanguage":"fr-CA","@id":"https:\/\/news.canadamotorjobs.com\/#\/schema\/logo\/image\/","url":"https:\/\/news.canadamotorjobs.com\/wp-content\/uploads\/2022\/10\/logo-canada-motor-jobs-1.png","contentUrl":"https:\/\/news.canadamotorjobs.com\/wp-content\/uploads\/2022\/10\/logo-canada-motor-jobs-1.png","width":800,"height":400,"caption":"Canada Motor Jobs"},"image":{"@id":"https:\/\/news.canadamotorjobs.com\/#\/schema\/logo\/image\/"},"sameAs":["https:\/\/www.facebook.com\/canadamotorjobs\/","https:\/\/x.com\/canadamotorjobs","https:\/\/www.instagram.com\/canadamotorjobs\/","https:\/\/www.linkedin.com\/company\/canadamotorjobs"]},{"@type":"Person","@id":"https:\/\/news.canadamotorjobs.com\/#\/schema\/person\/51793d1f87d44011d7bcc2ed99269a90","name":"Benoit Charette","image":{"@type":"ImageObject","inLanguage":"fr-CA","@id":"https:\/\/news.canadamotorjobs.com\/#\/schema\/person\/image\/","url":"https:\/\/secure.gravatar.com\/avatar\/45f3d2eebcccd909668d7ce7ea7267b6?s=96&d=mm&r=g","contentUrl":"https:\/\/secure.gravatar.com\/avatar\/45f3d2eebcccd909668d7ce7ea7267b6?s=96&d=mm&r=g","caption":"Benoit Charette"},"description":"Benoit Charette \/ Propri\u00e9taire et r\u00e9dacteur en chef Benoit Charette pratique le journalisme automobile depuis bient\u00f4t 30 ans. Il a fait ses classes au c\u00f4t\u00e9 de Daniel H\u00e9raud et au Carnet de route de 1992 \u00e0 2001. Il est fondateur, copropri\u00e9taire et r\u00e9dacteur en chef de L\u2019Annuel de l\u2019automobile, qu\u2019il publie depuis 2001. Il a anim\u00e9 les \u00e9missions RPM et RPM+ sur V et les L\u00e9gendes de la route sur Historia. \u00c0 la radio depuis 1986, il reprend l\u2019antenne cette ann\u00e9e sur les ondes de Cogeco et participe pour la deuxi\u00e8me ann\u00e9e \u00e0 l\u2019\u00e9mission Passion Auto sur RDS en plus de mettre en ligne le site Web officiel de L\u2019Annuel de l\u2019automobile sur annuelauto.ca.","sameAs":["https:\/\/annuelauto.ca\/"],"url":"https:\/\/news.canadamotorjobs.com\/fr\/author\/benoit-charette\/"}]}},"_links":{"self":[{"href":"https:\/\/news.canadamotorjobs.com\/fr\/wp-json\/wp\/v2\/posts\/157668"}],"collection":[{"href":"https:\/\/news.canadamotorjobs.com\/fr\/wp-json\/wp\/v2\/posts"}],"about":[{"href":"https:\/\/news.canadamotorjobs.com\/fr\/wp-json\/wp\/v2\/types\/post"}],"author":[{"embeddable":true,"href":"https:\/\/news.canadamotorjobs.com\/fr\/wp-json\/wp\/v2\/users\/8"}],"replies":[{"embeddable":true,"href":"https:\/\/news.canadamotorjobs.com\/fr\/wp-json\/wp\/v2\/comments?post=157668"}],"version-history":[{"count":2,"href":"https:\/\/news.canadamotorjobs.com\/fr\/wp-json\/wp\/v2\/posts\/157668\/revisions"}],"predecessor-version":[{"id":157672,"href":"https:\/\/news.canadamotorjobs.com\/fr\/wp-json\/wp\/v2\/posts\/157668\/revisions\/157672"}],"wp:featuredmedia":[{"embeddable":true,"href":"https:\/\/news.canadamotorjobs.com\/fr\/wp-json\/wp\/v2\/media\/157670"}],"wp:attachment":[{"href":"https:\/\/news.canadamotorjobs.com\/fr\/wp-json\/wp\/v2\/media?parent=157668"}],"wp:term":[{"taxonomy":"category","embeddable":true,"href":"https:\/\/news.canadamotorjobs.com\/fr\/wp-json\/wp\/v2\/categories?post=157668"},{"taxonomy":"post_tag","embeddable":true,"href":"https:\/\/news.canadamotorjobs.com\/fr\/wp-json\/wp\/v2\/tags?post=157668"}],"curies":[{"name":"wp","href":"https:\/\/api.w.org\/{rel}","templated":true}]}}