{"id":157653,"date":"2024-01-29T09:16:41","date_gmt":"2024-01-29T14:16:41","guid":{"rendered":"https:\/\/news.canadamotorjobs.com\/?p=157653"},"modified":"2024-01-29T09:16:45","modified_gmt":"2024-01-29T14:16:45","slug":"la-honda-nsx-pourrait-faire-un-retour-en-modele-electrique","status":"publish","type":"post","link":"https:\/\/news.canadamotorjobs.com\/fr\/la-honda-nsx-pourrait-faire-un-retour-en-modele-electrique\/","title":{"rendered":"La Honda NSX pourrait faire un retour en mod\u00e8le \u00e9lectrique"},"content":{"rendered":"<\/p>\n<p>La Honda NSX est pressentie pour faire son retour avec une motorisation \u00e9lectrique dans les ann\u00e9es \u00e0 venir, faisant partie de la nouvelle gamme radicale de v\u00e9hicules \u00e9lectriques de la firme japonaise.<\/p>\n<p>Apr\u00e8s la pr\u00e9sentation du concept de berline, qui deviendra la premi\u00e8re voiture de la nouvelle gamme 0 Series, le PDG de l&#8217;entreprise, Toshihiro Mibe, a r\u00e9v\u00e9l\u00e9 que Honda est d\u00e9j\u00e0 &#8220;en train de rechercher des voitures de sport \u00e0 l&#8217;\u00e8re \u00e9lectrique&#8221;, confirmant m\u00eame qu&#8217;au centre de recherche et d\u00e9veloppement, &#8220;nous avons une voiture de sport&#8221;.<\/p>\n<p>Il s&#8217;est abstenu de confirmer les d\u00e9tails de l&#8217;apparence de la version de production de la premi\u00e8re voiture de sport \u00e9lectrique de Honda, mais a d\u00e9clar\u00e9 que le travail avance &#8220;de mani\u00e8re constante&#8221; dans son d\u00e9veloppement.<\/p>\n<p>Quoi qu&#8217;il en soit, la voiture de sport est destin\u00e9e \u00e0 servir de porte-\u00e9tendard \u00e0 la gamme 0 Series de voitures \u00e9lectriques. Ces mod\u00e8les arriveront sur le march\u00e9 \u00e0 partir de 2026 avec toute une s\u00e9rie d&#8217;innovations techniques visant \u00e0 maximiser l&#8217;espace int\u00e9rieur, r\u00e9duire le poids de la batterie et am\u00e9liorer l&#8217;efficacit\u00e9, tout en mettant l&#8217;accent sur la &#8220;joie de conduire&#8221; avec une attention particuli\u00e8re \u00e0 l&#8217;engagement du conducteur.<\/p>\n<p>Dans le cadre de cette gamme, la voiture de sport suivra le concept de la 0 Series r\u00e9v\u00e9l\u00e9 au CES plus t\u00f4t ce mois-ci, adoptant un profil bas et orient\u00e9 vers l&#8217;avant, ainsi qu&#8217;un cockpit minimaliste ax\u00e9 sur le conducteur visant \u00e0 \u00e9liminer les distractions.<\/p>\n<p>La batterie sera nettement plus l\u00e9g\u00e8re que celles \u00e9quipant les v\u00e9hicules \u00e9lectriques actuels de Honda, et la propulsion viendra gr\u00e2ce \u00e0 des unit\u00e9s d&#8217;entra\u00eenement \u00e0 essieu \u00e9lectrique, regroupant moteurs, onduleurs et bo\u00eetes de vitesses dans une unit\u00e9 compacte &#8211; le tout au nom de l&#8217;optimisation de l&#8217;espace int\u00e9rieur.<\/p>\n<p>Dans le cadre de ce processus, Honda est en train de faire &#8220;une bonne analyse&#8221; du march\u00e9 actuel des voitures de sport \u00e9lectriques, a-t-il d\u00e9clar\u00e9, bien qu&#8217;il n&#8217;ait pas mentionn\u00e9 de voitures concurrentes.<\/p>\n<p>Avec des renseignements de carbuzz<\/p>\n<p>\u00a0<\/p>\n<p>Le texte <a rel=\"nofollow\" href=\"https:\/\/annuelauto.ca\/la-honda-nsx-pourrait-faire-un-retour-en-modele-electrique\/\">La Honda NSX pourrait faire un retour en mod\u00e8le \u00e9lectrique<\/a> provient de <a rel=\"nofollow\" href=\"https:\/\/annuelauto.ca\">L&#8217;annuel de l&#8217;automobile &#8211; Actualit\u00e9 automobile<\/a><\/p>\n<p><\/p>\n","protected":false},"excerpt":{"rendered":"<p>La Honda NSX est pressentie pour faire son retour avec une motorisation \u00e9lectrique dans les ann\u00e9es \u00e0 venir, faisant partie de la nouvelle gamme radicale de v\u00e9hicules \u00e9lectriques de la firme japonaise. Apr\u00e8s la pr\u00e9sentation du concept de berline, qui deviendra la premi\u00e8re voiture de la nouvelle gamme 0 Series, le PDG de l&#8217;entreprise, Toshihiro [&hellip;]<\/p>\n","protected":false},"author":8,"featured_media":157655,"comment_status":"close","ping_status":"closed","sticky":false,"template":"","format":"standard","meta":{"_monsterinsights_skip_tracking":false,"_monsterinsights_sitenote_active":false,"_monsterinsights_sitenote_note":"","_monsterinsights_sitenote_category":0,"footnotes":""},"categories":[101],"tags":[],"yoast_head":"<!-- This site is optimized with the Yoast SEO plugin v23.2 - https:\/\/yoast.com\/wordpress\/plugins\/seo\/ -->\n<title>La Honda NSX pourrait faire un retour en mod\u00e8le \u00e9lectrique - CanadaMotorJobs.com<\/title>\n<meta name=\"description\" content=\"La Honda NSX pourrait faire un retour en mod\u00e8le \u00e9lectrique - Benoit Charette - Annuel automobile - CanadaMotorJobs.com.\" \/>\n<meta name=\"robots\" content=\"index, follow, max-snippet:-1, max-image-preview:large, max-video-preview:-1\" \/>\n<meta property=\"og:locale\" content=\"fr_CA\" \/>\n<meta property=\"og:type\" content=\"article\" \/>\n<meta property=\"og:title\" content=\"La Honda NSX pourrait faire un retour en mod\u00e8le \u00e9lectrique - CanadaMotorJobs.com\" \/>\n<meta property=\"og:description\" content=\"La Honda NSX pourrait faire un retour en mod\u00e8le \u00e9lectrique - Benoit Charette - Annuel automobile - CanadaMotorJobs.com.\" \/>\n<meta property=\"og:url\" content=\"https:\/\/news.canadamotorjobs.com\/fr\/la-honda-nsx-pourrait-faire-un-retour-en-modele-electrique\/\" \/>\n<meta property=\"og:site_name\" content=\"CanadaMotorJobs.com\" \/>\n<meta property=\"article:publisher\" content=\"https:\/\/www.facebook.com\/canadamotorjobs\/\" \/>\n<meta property=\"article:published_time\" content=\"2024-01-29T14:16:41+00:00\" \/>\n<meta property=\"article:modified_time\" content=\"2024-01-29T14:16:45+00:00\" \/>\n<meta property=\"og:image\" content=\"https:\/\/news.canadamotorjobs.com\/wp-content\/uploads\/2024\/01\/1f0b88d15b98d4381169bc353a1ba37f.jpg\" \/>\n\t<meta property=\"og:image:width\" content=\"639\" \/>\n\t<meta property=\"og:image:height\" content=\"426\" \/>\n\t<meta property=\"og:image:type\" content=\"image\/jpeg\" \/>\n<meta name=\"author\" content=\"Benoit Charette\" \/>\n<meta name=\"twitter:card\" content=\"summary_large_image\" \/>\n<meta name=\"twitter:creator\" content=\"@canadamotorjobs\" \/>\n<meta name=\"twitter:site\" content=\"@canadamotorjobs\" \/>\n<meta name=\"twitter:label1\" content=\"\u00c9crit par\" \/>\n\t<meta name=\"twitter:data1\" content=\"Benoit Charette\" \/>\n\t<meta name=\"twitter:label2\" content=\"Estimation du temps de lecture\" \/>\n\t<meta name=\"twitter:data2\" content=\"2 minutes\" \/>\n<!-- \/ Yoast SEO plugin. -->","yoast_head_json":{"title":"La Honda NSX pourrait faire un retour en mod\u00e8le \u00e9lectrique - CanadaMotorJobs.com","description":"La Honda NSX pourrait faire un retour en mod\u00e8le \u00e9lectrique - Benoit Charette - Annuel automobile - CanadaMotorJobs.com.","robots":{"index":"index","follow":"follow","max-snippet":"max-snippet:-1","max-image-preview":"max-image-preview:large","max-video-preview":"max-video-preview:-1"},"og_locale":"fr_CA","og_type":"article","og_title":"La Honda NSX pourrait faire un retour en mod\u00e8le \u00e9lectrique - CanadaMotorJobs.com","og_description":"La Honda NSX pourrait faire un retour en mod\u00e8le \u00e9lectrique - Benoit Charette - Annuel automobile - CanadaMotorJobs.com.","og_url":"https:\/\/news.canadamotorjobs.com\/fr\/la-honda-nsx-pourrait-faire-un-retour-en-modele-electrique\/","og_site_name":"CanadaMotorJobs.com","article_publisher":"https:\/\/www.facebook.com\/canadamotorjobs\/","article_published_time":"2024-01-29T14:16:41+00:00","article_modified_time":"2024-01-29T14:16:45+00:00","og_image":[{"width":639,"height":426,"url":"https:\/\/news.canadamotorjobs.com\/wp-content\/uploads\/2024\/01\/1f0b88d15b98d4381169bc353a1ba37f.jpg","type":"image\/jpeg"}],"author":"Benoit Charette","twitter_card":"summary_large_image","twitter_creator":"@canadamotorjobs","twitter_site":"@canadamotorjobs","twitter_misc":{"\u00c9crit par":"Benoit Charette","Estimation du temps de lecture":"2 minutes"},"schema":{"@context":"https:\/\/schema.org","@graph":[{"@type":"Article","@id":"https:\/\/news.canadamotorjobs.com\/fr\/la-honda-nsx-pourrait-faire-un-retour-en-modele-electrique\/#article","isPartOf":{"@id":"https:\/\/news.canadamotorjobs.com\/fr\/la-honda-nsx-pourrait-faire-un-retour-en-modele-electrique\/"},"author":{"name":"Benoit Charette","@id":"https:\/\/news.canadamotorjobs.com\/#\/schema\/person\/51793d1f87d44011d7bcc2ed99269a90"},"headline":"La Honda NSX pourrait faire un retour en mod\u00e8le \u00e9lectrique","datePublished":"2024-01-29T14:16:41+00:00","dateModified":"2024-01-29T14:16:45+00:00","mainEntityOfPage":{"@id":"https:\/\/news.canadamotorjobs.com\/fr\/la-honda-nsx-pourrait-faire-un-retour-en-modele-electrique\/"},"wordCount":396,"publisher":{"@id":"https:\/\/news.canadamotorjobs.com\/#organization"},"image":{"@id":"https:\/\/news.canadamotorjobs.com\/fr\/la-honda-nsx-pourrait-faire-un-retour-en-modele-electrique\/#primaryimage"},"thumbnailUrl":"https:\/\/news.canadamotorjobs.com\/wp-content\/uploads\/2024\/01\/1f0b88d15b98d4381169bc353a1ba37f.jpg","articleSection":["Annuel automobile"],"inLanguage":"fr-CA"},{"@type":"WebPage","@id":"https:\/\/news.canadamotorjobs.com\/fr\/la-honda-nsx-pourrait-faire-un-retour-en-modele-electrique\/","url":"https:\/\/news.canadamotorjobs.com\/fr\/la-honda-nsx-pourrait-faire-un-retour-en-modele-electrique\/","name":"La Honda NSX pourrait faire un retour en mod\u00e8le \u00e9lectrique - CanadaMotorJobs.com","isPartOf":{"@id":"https:\/\/news.canadamotorjobs.com\/#website"},"primaryImageOfPage":{"@id":"https:\/\/news.canadamotorjobs.com\/fr\/la-honda-nsx-pourrait-faire-un-retour-en-modele-electrique\/#primaryimage"},"image":{"@id":"https:\/\/news.canadamotorjobs.com\/fr\/la-honda-nsx-pourrait-faire-un-retour-en-modele-electrique\/#primaryimage"},"thumbnailUrl":"https:\/\/news.canadamotorjobs.com\/wp-content\/uploads\/2024\/01\/1f0b88d15b98d4381169bc353a1ba37f.jpg","datePublished":"2024-01-29T14:16:41+00:00","dateModified":"2024-01-29T14:16:45+00:00","description":"La Honda NSX pourrait faire un retour en mod\u00e8le \u00e9lectrique - Benoit Charette - Annuel automobile - CanadaMotorJobs.com.","breadcrumb":{"@id":"https:\/\/news.canadamotorjobs.com\/fr\/la-honda-nsx-pourrait-faire-un-retour-en-modele-electrique\/#breadcrumb"},"inLanguage":"fr-CA","potentialAction":[{"@type":"ReadAction","target":["https:\/\/news.canadamotorjobs.com\/fr\/la-honda-nsx-pourrait-faire-un-retour-en-modele-electrique\/"]}]},{"@type":"ImageObject","inLanguage":"fr-CA","@id":"https:\/\/news.canadamotorjobs.com\/fr\/la-honda-nsx-pourrait-faire-un-retour-en-modele-electrique\/#primaryimage","url":"https:\/\/news.canadamotorjobs.com\/wp-content\/uploads\/2024\/01\/1f0b88d15b98d4381169bc353a1ba37f.jpg","contentUrl":"https:\/\/news.canadamotorjobs.com\/wp-content\/uploads\/2024\/01\/1f0b88d15b98d4381169bc353a1ba37f.jpg","width":639,"height":426},{"@type":"BreadcrumbList","@id":"https:\/\/news.canadamotorjobs.com\/fr\/la-honda-nsx-pourrait-faire-un-retour-en-modele-electrique\/#breadcrumb","itemListElement":[{"@type":"ListItem","position":1,"name":"Home","item":"https:\/\/news.canadamotorjobs.com\/fr\/blog\/"},{"@type":"ListItem","position":2,"name":"La Honda NSX pourrait faire un retour en mod\u00e8le \u00e9lectrique"}]},{"@type":"WebSite","@id":"https:\/\/news.canadamotorjobs.com\/#website","url":"https:\/\/news.canadamotorjobs.com\/","name":"CanadaMotorJobs.com","description":"Automotive Jobs","publisher":{"@id":"https:\/\/news.canadamotorjobs.com\/#organization"},"potentialAction":[{"@type":"SearchAction","target":{"@type":"EntryPoint","urlTemplate":"https:\/\/news.canadamotorjobs.com\/?s={search_term_string}"},"query-input":"required name=search_term_string"}],"inLanguage":"fr-CA"},{"@type":"Organization","@id":"https:\/\/news.canadamotorjobs.com\/#organization","name":"Canada Motor Jobs","url":"https:\/\/news.canadamotorjobs.com\/","logo":{"@type":"ImageObject","inLanguage":"fr-CA","@id":"https:\/\/news.canadamotorjobs.com\/#\/schema\/logo\/image\/","url":"https:\/\/news.canadamotorjobs.com\/wp-content\/uploads\/2022\/10\/logo-canada-motor-jobs-1.png","contentUrl":"https:\/\/news.canadamotorjobs.com\/wp-content\/uploads\/2022\/10\/logo-canada-motor-jobs-1.png","width":800,"height":400,"caption":"Canada Motor Jobs"},"image":{"@id":"https:\/\/news.canadamotorjobs.com\/#\/schema\/logo\/image\/"},"sameAs":["https:\/\/www.facebook.com\/canadamotorjobs\/","https:\/\/x.com\/canadamotorjobs","https:\/\/www.instagram.com\/canadamotorjobs\/","https:\/\/www.linkedin.com\/company\/canadamotorjobs"]},{"@type":"Person","@id":"https:\/\/news.canadamotorjobs.com\/#\/schema\/person\/51793d1f87d44011d7bcc2ed99269a90","name":"Benoit Charette","image":{"@type":"ImageObject","inLanguage":"fr-CA","@id":"https:\/\/news.canadamotorjobs.com\/#\/schema\/person\/image\/","url":"https:\/\/secure.gravatar.com\/avatar\/45f3d2eebcccd909668d7ce7ea7267b6?s=96&d=mm&r=g","contentUrl":"https:\/\/secure.gravatar.com\/avatar\/45f3d2eebcccd909668d7ce7ea7267b6?s=96&d=mm&r=g","caption":"Benoit Charette"},"description":"Benoit Charette \/ Propri\u00e9taire et r\u00e9dacteur en chef Benoit Charette pratique le journalisme automobile depuis bient\u00f4t 30 ans. Il a fait ses classes au c\u00f4t\u00e9 de Daniel H\u00e9raud et au Carnet de route de 1992 \u00e0 2001. Il est fondateur, copropri\u00e9taire et r\u00e9dacteur en chef de L\u2019Annuel de l\u2019automobile, qu\u2019il publie depuis 2001. Il a anim\u00e9 les \u00e9missions RPM et RPM+ sur V et les L\u00e9gendes de la route sur Historia. \u00c0 la radio depuis 1986, il reprend l\u2019antenne cette ann\u00e9e sur les ondes de Cogeco et participe pour la deuxi\u00e8me ann\u00e9e \u00e0 l\u2019\u00e9mission Passion Auto sur RDS en plus de mettre en ligne le site Web officiel de L\u2019Annuel de l\u2019automobile sur annuelauto.ca.","sameAs":["https:\/\/annuelauto.ca\/"],"url":"https:\/\/news.canadamotorjobs.com\/fr\/author\/benoit-charette\/"}]}},"_links":{"self":[{"href":"https:\/\/news.canadamotorjobs.com\/fr\/wp-json\/wp\/v2\/posts\/157653"}],"collection":[{"href":"https:\/\/news.canadamotorjobs.com\/fr\/wp-json\/wp\/v2\/posts"}],"about":[{"href":"https:\/\/news.canadamotorjobs.com\/fr\/wp-json\/wp\/v2\/types\/post"}],"author":[{"embeddable":true,"href":"https:\/\/news.canadamotorjobs.com\/fr\/wp-json\/wp\/v2\/users\/8"}],"replies":[{"embeddable":true,"href":"https:\/\/news.canadamotorjobs.com\/fr\/wp-json\/wp\/v2\/comments?post=157653"}],"version-history":[{"count":2,"href":"https:\/\/news.canadamotorjobs.com\/fr\/wp-json\/wp\/v2\/posts\/157653\/revisions"}],"predecessor-version":[{"id":157657,"href":"https:\/\/news.canadamotorjobs.com\/fr\/wp-json\/wp\/v2\/posts\/157653\/revisions\/157657"}],"wp:featuredmedia":[{"embeddable":true,"href":"https:\/\/news.canadamotorjobs.com\/fr\/wp-json\/wp\/v2\/media\/157655"}],"wp:attachment":[{"href":"https:\/\/news.canadamotorjobs.com\/fr\/wp-json\/wp\/v2\/media?parent=157653"}],"wp:term":[{"taxonomy":"category","embeddable":true,"href":"https:\/\/news.canadamotorjobs.com\/fr\/wp-json\/wp\/v2\/categories?post=157653"},{"taxonomy":"post_tag","embeddable":true,"href":"https:\/\/news.canadamotorjobs.com\/fr\/wp-json\/wp\/v2\/tags?post=157653"}],"curies":[{"name":"wp","href":"https:\/\/api.w.org\/{rel}","templated":true}]}}