{"id":157587,"date":"2024-01-26T07:55:54","date_gmt":"2024-01-26T12:55:54","guid":{"rendered":"https:\/\/news.canadamotorjobs.com\/?p=157587"},"modified":"2024-01-26T07:59:03","modified_gmt":"2024-01-26T12:59:03","slug":"seulement-huit-grands-constructeurs-automobile-seront-au-salon-de-lauto-de-geneve","status":"publish","type":"post","link":"https:\/\/news.canadamotorjobs.com\/fr\/seulement-huit-grands-constructeurs-automobile-seront-au-salon-de-lauto-de-geneve\/","title":{"rendered":"Seulement huit grands constructeurs automobile seront au salon de l\u2019auto de Gen\u00e8ve"},"content":{"rendered":"<\/p>\n<p>Si vous croyez que le Salon de l\u2019auto de Montr\u00e9al qui bat son plein\u00a0 pr\u00e9sentement est le seul \u00e0 souffrir d\u2019une p\u00e9nurie de constructeurs, le Salon International de l\u2019auto de Gen\u00e8ve vient d\u2019annoncer que seulement 8 grandes compagnie automobiles seront pr\u00e9sentes au prochain rendez-vous fix\u00e9 du 26 f\u00e9vrier au 3 mars. Tout comme \u00e0 Montr\u00e9al, il n\u2019y aura pas de constructeurs allemands sur place, pas de japonais non plus.<\/p>\n<h3>Un d\u00e9sistement \u00e0 l\u2019\u00e9chelle mondiale<\/h3>\n<p>\nAutrefois consid\u00e9r\u00e9 comme l&#8217;un des \u00e9v\u00e9nements automobiles les plus importants et les plus d\u00e9terminants au niveau mondial, le salon de l&#8217;automobile de Gen\u00e8ve devrait ouvrir ses portes cette ann\u00e9e en toute discr\u00e9tion, n&#8217;\u00e9tant plus que l&#8217;ombre de sa grandeur d&#8217;antan. Cet \u00e9v\u00e9nement, qui a toujours attir\u00e9 une multitude de passionn\u00e9s de l&#8217;automobile et les grands dirigeants d\u2019industrie, a perdu de son importance, puisque seules huit marques automobiles devraient y participer en 2024.<\/p>\n<p>Cette ann\u00e9e, le salon, qui se tiendra du 26 f\u00e9vrier au 3 mars, n&#8217;accueillera que deux grandes marques automobiles europ\u00e9ennes et aucun des grands constructeurs japonais. Renault et Dacia sont les plus grands constructeurs du Vieux Continent qui seront repr\u00e9sent\u00e9s parmi les marques participantes. Les autres marques seront BYD, Isuzu, Lucid, MG Motor, Microlino et Pininfarina. Vous trouverez ci-dessous la liste compl\u00e8te des exposants du Salon de l&#8217;automobile de Gen\u00e8ve 2024 :<\/p>\n<ol><\/p>\n<li>Automobile Club de Suisse (ACS) \/ Auto Gewerbe Verband Schweiz &#8211; Union Professionnelle Suisse de l&#8217;Automobile (AGVS\/UPSA) \/ Avenergy \/ Routesuisse<\/li>\n<p><\/p>\n<li>Assura<\/li>\n<p><\/p>\n<li>Auto-i-DAT<\/li>\n<p><\/p>\n<li>Beeway<\/li>\n<p><\/p>\n<li>BYD<\/li>\n<p><\/p>\n<li>Caresoft Global Limited<\/li>\n<p><\/p>\n<li>Classics Legends Motor<\/li>\n<p><\/p>\n<li>DAB Motors<\/li>\n<p><\/p>\n<li>Dacia<\/li>\n<p><\/p>\n<li>ErreErre Fuoriserie<\/li>\n<p><\/p>\n<li>F\u00e9d\u00e9ration Internationale de l&#8217;Automobile (FIA)<\/li>\n<p><\/p>\n<li>Formule 1 Merchandising<\/li>\n<p><\/p>\n<li>GP Motorsport<\/li>\n<p><\/p>\n<li>Isuzu<\/li>\n<p><\/p>\n<li>Kimera<\/li>\n<p><\/p>\n<li>Lazareth<\/li>\n<p><\/p>\n<li>Legends Magazine<\/li>\n<p><\/p>\n<li>Lucide<\/li>\n<p><\/p>\n<li>Martin Engler<\/li>\n<p><\/p>\n<li>MG Motor<\/li>\n<p><\/p>\n<li>Microlino<\/li>\n<p><\/p>\n<li>Pininfarina<\/li>\n<p><\/p>\n<li>Race World<\/li>\n<p><\/p>\n<li>Renault<\/li>\n<p><\/p>\n<li>Shenzer<\/li>\n<p><\/p>\n<li>Silence<\/li>\n<p><\/p>\n<li>Swiss Racing Lab<\/li>\n<p><\/p>\n<li>Touring Club Suisse (TCS)<\/li>\n<p><\/p>\n<li>Totem Automobili<\/li>\n<p>\n<\/ol>\n<p>\nAvec des renseignements de Motor 1<\/p>\n<p>Le texte <a rel=\"nofollow\" href=\"https:\/\/annuelauto.ca\/seulement-huit-grands-constructeurs-automobile-seront-au-salon-de-lauto-de-geneve\/\">Seulement huit grands constructeurs automobile seront au salon de l\u2019auto de Gen\u00e8ve<\/a> provient de <a rel=\"nofollow\" href=\"https:\/\/annuelauto.ca\">L&#8217;annuel de l&#8217;automobile &#8211; Actualit\u00e9 automobile<\/a><\/p>\n<p><\/p>\n","protected":false},"excerpt":{"rendered":"<p>Si vous croyez que le Salon de l\u2019auto de Montr\u00e9al qui bat son plein\u00a0 pr\u00e9sentement est le seul \u00e0 souffrir d\u2019une p\u00e9nurie de constructeurs, le Salon International de l\u2019auto de Gen\u00e8ve vient d\u2019annoncer que seulement 8 grandes compagnie automobiles seront pr\u00e9sentes au prochain rendez-vous fix\u00e9 du 26 f\u00e9vrier au 3 mars. Tout comme \u00e0 Montr\u00e9al, [&hellip;]<\/p>\n","protected":false},"author":8,"featured_media":157589,"comment_status":"close","ping_status":"closed","sticky":false,"template":"","format":"standard","meta":{"_monsterinsights_skip_tracking":false,"_monsterinsights_sitenote_active":false,"_monsterinsights_sitenote_note":"","_monsterinsights_sitenote_category":0,"footnotes":""},"categories":[101],"tags":[],"yoast_head":"<!-- This site is optimized with the Yoast SEO plugin v23.2 - https:\/\/yoast.com\/wordpress\/plugins\/seo\/ -->\n<title>Seulement huit grands constructeurs automobile seront au salon de l\u2019auto de Gen\u00e8ve - CanadaMotorJobs.com<\/title>\n<meta name=\"description\" content=\"Seulement huit grands constructeurs automobile seront au salon de l\u2019auto de Gen\u00e8ve - Benoit Charette - Annuel automobile - CanadaMotorJobs.com.\" \/>\n<meta name=\"robots\" content=\"index, follow, max-snippet:-1, max-image-preview:large, max-video-preview:-1\" \/>\n<meta property=\"og:locale\" content=\"fr_CA\" \/>\n<meta property=\"og:type\" content=\"article\" \/>\n<meta property=\"og:title\" content=\"Seulement huit grands constructeurs automobile seront au salon de l\u2019auto de Gen\u00e8ve - CanadaMotorJobs.com\" \/>\n<meta property=\"og:description\" content=\"Seulement huit grands constructeurs automobile seront au salon de l\u2019auto de Gen\u00e8ve - Benoit Charette - Annuel automobile - CanadaMotorJobs.com.\" \/>\n<meta property=\"og:url\" content=\"https:\/\/news.canadamotorjobs.com\/fr\/seulement-huit-grands-constructeurs-automobile-seront-au-salon-de-lauto-de-geneve\/\" \/>\n<meta property=\"og:site_name\" content=\"CanadaMotorJobs.com\" \/>\n<meta property=\"article:publisher\" content=\"https:\/\/www.facebook.com\/canadamotorjobs\/\" \/>\n<meta property=\"article:published_time\" content=\"2024-01-26T12:55:54+00:00\" \/>\n<meta property=\"article:modified_time\" content=\"2024-01-26T12:59:03+00:00\" \/>\n<meta property=\"og:image\" content=\"https:\/\/news.canadamotorjobs.com\/wp-content\/uploads\/2024\/01\/cover-r4x3w1200-58be74c8628a6-gims2016-1st-press-day-12.jpg\" \/>\n\t<meta property=\"og:image:width\" content=\"1200\" \/>\n\t<meta property=\"og:image:height\" content=\"900\" \/>\n\t<meta property=\"og:image:type\" content=\"image\/jpeg\" \/>\n<meta name=\"author\" content=\"Benoit Charette\" \/>\n<meta name=\"twitter:card\" content=\"summary_large_image\" \/>\n<meta name=\"twitter:creator\" content=\"@canadamotorjobs\" \/>\n<meta name=\"twitter:site\" content=\"@canadamotorjobs\" \/>\n<meta name=\"twitter:label1\" content=\"\u00c9crit par\" \/>\n\t<meta name=\"twitter:data1\" content=\"Benoit Charette\" \/>\n\t<meta name=\"twitter:label2\" content=\"Estimation du temps de lecture\" \/>\n\t<meta name=\"twitter:data2\" content=\"2 minutes\" \/>\n<!-- \/ Yoast SEO plugin. -->","yoast_head_json":{"title":"Seulement huit grands constructeurs automobile seront au salon de l\u2019auto de Gen\u00e8ve - CanadaMotorJobs.com","description":"Seulement huit grands constructeurs automobile seront au salon de l\u2019auto de Gen\u00e8ve - Benoit Charette - Annuel automobile - CanadaMotorJobs.com.","robots":{"index":"index","follow":"follow","max-snippet":"max-snippet:-1","max-image-preview":"max-image-preview:large","max-video-preview":"max-video-preview:-1"},"og_locale":"fr_CA","og_type":"article","og_title":"Seulement huit grands constructeurs automobile seront au salon de l\u2019auto de Gen\u00e8ve - CanadaMotorJobs.com","og_description":"Seulement huit grands constructeurs automobile seront au salon de l\u2019auto de Gen\u00e8ve - Benoit Charette - Annuel automobile - CanadaMotorJobs.com.","og_url":"https:\/\/news.canadamotorjobs.com\/fr\/seulement-huit-grands-constructeurs-automobile-seront-au-salon-de-lauto-de-geneve\/","og_site_name":"CanadaMotorJobs.com","article_publisher":"https:\/\/www.facebook.com\/canadamotorjobs\/","article_published_time":"2024-01-26T12:55:54+00:00","article_modified_time":"2024-01-26T12:59:03+00:00","og_image":[{"width":1200,"height":900,"url":"https:\/\/news.canadamotorjobs.com\/wp-content\/uploads\/2024\/01\/cover-r4x3w1200-58be74c8628a6-gims2016-1st-press-day-12.jpg","type":"image\/jpeg"}],"author":"Benoit Charette","twitter_card":"summary_large_image","twitter_creator":"@canadamotorjobs","twitter_site":"@canadamotorjobs","twitter_misc":{"\u00c9crit par":"Benoit Charette","Estimation du temps de lecture":"2 minutes"},"schema":{"@context":"https:\/\/schema.org","@graph":[{"@type":"Article","@id":"https:\/\/news.canadamotorjobs.com\/fr\/seulement-huit-grands-constructeurs-automobile-seront-au-salon-de-lauto-de-geneve\/#article","isPartOf":{"@id":"https:\/\/news.canadamotorjobs.com\/fr\/seulement-huit-grands-constructeurs-automobile-seront-au-salon-de-lauto-de-geneve\/"},"author":{"name":"Benoit Charette","@id":"https:\/\/news.canadamotorjobs.com\/#\/schema\/person\/51793d1f87d44011d7bcc2ed99269a90"},"headline":"Seulement huit grands constructeurs automobile seront au salon de l\u2019auto de Gen\u00e8ve","datePublished":"2024-01-26T12:55:54+00:00","dateModified":"2024-01-26T12:59:03+00:00","mainEntityOfPage":{"@id":"https:\/\/news.canadamotorjobs.com\/fr\/seulement-huit-grands-constructeurs-automobile-seront-au-salon-de-lauto-de-geneve\/"},"wordCount":363,"publisher":{"@id":"https:\/\/news.canadamotorjobs.com\/#organization"},"image":{"@id":"https:\/\/news.canadamotorjobs.com\/fr\/seulement-huit-grands-constructeurs-automobile-seront-au-salon-de-lauto-de-geneve\/#primaryimage"},"thumbnailUrl":"https:\/\/news.canadamotorjobs.com\/wp-content\/uploads\/2024\/01\/cover-r4x3w1200-58be74c8628a6-gims2016-1st-press-day-12.jpg","articleSection":["Annuel automobile"],"inLanguage":"fr-CA"},{"@type":"WebPage","@id":"https:\/\/news.canadamotorjobs.com\/fr\/seulement-huit-grands-constructeurs-automobile-seront-au-salon-de-lauto-de-geneve\/","url":"https:\/\/news.canadamotorjobs.com\/fr\/seulement-huit-grands-constructeurs-automobile-seront-au-salon-de-lauto-de-geneve\/","name":"Seulement huit grands constructeurs automobile seront au salon de l\u2019auto de Gen\u00e8ve - CanadaMotorJobs.com","isPartOf":{"@id":"https:\/\/news.canadamotorjobs.com\/#website"},"primaryImageOfPage":{"@id":"https:\/\/news.canadamotorjobs.com\/fr\/seulement-huit-grands-constructeurs-automobile-seront-au-salon-de-lauto-de-geneve\/#primaryimage"},"image":{"@id":"https:\/\/news.canadamotorjobs.com\/fr\/seulement-huit-grands-constructeurs-automobile-seront-au-salon-de-lauto-de-geneve\/#primaryimage"},"thumbnailUrl":"https:\/\/news.canadamotorjobs.com\/wp-content\/uploads\/2024\/01\/cover-r4x3w1200-58be74c8628a6-gims2016-1st-press-day-12.jpg","datePublished":"2024-01-26T12:55:54+00:00","dateModified":"2024-01-26T12:59:03+00:00","description":"Seulement huit grands constructeurs automobile seront au salon de l\u2019auto de Gen\u00e8ve - Benoit Charette - Annuel automobile - CanadaMotorJobs.com.","breadcrumb":{"@id":"https:\/\/news.canadamotorjobs.com\/fr\/seulement-huit-grands-constructeurs-automobile-seront-au-salon-de-lauto-de-geneve\/#breadcrumb"},"inLanguage":"fr-CA","potentialAction":[{"@type":"ReadAction","target":["https:\/\/news.canadamotorjobs.com\/fr\/seulement-huit-grands-constructeurs-automobile-seront-au-salon-de-lauto-de-geneve\/"]}]},{"@type":"ImageObject","inLanguage":"fr-CA","@id":"https:\/\/news.canadamotorjobs.com\/fr\/seulement-huit-grands-constructeurs-automobile-seront-au-salon-de-lauto-de-geneve\/#primaryimage","url":"https:\/\/news.canadamotorjobs.com\/wp-content\/uploads\/2024\/01\/cover-r4x3w1200-58be74c8628a6-gims2016-1st-press-day-12.jpg","contentUrl":"https:\/\/news.canadamotorjobs.com\/wp-content\/uploads\/2024\/01\/cover-r4x3w1200-58be74c8628a6-gims2016-1st-press-day-12.jpg","width":1200,"height":900},{"@type":"BreadcrumbList","@id":"https:\/\/news.canadamotorjobs.com\/fr\/seulement-huit-grands-constructeurs-automobile-seront-au-salon-de-lauto-de-geneve\/#breadcrumb","itemListElement":[{"@type":"ListItem","position":1,"name":"Home","item":"https:\/\/news.canadamotorjobs.com\/fr\/blog\/"},{"@type":"ListItem","position":2,"name":"Seulement huit grands constructeurs automobile seront au salon de l\u2019auto de Gen\u00e8ve"}]},{"@type":"WebSite","@id":"https:\/\/news.canadamotorjobs.com\/#website","url":"https:\/\/news.canadamotorjobs.com\/","name":"CanadaMotorJobs.com","description":"Automotive Jobs","publisher":{"@id":"https:\/\/news.canadamotorjobs.com\/#organization"},"potentialAction":[{"@type":"SearchAction","target":{"@type":"EntryPoint","urlTemplate":"https:\/\/news.canadamotorjobs.com\/?s={search_term_string}"},"query-input":"required name=search_term_string"}],"inLanguage":"fr-CA"},{"@type":"Organization","@id":"https:\/\/news.canadamotorjobs.com\/#organization","name":"Canada Motor Jobs","url":"https:\/\/news.canadamotorjobs.com\/","logo":{"@type":"ImageObject","inLanguage":"fr-CA","@id":"https:\/\/news.canadamotorjobs.com\/#\/schema\/logo\/image\/","url":"https:\/\/news.canadamotorjobs.com\/wp-content\/uploads\/2022\/10\/logo-canada-motor-jobs-1.png","contentUrl":"https:\/\/news.canadamotorjobs.com\/wp-content\/uploads\/2022\/10\/logo-canada-motor-jobs-1.png","width":800,"height":400,"caption":"Canada Motor Jobs"},"image":{"@id":"https:\/\/news.canadamotorjobs.com\/#\/schema\/logo\/image\/"},"sameAs":["https:\/\/www.facebook.com\/canadamotorjobs\/","https:\/\/x.com\/canadamotorjobs","https:\/\/www.instagram.com\/canadamotorjobs\/","https:\/\/www.linkedin.com\/company\/canadamotorjobs"]},{"@type":"Person","@id":"https:\/\/news.canadamotorjobs.com\/#\/schema\/person\/51793d1f87d44011d7bcc2ed99269a90","name":"Benoit Charette","image":{"@type":"ImageObject","inLanguage":"fr-CA","@id":"https:\/\/news.canadamotorjobs.com\/#\/schema\/person\/image\/","url":"https:\/\/secure.gravatar.com\/avatar\/45f3d2eebcccd909668d7ce7ea7267b6?s=96&d=mm&r=g","contentUrl":"https:\/\/secure.gravatar.com\/avatar\/45f3d2eebcccd909668d7ce7ea7267b6?s=96&d=mm&r=g","caption":"Benoit Charette"},"description":"Benoit Charette \/ Propri\u00e9taire et r\u00e9dacteur en chef Benoit Charette pratique le journalisme automobile depuis bient\u00f4t 30 ans. Il a fait ses classes au c\u00f4t\u00e9 de Daniel H\u00e9raud et au Carnet de route de 1992 \u00e0 2001. Il est fondateur, copropri\u00e9taire et r\u00e9dacteur en chef de L\u2019Annuel de l\u2019automobile, qu\u2019il publie depuis 2001. Il a anim\u00e9 les \u00e9missions RPM et RPM+ sur V et les L\u00e9gendes de la route sur Historia. \u00c0 la radio depuis 1986, il reprend l\u2019antenne cette ann\u00e9e sur les ondes de Cogeco et participe pour la deuxi\u00e8me ann\u00e9e \u00e0 l\u2019\u00e9mission Passion Auto sur RDS en plus de mettre en ligne le site Web officiel de L\u2019Annuel de l\u2019automobile sur annuelauto.ca.","sameAs":["https:\/\/annuelauto.ca\/"],"url":"https:\/\/news.canadamotorjobs.com\/fr\/author\/benoit-charette\/"}]}},"_links":{"self":[{"href":"https:\/\/news.canadamotorjobs.com\/fr\/wp-json\/wp\/v2\/posts\/157587"}],"collection":[{"href":"https:\/\/news.canadamotorjobs.com\/fr\/wp-json\/wp\/v2\/posts"}],"about":[{"href":"https:\/\/news.canadamotorjobs.com\/fr\/wp-json\/wp\/v2\/types\/post"}],"author":[{"embeddable":true,"href":"https:\/\/news.canadamotorjobs.com\/fr\/wp-json\/wp\/v2\/users\/8"}],"replies":[{"embeddable":true,"href":"https:\/\/news.canadamotorjobs.com\/fr\/wp-json\/wp\/v2\/comments?post=157587"}],"version-history":[{"count":2,"href":"https:\/\/news.canadamotorjobs.com\/fr\/wp-json\/wp\/v2\/posts\/157587\/revisions"}],"predecessor-version":[{"id":157591,"href":"https:\/\/news.canadamotorjobs.com\/fr\/wp-json\/wp\/v2\/posts\/157587\/revisions\/157591"}],"wp:featuredmedia":[{"embeddable":true,"href":"https:\/\/news.canadamotorjobs.com\/fr\/wp-json\/wp\/v2\/media\/157589"}],"wp:attachment":[{"href":"https:\/\/news.canadamotorjobs.com\/fr\/wp-json\/wp\/v2\/media?parent=157587"}],"wp:term":[{"taxonomy":"category","embeddable":true,"href":"https:\/\/news.canadamotorjobs.com\/fr\/wp-json\/wp\/v2\/categories?post=157587"},{"taxonomy":"post_tag","embeddable":true,"href":"https:\/\/news.canadamotorjobs.com\/fr\/wp-json\/wp\/v2\/tags?post=157587"}],"curies":[{"name":"wp","href":"https:\/\/api.w.org\/{rel}","templated":true}]}}