{"id":157537,"date":"2024-01-25T06:46:23","date_gmt":"2024-01-25T11:46:23","guid":{"rendered":"https:\/\/news.canadamotorjobs.com\/?p=157537"},"modified":"2024-01-25T06:58:55","modified_gmt":"2024-01-25T11:58:55","slug":"ford-rappelle-19-million-dexplorer","status":"publish","type":"post","link":"https:\/\/news.canadamotorjobs.com\/fr\/ford-rappelle-19-million-dexplorer\/","title":{"rendered":"Ford rappelle 1,9 million d\u2019Explorer"},"content":{"rendered":"<\/p>\n<p>Si vous entendez un cliquetis lorsque vous conduisez votre Ford Explorer 2011 \u00e0 2019, il se peut que la garniture du pare-brise soit sur le point de s&#8217;envoler.<\/p>\n<p>Pendant les trois derni\u00e8res ann\u00e9es, Ford a \u00e9t\u00e9 en t\u00eate aux \u00c9tats-Unis en termes de rappels, et l&#8217;ann\u00e9e 2024 commence fort. Le logo bleu doit rappeler 1 889 110 Explorers en raison d&#8217;un probl\u00e8me de fabrication pouvant entra\u00eener le d\u00e9tachement du garnissage autour du pare-brise, mettant en danger les v\u00e9hicules qui suivent.<\/p>\n<p>Du moins, c&#8217;est la position de l&#8217;Administration nationale de la s\u00e9curit\u00e9 routi\u00e8re (NHTSA). Ford, qui a d&#8217;abord pris connaissance d&#8217;un probl\u00e8me potentiel avec le garnissage du montant A sur les Explorer de cinqui\u00e8me g\u00e9n\u00e9ration en 2018, a initialement ignor\u00e9 ce probl\u00e8me, estimant que les pi\u00e8ces de garniture d\u00e9tach\u00e9es \u00e9taient si petites et \u00e9mouss\u00e9es qu&#8217;elles ne pr\u00e9sentaient pas de danger pour la s\u00e9curit\u00e9.<\/p>\n<p>Cependant, en f\u00e9vrier 2023, la NHTSA a ouvert une enqu\u00eate pr\u00e9liminaire sur le probl\u00e8me, et quelques mois plus tard, Transports Canada a \u00e9galement estim\u00e9 que le probl\u00e8me m\u00e9ritait une enqu\u00eate en raison du danger in\u00e9vitable de d\u00e9bris s&#8217;envolant des v\u00e9hicules \u00e0 grande vitesse.<\/p>\n<p>En novembre, Ford a c\u00e9d\u00e9 et a d\u00e9cid\u00e9 de rappeler tous les Explorer de cinqui\u00e8me g\u00e9n\u00e9ration, couvrant les ann\u00e9es-mod\u00e8les 2011 \u00e0 2019. Il est conscient de 14 337 rapports de garantie dans lesquels les propri\u00e9taires all\u00e8guent avoir perdu du garnissage autour du pare-brise.<\/p>\n<p>Ford pense que le probl\u00e8me est caus\u00e9 par des fixations de clip mal engag\u00e9es dans le garnissage. Cela pourrait \u00eatre d\u00fb au fait qu&#8217;elles ont \u00e9t\u00e9 simplement mal install\u00e9es \u00e0 l&#8217;usine ou qu&#8217;elles ont \u00e9t\u00e9 r\u00e9install\u00e9es incorrectement apr\u00e8s une r\u00e9paration.<\/p>\n<p>Heureusement, le probl\u00e8me devrait \u00eatre relativement facile \u00e0 d\u00e9tecter pour un propri\u00e9taire. Si la garniture du montant A est l\u00e2che, il produira un bruit de cliquetis audible, et un espace peut m\u00eame \u00eatre visible avant que la pi\u00e8ce ne se d\u00e9tache.<\/p>\n<p>Ford pr\u00e9voit de contacter les propri\u00e9taires \u00e0 partir du 13 mars et leur demandera d&#8217;emmener leur v\u00e9hicule chez un concessionnaire \u00e0 proximit\u00e9 pour faire inspecter leur garnissage du montant A et le r\u00e9parer si n\u00e9cessaire. Pour \u00e9viter que ce probl\u00e8me ne se reproduise, une nouvelle partie recevra un adh\u00e9sif suppl\u00e9mentaire, et le processus d&#8217;inspection apr\u00e8s l&#8217;installation sera plus approfondi. Le constructeur automobile a \u00e9galement mis en place un plan g\u00e9n\u00e9ral de remboursement pour les propri\u00e9taires ayant pay\u00e9 eux-m\u00eames pour r\u00e9parer ce probl\u00e8me.<\/p>\n<p>Avec des renseignements de Carscoops<\/p>\n<p>Le texte <a rel=\"nofollow\" href=\"https:\/\/annuelauto.ca\/ford-rappelle-19-million-dexplorer\/\">Ford rappelle 1,9 million d\u2019Explorer<\/a> provient de <a rel=\"nofollow\" href=\"https:\/\/annuelauto.ca\">L&#8217;annuel de l&#8217;automobile &#8211; Actualit\u00e9 automobile<\/a><\/p>\n<p><\/p>\n","protected":false},"excerpt":{"rendered":"<p>Si vous entendez un cliquetis lorsque vous conduisez votre Ford Explorer 2011 \u00e0 2019, il se peut que la garniture du pare-brise soit sur le point de s&#8217;envoler. Pendant les trois derni\u00e8res ann\u00e9es, Ford a \u00e9t\u00e9 en t\u00eate aux \u00c9tats-Unis en termes de rappels, et l&#8217;ann\u00e9e 2024 commence fort. Le logo bleu doit rappeler 1 [&hellip;]<\/p>\n","protected":false},"author":8,"featured_media":157539,"comment_status":"close","ping_status":"closed","sticky":false,"template":"","format":"standard","meta":{"_monsterinsights_skip_tracking":false,"_monsterinsights_sitenote_active":false,"_monsterinsights_sitenote_note":"","_monsterinsights_sitenote_category":0,"footnotes":""},"categories":[101],"tags":[],"yoast_head":"<!-- This site is optimized with the Yoast SEO plugin v23.2 - https:\/\/yoast.com\/wordpress\/plugins\/seo\/ -->\n<title>Ford rappelle 1,9 million d\u2019Explorer - CanadaMotorJobs.com<\/title>\n<meta name=\"description\" content=\"Ford rappelle 1,9 million d\u2019Explorer - Benoit Charette - Annuel automobile - CanadaMotorJobs.com.\" \/>\n<meta name=\"robots\" content=\"index, follow, max-snippet:-1, max-image-preview:large, max-video-preview:-1\" \/>\n<meta property=\"og:locale\" content=\"fr_CA\" \/>\n<meta property=\"og:type\" content=\"article\" \/>\n<meta property=\"og:title\" content=\"Ford rappelle 1,9 million d\u2019Explorer - CanadaMotorJobs.com\" \/>\n<meta property=\"og:description\" content=\"Ford rappelle 1,9 million d\u2019Explorer - Benoit Charette - Annuel automobile - CanadaMotorJobs.com.\" \/>\n<meta property=\"og:url\" content=\"https:\/\/news.canadamotorjobs.com\/fr\/ford-rappelle-19-million-dexplorer\/\" \/>\n<meta property=\"og:site_name\" content=\"CanadaMotorJobs.com\" \/>\n<meta property=\"article:publisher\" content=\"https:\/\/www.facebook.com\/canadamotorjobs\/\" \/>\n<meta property=\"article:published_time\" content=\"2024-01-25T11:46:23+00:00\" \/>\n<meta property=\"article:modified_time\" content=\"2024-01-25T11:58:55+00:00\" \/>\n<meta property=\"og:image\" content=\"https:\/\/news.canadamotorjobs.com\/wp-content\/uploads\/2024\/01\/ford-explorer-2013.jpg\" \/>\n\t<meta property=\"og:image:width\" content=\"1600\" \/>\n\t<meta property=\"og:image:height\" content=\"1159\" \/>\n\t<meta property=\"og:image:type\" content=\"image\/jpeg\" \/>\n<meta name=\"author\" content=\"Benoit Charette\" \/>\n<meta name=\"twitter:card\" content=\"summary_large_image\" \/>\n<meta name=\"twitter:creator\" content=\"@canadamotorjobs\" \/>\n<meta name=\"twitter:site\" content=\"@canadamotorjobs\" \/>\n<meta name=\"twitter:label1\" content=\"\u00c9crit par\" \/>\n\t<meta name=\"twitter:data1\" content=\"Benoit Charette\" \/>\n\t<meta name=\"twitter:label2\" content=\"Estimation du temps de lecture\" \/>\n\t<meta name=\"twitter:data2\" content=\"2 minutes\" \/>\n<!-- \/ Yoast SEO plugin. -->","yoast_head_json":{"title":"Ford rappelle 1,9 million d\u2019Explorer - CanadaMotorJobs.com","description":"Ford rappelle 1,9 million d\u2019Explorer - Benoit Charette - Annuel automobile - CanadaMotorJobs.com.","robots":{"index":"index","follow":"follow","max-snippet":"max-snippet:-1","max-image-preview":"max-image-preview:large","max-video-preview":"max-video-preview:-1"},"og_locale":"fr_CA","og_type":"article","og_title":"Ford rappelle 1,9 million d\u2019Explorer - CanadaMotorJobs.com","og_description":"Ford rappelle 1,9 million d\u2019Explorer - Benoit Charette - Annuel automobile - CanadaMotorJobs.com.","og_url":"https:\/\/news.canadamotorjobs.com\/fr\/ford-rappelle-19-million-dexplorer\/","og_site_name":"CanadaMotorJobs.com","article_publisher":"https:\/\/www.facebook.com\/canadamotorjobs\/","article_published_time":"2024-01-25T11:46:23+00:00","article_modified_time":"2024-01-25T11:58:55+00:00","og_image":[{"width":1600,"height":1159,"url":"https:\/\/news.canadamotorjobs.com\/wp-content\/uploads\/2024\/01\/ford-explorer-2013.jpg","type":"image\/jpeg"}],"author":"Benoit Charette","twitter_card":"summary_large_image","twitter_creator":"@canadamotorjobs","twitter_site":"@canadamotorjobs","twitter_misc":{"\u00c9crit par":"Benoit Charette","Estimation du temps de lecture":"2 minutes"},"schema":{"@context":"https:\/\/schema.org","@graph":[{"@type":"Article","@id":"https:\/\/news.canadamotorjobs.com\/fr\/ford-rappelle-19-million-dexplorer\/#article","isPartOf":{"@id":"https:\/\/news.canadamotorjobs.com\/fr\/ford-rappelle-19-million-dexplorer\/"},"author":{"name":"Benoit Charette","@id":"https:\/\/news.canadamotorjobs.com\/#\/schema\/person\/51793d1f87d44011d7bcc2ed99269a90"},"headline":"Ford rappelle 1,9 million d\u2019Explorer","datePublished":"2024-01-25T11:46:23+00:00","dateModified":"2024-01-25T11:58:55+00:00","mainEntityOfPage":{"@id":"https:\/\/news.canadamotorjobs.com\/fr\/ford-rappelle-19-million-dexplorer\/"},"wordCount":481,"publisher":{"@id":"https:\/\/news.canadamotorjobs.com\/#organization"},"image":{"@id":"https:\/\/news.canadamotorjobs.com\/fr\/ford-rappelle-19-million-dexplorer\/#primaryimage"},"thumbnailUrl":"https:\/\/news.canadamotorjobs.com\/wp-content\/uploads\/2024\/01\/ford-explorer-2013.jpg","articleSection":["Annuel automobile"],"inLanguage":"fr-CA"},{"@type":"WebPage","@id":"https:\/\/news.canadamotorjobs.com\/fr\/ford-rappelle-19-million-dexplorer\/","url":"https:\/\/news.canadamotorjobs.com\/fr\/ford-rappelle-19-million-dexplorer\/","name":"Ford rappelle 1,9 million d\u2019Explorer - CanadaMotorJobs.com","isPartOf":{"@id":"https:\/\/news.canadamotorjobs.com\/#website"},"primaryImageOfPage":{"@id":"https:\/\/news.canadamotorjobs.com\/fr\/ford-rappelle-19-million-dexplorer\/#primaryimage"},"image":{"@id":"https:\/\/news.canadamotorjobs.com\/fr\/ford-rappelle-19-million-dexplorer\/#primaryimage"},"thumbnailUrl":"https:\/\/news.canadamotorjobs.com\/wp-content\/uploads\/2024\/01\/ford-explorer-2013.jpg","datePublished":"2024-01-25T11:46:23+00:00","dateModified":"2024-01-25T11:58:55+00:00","description":"Ford rappelle 1,9 million d\u2019Explorer - Benoit Charette - Annuel automobile - CanadaMotorJobs.com.","breadcrumb":{"@id":"https:\/\/news.canadamotorjobs.com\/fr\/ford-rappelle-19-million-dexplorer\/#breadcrumb"},"inLanguage":"fr-CA","potentialAction":[{"@type":"ReadAction","target":["https:\/\/news.canadamotorjobs.com\/fr\/ford-rappelle-19-million-dexplorer\/"]}]},{"@type":"ImageObject","inLanguage":"fr-CA","@id":"https:\/\/news.canadamotorjobs.com\/fr\/ford-rappelle-19-million-dexplorer\/#primaryimage","url":"https:\/\/news.canadamotorjobs.com\/wp-content\/uploads\/2024\/01\/ford-explorer-2013.jpg","contentUrl":"https:\/\/news.canadamotorjobs.com\/wp-content\/uploads\/2024\/01\/ford-explorer-2013.jpg","width":1600,"height":1159},{"@type":"BreadcrumbList","@id":"https:\/\/news.canadamotorjobs.com\/fr\/ford-rappelle-19-million-dexplorer\/#breadcrumb","itemListElement":[{"@type":"ListItem","position":1,"name":"Home","item":"https:\/\/news.canadamotorjobs.com\/fr\/blog\/"},{"@type":"ListItem","position":2,"name":"Ford rappelle 1,9 million d\u2019Explorer"}]},{"@type":"WebSite","@id":"https:\/\/news.canadamotorjobs.com\/#website","url":"https:\/\/news.canadamotorjobs.com\/","name":"CanadaMotorJobs.com","description":"Automotive Jobs","publisher":{"@id":"https:\/\/news.canadamotorjobs.com\/#organization"},"potentialAction":[{"@type":"SearchAction","target":{"@type":"EntryPoint","urlTemplate":"https:\/\/news.canadamotorjobs.com\/?s={search_term_string}"},"query-input":"required name=search_term_string"}],"inLanguage":"fr-CA"},{"@type":"Organization","@id":"https:\/\/news.canadamotorjobs.com\/#organization","name":"Canada Motor Jobs","url":"https:\/\/news.canadamotorjobs.com\/","logo":{"@type":"ImageObject","inLanguage":"fr-CA","@id":"https:\/\/news.canadamotorjobs.com\/#\/schema\/logo\/image\/","url":"https:\/\/news.canadamotorjobs.com\/wp-content\/uploads\/2022\/10\/logo-canada-motor-jobs-1.png","contentUrl":"https:\/\/news.canadamotorjobs.com\/wp-content\/uploads\/2022\/10\/logo-canada-motor-jobs-1.png","width":800,"height":400,"caption":"Canada Motor Jobs"},"image":{"@id":"https:\/\/news.canadamotorjobs.com\/#\/schema\/logo\/image\/"},"sameAs":["https:\/\/www.facebook.com\/canadamotorjobs\/","https:\/\/x.com\/canadamotorjobs","https:\/\/www.instagram.com\/canadamotorjobs\/","https:\/\/www.linkedin.com\/company\/canadamotorjobs"]},{"@type":"Person","@id":"https:\/\/news.canadamotorjobs.com\/#\/schema\/person\/51793d1f87d44011d7bcc2ed99269a90","name":"Benoit Charette","image":{"@type":"ImageObject","inLanguage":"fr-CA","@id":"https:\/\/news.canadamotorjobs.com\/#\/schema\/person\/image\/","url":"https:\/\/secure.gravatar.com\/avatar\/45f3d2eebcccd909668d7ce7ea7267b6?s=96&d=mm&r=g","contentUrl":"https:\/\/secure.gravatar.com\/avatar\/45f3d2eebcccd909668d7ce7ea7267b6?s=96&d=mm&r=g","caption":"Benoit Charette"},"description":"Benoit Charette \/ Propri\u00e9taire et r\u00e9dacteur en chef Benoit Charette pratique le journalisme automobile depuis bient\u00f4t 30 ans. Il a fait ses classes au c\u00f4t\u00e9 de Daniel H\u00e9raud et au Carnet de route de 1992 \u00e0 2001. Il est fondateur, copropri\u00e9taire et r\u00e9dacteur en chef de L\u2019Annuel de l\u2019automobile, qu\u2019il publie depuis 2001. Il a anim\u00e9 les \u00e9missions RPM et RPM+ sur V et les L\u00e9gendes de la route sur Historia. \u00c0 la radio depuis 1986, il reprend l\u2019antenne cette ann\u00e9e sur les ondes de Cogeco et participe pour la deuxi\u00e8me ann\u00e9e \u00e0 l\u2019\u00e9mission Passion Auto sur RDS en plus de mettre en ligne le site Web officiel de L\u2019Annuel de l\u2019automobile sur annuelauto.ca.","sameAs":["https:\/\/annuelauto.ca\/"],"url":"https:\/\/news.canadamotorjobs.com\/fr\/author\/benoit-charette\/"}]}},"_links":{"self":[{"href":"https:\/\/news.canadamotorjobs.com\/fr\/wp-json\/wp\/v2\/posts\/157537"}],"collection":[{"href":"https:\/\/news.canadamotorjobs.com\/fr\/wp-json\/wp\/v2\/posts"}],"about":[{"href":"https:\/\/news.canadamotorjobs.com\/fr\/wp-json\/wp\/v2\/types\/post"}],"author":[{"embeddable":true,"href":"https:\/\/news.canadamotorjobs.com\/fr\/wp-json\/wp\/v2\/users\/8"}],"replies":[{"embeddable":true,"href":"https:\/\/news.canadamotorjobs.com\/fr\/wp-json\/wp\/v2\/comments?post=157537"}],"version-history":[{"count":2,"href":"https:\/\/news.canadamotorjobs.com\/fr\/wp-json\/wp\/v2\/posts\/157537\/revisions"}],"predecessor-version":[{"id":157541,"href":"https:\/\/news.canadamotorjobs.com\/fr\/wp-json\/wp\/v2\/posts\/157537\/revisions\/157541"}],"wp:featuredmedia":[{"embeddable":true,"href":"https:\/\/news.canadamotorjobs.com\/fr\/wp-json\/wp\/v2\/media\/157539"}],"wp:attachment":[{"href":"https:\/\/news.canadamotorjobs.com\/fr\/wp-json\/wp\/v2\/media?parent=157537"}],"wp:term":[{"taxonomy":"category","embeddable":true,"href":"https:\/\/news.canadamotorjobs.com\/fr\/wp-json\/wp\/v2\/categories?post=157537"},{"taxonomy":"post_tag","embeddable":true,"href":"https:\/\/news.canadamotorjobs.com\/fr\/wp-json\/wp\/v2\/tags?post=157537"}],"curies":[{"name":"wp","href":"https:\/\/api.w.org\/{rel}","templated":true}]}}