{"id":157514,"date":"2024-01-25T06:33:20","date_gmt":"2024-01-25T11:33:20","guid":{"rendered":"https:\/\/news.canadamotorjobs.com\/?p=157514"},"modified":"2024-01-25T06:43:52","modified_gmt":"2024-01-25T11:43:52","slug":"honda-passport-un-retour-en-2015","status":"publish","type":"post","link":"https:\/\/news.canadamotorjobs.com\/fr\/honda-passport-un-retour-en-2015\/","title":{"rendered":"Honda Passport: Un retour en 2015"},"content":{"rendered":"<\/p>\n<p>Si vous avez le go\u00fbt d\u2019un voyage dans le temps, mais vers 10 ans en arri\u00e8re, il y a diff\u00e9rentes fa\u00e7ons de le faire. D\u2019abord, vous pouvez essayer de vous construire une machine comme la Delorean de Retour vers le futur. Et bonne chance avec \u00e7a.<\/p>\n<p>Vous pouvez aussi mettre la main au volant d\u2019un Honda Passport, le VUS interm\u00e9diaire de Honda qui a tout ce qu\u2019il faut pour \u00eatre le meilleur v\u00e9hicule de sa cat\u00e9gorie\u2026 pour l\u2019ann\u00e9e 2015.<\/p>\n<p>Le Passport est un VUS d\u2019assez bon format, con\u00e7u pour accueillir confortablement cinq passagers. Et c\u2019est vrai\u00a0: il est tr\u00e8s confortable. Comme le veut la tradition chez Honda, l\u2019habitacle est bien insonoris\u00e9, la conduite est extr\u00eamement douce, et l\u2019habitacle a juste ce qu&#8217;il faut d\u2019espace utile pour accueillir sans trop les entasser quatre, ou m\u00eame cinq adultes.<\/p>\n<p>L\u00e0 o\u00f9 \u00e7a se g\u00e2te, c\u2019est partout ailleurs. Aussi bien sur le tableau de bord que sous le capot, en fait. Et ajoutons aussi, devant le bureau du vendeur, vu le prix demand\u00e9 pour ce v\u00e9hicule qui n\u2019offre rien de bien nouveau, ou m\u00eame de concurrentiel par rapport \u00e0 ce qui se vend ailleurs.<\/p>\n<p>D\u2019abord, rappelons que le Passport co\u00fbte, selon la version choisie, entre 50\u00a0000 et 58\u00a0000 dollars. C\u2019est beaucoup. On ne parle pas d\u2019un VUS sign\u00e9 Audi ou BMW, ici. Et pour ce prix, on obtient un VUS anim\u00e9 par un moteur V6 de 3,5 litres qui est presque le m\u00eame que Honda vendait au tournant du mill\u00e9naire.<\/p>\n<p>Bon, on exag\u00e8re, mais sur papier, c\u2019est pratiquement \u00e7a. Le V6 \u00e0 aspiration naturelle (il n\u2019y a rien de mal \u00e0 \u00e7a, cela dit) produit une puissance de 280 chevaux et un couple maximal de 262 livres-pied. Tout \u00e7a est transmis aux roues motrices par une bo\u00eete automatique \u00e0 9 rapports qui, elle, est tr\u00e8s moderne. Elle est combin\u00e9e \u00e0 un syst\u00e8me \u00e9lectronique de gestion variable du couple pour fournir au conducteur un rouage int\u00e9gral qui est, en fin de compte, le principal attrait du Passport.<\/p>\n<p>Apr\u00e8s tout \u00e7a, vous vous dites s\u00fbrement que le Passport a au moins le m\u00e9rite d\u2019\u00eatre assez puissant et performant pour rivaliser avec un Hyundai Santa Fe, ou m\u00eame une Subaru Outback\u2026 mais ce n\u2019est pas si simple. Le V6 utilis\u00e9 par Honda manque de muscle. On le croirait essouffl\u00e9 en permanence.<\/p>\n<p>Il n\u2019a pas, comme on dit en termes tr\u00e8s techniques, ce \u00ab\u00a0oumph\u00a0\u00bb qu\u2019on aimerait le voir d\u00e9ployer quand on a besoin d\u2019une acc\u00e9l\u00e9ration soudaine sur l\u2019autoroute. Si on avait \u00e0 dire, on dirait que la combinaison V6 et bo\u00eete \u00e0 9 rapports n\u2019est peut-\u00eatre pas optimale.<\/p>\n<p>Surtout qu\u2019\u00e0 la fin de la journ\u00e9e, on s\u2019en sort avec une consommation de presque 12 litres aux 100 kilom\u00e8tres, ce qui n\u2019est pas mieux que ce qu\u2019un VUS interm\u00e9diaire comparable faisait en 2015, en fin de compte\u2026<\/p>\n<p>\u00c0 bord aussi, on a rat\u00e9 quelques ann\u00e9es de mises \u00e0 niveau. Le syst\u00e8me multim\u00e9dia est une version simplifi\u00e9e d\u2019un syst\u00e8me que Honda et Acura utilisent depuis plus d\u2019une g\u00e9n\u00e9ration d\u00e9j\u00e0. L\u2019\u00e9cran est petit, l\u2019interface est dat\u00e9e et les interfaces CarPlay et Android Auto requi\u00e8rent une connexion USB.<\/p>\n<p>Bref, on n\u2019est pas en 2024, ici, mais \u00e0 une autre \u00e9poque. Une \u00e9poque qui ne suscite aucune nostalgie, en fait, ce qui ne fait rien pour aider la cause de Honda\u2026<\/p>\n<p>\u00a0<\/p>\n<p>Le texte <a rel=\"nofollow\" href=\"https:\/\/annuelauto.ca\/honda-passport-un-retour-en-2015\/\">Honda Passport: Un retour en 2015<\/a> provient de <a rel=\"nofollow\" href=\"https:\/\/annuelauto.ca\">L&#8217;annuel de l&#8217;automobile &#8211; Actualit\u00e9 automobile<\/a><\/p>\n<p><\/p>\n","protected":false},"excerpt":{"rendered":"<p>Si vous avez le go\u00fbt d\u2019un voyage dans le temps, mais vers 10 ans en arri\u00e8re, il y a diff\u00e9rentes fa\u00e7ons de le faire. D\u2019abord, vous pouvez essayer de vous construire une machine comme la Delorean de Retour vers le futur. Et bonne chance avec \u00e7a. Vous pouvez aussi mettre la main au volant d\u2019un [&hellip;]<\/p>\n","protected":false},"author":8,"featured_media":157516,"comment_status":"close","ping_status":"closed","sticky":false,"template":"","format":"standard","meta":{"_monsterinsights_skip_tracking":false,"_monsterinsights_sitenote_active":false,"_monsterinsights_sitenote_note":"","_monsterinsights_sitenote_category":0,"footnotes":""},"categories":[101],"tags":[],"yoast_head":"<!-- This site is optimized with the Yoast SEO plugin v23.2 - https:\/\/yoast.com\/wordpress\/plugins\/seo\/ -->\n<title>Honda Passport: Un retour en 2015 - CanadaMotorJobs.com<\/title>\n<meta name=\"description\" content=\"Honda Passport: Un retour en 2015 - Benoit Charette - Annuel automobile - CanadaMotorJobs.com.\" \/>\n<meta name=\"robots\" content=\"index, follow, max-snippet:-1, max-image-preview:large, max-video-preview:-1\" \/>\n<meta property=\"og:locale\" content=\"fr_CA\" \/>\n<meta property=\"og:type\" content=\"article\" \/>\n<meta property=\"og:title\" content=\"Honda Passport: Un retour en 2015 - CanadaMotorJobs.com\" \/>\n<meta property=\"og:description\" content=\"Honda Passport: Un retour en 2015 - Benoit Charette - Annuel automobile - CanadaMotorJobs.com.\" \/>\n<meta property=\"og:url\" content=\"https:\/\/news.canadamotorjobs.com\/fr\/honda-passport-un-retour-en-2015\/\" \/>\n<meta property=\"og:site_name\" content=\"CanadaMotorJobs.com\" \/>\n<meta property=\"article:publisher\" content=\"https:\/\/www.facebook.com\/canadamotorjobs\/\" \/>\n<meta property=\"article:published_time\" content=\"2024-01-25T11:33:20+00:00\" \/>\n<meta property=\"article:modified_time\" content=\"2024-01-25T11:43:52+00:00\" \/>\n<meta property=\"og:image\" content=\"https:\/\/news.canadamotorjobs.com\/wp-content\/uploads\/2024\/01\/04-2024-Honda-Passport-TrailSport1.jpg\" \/>\n\t<meta property=\"og:image:width\" content=\"1200\" \/>\n\t<meta property=\"og:image:height\" content=\"848\" \/>\n\t<meta property=\"og:image:type\" content=\"image\/jpeg\" \/>\n<meta name=\"author\" content=\"Benoit Charette\" \/>\n<meta name=\"twitter:card\" content=\"summary_large_image\" \/>\n<meta name=\"twitter:creator\" content=\"@canadamotorjobs\" \/>\n<meta name=\"twitter:site\" content=\"@canadamotorjobs\" \/>\n<meta name=\"twitter:label1\" content=\"\u00c9crit par\" \/>\n\t<meta name=\"twitter:data1\" content=\"Benoit Charette\" \/>\n\t<meta name=\"twitter:label2\" content=\"Estimation du temps de lecture\" \/>\n\t<meta name=\"twitter:data2\" content=\"3 minutes\" \/>\n<!-- \/ Yoast SEO plugin. -->","yoast_head_json":{"title":"Honda Passport: Un retour en 2015 - CanadaMotorJobs.com","description":"Honda Passport: Un retour en 2015 - Benoit Charette - Annuel automobile - CanadaMotorJobs.com.","robots":{"index":"index","follow":"follow","max-snippet":"max-snippet:-1","max-image-preview":"max-image-preview:large","max-video-preview":"max-video-preview:-1"},"og_locale":"fr_CA","og_type":"article","og_title":"Honda Passport: Un retour en 2015 - CanadaMotorJobs.com","og_description":"Honda Passport: Un retour en 2015 - Benoit Charette - Annuel automobile - CanadaMotorJobs.com.","og_url":"https:\/\/news.canadamotorjobs.com\/fr\/honda-passport-un-retour-en-2015\/","og_site_name":"CanadaMotorJobs.com","article_publisher":"https:\/\/www.facebook.com\/canadamotorjobs\/","article_published_time":"2024-01-25T11:33:20+00:00","article_modified_time":"2024-01-25T11:43:52+00:00","og_image":[{"width":1200,"height":848,"url":"https:\/\/news.canadamotorjobs.com\/wp-content\/uploads\/2024\/01\/04-2024-Honda-Passport-TrailSport1.jpg","type":"image\/jpeg"}],"author":"Benoit Charette","twitter_card":"summary_large_image","twitter_creator":"@canadamotorjobs","twitter_site":"@canadamotorjobs","twitter_misc":{"\u00c9crit par":"Benoit Charette","Estimation du temps de lecture":"3 minutes"},"schema":{"@context":"https:\/\/schema.org","@graph":[{"@type":"Article","@id":"https:\/\/news.canadamotorjobs.com\/fr\/honda-passport-un-retour-en-2015\/#article","isPartOf":{"@id":"https:\/\/news.canadamotorjobs.com\/fr\/honda-passport-un-retour-en-2015\/"},"author":{"name":"Benoit Charette","@id":"https:\/\/news.canadamotorjobs.com\/#\/schema\/person\/51793d1f87d44011d7bcc2ed99269a90"},"headline":"Honda Passport: Un retour en 2015","datePublished":"2024-01-25T11:33:20+00:00","dateModified":"2024-01-25T11:43:52+00:00","mainEntityOfPage":{"@id":"https:\/\/news.canadamotorjobs.com\/fr\/honda-passport-un-retour-en-2015\/"},"wordCount":627,"publisher":{"@id":"https:\/\/news.canadamotorjobs.com\/#organization"},"image":{"@id":"https:\/\/news.canadamotorjobs.com\/fr\/honda-passport-un-retour-en-2015\/#primaryimage"},"thumbnailUrl":"https:\/\/news.canadamotorjobs.com\/wp-content\/uploads\/2024\/01\/04-2024-Honda-Passport-TrailSport1.jpg","articleSection":["Annuel automobile"],"inLanguage":"fr-CA"},{"@type":"WebPage","@id":"https:\/\/news.canadamotorjobs.com\/fr\/honda-passport-un-retour-en-2015\/","url":"https:\/\/news.canadamotorjobs.com\/fr\/honda-passport-un-retour-en-2015\/","name":"Honda Passport: Un retour en 2015 - CanadaMotorJobs.com","isPartOf":{"@id":"https:\/\/news.canadamotorjobs.com\/#website"},"primaryImageOfPage":{"@id":"https:\/\/news.canadamotorjobs.com\/fr\/honda-passport-un-retour-en-2015\/#primaryimage"},"image":{"@id":"https:\/\/news.canadamotorjobs.com\/fr\/honda-passport-un-retour-en-2015\/#primaryimage"},"thumbnailUrl":"https:\/\/news.canadamotorjobs.com\/wp-content\/uploads\/2024\/01\/04-2024-Honda-Passport-TrailSport1.jpg","datePublished":"2024-01-25T11:33:20+00:00","dateModified":"2024-01-25T11:43:52+00:00","description":"Honda Passport: Un retour en 2015 - Benoit Charette - Annuel automobile - CanadaMotorJobs.com.","breadcrumb":{"@id":"https:\/\/news.canadamotorjobs.com\/fr\/honda-passport-un-retour-en-2015\/#breadcrumb"},"inLanguage":"fr-CA","potentialAction":[{"@type":"ReadAction","target":["https:\/\/news.canadamotorjobs.com\/fr\/honda-passport-un-retour-en-2015\/"]}]},{"@type":"ImageObject","inLanguage":"fr-CA","@id":"https:\/\/news.canadamotorjobs.com\/fr\/honda-passport-un-retour-en-2015\/#primaryimage","url":"https:\/\/news.canadamotorjobs.com\/wp-content\/uploads\/2024\/01\/04-2024-Honda-Passport-TrailSport1.jpg","contentUrl":"https:\/\/news.canadamotorjobs.com\/wp-content\/uploads\/2024\/01\/04-2024-Honda-Passport-TrailSport1.jpg","width":1200,"height":848},{"@type":"BreadcrumbList","@id":"https:\/\/news.canadamotorjobs.com\/fr\/honda-passport-un-retour-en-2015\/#breadcrumb","itemListElement":[{"@type":"ListItem","position":1,"name":"Home","item":"https:\/\/news.canadamotorjobs.com\/fr\/blog\/"},{"@type":"ListItem","position":2,"name":"Honda Passport: Un retour en 2015"}]},{"@type":"WebSite","@id":"https:\/\/news.canadamotorjobs.com\/#website","url":"https:\/\/news.canadamotorjobs.com\/","name":"CanadaMotorJobs.com","description":"Automotive Jobs","publisher":{"@id":"https:\/\/news.canadamotorjobs.com\/#organization"},"potentialAction":[{"@type":"SearchAction","target":{"@type":"EntryPoint","urlTemplate":"https:\/\/news.canadamotorjobs.com\/?s={search_term_string}"},"query-input":"required name=search_term_string"}],"inLanguage":"fr-CA"},{"@type":"Organization","@id":"https:\/\/news.canadamotorjobs.com\/#organization","name":"Canada Motor Jobs","url":"https:\/\/news.canadamotorjobs.com\/","logo":{"@type":"ImageObject","inLanguage":"fr-CA","@id":"https:\/\/news.canadamotorjobs.com\/#\/schema\/logo\/image\/","url":"https:\/\/news.canadamotorjobs.com\/wp-content\/uploads\/2022\/10\/logo-canada-motor-jobs-1.png","contentUrl":"https:\/\/news.canadamotorjobs.com\/wp-content\/uploads\/2022\/10\/logo-canada-motor-jobs-1.png","width":800,"height":400,"caption":"Canada Motor Jobs"},"image":{"@id":"https:\/\/news.canadamotorjobs.com\/#\/schema\/logo\/image\/"},"sameAs":["https:\/\/www.facebook.com\/canadamotorjobs\/","https:\/\/x.com\/canadamotorjobs","https:\/\/www.instagram.com\/canadamotorjobs\/","https:\/\/www.linkedin.com\/company\/canadamotorjobs"]},{"@type":"Person","@id":"https:\/\/news.canadamotorjobs.com\/#\/schema\/person\/51793d1f87d44011d7bcc2ed99269a90","name":"Benoit Charette","image":{"@type":"ImageObject","inLanguage":"fr-CA","@id":"https:\/\/news.canadamotorjobs.com\/#\/schema\/person\/image\/","url":"https:\/\/secure.gravatar.com\/avatar\/45f3d2eebcccd909668d7ce7ea7267b6?s=96&d=mm&r=g","contentUrl":"https:\/\/secure.gravatar.com\/avatar\/45f3d2eebcccd909668d7ce7ea7267b6?s=96&d=mm&r=g","caption":"Benoit Charette"},"description":"Benoit Charette \/ Propri\u00e9taire et r\u00e9dacteur en chef Benoit Charette pratique le journalisme automobile depuis bient\u00f4t 30 ans. Il a fait ses classes au c\u00f4t\u00e9 de Daniel H\u00e9raud et au Carnet de route de 1992 \u00e0 2001. Il est fondateur, copropri\u00e9taire et r\u00e9dacteur en chef de L\u2019Annuel de l\u2019automobile, qu\u2019il publie depuis 2001. Il a anim\u00e9 les \u00e9missions RPM et RPM+ sur V et les L\u00e9gendes de la route sur Historia. \u00c0 la radio depuis 1986, il reprend l\u2019antenne cette ann\u00e9e sur les ondes de Cogeco et participe pour la deuxi\u00e8me ann\u00e9e \u00e0 l\u2019\u00e9mission Passion Auto sur RDS en plus de mettre en ligne le site Web officiel de L\u2019Annuel de l\u2019automobile sur annuelauto.ca.","sameAs":["https:\/\/annuelauto.ca\/"],"url":"https:\/\/news.canadamotorjobs.com\/fr\/author\/benoit-charette\/"}]}},"_links":{"self":[{"href":"https:\/\/news.canadamotorjobs.com\/fr\/wp-json\/wp\/v2\/posts\/157514"}],"collection":[{"href":"https:\/\/news.canadamotorjobs.com\/fr\/wp-json\/wp\/v2\/posts"}],"about":[{"href":"https:\/\/news.canadamotorjobs.com\/fr\/wp-json\/wp\/v2\/types\/post"}],"author":[{"embeddable":true,"href":"https:\/\/news.canadamotorjobs.com\/fr\/wp-json\/wp\/v2\/users\/8"}],"replies":[{"embeddable":true,"href":"https:\/\/news.canadamotorjobs.com\/fr\/wp-json\/wp\/v2\/comments?post=157514"}],"version-history":[{"count":2,"href":"https:\/\/news.canadamotorjobs.com\/fr\/wp-json\/wp\/v2\/posts\/157514\/revisions"}],"predecessor-version":[{"id":157518,"href":"https:\/\/news.canadamotorjobs.com\/fr\/wp-json\/wp\/v2\/posts\/157514\/revisions\/157518"}],"wp:featuredmedia":[{"embeddable":true,"href":"https:\/\/news.canadamotorjobs.com\/fr\/wp-json\/wp\/v2\/media\/157516"}],"wp:attachment":[{"href":"https:\/\/news.canadamotorjobs.com\/fr\/wp-json\/wp\/v2\/media?parent=157514"}],"wp:term":[{"taxonomy":"category","embeddable":true,"href":"https:\/\/news.canadamotorjobs.com\/fr\/wp-json\/wp\/v2\/categories?post=157514"},{"taxonomy":"post_tag","embeddable":true,"href":"https:\/\/news.canadamotorjobs.com\/fr\/wp-json\/wp\/v2\/tags?post=157514"}],"curies":[{"name":"wp","href":"https:\/\/api.w.org\/{rel}","templated":true}]}}