{"id":157468,"date":"2024-01-25T06:25:54","date_gmt":"2024-01-25T11:25:54","guid":{"rendered":"https:\/\/news.canadamotorjobs.com\/?p=157468"},"modified":"2024-01-25T06:29:55","modified_gmt":"2024-01-25T11:29:55","slug":"projet-redwood-le-fameux-model-2-de-tesla-prevu-pour-la-mi-2025","status":"publish","type":"post","link":"https:\/\/news.canadamotorjobs.com\/fr\/projet-redwood-le-fameux-model-2-de-tesla-prevu-pour-la-mi-2025\/","title":{"rendered":"Projet Redwood\u00a0: le fameux Model 2 de Tesla pr\u00e9vu pour la mi-2025?"},"content":{"rendered":"<\/p>\n<p>Selon un rapport de l\u2019agence am\u00e9ricaine Reuters il y a quelques jours, Tesla serait en train de sonder ses fournisseurs pour trouver les pi\u00e8ces qui lui permettront de construire, \u00e0 partir de la deuxi\u00e8me moiti\u00e9 de 2025, un nouveau mod\u00e8le de voiture \u00e9lectrique dont le prix de d\u00e9tail avoisinerait les 25 000 $US. C\u2019est, en gros, un mod\u00e8le que la rumeur appelle le Model 2, mais que Tesla, \u00e0 l\u2019interne, appellerait son projet Redwood.<\/p>\n<p>On ne sait pas trop quelle forme prendrait ce nouveau mod\u00e8le, mais selon des sources anonymes cit\u00e9es par Reuters, on aurait droit \u00e0 un plus petit v\u00e9hicule de format familial, ce qu\u2019on appelle un \u00abcrossover\u00bb en anglais, mais qui serait un peu plus petit que le Model Y. Le Model Y, doit-on le rappeler, est le v\u00e9hicule \u00e9lectrique le plus vendu sur la plan\u00e8te (si ce n\u2019est pas le v\u00e9hicule tout court le plus vendu dans le monde).<\/p>\n<p>Si le Model Y est tr\u00e8s populaire, Tesla n\u2019est plus, elle, la marque de voitures \u00e9lectriques la plus populaire sur la plan\u00e8te. Elle vient d\u2019\u00eatre d\u00e9pass\u00e9e par BYD, une marque chinoise mais qui appartient \u00e0 60% \u00e0 des int\u00e9r\u00eats am\u00e9ricains, dont le principal est le fonds d\u2019investissement Berkshire Hathaway, du milliardaire homme d\u2019affaire Warren Buffett.<\/p>\n<p>BYD est en train de se positionner pour investir le march\u00e9 am\u00e9ricain avec ses v\u00e9hicules \u00e9lectriques plus abordables que les Tesla, ce qui fait \u00e9videmment r\u00e9agir Elon Musk.<\/p>\n<p>Ce dernier promet un v\u00e9hicule \u00e9lectrique de 25\u00a0000 $US depuis 2020, mais \u00e7a a pris du temps \u00e0 se concr\u00e9tiser pour plein de raisons. Tesla n\u2019est pas le seul groupe am\u00e9ricain \u00e0 avoir de la mis\u00e8re \u00e0 r\u00e9duire le prix de vente de ses v\u00e9hicules \u00e9lectriques. M\u00eame GM, qui promettait un Equinox EV \u00e0 30\u00a0000 $CA d\u00e8s l\u2019an dernier, n\u2019a pas encore vraiment rempli cette promesse-l\u00e0.<\/p>\n<p>La bonne nouvelle, dans tout \u00e7a, c\u2019est qu\u2019on sent un int\u00e9r\u00eat soudain des constructeurs envers des v\u00e9hicules \u00e9lectriques dont le prix ne sera pas plus \u00e9lev\u00e9 que celui de v\u00e9hicules \u00e0 essence comparables.<\/p>\n<p>\u00a0<\/p>\n<p>\u00a0<\/p>\n<p>Le texte <a rel=\"nofollow\" href=\"https:\/\/annuelauto.ca\/projet-redwood-le-fameux-model-2-de-tesla-prevu-pour-la-mi-2025\/\">Projet Redwood\u00a0: le fameux Model 2 de Tesla pr\u00e9vu pour la mi-2025?<\/a> provient de <a rel=\"nofollow\" href=\"https:\/\/annuelauto.ca\">L&#8217;annuel de l&#8217;automobile &#8211; Actualit\u00e9 automobile<\/a><\/p>\n<p><\/p>\n","protected":false},"excerpt":{"rendered":"<p>Selon un rapport de l\u2019agence am\u00e9ricaine Reuters il y a quelques jours, Tesla serait en train de sonder ses fournisseurs pour trouver les pi\u00e8ces qui lui permettront de construire, \u00e0 partir de la deuxi\u00e8me moiti\u00e9 de 2025, un nouveau mod\u00e8le de voiture \u00e9lectrique dont le prix de d\u00e9tail avoisinerait les 25 000 $US. C\u2019est, en [&hellip;]<\/p>\n","protected":false},"author":8,"featured_media":157470,"comment_status":"close","ping_status":"closed","sticky":false,"template":"","format":"standard","meta":{"_monsterinsights_skip_tracking":false,"_monsterinsights_sitenote_active":false,"_monsterinsights_sitenote_note":"","_monsterinsights_sitenote_category":0,"footnotes":""},"categories":[101],"tags":[],"yoast_head":"<!-- This site is optimized with the Yoast SEO plugin v23.2 - https:\/\/yoast.com\/wordpress\/plugins\/seo\/ -->\n<title>Projet Redwood\u00a0: le fameux Model 2 de Tesla pr\u00e9vu pour la mi-2025? - CanadaMotorJobs.com<\/title>\n<meta name=\"description\" content=\"Projet Redwood\u00a0: le fameux Model 2 de Tesla pr\u00e9vu pour la mi-2025? - Benoit Charette - Annuel automobile - CanadaMotorJobs.com.\" \/>\n<meta name=\"robots\" content=\"index, follow, max-snippet:-1, max-image-preview:large, max-video-preview:-1\" \/>\n<meta property=\"og:locale\" content=\"fr_CA\" \/>\n<meta property=\"og:type\" content=\"article\" \/>\n<meta property=\"og:title\" content=\"Projet Redwood\u00a0: le fameux Model 2 de Tesla pr\u00e9vu pour la mi-2025? - CanadaMotorJobs.com\" \/>\n<meta property=\"og:description\" content=\"Projet Redwood\u00a0: le fameux Model 2 de Tesla pr\u00e9vu pour la mi-2025? - Benoit Charette - Annuel automobile - CanadaMotorJobs.com.\" \/>\n<meta property=\"og:url\" content=\"https:\/\/news.canadamotorjobs.com\/fr\/projet-redwood-le-fameux-model-2-de-tesla-prevu-pour-la-mi-2025\/\" \/>\n<meta property=\"og:site_name\" content=\"CanadaMotorJobs.com\" \/>\n<meta property=\"article:publisher\" content=\"https:\/\/www.facebook.com\/canadamotorjobs\/\" \/>\n<meta property=\"article:published_time\" content=\"2024-01-25T11:25:54+00:00\" \/>\n<meta property=\"article:modified_time\" content=\"2024-01-25T11:29:55+00:00\" \/>\n<meta property=\"og:image\" content=\"https:\/\/news.canadamotorjobs.com\/wp-content\/uploads\/2024\/01\/arenaev_003.jpg\" \/>\n\t<meta property=\"og:image:width\" content=\"1200\" \/>\n\t<meta property=\"og:image:height\" content=\"575\" \/>\n\t<meta property=\"og:image:type\" content=\"image\/jpeg\" \/>\n<meta name=\"author\" content=\"Benoit Charette\" \/>\n<meta name=\"twitter:card\" content=\"summary_large_image\" \/>\n<meta name=\"twitter:creator\" content=\"@canadamotorjobs\" \/>\n<meta name=\"twitter:site\" content=\"@canadamotorjobs\" \/>\n<meta name=\"twitter:label1\" content=\"\u00c9crit par\" \/>\n\t<meta name=\"twitter:data1\" content=\"Benoit Charette\" \/>\n\t<meta name=\"twitter:label2\" content=\"Estimation du temps de lecture\" \/>\n\t<meta name=\"twitter:data2\" content=\"2 minutes\" \/>\n<!-- \/ Yoast SEO plugin. -->","yoast_head_json":{"title":"Projet Redwood\u00a0: le fameux Model 2 de Tesla pr\u00e9vu pour la mi-2025? - CanadaMotorJobs.com","description":"Projet Redwood\u00a0: le fameux Model 2 de Tesla pr\u00e9vu pour la mi-2025? - Benoit Charette - Annuel automobile - CanadaMotorJobs.com.","robots":{"index":"index","follow":"follow","max-snippet":"max-snippet:-1","max-image-preview":"max-image-preview:large","max-video-preview":"max-video-preview:-1"},"og_locale":"fr_CA","og_type":"article","og_title":"Projet Redwood\u00a0: le fameux Model 2 de Tesla pr\u00e9vu pour la mi-2025? - CanadaMotorJobs.com","og_description":"Projet Redwood\u00a0: le fameux Model 2 de Tesla pr\u00e9vu pour la mi-2025? - Benoit Charette - Annuel automobile - CanadaMotorJobs.com.","og_url":"https:\/\/news.canadamotorjobs.com\/fr\/projet-redwood-le-fameux-model-2-de-tesla-prevu-pour-la-mi-2025\/","og_site_name":"CanadaMotorJobs.com","article_publisher":"https:\/\/www.facebook.com\/canadamotorjobs\/","article_published_time":"2024-01-25T11:25:54+00:00","article_modified_time":"2024-01-25T11:29:55+00:00","og_image":[{"width":1200,"height":575,"url":"https:\/\/news.canadamotorjobs.com\/wp-content\/uploads\/2024\/01\/arenaev_003.jpg","type":"image\/jpeg"}],"author":"Benoit Charette","twitter_card":"summary_large_image","twitter_creator":"@canadamotorjobs","twitter_site":"@canadamotorjobs","twitter_misc":{"\u00c9crit par":"Benoit Charette","Estimation du temps de lecture":"2 minutes"},"schema":{"@context":"https:\/\/schema.org","@graph":[{"@type":"Article","@id":"https:\/\/news.canadamotorjobs.com\/fr\/projet-redwood-le-fameux-model-2-de-tesla-prevu-pour-la-mi-2025\/#article","isPartOf":{"@id":"https:\/\/news.canadamotorjobs.com\/fr\/projet-redwood-le-fameux-model-2-de-tesla-prevu-pour-la-mi-2025\/"},"author":{"name":"Benoit Charette","@id":"https:\/\/news.canadamotorjobs.com\/#\/schema\/person\/51793d1f87d44011d7bcc2ed99269a90"},"headline":"Projet Redwood\u00a0: le fameux Model 2 de Tesla pr\u00e9vu pour la mi-2025?","datePublished":"2024-01-25T11:25:54+00:00","dateModified":"2024-01-25T11:29:55+00:00","mainEntityOfPage":{"@id":"https:\/\/news.canadamotorjobs.com\/fr\/projet-redwood-le-fameux-model-2-de-tesla-prevu-pour-la-mi-2025\/"},"wordCount":400,"publisher":{"@id":"https:\/\/news.canadamotorjobs.com\/#organization"},"image":{"@id":"https:\/\/news.canadamotorjobs.com\/fr\/projet-redwood-le-fameux-model-2-de-tesla-prevu-pour-la-mi-2025\/#primaryimage"},"thumbnailUrl":"https:\/\/news.canadamotorjobs.com\/wp-content\/uploads\/2024\/01\/arenaev_003.jpg","articleSection":["Annuel automobile"],"inLanguage":"fr-CA"},{"@type":"WebPage","@id":"https:\/\/news.canadamotorjobs.com\/fr\/projet-redwood-le-fameux-model-2-de-tesla-prevu-pour-la-mi-2025\/","url":"https:\/\/news.canadamotorjobs.com\/fr\/projet-redwood-le-fameux-model-2-de-tesla-prevu-pour-la-mi-2025\/","name":"Projet Redwood\u00a0: le fameux Model 2 de Tesla pr\u00e9vu pour la mi-2025? - CanadaMotorJobs.com","isPartOf":{"@id":"https:\/\/news.canadamotorjobs.com\/#website"},"primaryImageOfPage":{"@id":"https:\/\/news.canadamotorjobs.com\/fr\/projet-redwood-le-fameux-model-2-de-tesla-prevu-pour-la-mi-2025\/#primaryimage"},"image":{"@id":"https:\/\/news.canadamotorjobs.com\/fr\/projet-redwood-le-fameux-model-2-de-tesla-prevu-pour-la-mi-2025\/#primaryimage"},"thumbnailUrl":"https:\/\/news.canadamotorjobs.com\/wp-content\/uploads\/2024\/01\/arenaev_003.jpg","datePublished":"2024-01-25T11:25:54+00:00","dateModified":"2024-01-25T11:29:55+00:00","description":"Projet Redwood\u00a0: le fameux Model 2 de Tesla pr\u00e9vu pour la mi-2025? - Benoit Charette - Annuel automobile - CanadaMotorJobs.com.","breadcrumb":{"@id":"https:\/\/news.canadamotorjobs.com\/fr\/projet-redwood-le-fameux-model-2-de-tesla-prevu-pour-la-mi-2025\/#breadcrumb"},"inLanguage":"fr-CA","potentialAction":[{"@type":"ReadAction","target":["https:\/\/news.canadamotorjobs.com\/fr\/projet-redwood-le-fameux-model-2-de-tesla-prevu-pour-la-mi-2025\/"]}]},{"@type":"ImageObject","inLanguage":"fr-CA","@id":"https:\/\/news.canadamotorjobs.com\/fr\/projet-redwood-le-fameux-model-2-de-tesla-prevu-pour-la-mi-2025\/#primaryimage","url":"https:\/\/news.canadamotorjobs.com\/wp-content\/uploads\/2024\/01\/arenaev_003.jpg","contentUrl":"https:\/\/news.canadamotorjobs.com\/wp-content\/uploads\/2024\/01\/arenaev_003.jpg","width":1200,"height":575},{"@type":"BreadcrumbList","@id":"https:\/\/news.canadamotorjobs.com\/fr\/projet-redwood-le-fameux-model-2-de-tesla-prevu-pour-la-mi-2025\/#breadcrumb","itemListElement":[{"@type":"ListItem","position":1,"name":"Home","item":"https:\/\/news.canadamotorjobs.com\/fr\/blog\/"},{"@type":"ListItem","position":2,"name":"Projet Redwood\u00a0: le fameux Model 2 de Tesla pr\u00e9vu pour la mi-2025?"}]},{"@type":"WebSite","@id":"https:\/\/news.canadamotorjobs.com\/#website","url":"https:\/\/news.canadamotorjobs.com\/","name":"CanadaMotorJobs.com","description":"Automotive Jobs","publisher":{"@id":"https:\/\/news.canadamotorjobs.com\/#organization"},"potentialAction":[{"@type":"SearchAction","target":{"@type":"EntryPoint","urlTemplate":"https:\/\/news.canadamotorjobs.com\/?s={search_term_string}"},"query-input":"required name=search_term_string"}],"inLanguage":"fr-CA"},{"@type":"Organization","@id":"https:\/\/news.canadamotorjobs.com\/#organization","name":"Canada Motor Jobs","url":"https:\/\/news.canadamotorjobs.com\/","logo":{"@type":"ImageObject","inLanguage":"fr-CA","@id":"https:\/\/news.canadamotorjobs.com\/#\/schema\/logo\/image\/","url":"https:\/\/news.canadamotorjobs.com\/wp-content\/uploads\/2022\/10\/logo-canada-motor-jobs-1.png","contentUrl":"https:\/\/news.canadamotorjobs.com\/wp-content\/uploads\/2022\/10\/logo-canada-motor-jobs-1.png","width":800,"height":400,"caption":"Canada Motor Jobs"},"image":{"@id":"https:\/\/news.canadamotorjobs.com\/#\/schema\/logo\/image\/"},"sameAs":["https:\/\/www.facebook.com\/canadamotorjobs\/","https:\/\/x.com\/canadamotorjobs","https:\/\/www.instagram.com\/canadamotorjobs\/","https:\/\/www.linkedin.com\/company\/canadamotorjobs"]},{"@type":"Person","@id":"https:\/\/news.canadamotorjobs.com\/#\/schema\/person\/51793d1f87d44011d7bcc2ed99269a90","name":"Benoit Charette","image":{"@type":"ImageObject","inLanguage":"fr-CA","@id":"https:\/\/news.canadamotorjobs.com\/#\/schema\/person\/image\/","url":"https:\/\/secure.gravatar.com\/avatar\/45f3d2eebcccd909668d7ce7ea7267b6?s=96&d=mm&r=g","contentUrl":"https:\/\/secure.gravatar.com\/avatar\/45f3d2eebcccd909668d7ce7ea7267b6?s=96&d=mm&r=g","caption":"Benoit Charette"},"description":"Benoit Charette \/ Propri\u00e9taire et r\u00e9dacteur en chef Benoit Charette pratique le journalisme automobile depuis bient\u00f4t 30 ans. Il a fait ses classes au c\u00f4t\u00e9 de Daniel H\u00e9raud et au Carnet de route de 1992 \u00e0 2001. Il est fondateur, copropri\u00e9taire et r\u00e9dacteur en chef de L\u2019Annuel de l\u2019automobile, qu\u2019il publie depuis 2001. Il a anim\u00e9 les \u00e9missions RPM et RPM+ sur V et les L\u00e9gendes de la route sur Historia. \u00c0 la radio depuis 1986, il reprend l\u2019antenne cette ann\u00e9e sur les ondes de Cogeco et participe pour la deuxi\u00e8me ann\u00e9e \u00e0 l\u2019\u00e9mission Passion Auto sur RDS en plus de mettre en ligne le site Web officiel de L\u2019Annuel de l\u2019automobile sur annuelauto.ca.","sameAs":["https:\/\/annuelauto.ca\/"],"url":"https:\/\/news.canadamotorjobs.com\/fr\/author\/benoit-charette\/"}]}},"_links":{"self":[{"href":"https:\/\/news.canadamotorjobs.com\/fr\/wp-json\/wp\/v2\/posts\/157468"}],"collection":[{"href":"https:\/\/news.canadamotorjobs.com\/fr\/wp-json\/wp\/v2\/posts"}],"about":[{"href":"https:\/\/news.canadamotorjobs.com\/fr\/wp-json\/wp\/v2\/types\/post"}],"author":[{"embeddable":true,"href":"https:\/\/news.canadamotorjobs.com\/fr\/wp-json\/wp\/v2\/users\/8"}],"replies":[{"embeddable":true,"href":"https:\/\/news.canadamotorjobs.com\/fr\/wp-json\/wp\/v2\/comments?post=157468"}],"version-history":[{"count":2,"href":"https:\/\/news.canadamotorjobs.com\/fr\/wp-json\/wp\/v2\/posts\/157468\/revisions"}],"predecessor-version":[{"id":157472,"href":"https:\/\/news.canadamotorjobs.com\/fr\/wp-json\/wp\/v2\/posts\/157468\/revisions\/157472"}],"wp:featuredmedia":[{"embeddable":true,"href":"https:\/\/news.canadamotorjobs.com\/fr\/wp-json\/wp\/v2\/media\/157470"}],"wp:attachment":[{"href":"https:\/\/news.canadamotorjobs.com\/fr\/wp-json\/wp\/v2\/media?parent=157468"}],"wp:term":[{"taxonomy":"category","embeddable":true,"href":"https:\/\/news.canadamotorjobs.com\/fr\/wp-json\/wp\/v2\/categories?post=157468"},{"taxonomy":"post_tag","embeddable":true,"href":"https:\/\/news.canadamotorjobs.com\/fr\/wp-json\/wp\/v2\/tags?post=157468"}],"curies":[{"name":"wp","href":"https:\/\/api.w.org\/{rel}","templated":true}]}}