{"id":157445,"date":"2024-01-25T06:12:28","date_gmt":"2024-01-25T11:12:28","guid":{"rendered":"https:\/\/news.canadamotorjobs.com\/?p=157445"},"modified":"2024-01-25T06:14:03","modified_gmt":"2024-01-25T11:14:03","slug":"des-nouvelles-de-lapple-car","status":"publish","type":"post","link":"https:\/\/news.canadamotorjobs.com\/fr\/des-nouvelles-de-lapple-car\/","title":{"rendered":"Des nouvelles de l\u2019Apple Car!"},"content":{"rendered":"<\/p>\n<p>Le projet Titan, comme on appelait il y a quelques ann\u00e9es le projet secret d\u2019Apple qui consistait \u00e0 d\u00e9velopper de toutes pi\u00e8ces une voiture \u00e9lectrique, probablement autonome et \u00e0 l\u2019image de ses propres produits, n\u2019est pas aussi mort qu\u2019on le croit. En tout cas, des rumeurs qui circulent ces jours-ci laissent entendre qu\u2019Apple aurait toujours une certaine ambition du c\u00f4t\u00e9 automobile, m\u00eame si ces ambitions sont aujourd\u2019hui beaucoup moins grandes qu\u2019avant la pand\u00e9mie.<\/p>\n<p>En tout ce, ce qui fait jaser du c\u00f4t\u00e9 technologique est la rumeur relanc\u00e9e par Bloomberg selon laquelle Apple pourrait commercialiser une voiture quelque part en 2028, ce qui, si vous suivez les rumeurs, arrive deux ans plus tard que que ce qui aurait \u00e9t\u00e9 initialement pr\u00e9vu.<\/p>\n<p>La raison suppos\u00e9e de ce retard est qu\u2019Apple ne serait pas parvenue \u00e0 d\u00e9velopper un syst\u00e8me de conduite autonome \u00e0 la hauteur de sa satisfaction, et qu\u2019en cons\u00e9quence il aura fallu d\u00e9velopper un autre syst\u00e8me de niveau 2, moins sophistiqu\u00e9 celui-l\u00e0, qui ressemble essentiellement \u00e0 ce que proposent d\u00e9j\u00e0 General Motors et Tesla.<\/p>\n<p>De toute fa\u00e7on, on ne sait pas encore o\u00f9 l\u2019Apple Car aurait pu d\u00e9ployer une conduite autonome de niveau 3 ou plus. Mercedes-Benz a d\u00e9voil\u00e9 un concept CLA au CES au d\u00e9but janvier qui aura une conduite autonome de niveau 3, mais elle ne sera fonctionnelle que sur quelques rares bout d\u2019autoroutes au Nevada et en Californie.<\/p>\n<p>Bref, voil\u00e0 un autre dossier myst\u00e8re entourant Apple qui est \u00e0 suivre\u2026 Rappelons, pour la petite histoire, qu\u2019on promettait il y a 15 qu\u2019Apple lancerait son propre t\u00e9l\u00e9viseur 4K de tr\u00e8s grand format et que \u00e7a ne s\u2019est jamais produit. Donc, tout peut arriver.<\/p>\n<p>Entre temps, Sony et Google pourraient eux aussi lancer leurs propres v\u00e9hicules \u00e9lectriques et autonomes, en fait. Et comme on dit, il n\u2019y a pas de fum\u00e9e sans feu\u2026<\/p>\n<p>\u00a0<\/p>\n<p>Le texte <a rel=\"nofollow\" href=\"https:\/\/annuelauto.ca\/des-nouvelles-de-lapple-car\/\">Des nouvelles de l\u2019Apple Car!<\/a> provient de <a rel=\"nofollow\" href=\"https:\/\/annuelauto.ca\">L&#8217;annuel de l&#8217;automobile &#8211; Actualit\u00e9 automobile<\/a><\/p>\n<p><\/p>\n","protected":false},"excerpt":{"rendered":"<p>Le projet Titan, comme on appelait il y a quelques ann\u00e9es le projet secret d\u2019Apple qui consistait \u00e0 d\u00e9velopper de toutes pi\u00e8ces une voiture \u00e9lectrique, probablement autonome et \u00e0 l\u2019image de ses propres produits, n\u2019est pas aussi mort qu\u2019on le croit. En tout cas, des rumeurs qui circulent ces jours-ci laissent entendre qu\u2019Apple aurait toujours [&hellip;]<\/p>\n","protected":false},"author":8,"featured_media":157447,"comment_status":"close","ping_status":"closed","sticky":false,"template":"","format":"standard","meta":{"_monsterinsights_skip_tracking":false,"_monsterinsights_sitenote_active":false,"_monsterinsights_sitenote_note":"","_monsterinsights_sitenote_category":0,"footnotes":""},"categories":[101],"tags":[],"yoast_head":"<!-- This site is optimized with the Yoast SEO plugin v23.2 - https:\/\/yoast.com\/wordpress\/plugins\/seo\/ -->\n<title>Des nouvelles de l\u2019Apple Car! - CanadaMotorJobs.com<\/title>\n<meta name=\"description\" content=\"Des nouvelles de l\u2019Apple Car! - Benoit Charette - Annuel automobile - CanadaMotorJobs.com.\" \/>\n<meta name=\"robots\" content=\"index, follow, max-snippet:-1, max-image-preview:large, max-video-preview:-1\" \/>\n<meta property=\"og:locale\" content=\"fr_CA\" \/>\n<meta property=\"og:type\" content=\"article\" \/>\n<meta property=\"og:title\" content=\"Des nouvelles de l\u2019Apple Car! - CanadaMotorJobs.com\" \/>\n<meta property=\"og:description\" content=\"Des nouvelles de l\u2019Apple Car! - Benoit Charette - Annuel automobile - CanadaMotorJobs.com.\" \/>\n<meta property=\"og:url\" content=\"https:\/\/news.canadamotorjobs.com\/fr\/des-nouvelles-de-lapple-car\/\" \/>\n<meta property=\"og:site_name\" content=\"CanadaMotorJobs.com\" \/>\n<meta property=\"article:publisher\" content=\"https:\/\/www.facebook.com\/canadamotorjobs\/\" \/>\n<meta property=\"article:published_time\" content=\"2024-01-25T11:12:28+00:00\" \/>\n<meta property=\"article:modified_time\" content=\"2024-01-25T11:14:03+00:00\" \/>\n<meta property=\"og:image\" content=\"https:\/\/news.canadamotorjobs.com\/wp-content\/uploads\/2024\/01\/ai-rendering-of-the-apple-car.jpg\" \/>\n\t<meta property=\"og:image:width\" content=\"1280\" \/>\n\t<meta property=\"og:image:height\" content=\"720\" \/>\n\t<meta property=\"og:image:type\" content=\"image\/jpeg\" \/>\n<meta name=\"author\" content=\"Benoit Charette\" \/>\n<meta name=\"twitter:card\" content=\"summary_large_image\" \/>\n<meta name=\"twitter:creator\" content=\"@canadamotorjobs\" \/>\n<meta name=\"twitter:site\" content=\"@canadamotorjobs\" \/>\n<meta name=\"twitter:label1\" content=\"\u00c9crit par\" \/>\n\t<meta name=\"twitter:data1\" content=\"Benoit Charette\" \/>\n\t<meta name=\"twitter:label2\" content=\"Estimation du temps de lecture\" \/>\n\t<meta name=\"twitter:data2\" content=\"2 minutes\" \/>\n<!-- \/ Yoast SEO plugin. -->","yoast_head_json":{"title":"Des nouvelles de l\u2019Apple Car! - CanadaMotorJobs.com","description":"Des nouvelles de l\u2019Apple Car! - Benoit Charette - Annuel automobile - CanadaMotorJobs.com.","robots":{"index":"index","follow":"follow","max-snippet":"max-snippet:-1","max-image-preview":"max-image-preview:large","max-video-preview":"max-video-preview:-1"},"og_locale":"fr_CA","og_type":"article","og_title":"Des nouvelles de l\u2019Apple Car! - CanadaMotorJobs.com","og_description":"Des nouvelles de l\u2019Apple Car! - Benoit Charette - Annuel automobile - CanadaMotorJobs.com.","og_url":"https:\/\/news.canadamotorjobs.com\/fr\/des-nouvelles-de-lapple-car\/","og_site_name":"CanadaMotorJobs.com","article_publisher":"https:\/\/www.facebook.com\/canadamotorjobs\/","article_published_time":"2024-01-25T11:12:28+00:00","article_modified_time":"2024-01-25T11:14:03+00:00","og_image":[{"width":1280,"height":720,"url":"https:\/\/news.canadamotorjobs.com\/wp-content\/uploads\/2024\/01\/ai-rendering-of-the-apple-car.jpg","type":"image\/jpeg"}],"author":"Benoit Charette","twitter_card":"summary_large_image","twitter_creator":"@canadamotorjobs","twitter_site":"@canadamotorjobs","twitter_misc":{"\u00c9crit par":"Benoit Charette","Estimation du temps de lecture":"2 minutes"},"schema":{"@context":"https:\/\/schema.org","@graph":[{"@type":"Article","@id":"https:\/\/news.canadamotorjobs.com\/fr\/des-nouvelles-de-lapple-car\/#article","isPartOf":{"@id":"https:\/\/news.canadamotorjobs.com\/fr\/des-nouvelles-de-lapple-car\/"},"author":{"name":"Benoit Charette","@id":"https:\/\/news.canadamotorjobs.com\/#\/schema\/person\/51793d1f87d44011d7bcc2ed99269a90"},"headline":"Des nouvelles de l\u2019Apple Car!","datePublished":"2024-01-25T11:12:28+00:00","dateModified":"2024-01-25T11:14:03+00:00","mainEntityOfPage":{"@id":"https:\/\/news.canadamotorjobs.com\/fr\/des-nouvelles-de-lapple-car\/"},"wordCount":357,"publisher":{"@id":"https:\/\/news.canadamotorjobs.com\/#organization"},"image":{"@id":"https:\/\/news.canadamotorjobs.com\/fr\/des-nouvelles-de-lapple-car\/#primaryimage"},"thumbnailUrl":"https:\/\/news.canadamotorjobs.com\/wp-content\/uploads\/2024\/01\/ai-rendering-of-the-apple-car.jpg","articleSection":["Annuel automobile"],"inLanguage":"fr-CA"},{"@type":"WebPage","@id":"https:\/\/news.canadamotorjobs.com\/fr\/des-nouvelles-de-lapple-car\/","url":"https:\/\/news.canadamotorjobs.com\/fr\/des-nouvelles-de-lapple-car\/","name":"Des nouvelles de l\u2019Apple Car! - CanadaMotorJobs.com","isPartOf":{"@id":"https:\/\/news.canadamotorjobs.com\/#website"},"primaryImageOfPage":{"@id":"https:\/\/news.canadamotorjobs.com\/fr\/des-nouvelles-de-lapple-car\/#primaryimage"},"image":{"@id":"https:\/\/news.canadamotorjobs.com\/fr\/des-nouvelles-de-lapple-car\/#primaryimage"},"thumbnailUrl":"https:\/\/news.canadamotorjobs.com\/wp-content\/uploads\/2024\/01\/ai-rendering-of-the-apple-car.jpg","datePublished":"2024-01-25T11:12:28+00:00","dateModified":"2024-01-25T11:14:03+00:00","description":"Des nouvelles de l\u2019Apple Car! - Benoit Charette - Annuel automobile - CanadaMotorJobs.com.","breadcrumb":{"@id":"https:\/\/news.canadamotorjobs.com\/fr\/des-nouvelles-de-lapple-car\/#breadcrumb"},"inLanguage":"fr-CA","potentialAction":[{"@type":"ReadAction","target":["https:\/\/news.canadamotorjobs.com\/fr\/des-nouvelles-de-lapple-car\/"]}]},{"@type":"ImageObject","inLanguage":"fr-CA","@id":"https:\/\/news.canadamotorjobs.com\/fr\/des-nouvelles-de-lapple-car\/#primaryimage","url":"https:\/\/news.canadamotorjobs.com\/wp-content\/uploads\/2024\/01\/ai-rendering-of-the-apple-car.jpg","contentUrl":"https:\/\/news.canadamotorjobs.com\/wp-content\/uploads\/2024\/01\/ai-rendering-of-the-apple-car.jpg","width":1280,"height":720},{"@type":"BreadcrumbList","@id":"https:\/\/news.canadamotorjobs.com\/fr\/des-nouvelles-de-lapple-car\/#breadcrumb","itemListElement":[{"@type":"ListItem","position":1,"name":"Home","item":"https:\/\/news.canadamotorjobs.com\/fr\/blog\/"},{"@type":"ListItem","position":2,"name":"Des nouvelles de l\u2019Apple Car!"}]},{"@type":"WebSite","@id":"https:\/\/news.canadamotorjobs.com\/#website","url":"https:\/\/news.canadamotorjobs.com\/","name":"CanadaMotorJobs.com","description":"Automotive Jobs","publisher":{"@id":"https:\/\/news.canadamotorjobs.com\/#organization"},"potentialAction":[{"@type":"SearchAction","target":{"@type":"EntryPoint","urlTemplate":"https:\/\/news.canadamotorjobs.com\/?s={search_term_string}"},"query-input":"required name=search_term_string"}],"inLanguage":"fr-CA"},{"@type":"Organization","@id":"https:\/\/news.canadamotorjobs.com\/#organization","name":"Canada Motor Jobs","url":"https:\/\/news.canadamotorjobs.com\/","logo":{"@type":"ImageObject","inLanguage":"fr-CA","@id":"https:\/\/news.canadamotorjobs.com\/#\/schema\/logo\/image\/","url":"https:\/\/news.canadamotorjobs.com\/wp-content\/uploads\/2022\/10\/logo-canada-motor-jobs-1.png","contentUrl":"https:\/\/news.canadamotorjobs.com\/wp-content\/uploads\/2022\/10\/logo-canada-motor-jobs-1.png","width":800,"height":400,"caption":"Canada Motor Jobs"},"image":{"@id":"https:\/\/news.canadamotorjobs.com\/#\/schema\/logo\/image\/"},"sameAs":["https:\/\/www.facebook.com\/canadamotorjobs\/","https:\/\/x.com\/canadamotorjobs","https:\/\/www.instagram.com\/canadamotorjobs\/","https:\/\/www.linkedin.com\/company\/canadamotorjobs"]},{"@type":"Person","@id":"https:\/\/news.canadamotorjobs.com\/#\/schema\/person\/51793d1f87d44011d7bcc2ed99269a90","name":"Benoit Charette","image":{"@type":"ImageObject","inLanguage":"fr-CA","@id":"https:\/\/news.canadamotorjobs.com\/#\/schema\/person\/image\/","url":"https:\/\/secure.gravatar.com\/avatar\/45f3d2eebcccd909668d7ce7ea7267b6?s=96&d=mm&r=g","contentUrl":"https:\/\/secure.gravatar.com\/avatar\/45f3d2eebcccd909668d7ce7ea7267b6?s=96&d=mm&r=g","caption":"Benoit Charette"},"description":"Benoit Charette \/ Propri\u00e9taire et r\u00e9dacteur en chef Benoit Charette pratique le journalisme automobile depuis bient\u00f4t 30 ans. Il a fait ses classes au c\u00f4t\u00e9 de Daniel H\u00e9raud et au Carnet de route de 1992 \u00e0 2001. Il est fondateur, copropri\u00e9taire et r\u00e9dacteur en chef de L\u2019Annuel de l\u2019automobile, qu\u2019il publie depuis 2001. Il a anim\u00e9 les \u00e9missions RPM et RPM+ sur V et les L\u00e9gendes de la route sur Historia. \u00c0 la radio depuis 1986, il reprend l\u2019antenne cette ann\u00e9e sur les ondes de Cogeco et participe pour la deuxi\u00e8me ann\u00e9e \u00e0 l\u2019\u00e9mission Passion Auto sur RDS en plus de mettre en ligne le site Web officiel de L\u2019Annuel de l\u2019automobile sur annuelauto.ca.","sameAs":["https:\/\/annuelauto.ca\/"],"url":"https:\/\/news.canadamotorjobs.com\/fr\/author\/benoit-charette\/"}]}},"_links":{"self":[{"href":"https:\/\/news.canadamotorjobs.com\/fr\/wp-json\/wp\/v2\/posts\/157445"}],"collection":[{"href":"https:\/\/news.canadamotorjobs.com\/fr\/wp-json\/wp\/v2\/posts"}],"about":[{"href":"https:\/\/news.canadamotorjobs.com\/fr\/wp-json\/wp\/v2\/types\/post"}],"author":[{"embeddable":true,"href":"https:\/\/news.canadamotorjobs.com\/fr\/wp-json\/wp\/v2\/users\/8"}],"replies":[{"embeddable":true,"href":"https:\/\/news.canadamotorjobs.com\/fr\/wp-json\/wp\/v2\/comments?post=157445"}],"version-history":[{"count":2,"href":"https:\/\/news.canadamotorjobs.com\/fr\/wp-json\/wp\/v2\/posts\/157445\/revisions"}],"predecessor-version":[{"id":157449,"href":"https:\/\/news.canadamotorjobs.com\/fr\/wp-json\/wp\/v2\/posts\/157445\/revisions\/157449"}],"wp:featuredmedia":[{"embeddable":true,"href":"https:\/\/news.canadamotorjobs.com\/fr\/wp-json\/wp\/v2\/media\/157447"}],"wp:attachment":[{"href":"https:\/\/news.canadamotorjobs.com\/fr\/wp-json\/wp\/v2\/media?parent=157445"}],"wp:term":[{"taxonomy":"category","embeddable":true,"href":"https:\/\/news.canadamotorjobs.com\/fr\/wp-json\/wp\/v2\/categories?post=157445"},{"taxonomy":"post_tag","embeddable":true,"href":"https:\/\/news.canadamotorjobs.com\/fr\/wp-json\/wp\/v2\/tags?post=157445"}],"curies":[{"name":"wp","href":"https:\/\/api.w.org\/{rel}","templated":true}]}}