{"id":157402,"date":"2024-01-23T22:01:07","date_gmt":"2024-01-24T03:01:07","guid":{"rendered":"https:\/\/news.canadamotorjobs.com\/?p=157402"},"modified":"2024-01-23T22:17:58","modified_gmt":"2024-01-24T03:17:58","slug":"lelon-musk-bresilien-lance-la-lecar","status":"publish","type":"post","link":"https:\/\/news.canadamotorjobs.com\/fr\/lelon-musk-bresilien-lance-la-lecar\/","title":{"rendered":"L\u2019Elon Musk br\u00e9silien lance la Lecar"},"content":{"rendered":"<\/p>\n<p>Le Br\u00e9silien Fl\u00e1vio Figueiredo Assis veut laisser une trace dans l\u2019histoire de son pays en devenant le premier fabricant local de v\u00e9hicules \u00e9lectriques. Voil\u00e0 pourquoi cet homme d\u2019affaires qui se compare ouvertement \u00e0 <a href=\"https:\/\/annuelauto.ca\/elon-musk-affirme-quune-tesla-entierement-autonome-sera-disponible-cette-annee\/\" target=\"_blank\" rel=\"noopener noreferrer\">Elon Musk<\/a> a fond\u00e9 la soci\u00e9t\u00e9 Lecar Brasil.<\/p>\n<p>Dipl\u00f4m\u00e9 en droit et en comptabilit\u00e9, M.\u00a0Assis avait cr\u00e9\u00e9 Lecard pr\u00e9c\u00e9demment. Gr\u00e2ce \u00e0 cet outil de gestion de cartes d\u2019alimentation, il a r\u00e9alis\u00e9 un chiffre d&#8217;affaires annuel d&#8217;un milliard de dollars US, en approvisionnant des organismes publics et des entreprises priv\u00e9es. Puis, en 2022, il a vendu sa part de cette entreprise pour se lancer dans la fabrication des V\u00c9.<\/p>\n<p>Lecar r\u00e9unit aujourd\u2019hui une trentaine d\u2019ing\u00e9nieurs dont plusieurs ont acquis une exp\u00e9rience chez de grands fabricants pr\u00e9sents au <a href=\"https:\/\/annuelauto.ca\/glencore-va-investir-100-millions-de-dollars-dans-des-mines-au-bresil\/\" target=\"_blank\" rel=\"noopener noreferrer\">Br\u00e9sil<\/a>, comme Ford, Toyota et Nissan, mais aussi chez de plus petits constructeurs locaux comme Gurgel, Troller et JPX.<\/p>\n<h3><strong>Usine en construction<\/strong><\/h3>\n<p>\nEn outre, une usine d\u2019assemblage est actuellement en construction \u00e0 Caxias do Sul, dans le sud du pays. C\u2019est l\u00e0 qu\u2019on entend produire la Lecar\u00a0459, le premier mod\u00e8le de la marque. Une appellation inspir\u00e9e par l\u2019attrait que porte le fondateur de Lecar \u00e0 l\u2019inventeur Nikola Tesla, lui qui avait une obsession pour le nombre\u00a09. Faute de pouvoir utiliser ce nombre seul pour d\u00e9signer sa berline, M.\u00a0Assis a imagin\u00e9 un d\u00e9tour amusant. Car, en additionnant 4 plus 5, on obtient 9\u00a0! C\u2019est aussi b\u00eate que \u00e7a.<\/p>\n<p>Plus s\u00e9rieusement, le mod\u00e8le\u00a0459 sera offert \u00e0 partir de 279\u00a0459\u00a0r\u00e9aux br\u00e9siliens (l\u2019\u00e9quivalent de 75\u00a0000\u00a0$ au moment d\u2019\u00e9crire ces lignes). Selon le constructeur, il pourra atteindre 250\u00a0km\/h et aura une autonomie de 400\u00a0km. Lecar cible d\u2019ailleurs la <a href=\"https:\/\/annuelauto.ca\/byd-est-de-nouveau-champion-le-mondial-des-ventes-de-vehicules-electrifies\/\" target=\"_blank\" rel=\"noopener noreferrer\">BYD<\/a> Seal, un mod\u00e8le chinois bien cot\u00e9 qui a \u00e9t\u00e9 lanc\u00e9 au Br\u00e9sil en septembre dernier.<\/p>\n<p>La carrosserie de cette voiture sera faite de feuilles de moulage pr\u00e9impr\u00e9gn\u00e9es (<em>sheet molding compound<\/em> ou <em>SMC<\/em>, disent les anglophones), un mat\u00e9riau flexible, robuste, l\u00e9ger, facile \u00e0 r\u00e9parer et d\u00e9j\u00e0 color\u00e9. D\u2019ailleurs, deux couleurs seulement figureront au nuancier de ce mod\u00e8le\u00a0: blanc ou noir.<\/p>\n<h3><strong>Composantes principales provenant de la Chine<\/strong><\/h3>\n<p>\nLorsque le prototype de la Lecar 459 a \u00e9t\u00e9 d\u00e9voil\u00e9 \u00e0 la presse br\u00e9silienne, en d\u00e9cembre dernier, le constructeur a r\u00e9v\u00e9l\u00e9 que 65\u00a0% de ses composantes seront d\u2019origine locale, alors que les autres proviendront de la Chine, notamment les moteurs et les batteries au lithium-fer-phosphate (LiFePO4) dont le fournisseur sera Thunder\u00a0Sky Winston Battery.<\/p>\n<p>Par ailleurs, dans un avenir que le constructeur se garde de pr\u00e9ciser, un second mod\u00e8le sera lanc\u00e9. Ce mod\u00e8le populaire \u00e0 cinq places appel\u00e9 Lecar Pop, aura une autonomie de 250\u00a0km et il sera offert \u00e0 partir de 27\u00a0000\u00a0$ environ.<\/p>\n<p>Mais avant cela, en f\u00e9vrier, les concepteurs du mod\u00e8le\u00a0459 devront lui faire subir une batterie de tests a\u00e9rodynamiques et de r\u00e9sistance aux collisions dans des laboratoires londoniens, afin d\u2019obtenir les homologations n\u00e9cessaires.<\/p>\n<p>Optimiste comme pas un, le grand patron de Lecar affirme n\u00e9anmoins qu\u2019il livrera ses premiers mod\u00e8les de s\u00e9rie en d\u00e9cembre prochain. L\u2019entreprise vise d\u2019ailleurs une production de 300\u00a0v\u00e9hicules par mois en 2025 et, d\u2019ici cinq ans, une production de 50\u00a0000 v\u00e9hicules par ann\u00e9e, ce qui lui permettrait d\u2019atteindre un chiffre d&#8217;affaires de 15\u00a0milliards de dollars US.<\/p>\n<h3><strong>Bient\u00f4t, une usine de cellules de batteries<\/strong><\/h3>\n<p>\nMais encore, Lecar veut aussi b\u00e2tir sa propre usine de production de cellules de batteries au Br\u00e9sil, pour ainsi devenir autosuffisante et faciliter sa production de v\u00e9hicules. \u00ab\u00a0Nous poss\u00e9dons 97\u00a0% des min\u00e9raux qui composent les cellules de batteries dans notre pays. En plus d&#8217;\u00eatre autosuffisants, nous pouvons \u00e9galement devenir des protagonistes et une r\u00e9f\u00e9rence de premier plan sur le march\u00e9 mondial des v\u00e9hicules \u00e9lectriques, en fournissant des voitures \u00e0 d&#8217;autres pays, affirme . Nous nous engageons \u00e0 faire de tout cela une r\u00e9alit\u00e9 \u00bb, affirme fi\u00e8rement M.\u00a0Assis.<\/p>\n<p><em>Photos : Lecar<\/em><\/p>\n<p>Le texte <a rel=\"nofollow\" href=\"https:\/\/annuelauto.ca\/lelon-musk-bresilien-lance-la-lecar\/\">L\u2019Elon Musk br\u00e9silien lance la Lecar<\/a> provient de <a rel=\"nofollow\" href=\"https:\/\/annuelauto.ca\">L&#8217;annuel de l&#8217;automobile &#8211; Actualit\u00e9 automobile<\/a><\/p>\n<p><\/p>\n","protected":false},"excerpt":{"rendered":"<p>Le Br\u00e9silien Fl\u00e1vio Figueiredo Assis veut laisser une trace dans l\u2019histoire de son pays en devenant le premier fabricant local de v\u00e9hicules \u00e9lectriques. Voil\u00e0 pourquoi cet homme d\u2019affaires qui se compare ouvertement \u00e0 Elon Musk a fond\u00e9 la soci\u00e9t\u00e9 Lecar Brasil. Dipl\u00f4m\u00e9 en droit et en comptabilit\u00e9, M.\u00a0Assis avait cr\u00e9\u00e9 Lecard pr\u00e9c\u00e9demment. Gr\u00e2ce \u00e0 cet [&hellip;]<\/p>\n","protected":false},"author":8,"featured_media":157404,"comment_status":"close","ping_status":"closed","sticky":false,"template":"","format":"standard","meta":{"_monsterinsights_skip_tracking":false,"_monsterinsights_sitenote_active":false,"_monsterinsights_sitenote_note":"","_monsterinsights_sitenote_category":0,"footnotes":""},"categories":[101],"tags":[],"yoast_head":"<!-- This site is optimized with the Yoast SEO plugin v23.2 - https:\/\/yoast.com\/wordpress\/plugins\/seo\/ -->\n<title>L\u2019Elon Musk br\u00e9silien lance la Lecar - CanadaMotorJobs.com<\/title>\n<meta name=\"description\" content=\"L\u2019Elon Musk br\u00e9silien lance la Lecar - Benoit Charette - Annuel automobile - CanadaMotorJobs.com.\" \/>\n<meta name=\"robots\" content=\"index, follow, max-snippet:-1, max-image-preview:large, max-video-preview:-1\" \/>\n<meta property=\"og:locale\" content=\"fr_CA\" \/>\n<meta property=\"og:type\" content=\"article\" \/>\n<meta property=\"og:title\" content=\"L\u2019Elon Musk br\u00e9silien lance la Lecar - CanadaMotorJobs.com\" \/>\n<meta property=\"og:description\" content=\"L\u2019Elon Musk br\u00e9silien lance la Lecar - Benoit Charette - Annuel automobile - CanadaMotorJobs.com.\" \/>\n<meta property=\"og:url\" content=\"https:\/\/news.canadamotorjobs.com\/fr\/lelon-musk-bresilien-lance-la-lecar\/\" \/>\n<meta property=\"og:site_name\" content=\"CanadaMotorJobs.com\" \/>\n<meta property=\"article:publisher\" content=\"https:\/\/www.facebook.com\/canadamotorjobs\/\" \/>\n<meta property=\"article:published_time\" content=\"2024-01-24T03:01:07+00:00\" \/>\n<meta property=\"article:modified_time\" content=\"2024-01-24T03:17:58+00:00\" \/>\n<meta property=\"og:image\" content=\"https:\/\/news.canadamotorjobs.com\/wp-content\/uploads\/2024\/01\/Lecar-modele-459_1.jpg\" \/>\n\t<meta property=\"og:image:width\" content=\"1024\" \/>\n\t<meta property=\"og:image:height\" content=\"683\" \/>\n\t<meta property=\"og:image:type\" content=\"image\/jpeg\" \/>\n<meta name=\"author\" content=\"Benoit Charette\" \/>\n<meta name=\"twitter:card\" content=\"summary_large_image\" \/>\n<meta name=\"twitter:creator\" content=\"@canadamotorjobs\" \/>\n<meta name=\"twitter:site\" content=\"@canadamotorjobs\" \/>\n<meta name=\"twitter:label1\" content=\"\u00c9crit par\" \/>\n\t<meta name=\"twitter:data1\" content=\"Benoit Charette\" \/>\n\t<meta name=\"twitter:label2\" content=\"Estimation du temps de lecture\" \/>\n\t<meta name=\"twitter:data2\" content=\"3 minutes\" \/>\n<!-- \/ Yoast SEO plugin. -->","yoast_head_json":{"title":"L\u2019Elon Musk br\u00e9silien lance la Lecar - CanadaMotorJobs.com","description":"L\u2019Elon Musk br\u00e9silien lance la Lecar - Benoit Charette - Annuel automobile - CanadaMotorJobs.com.","robots":{"index":"index","follow":"follow","max-snippet":"max-snippet:-1","max-image-preview":"max-image-preview:large","max-video-preview":"max-video-preview:-1"},"og_locale":"fr_CA","og_type":"article","og_title":"L\u2019Elon Musk br\u00e9silien lance la Lecar - CanadaMotorJobs.com","og_description":"L\u2019Elon Musk br\u00e9silien lance la Lecar - Benoit Charette - Annuel automobile - CanadaMotorJobs.com.","og_url":"https:\/\/news.canadamotorjobs.com\/fr\/lelon-musk-bresilien-lance-la-lecar\/","og_site_name":"CanadaMotorJobs.com","article_publisher":"https:\/\/www.facebook.com\/canadamotorjobs\/","article_published_time":"2024-01-24T03:01:07+00:00","article_modified_time":"2024-01-24T03:17:58+00:00","og_image":[{"width":1024,"height":683,"url":"https:\/\/news.canadamotorjobs.com\/wp-content\/uploads\/2024\/01\/Lecar-modele-459_1.jpg","type":"image\/jpeg"}],"author":"Benoit Charette","twitter_card":"summary_large_image","twitter_creator":"@canadamotorjobs","twitter_site":"@canadamotorjobs","twitter_misc":{"\u00c9crit par":"Benoit Charette","Estimation du temps de lecture":"3 minutes"},"schema":{"@context":"https:\/\/schema.org","@graph":[{"@type":"Article","@id":"https:\/\/news.canadamotorjobs.com\/fr\/lelon-musk-bresilien-lance-la-lecar\/#article","isPartOf":{"@id":"https:\/\/news.canadamotorjobs.com\/fr\/lelon-musk-bresilien-lance-la-lecar\/"},"author":{"name":"Benoit Charette","@id":"https:\/\/news.canadamotorjobs.com\/#\/schema\/person\/51793d1f87d44011d7bcc2ed99269a90"},"headline":"L\u2019Elon Musk br\u00e9silien lance la Lecar","datePublished":"2024-01-24T03:01:07+00:00","dateModified":"2024-01-24T03:17:58+00:00","mainEntityOfPage":{"@id":"https:\/\/news.canadamotorjobs.com\/fr\/lelon-musk-bresilien-lance-la-lecar\/"},"wordCount":706,"publisher":{"@id":"https:\/\/news.canadamotorjobs.com\/#organization"},"image":{"@id":"https:\/\/news.canadamotorjobs.com\/fr\/lelon-musk-bresilien-lance-la-lecar\/#primaryimage"},"thumbnailUrl":"https:\/\/news.canadamotorjobs.com\/wp-content\/uploads\/2024\/01\/Lecar-modele-459_1.jpg","articleSection":["Annuel automobile"],"inLanguage":"fr-CA"},{"@type":"WebPage","@id":"https:\/\/news.canadamotorjobs.com\/fr\/lelon-musk-bresilien-lance-la-lecar\/","url":"https:\/\/news.canadamotorjobs.com\/fr\/lelon-musk-bresilien-lance-la-lecar\/","name":"L\u2019Elon Musk br\u00e9silien lance la Lecar - CanadaMotorJobs.com","isPartOf":{"@id":"https:\/\/news.canadamotorjobs.com\/#website"},"primaryImageOfPage":{"@id":"https:\/\/news.canadamotorjobs.com\/fr\/lelon-musk-bresilien-lance-la-lecar\/#primaryimage"},"image":{"@id":"https:\/\/news.canadamotorjobs.com\/fr\/lelon-musk-bresilien-lance-la-lecar\/#primaryimage"},"thumbnailUrl":"https:\/\/news.canadamotorjobs.com\/wp-content\/uploads\/2024\/01\/Lecar-modele-459_1.jpg","datePublished":"2024-01-24T03:01:07+00:00","dateModified":"2024-01-24T03:17:58+00:00","description":"L\u2019Elon Musk br\u00e9silien lance la Lecar - Benoit Charette - Annuel automobile - CanadaMotorJobs.com.","breadcrumb":{"@id":"https:\/\/news.canadamotorjobs.com\/fr\/lelon-musk-bresilien-lance-la-lecar\/#breadcrumb"},"inLanguage":"fr-CA","potentialAction":[{"@type":"ReadAction","target":["https:\/\/news.canadamotorjobs.com\/fr\/lelon-musk-bresilien-lance-la-lecar\/"]}]},{"@type":"ImageObject","inLanguage":"fr-CA","@id":"https:\/\/news.canadamotorjobs.com\/fr\/lelon-musk-bresilien-lance-la-lecar\/#primaryimage","url":"https:\/\/news.canadamotorjobs.com\/wp-content\/uploads\/2024\/01\/Lecar-modele-459_1.jpg","contentUrl":"https:\/\/news.canadamotorjobs.com\/wp-content\/uploads\/2024\/01\/Lecar-modele-459_1.jpg","width":1024,"height":683},{"@type":"BreadcrumbList","@id":"https:\/\/news.canadamotorjobs.com\/fr\/lelon-musk-bresilien-lance-la-lecar\/#breadcrumb","itemListElement":[{"@type":"ListItem","position":1,"name":"Home","item":"https:\/\/news.canadamotorjobs.com\/fr\/blog\/"},{"@type":"ListItem","position":2,"name":"L\u2019Elon Musk br\u00e9silien lance la Lecar"}]},{"@type":"WebSite","@id":"https:\/\/news.canadamotorjobs.com\/#website","url":"https:\/\/news.canadamotorjobs.com\/","name":"CanadaMotorJobs.com","description":"Automotive Jobs","publisher":{"@id":"https:\/\/news.canadamotorjobs.com\/#organization"},"potentialAction":[{"@type":"SearchAction","target":{"@type":"EntryPoint","urlTemplate":"https:\/\/news.canadamotorjobs.com\/?s={search_term_string}"},"query-input":"required name=search_term_string"}],"inLanguage":"fr-CA"},{"@type":"Organization","@id":"https:\/\/news.canadamotorjobs.com\/#organization","name":"Canada Motor Jobs","url":"https:\/\/news.canadamotorjobs.com\/","logo":{"@type":"ImageObject","inLanguage":"fr-CA","@id":"https:\/\/news.canadamotorjobs.com\/#\/schema\/logo\/image\/","url":"https:\/\/news.canadamotorjobs.com\/wp-content\/uploads\/2022\/10\/logo-canada-motor-jobs-1.png","contentUrl":"https:\/\/news.canadamotorjobs.com\/wp-content\/uploads\/2022\/10\/logo-canada-motor-jobs-1.png","width":800,"height":400,"caption":"Canada Motor Jobs"},"image":{"@id":"https:\/\/news.canadamotorjobs.com\/#\/schema\/logo\/image\/"},"sameAs":["https:\/\/www.facebook.com\/canadamotorjobs\/","https:\/\/x.com\/canadamotorjobs","https:\/\/www.instagram.com\/canadamotorjobs\/","https:\/\/www.linkedin.com\/company\/canadamotorjobs"]},{"@type":"Person","@id":"https:\/\/news.canadamotorjobs.com\/#\/schema\/person\/51793d1f87d44011d7bcc2ed99269a90","name":"Benoit Charette","image":{"@type":"ImageObject","inLanguage":"fr-CA","@id":"https:\/\/news.canadamotorjobs.com\/#\/schema\/person\/image\/","url":"https:\/\/secure.gravatar.com\/avatar\/45f3d2eebcccd909668d7ce7ea7267b6?s=96&d=mm&r=g","contentUrl":"https:\/\/secure.gravatar.com\/avatar\/45f3d2eebcccd909668d7ce7ea7267b6?s=96&d=mm&r=g","caption":"Benoit Charette"},"description":"Benoit Charette \/ Propri\u00e9taire et r\u00e9dacteur en chef Benoit Charette pratique le journalisme automobile depuis bient\u00f4t 30 ans. Il a fait ses classes au c\u00f4t\u00e9 de Daniel H\u00e9raud et au Carnet de route de 1992 \u00e0 2001. Il est fondateur, copropri\u00e9taire et r\u00e9dacteur en chef de L\u2019Annuel de l\u2019automobile, qu\u2019il publie depuis 2001. Il a anim\u00e9 les \u00e9missions RPM et RPM+ sur V et les L\u00e9gendes de la route sur Historia. \u00c0 la radio depuis 1986, il reprend l\u2019antenne cette ann\u00e9e sur les ondes de Cogeco et participe pour la deuxi\u00e8me ann\u00e9e \u00e0 l\u2019\u00e9mission Passion Auto sur RDS en plus de mettre en ligne le site Web officiel de L\u2019Annuel de l\u2019automobile sur annuelauto.ca.","sameAs":["https:\/\/annuelauto.ca\/"],"url":"https:\/\/news.canadamotorjobs.com\/fr\/author\/benoit-charette\/"}]}},"_links":{"self":[{"href":"https:\/\/news.canadamotorjobs.com\/fr\/wp-json\/wp\/v2\/posts\/157402"}],"collection":[{"href":"https:\/\/news.canadamotorjobs.com\/fr\/wp-json\/wp\/v2\/posts"}],"about":[{"href":"https:\/\/news.canadamotorjobs.com\/fr\/wp-json\/wp\/v2\/types\/post"}],"author":[{"embeddable":true,"href":"https:\/\/news.canadamotorjobs.com\/fr\/wp-json\/wp\/v2\/users\/8"}],"replies":[{"embeddable":true,"href":"https:\/\/news.canadamotorjobs.com\/fr\/wp-json\/wp\/v2\/comments?post=157402"}],"version-history":[{"count":2,"href":"https:\/\/news.canadamotorjobs.com\/fr\/wp-json\/wp\/v2\/posts\/157402\/revisions"}],"predecessor-version":[{"id":157406,"href":"https:\/\/news.canadamotorjobs.com\/fr\/wp-json\/wp\/v2\/posts\/157402\/revisions\/157406"}],"wp:featuredmedia":[{"embeddable":true,"href":"https:\/\/news.canadamotorjobs.com\/fr\/wp-json\/wp\/v2\/media\/157404"}],"wp:attachment":[{"href":"https:\/\/news.canadamotorjobs.com\/fr\/wp-json\/wp\/v2\/media?parent=157402"}],"wp:term":[{"taxonomy":"category","embeddable":true,"href":"https:\/\/news.canadamotorjobs.com\/fr\/wp-json\/wp\/v2\/categories?post=157402"},{"taxonomy":"post_tag","embeddable":true,"href":"https:\/\/news.canadamotorjobs.com\/fr\/wp-json\/wp\/v2\/tags?post=157402"}],"curies":[{"name":"wp","href":"https:\/\/api.w.org\/{rel}","templated":true}]}}