{"id":157340,"date":"2024-01-23T12:10:56","date_gmt":"2024-01-23T17:10:56","guid":{"rendered":"https:\/\/news.canadamotorjobs.com\/?p=157340"},"modified":"2024-01-23T12:34:04","modified_gmt":"2024-01-23T17:34:04","slug":"unicamp-usa-transforme-la-toyota-sienna-en-mini-vr","status":"publish","type":"post","link":"https:\/\/news.canadamotorjobs.com\/fr\/unicamp-usa-transforme-la-toyota-sienna-en-mini-vr\/","title":{"rendered":"Unicamp-USA transforme la Toyota Sienna en mini VR"},"content":{"rendered":"<\/p>\n<p>Apr\u00e8s avoir pr\u00e9sent\u00e9 une <a href=\"https:\/\/annuelauto.ca\/kia-carnival-2022\/\" target=\"_blank\" rel=\"noopener noreferrer\">Kia Carnival<\/a> transform\u00e9e en mini v\u00e9hicule r\u00e9cr\u00e9atif l\u2019an dernier, Unicamp-USA r\u00e9cidive avec la <a href=\"https:\/\/annuelauto.ca\/liihs-revele-des-resultats-decevants-pour-la-securite-des-passagers-arriere-dans-les-fourgonnettes\/\" target=\"_blank\" rel=\"noopener noreferrer\">Toyota Sienna<\/a>. Plus t\u00f4t ce mois-ci, cette entreprise \u00e9tatsunienne a annonc\u00e9 le lancement d\u2019une version \u00e0 toit escamotable de cette populaire fourgonnette nipponne pour les <a href=\"https:\/\/annuelauto.ca\/avec-earthcruiser-on-pourra-camper-nimporte-ou-avec-une-camionnette-gmc-hummer\/\" target=\"_blank\" rel=\"noopener noreferrer\">campeurs<\/a>.<\/p>\n<p>Baptis\u00e9e Sienna Pop Top, cette fourgonnette modifi\u00e9e par Unicamp-USA reprend la formule pr\u00e9sent\u00e9e ant\u00e9rieurement pour la <a href=\"https:\/\/annuelauto.ca\/lunivan-rt-cl-dunicamp-la-solution-de-rechange-moderne-au-westfalia-dantan\/\" target=\"_blank\" rel=\"noopener noreferrer\">Carnival Pop Top (appel\u00e9e Univan RT CL initialement)<\/a>. Cette formule permet de disposer, la semaine durant, d\u2019une fourgonnette de taille raisonnable pour la famille ou le travail qui sert ensuite de <a href=\"https:\/\/annuelauto.ca\/citroen-spacetourer-type-holidays-le-choix-des-campeurs-passionnes-par-le-celebre-type-h\/\" target=\"_blank\" rel=\"noopener noreferrer\">mini VR<\/a> pour les escapades de fins de semaine.<\/p>\n<p>Selon Unicamp-USA, une filiale du carrossier Caleche Customs d\u2019Henderson au Nevada, le module de toit escamotable \u00e0 assistance \u00e9lectrique mis au point pour la Sienna serait le premier du genre pour ce produit Toyota.<\/p>\n<h3><strong>15 seconde et c&#8217;est fait !<\/strong><\/h3>\n<p>\nCe toit se soul\u00e8ve en 15 secondes \u00e0 la simple pression d\u2019un commutateur. Une toile souple fabriqu\u00e9e en plastique thermodurcissable renforc\u00e9 se d\u00e9ploie alors pour former une tente triangulaire servant \u00e0 abriter une couchette pour deux adultes; une couchette dont la capacit\u00e9 de charge se chiffre \u00e0 485\u00a0lb, pr\u00e9cise Unicamp-USA.<\/p>\n<p>La toile \u00e9tanche permet aux campeurs de profiter d\u2019un s\u00e9jour en nature au sec, mais aussi \u00e0 l\u2019\u00e9cart des animaux sauvages et des moustiques gr\u00e2ce \u00e0 ses moustiquaires. Puis, lorsqu\u2019il faut repartir, cinq secondes suffisent pour que la toile se replie alors que le toit s\u2019abaisse.<\/p>\n<p>Outre les moustiquaires, ce module comprend un espace de rangement et un \u00e9clairage d\u2019appoint.<\/p>\n<p>La transformation de la Sienna en mini VR sera r\u00e9alis\u00e9e dans les ateliers de Caleche Customs et elle est offerte \u00e0 partir de 16\u00a0000\u00a0$\u00a0US. Ce prix comprend le toit escamotable \u00e9lectrique, le matelas et les garnitures int\u00e9rieures. Le v\u00e9hicule est naturellement en sus.<\/p>\n<p>Pr\u00e9cisons, en outre, que cette transformation est destin\u00e9e sp\u00e9cifiquement \u00e0 la fourgonnette Sienna de quatri\u00e8me g\u00e9n\u00e9ration, le mod\u00e8le qui figure actuellement au catalogue du constructeur nippon.<\/p>\n<h3><strong>Ajoutez une cuisinette<\/strong><\/h3>\n<p>\nUnicamp-USA offre \u00e9galement un matelas additionnel qui s\u2019installe sur les banquettes repli\u00e9es dans l\u2019habitacle, de m\u00eame qu\u2019un module de cuisine qui s\u2019installe \u00e0 l\u2019arri\u00e8re. Cet ensemble, apparemment identique \u00e0 celui offert pour la Kia Carnival Pop Top, co\u00fbte 4\u00a0000\u00a0$\u00a0US.<\/p>\n<p>Dans un communiqu\u00e9 publi\u00e9 le 9 janvier, Unicamp-USA annonce avoir ouvert son carnet de commandes pour la Sienna Pop Top et promet les premi\u00e8res livraisons pour septembre 2024.<\/p>\n<p>Comme pour la Kia, la Sienna Pop Top sera b\u00e2tie dans les ateliers de Caleche Customs, un carrossier sp\u00e9cialis\u00e9 dans la construction de navettes et de minibus \u00e0 vocation touristique.<\/p>\n<p><em>Photos : Unicamp-USA<\/em><\/p>\n<p>Le texte <a rel=\"nofollow\" href=\"https:\/\/annuelauto.ca\/unicamp-usa-transforme-la-toyota-sienna-en-mini-vr\/\">Unicamp-USA transforme la Toyota Sienna en mini VR<\/a> provient de <a rel=\"nofollow\" href=\"https:\/\/annuelauto.ca\">L&#8217;annuel de l&#8217;automobile &#8211; Actualit\u00e9 automobile<\/a><\/p>\n<p><\/p>\n","protected":false},"excerpt":{"rendered":"<p>Apr\u00e8s avoir pr\u00e9sent\u00e9 une Kia Carnival transform\u00e9e en mini v\u00e9hicule r\u00e9cr\u00e9atif l\u2019an dernier, Unicamp-USA r\u00e9cidive avec la Toyota Sienna. Plus t\u00f4t ce mois-ci, cette entreprise \u00e9tatsunienne a annonc\u00e9 le lancement d\u2019une version \u00e0 toit escamotable de cette populaire fourgonnette nipponne pour les campeurs. Baptis\u00e9e Sienna Pop Top, cette fourgonnette modifi\u00e9e par Unicamp-USA reprend la formule [&hellip;]<\/p>\n","protected":false},"author":8,"featured_media":157342,"comment_status":"close","ping_status":"closed","sticky":false,"template":"","format":"standard","meta":{"_monsterinsights_skip_tracking":false,"_monsterinsights_sitenote_active":false,"_monsterinsights_sitenote_note":"","_monsterinsights_sitenote_category":0,"footnotes":""},"categories":[101],"tags":[],"yoast_head":"<!-- This site is optimized with the Yoast SEO plugin v23.2 - https:\/\/yoast.com\/wordpress\/plugins\/seo\/ -->\n<title>Unicamp-USA transforme la Toyota Sienna en mini VR - CanadaMotorJobs.com<\/title>\n<meta name=\"description\" content=\"Unicamp-USA transforme la Toyota Sienna en mini VR - Benoit Charette - Annuel automobile - CanadaMotorJobs.com.\" \/>\n<meta name=\"robots\" content=\"index, follow, max-snippet:-1, max-image-preview:large, max-video-preview:-1\" \/>\n<meta property=\"og:locale\" content=\"fr_CA\" \/>\n<meta property=\"og:type\" content=\"article\" \/>\n<meta property=\"og:title\" content=\"Unicamp-USA transforme la Toyota Sienna en mini VR - CanadaMotorJobs.com\" \/>\n<meta property=\"og:description\" content=\"Unicamp-USA transforme la Toyota Sienna en mini VR - Benoit Charette - Annuel automobile - CanadaMotorJobs.com.\" \/>\n<meta property=\"og:url\" content=\"https:\/\/news.canadamotorjobs.com\/fr\/unicamp-usa-transforme-la-toyota-sienna-en-mini-vr\/\" \/>\n<meta property=\"og:site_name\" content=\"CanadaMotorJobs.com\" \/>\n<meta property=\"article:publisher\" content=\"https:\/\/www.facebook.com\/canadamotorjobs\/\" \/>\n<meta property=\"article:published_time\" content=\"2024-01-23T17:10:56+00:00\" \/>\n<meta property=\"article:modified_time\" content=\"2024-01-23T17:34:04+00:00\" \/>\n<meta property=\"og:image\" content=\"https:\/\/news.canadamotorjobs.com\/wp-content\/uploads\/2024\/01\/Unicamp-USA-Toyota-Sienna-Pop-Top-2024_1.jpg\" \/>\n\t<meta property=\"og:image:width\" content=\"1024\" \/>\n\t<meta property=\"og:image:height\" content=\"683\" \/>\n\t<meta property=\"og:image:type\" content=\"image\/jpeg\" \/>\n<meta name=\"author\" content=\"Benoit Charette\" \/>\n<meta name=\"twitter:card\" content=\"summary_large_image\" \/>\n<meta name=\"twitter:creator\" content=\"@canadamotorjobs\" \/>\n<meta name=\"twitter:site\" content=\"@canadamotorjobs\" \/>\n<meta name=\"twitter:label1\" content=\"\u00c9crit par\" \/>\n\t<meta name=\"twitter:data1\" content=\"Benoit Charette\" \/>\n\t<meta name=\"twitter:label2\" content=\"Estimation du temps de lecture\" \/>\n\t<meta name=\"twitter:data2\" content=\"2 minutes\" \/>\n<!-- \/ Yoast SEO plugin. -->","yoast_head_json":{"title":"Unicamp-USA transforme la Toyota Sienna en mini VR - CanadaMotorJobs.com","description":"Unicamp-USA transforme la Toyota Sienna en mini VR - Benoit Charette - Annuel automobile - CanadaMotorJobs.com.","robots":{"index":"index","follow":"follow","max-snippet":"max-snippet:-1","max-image-preview":"max-image-preview:large","max-video-preview":"max-video-preview:-1"},"og_locale":"fr_CA","og_type":"article","og_title":"Unicamp-USA transforme la Toyota Sienna en mini VR - CanadaMotorJobs.com","og_description":"Unicamp-USA transforme la Toyota Sienna en mini VR - Benoit Charette - Annuel automobile - CanadaMotorJobs.com.","og_url":"https:\/\/news.canadamotorjobs.com\/fr\/unicamp-usa-transforme-la-toyota-sienna-en-mini-vr\/","og_site_name":"CanadaMotorJobs.com","article_publisher":"https:\/\/www.facebook.com\/canadamotorjobs\/","article_published_time":"2024-01-23T17:10:56+00:00","article_modified_time":"2024-01-23T17:34:04+00:00","og_image":[{"width":1024,"height":683,"url":"https:\/\/news.canadamotorjobs.com\/wp-content\/uploads\/2024\/01\/Unicamp-USA-Toyota-Sienna-Pop-Top-2024_1.jpg","type":"image\/jpeg"}],"author":"Benoit Charette","twitter_card":"summary_large_image","twitter_creator":"@canadamotorjobs","twitter_site":"@canadamotorjobs","twitter_misc":{"\u00c9crit par":"Benoit Charette","Estimation du temps de lecture":"2 minutes"},"schema":{"@context":"https:\/\/schema.org","@graph":[{"@type":"Article","@id":"https:\/\/news.canadamotorjobs.com\/fr\/unicamp-usa-transforme-la-toyota-sienna-en-mini-vr\/#article","isPartOf":{"@id":"https:\/\/news.canadamotorjobs.com\/fr\/unicamp-usa-transforme-la-toyota-sienna-en-mini-vr\/"},"author":{"name":"Benoit Charette","@id":"https:\/\/news.canadamotorjobs.com\/#\/schema\/person\/51793d1f87d44011d7bcc2ed99269a90"},"headline":"Unicamp-USA transforme la Toyota Sienna en mini VR","datePublished":"2024-01-23T17:10:56+00:00","dateModified":"2024-01-23T17:34:04+00:00","mainEntityOfPage":{"@id":"https:\/\/news.canadamotorjobs.com\/fr\/unicamp-usa-transforme-la-toyota-sienna-en-mini-vr\/"},"wordCount":485,"publisher":{"@id":"https:\/\/news.canadamotorjobs.com\/#organization"},"image":{"@id":"https:\/\/news.canadamotorjobs.com\/fr\/unicamp-usa-transforme-la-toyota-sienna-en-mini-vr\/#primaryimage"},"thumbnailUrl":"https:\/\/news.canadamotorjobs.com\/wp-content\/uploads\/2024\/01\/Unicamp-USA-Toyota-Sienna-Pop-Top-2024_1.jpg","articleSection":["Annuel automobile"],"inLanguage":"fr-CA"},{"@type":"WebPage","@id":"https:\/\/news.canadamotorjobs.com\/fr\/unicamp-usa-transforme-la-toyota-sienna-en-mini-vr\/","url":"https:\/\/news.canadamotorjobs.com\/fr\/unicamp-usa-transforme-la-toyota-sienna-en-mini-vr\/","name":"Unicamp-USA transforme la Toyota Sienna en mini VR - CanadaMotorJobs.com","isPartOf":{"@id":"https:\/\/news.canadamotorjobs.com\/#website"},"primaryImageOfPage":{"@id":"https:\/\/news.canadamotorjobs.com\/fr\/unicamp-usa-transforme-la-toyota-sienna-en-mini-vr\/#primaryimage"},"image":{"@id":"https:\/\/news.canadamotorjobs.com\/fr\/unicamp-usa-transforme-la-toyota-sienna-en-mini-vr\/#primaryimage"},"thumbnailUrl":"https:\/\/news.canadamotorjobs.com\/wp-content\/uploads\/2024\/01\/Unicamp-USA-Toyota-Sienna-Pop-Top-2024_1.jpg","datePublished":"2024-01-23T17:10:56+00:00","dateModified":"2024-01-23T17:34:04+00:00","description":"Unicamp-USA transforme la Toyota Sienna en mini VR - Benoit Charette - Annuel automobile - CanadaMotorJobs.com.","breadcrumb":{"@id":"https:\/\/news.canadamotorjobs.com\/fr\/unicamp-usa-transforme-la-toyota-sienna-en-mini-vr\/#breadcrumb"},"inLanguage":"fr-CA","potentialAction":[{"@type":"ReadAction","target":["https:\/\/news.canadamotorjobs.com\/fr\/unicamp-usa-transforme-la-toyota-sienna-en-mini-vr\/"]}]},{"@type":"ImageObject","inLanguage":"fr-CA","@id":"https:\/\/news.canadamotorjobs.com\/fr\/unicamp-usa-transforme-la-toyota-sienna-en-mini-vr\/#primaryimage","url":"https:\/\/news.canadamotorjobs.com\/wp-content\/uploads\/2024\/01\/Unicamp-USA-Toyota-Sienna-Pop-Top-2024_1.jpg","contentUrl":"https:\/\/news.canadamotorjobs.com\/wp-content\/uploads\/2024\/01\/Unicamp-USA-Toyota-Sienna-Pop-Top-2024_1.jpg","width":1024,"height":683},{"@type":"BreadcrumbList","@id":"https:\/\/news.canadamotorjobs.com\/fr\/unicamp-usa-transforme-la-toyota-sienna-en-mini-vr\/#breadcrumb","itemListElement":[{"@type":"ListItem","position":1,"name":"Home","item":"https:\/\/news.canadamotorjobs.com\/fr\/blog\/"},{"@type":"ListItem","position":2,"name":"Unicamp-USA transforme la Toyota Sienna en mini VR"}]},{"@type":"WebSite","@id":"https:\/\/news.canadamotorjobs.com\/#website","url":"https:\/\/news.canadamotorjobs.com\/","name":"CanadaMotorJobs.com","description":"Automotive Jobs","publisher":{"@id":"https:\/\/news.canadamotorjobs.com\/#organization"},"potentialAction":[{"@type":"SearchAction","target":{"@type":"EntryPoint","urlTemplate":"https:\/\/news.canadamotorjobs.com\/?s={search_term_string}"},"query-input":"required name=search_term_string"}],"inLanguage":"fr-CA"},{"@type":"Organization","@id":"https:\/\/news.canadamotorjobs.com\/#organization","name":"Canada Motor Jobs","url":"https:\/\/news.canadamotorjobs.com\/","logo":{"@type":"ImageObject","inLanguage":"fr-CA","@id":"https:\/\/news.canadamotorjobs.com\/#\/schema\/logo\/image\/","url":"https:\/\/news.canadamotorjobs.com\/wp-content\/uploads\/2022\/10\/logo-canada-motor-jobs-1.png","contentUrl":"https:\/\/news.canadamotorjobs.com\/wp-content\/uploads\/2022\/10\/logo-canada-motor-jobs-1.png","width":800,"height":400,"caption":"Canada Motor Jobs"},"image":{"@id":"https:\/\/news.canadamotorjobs.com\/#\/schema\/logo\/image\/"},"sameAs":["https:\/\/www.facebook.com\/canadamotorjobs\/","https:\/\/x.com\/canadamotorjobs","https:\/\/www.instagram.com\/canadamotorjobs\/","https:\/\/www.linkedin.com\/company\/canadamotorjobs"]},{"@type":"Person","@id":"https:\/\/news.canadamotorjobs.com\/#\/schema\/person\/51793d1f87d44011d7bcc2ed99269a90","name":"Benoit Charette","image":{"@type":"ImageObject","inLanguage":"fr-CA","@id":"https:\/\/news.canadamotorjobs.com\/#\/schema\/person\/image\/","url":"https:\/\/secure.gravatar.com\/avatar\/45f3d2eebcccd909668d7ce7ea7267b6?s=96&d=mm&r=g","contentUrl":"https:\/\/secure.gravatar.com\/avatar\/45f3d2eebcccd909668d7ce7ea7267b6?s=96&d=mm&r=g","caption":"Benoit Charette"},"description":"Benoit Charette \/ Propri\u00e9taire et r\u00e9dacteur en chef Benoit Charette pratique le journalisme automobile depuis bient\u00f4t 30 ans. Il a fait ses classes au c\u00f4t\u00e9 de Daniel H\u00e9raud et au Carnet de route de 1992 \u00e0 2001. Il est fondateur, copropri\u00e9taire et r\u00e9dacteur en chef de L\u2019Annuel de l\u2019automobile, qu\u2019il publie depuis 2001. Il a anim\u00e9 les \u00e9missions RPM et RPM+ sur V et les L\u00e9gendes de la route sur Historia. \u00c0 la radio depuis 1986, il reprend l\u2019antenne cette ann\u00e9e sur les ondes de Cogeco et participe pour la deuxi\u00e8me ann\u00e9e \u00e0 l\u2019\u00e9mission Passion Auto sur RDS en plus de mettre en ligne le site Web officiel de L\u2019Annuel de l\u2019automobile sur annuelauto.ca.","sameAs":["https:\/\/annuelauto.ca\/"],"url":"https:\/\/news.canadamotorjobs.com\/fr\/author\/benoit-charette\/"}]}},"_links":{"self":[{"href":"https:\/\/news.canadamotorjobs.com\/fr\/wp-json\/wp\/v2\/posts\/157340"}],"collection":[{"href":"https:\/\/news.canadamotorjobs.com\/fr\/wp-json\/wp\/v2\/posts"}],"about":[{"href":"https:\/\/news.canadamotorjobs.com\/fr\/wp-json\/wp\/v2\/types\/post"}],"author":[{"embeddable":true,"href":"https:\/\/news.canadamotorjobs.com\/fr\/wp-json\/wp\/v2\/users\/8"}],"replies":[{"embeddable":true,"href":"https:\/\/news.canadamotorjobs.com\/fr\/wp-json\/wp\/v2\/comments?post=157340"}],"version-history":[{"count":2,"href":"https:\/\/news.canadamotorjobs.com\/fr\/wp-json\/wp\/v2\/posts\/157340\/revisions"}],"predecessor-version":[{"id":157344,"href":"https:\/\/news.canadamotorjobs.com\/fr\/wp-json\/wp\/v2\/posts\/157340\/revisions\/157344"}],"wp:featuredmedia":[{"embeddable":true,"href":"https:\/\/news.canadamotorjobs.com\/fr\/wp-json\/wp\/v2\/media\/157342"}],"wp:attachment":[{"href":"https:\/\/news.canadamotorjobs.com\/fr\/wp-json\/wp\/v2\/media?parent=157340"}],"wp:term":[{"taxonomy":"category","embeddable":true,"href":"https:\/\/news.canadamotorjobs.com\/fr\/wp-json\/wp\/v2\/categories?post=157340"},{"taxonomy":"post_tag","embeddable":true,"href":"https:\/\/news.canadamotorjobs.com\/fr\/wp-json\/wp\/v2\/tags?post=157340"}],"curies":[{"name":"wp","href":"https:\/\/api.w.org\/{rel}","templated":true}]}}