{"id":157317,"date":"2024-01-23T07:19:48","date_gmt":"2024-01-23T12:19:48","guid":{"rendered":"https:\/\/news.canadamotorjobs.com\/?p=157317"},"modified":"2024-01-23T07:30:10","modified_gmt":"2024-01-23T12:30:10","slug":"des-photos-du-prochain-jeep-wagoneer-electrique-reveles-par-accident","status":"publish","type":"post","link":"https:\/\/news.canadamotorjobs.com\/fr\/des-photos-du-prochain-jeep-wagoneer-electrique-reveles-par-accident\/","title":{"rendered":"Des photos du prochain Jeep Wagoneer \u00e9lectrique r\u00e9v\u00e9l\u00e9s par accident"},"content":{"rendered":"<\/p>\n<p>La personne en charge des comptes de m\u00e9dias sociaux de Jeep a commis une erreur en publiant accidentellement des photos du premier v\u00e9hicule \u00e9lectrique destin\u00e9 \u00e0l\u2019Am\u00e9rique du Nord. Elles ont \u00e9t\u00e9 retir\u00e9es peu de temps apr\u00e8s, mais quelqu&#8217;un a agi rapidement et a t\u00e9l\u00e9charg\u00e9 les images avant de dispara\u00eetre de Facebook.<\/p>\n<p>Les gens de Mopar Insiders ont mis la main sur ces photos repr\u00e9sentant le Wagoneer S provenant d&#8217;un de leurs lecteurs, montrant le VUS \u00e9lectrique dans sa version de production. Il semble \u00eatre le portrait crach\u00e9 du concept du m\u00eame nom de 2022, et osons dire qu&#8217;il \u00e9voque fortement une ambiance Range Rover Velar.<\/p>\n<p>Jeep a l&#8217;intention de vendre le Wagoneer S uniquement en tant que v\u00e9hicule \u00e9lectrique, avec une sortie pr\u00e9vue pour cet automne. Il ne sera pas exclusif \u00e0 l&#8217;Am\u00e9rique du Nord, car d&#8217;autres march\u00e9s auront cette cinqui\u00e8me variante du Wagoneer. Chez nous, il sera aux c\u00f4t\u00e9s du Wagoneer et du Grand Wagoneer aliment\u00e9s au gaz, tous deux propos\u00e9s en option avec un empattement plus long.<\/p>\n<p>Le Wagoneer S de 2025 sera vendu avec une traction int\u00e9grale de s\u00e9rie, ce qui signifie qu&#8217;il aura une paire de moteurs \u00e9lectriques. Avec une puissance combin\u00e9e confirm\u00e9e de 600 chevaux et ce que l&#8217;on peut supposer \u00eatre des quantit\u00e9s consid\u00e9rables de couple instantan\u00e9, le SUV silencieux atteindra 100 km\/h \u00e0 partir de l&#8217;arr\u00eat en seulement 3,7 secondes.<\/p>\n<p>Il y a quelques jours, la maison m\u00e8re de Jeep, Stellantis, a divulgu\u00e9 des d\u00e9tails complets de sa nouvelle plateforme STLA Large. La logique nous dit que le Wagoneer S va utiliser cette architecture, d&#8217;autant plus que le conglom\u00e9rat automobile affirme que les premiers mod\u00e8les seront lanc\u00e9s en 2024. En fait, il dit explicitement que Jeep et Dodge ouvriront la voie et que ces mod\u00e8les initiaux seront lanc\u00e9s en Am\u00e9rique du Nord en premier. Huit VE \u00e0 travers cinq marques sont pr\u00e9vus sur le march\u00e9 d&#8217;ici 2026.<\/p>\n<p>La plateforme STLA Large a \u00e9t\u00e9 con\u00e7ue en configurations de 400 et 800 volts avec des packs de batteries variant de 85 \u00e0 118 kWh. Les berlines offriront jusqu&#8217;\u00e0 500 miles (800 kilom\u00e8tres) d&#8217;autonomie, mais avec des VUS \u00e9tant intrins\u00e8quement plus lourds, l&#8217;efficacit\u00e9 est susceptible d&#8217;\u00eatre inf\u00e9rieure dans le cas du Wagoneer S. Les v\u00e9hicules reposant sur cette plateforme auront une longueur de 4764 \u00e0 5126 millim\u00e8tres, une largeur de 1897 \u00e0 2030 mm et un empattement de 2870 \u00e0 3075 mm.<\/p>\n<p>Attendez-vous \u00e0 ce que le VUS \u00e9lectrique de Jeep devienne encore plus rapide, car Stellantis promet des mises \u00e0 jour &#8220;de performance du syst\u00e8me de propulsion&#8221; am\u00e9lior\u00e9es via des mises \u00e0 jour par voie a\u00e9rienne. Bien que le Wagoneer S soit exclusivement \u00e9lectrique, la plateforme STLA Large destin\u00e9e aux mod\u00e8les des segments D et E prendra en charge les moteurs \u00e0 combustion et les groupes motopropulseurs hybrides.<\/p>\n<p>\u00a0<\/p>\n<p>Avec des renseignements de Motor 1<\/p>\n<p>\u00a0<\/p>\n<p>Le texte <a rel=\"nofollow\" href=\"https:\/\/annuelauto.ca\/des-photos-du-prochain-jeep-wagoneer-electrique-reveles-par-accident\/\">Des photos du prochain Jeep Wagoneer \u00e9lectrique r\u00e9v\u00e9l\u00e9s par accident<\/a> provient de <a rel=\"nofollow\" href=\"https:\/\/annuelauto.ca\">L&#8217;annuel de l&#8217;automobile &#8211; Actualit\u00e9 automobile<\/a><\/p>\n<p><\/p>\n","protected":false},"excerpt":{"rendered":"<p>La personne en charge des comptes de m\u00e9dias sociaux de Jeep a commis une erreur en publiant accidentellement des photos du premier v\u00e9hicule \u00e9lectrique destin\u00e9 \u00e0l\u2019Am\u00e9rique du Nord. Elles ont \u00e9t\u00e9 retir\u00e9es peu de temps apr\u00e8s, mais quelqu&#8217;un a agi rapidement et a t\u00e9l\u00e9charg\u00e9 les images avant de dispara\u00eetre de Facebook. Les gens de Mopar [&hellip;]<\/p>\n","protected":false},"author":8,"featured_media":157319,"comment_status":"close","ping_status":"closed","sticky":false,"template":"","format":"standard","meta":{"_monsterinsights_skip_tracking":false,"_monsterinsights_sitenote_active":false,"_monsterinsights_sitenote_note":"","_monsterinsights_sitenote_category":0,"footnotes":""},"categories":[101],"tags":[],"yoast_head":"<!-- This site is optimized with the Yoast SEO plugin v23.2 - https:\/\/yoast.com\/wordpress\/plugins\/seo\/ -->\n<title>Des photos du prochain Jeep Wagoneer \u00e9lectrique r\u00e9v\u00e9l\u00e9s par accident - CanadaMotorJobs.com<\/title>\n<meta name=\"description\" content=\"Des photos du prochain Jeep Wagoneer \u00e9lectrique r\u00e9v\u00e9l\u00e9s par accident - Benoit Charette - Annuel automobile - CanadaMotorJobs.com.\" \/>\n<meta name=\"robots\" content=\"index, follow, max-snippet:-1, max-image-preview:large, max-video-preview:-1\" \/>\n<meta property=\"og:locale\" content=\"fr_CA\" \/>\n<meta property=\"og:type\" content=\"article\" \/>\n<meta property=\"og:title\" content=\"Des photos du prochain Jeep Wagoneer \u00e9lectrique r\u00e9v\u00e9l\u00e9s par accident - CanadaMotorJobs.com\" \/>\n<meta property=\"og:description\" content=\"Des photos du prochain Jeep Wagoneer \u00e9lectrique r\u00e9v\u00e9l\u00e9s par accident - Benoit Charette - Annuel automobile - CanadaMotorJobs.com.\" \/>\n<meta property=\"og:url\" content=\"https:\/\/news.canadamotorjobs.com\/fr\/des-photos-du-prochain-jeep-wagoneer-electrique-reveles-par-accident\/\" \/>\n<meta property=\"og:site_name\" content=\"CanadaMotorJobs.com\" \/>\n<meta property=\"article:publisher\" content=\"https:\/\/www.facebook.com\/canadamotorjobs\/\" \/>\n<meta property=\"article:published_time\" content=\"2024-01-23T12:19:48+00:00\" \/>\n<meta property=\"article:modified_time\" content=\"2024-01-23T12:30:10+00:00\" \/>\n<meta property=\"og:image\" content=\"https:\/\/news.canadamotorjobs.com\/wp-content\/uploads\/2024\/01\/2025-jeep-wagoneer-s-leaked-official-image.jpg\" \/>\n\t<meta property=\"og:image:width\" content=\"1280\" \/>\n\t<meta property=\"og:image:height\" content=\"720\" \/>\n\t<meta property=\"og:image:type\" content=\"image\/jpeg\" \/>\n<meta name=\"author\" content=\"Benoit Charette\" \/>\n<meta name=\"twitter:card\" content=\"summary_large_image\" \/>\n<meta name=\"twitter:creator\" content=\"@canadamotorjobs\" \/>\n<meta name=\"twitter:site\" content=\"@canadamotorjobs\" \/>\n<meta name=\"twitter:label1\" content=\"\u00c9crit par\" \/>\n\t<meta name=\"twitter:data1\" content=\"Benoit Charette\" \/>\n\t<meta name=\"twitter:label2\" content=\"Estimation du temps de lecture\" \/>\n\t<meta name=\"twitter:data2\" content=\"3 minutes\" \/>\n<!-- \/ Yoast SEO plugin. -->","yoast_head_json":{"title":"Des photos du prochain Jeep Wagoneer \u00e9lectrique r\u00e9v\u00e9l\u00e9s par accident - CanadaMotorJobs.com","description":"Des photos du prochain Jeep Wagoneer \u00e9lectrique r\u00e9v\u00e9l\u00e9s par accident - Benoit Charette - Annuel automobile - CanadaMotorJobs.com.","robots":{"index":"index","follow":"follow","max-snippet":"max-snippet:-1","max-image-preview":"max-image-preview:large","max-video-preview":"max-video-preview:-1"},"og_locale":"fr_CA","og_type":"article","og_title":"Des photos du prochain Jeep Wagoneer \u00e9lectrique r\u00e9v\u00e9l\u00e9s par accident - CanadaMotorJobs.com","og_description":"Des photos du prochain Jeep Wagoneer \u00e9lectrique r\u00e9v\u00e9l\u00e9s par accident - Benoit Charette - Annuel automobile - CanadaMotorJobs.com.","og_url":"https:\/\/news.canadamotorjobs.com\/fr\/des-photos-du-prochain-jeep-wagoneer-electrique-reveles-par-accident\/","og_site_name":"CanadaMotorJobs.com","article_publisher":"https:\/\/www.facebook.com\/canadamotorjobs\/","article_published_time":"2024-01-23T12:19:48+00:00","article_modified_time":"2024-01-23T12:30:10+00:00","og_image":[{"width":1280,"height":720,"url":"https:\/\/news.canadamotorjobs.com\/wp-content\/uploads\/2024\/01\/2025-jeep-wagoneer-s-leaked-official-image.jpg","type":"image\/jpeg"}],"author":"Benoit Charette","twitter_card":"summary_large_image","twitter_creator":"@canadamotorjobs","twitter_site":"@canadamotorjobs","twitter_misc":{"\u00c9crit par":"Benoit Charette","Estimation du temps de lecture":"3 minutes"},"schema":{"@context":"https:\/\/schema.org","@graph":[{"@type":"Article","@id":"https:\/\/news.canadamotorjobs.com\/fr\/des-photos-du-prochain-jeep-wagoneer-electrique-reveles-par-accident\/#article","isPartOf":{"@id":"https:\/\/news.canadamotorjobs.com\/fr\/des-photos-du-prochain-jeep-wagoneer-electrique-reveles-par-accident\/"},"author":{"name":"Benoit Charette","@id":"https:\/\/news.canadamotorjobs.com\/#\/schema\/person\/51793d1f87d44011d7bcc2ed99269a90"},"headline":"Des photos du prochain Jeep Wagoneer \u00e9lectrique r\u00e9v\u00e9l\u00e9s par accident","datePublished":"2024-01-23T12:19:48+00:00","dateModified":"2024-01-23T12:30:10+00:00","mainEntityOfPage":{"@id":"https:\/\/news.canadamotorjobs.com\/fr\/des-photos-du-prochain-jeep-wagoneer-electrique-reveles-par-accident\/"},"wordCount":539,"publisher":{"@id":"https:\/\/news.canadamotorjobs.com\/#organization"},"image":{"@id":"https:\/\/news.canadamotorjobs.com\/fr\/des-photos-du-prochain-jeep-wagoneer-electrique-reveles-par-accident\/#primaryimage"},"thumbnailUrl":"https:\/\/news.canadamotorjobs.com\/wp-content\/uploads\/2024\/01\/2025-jeep-wagoneer-s-leaked-official-image.jpg","articleSection":["Annuel automobile"],"inLanguage":"fr-CA"},{"@type":"WebPage","@id":"https:\/\/news.canadamotorjobs.com\/fr\/des-photos-du-prochain-jeep-wagoneer-electrique-reveles-par-accident\/","url":"https:\/\/news.canadamotorjobs.com\/fr\/des-photos-du-prochain-jeep-wagoneer-electrique-reveles-par-accident\/","name":"Des photos du prochain Jeep Wagoneer \u00e9lectrique r\u00e9v\u00e9l\u00e9s par accident - CanadaMotorJobs.com","isPartOf":{"@id":"https:\/\/news.canadamotorjobs.com\/#website"},"primaryImageOfPage":{"@id":"https:\/\/news.canadamotorjobs.com\/fr\/des-photos-du-prochain-jeep-wagoneer-electrique-reveles-par-accident\/#primaryimage"},"image":{"@id":"https:\/\/news.canadamotorjobs.com\/fr\/des-photos-du-prochain-jeep-wagoneer-electrique-reveles-par-accident\/#primaryimage"},"thumbnailUrl":"https:\/\/news.canadamotorjobs.com\/wp-content\/uploads\/2024\/01\/2025-jeep-wagoneer-s-leaked-official-image.jpg","datePublished":"2024-01-23T12:19:48+00:00","dateModified":"2024-01-23T12:30:10+00:00","description":"Des photos du prochain Jeep Wagoneer \u00e9lectrique r\u00e9v\u00e9l\u00e9s par accident - Benoit Charette - Annuel automobile - CanadaMotorJobs.com.","breadcrumb":{"@id":"https:\/\/news.canadamotorjobs.com\/fr\/des-photos-du-prochain-jeep-wagoneer-electrique-reveles-par-accident\/#breadcrumb"},"inLanguage":"fr-CA","potentialAction":[{"@type":"ReadAction","target":["https:\/\/news.canadamotorjobs.com\/fr\/des-photos-du-prochain-jeep-wagoneer-electrique-reveles-par-accident\/"]}]},{"@type":"ImageObject","inLanguage":"fr-CA","@id":"https:\/\/news.canadamotorjobs.com\/fr\/des-photos-du-prochain-jeep-wagoneer-electrique-reveles-par-accident\/#primaryimage","url":"https:\/\/news.canadamotorjobs.com\/wp-content\/uploads\/2024\/01\/2025-jeep-wagoneer-s-leaked-official-image.jpg","contentUrl":"https:\/\/news.canadamotorjobs.com\/wp-content\/uploads\/2024\/01\/2025-jeep-wagoneer-s-leaked-official-image.jpg","width":1280,"height":720},{"@type":"BreadcrumbList","@id":"https:\/\/news.canadamotorjobs.com\/fr\/des-photos-du-prochain-jeep-wagoneer-electrique-reveles-par-accident\/#breadcrumb","itemListElement":[{"@type":"ListItem","position":1,"name":"Home","item":"https:\/\/news.canadamotorjobs.com\/fr\/blog\/"},{"@type":"ListItem","position":2,"name":"Des photos du prochain Jeep Wagoneer \u00e9lectrique r\u00e9v\u00e9l\u00e9s par accident"}]},{"@type":"WebSite","@id":"https:\/\/news.canadamotorjobs.com\/#website","url":"https:\/\/news.canadamotorjobs.com\/","name":"CanadaMotorJobs.com","description":"Automotive Jobs","publisher":{"@id":"https:\/\/news.canadamotorjobs.com\/#organization"},"potentialAction":[{"@type":"SearchAction","target":{"@type":"EntryPoint","urlTemplate":"https:\/\/news.canadamotorjobs.com\/?s={search_term_string}"},"query-input":"required name=search_term_string"}],"inLanguage":"fr-CA"},{"@type":"Organization","@id":"https:\/\/news.canadamotorjobs.com\/#organization","name":"Canada Motor Jobs","url":"https:\/\/news.canadamotorjobs.com\/","logo":{"@type":"ImageObject","inLanguage":"fr-CA","@id":"https:\/\/news.canadamotorjobs.com\/#\/schema\/logo\/image\/","url":"https:\/\/news.canadamotorjobs.com\/wp-content\/uploads\/2022\/10\/logo-canada-motor-jobs-1.png","contentUrl":"https:\/\/news.canadamotorjobs.com\/wp-content\/uploads\/2022\/10\/logo-canada-motor-jobs-1.png","width":800,"height":400,"caption":"Canada Motor Jobs"},"image":{"@id":"https:\/\/news.canadamotorjobs.com\/#\/schema\/logo\/image\/"},"sameAs":["https:\/\/www.facebook.com\/canadamotorjobs\/","https:\/\/x.com\/canadamotorjobs","https:\/\/www.instagram.com\/canadamotorjobs\/","https:\/\/www.linkedin.com\/company\/canadamotorjobs"]},{"@type":"Person","@id":"https:\/\/news.canadamotorjobs.com\/#\/schema\/person\/51793d1f87d44011d7bcc2ed99269a90","name":"Benoit Charette","image":{"@type":"ImageObject","inLanguage":"fr-CA","@id":"https:\/\/news.canadamotorjobs.com\/#\/schema\/person\/image\/","url":"https:\/\/secure.gravatar.com\/avatar\/45f3d2eebcccd909668d7ce7ea7267b6?s=96&d=mm&r=g","contentUrl":"https:\/\/secure.gravatar.com\/avatar\/45f3d2eebcccd909668d7ce7ea7267b6?s=96&d=mm&r=g","caption":"Benoit Charette"},"description":"Benoit Charette \/ Propri\u00e9taire et r\u00e9dacteur en chef Benoit Charette pratique le journalisme automobile depuis bient\u00f4t 30 ans. Il a fait ses classes au c\u00f4t\u00e9 de Daniel H\u00e9raud et au Carnet de route de 1992 \u00e0 2001. Il est fondateur, copropri\u00e9taire et r\u00e9dacteur en chef de L\u2019Annuel de l\u2019automobile, qu\u2019il publie depuis 2001. Il a anim\u00e9 les \u00e9missions RPM et RPM+ sur V et les L\u00e9gendes de la route sur Historia. \u00c0 la radio depuis 1986, il reprend l\u2019antenne cette ann\u00e9e sur les ondes de Cogeco et participe pour la deuxi\u00e8me ann\u00e9e \u00e0 l\u2019\u00e9mission Passion Auto sur RDS en plus de mettre en ligne le site Web officiel de L\u2019Annuel de l\u2019automobile sur annuelauto.ca.","sameAs":["https:\/\/annuelauto.ca\/"],"url":"https:\/\/news.canadamotorjobs.com\/fr\/author\/benoit-charette\/"}]}},"_links":{"self":[{"href":"https:\/\/news.canadamotorjobs.com\/fr\/wp-json\/wp\/v2\/posts\/157317"}],"collection":[{"href":"https:\/\/news.canadamotorjobs.com\/fr\/wp-json\/wp\/v2\/posts"}],"about":[{"href":"https:\/\/news.canadamotorjobs.com\/fr\/wp-json\/wp\/v2\/types\/post"}],"author":[{"embeddable":true,"href":"https:\/\/news.canadamotorjobs.com\/fr\/wp-json\/wp\/v2\/users\/8"}],"replies":[{"embeddable":true,"href":"https:\/\/news.canadamotorjobs.com\/fr\/wp-json\/wp\/v2\/comments?post=157317"}],"version-history":[{"count":2,"href":"https:\/\/news.canadamotorjobs.com\/fr\/wp-json\/wp\/v2\/posts\/157317\/revisions"}],"predecessor-version":[{"id":157321,"href":"https:\/\/news.canadamotorjobs.com\/fr\/wp-json\/wp\/v2\/posts\/157317\/revisions\/157321"}],"wp:featuredmedia":[{"embeddable":true,"href":"https:\/\/news.canadamotorjobs.com\/fr\/wp-json\/wp\/v2\/media\/157319"}],"wp:attachment":[{"href":"https:\/\/news.canadamotorjobs.com\/fr\/wp-json\/wp\/v2\/media?parent=157317"}],"wp:term":[{"taxonomy":"category","embeddable":true,"href":"https:\/\/news.canadamotorjobs.com\/fr\/wp-json\/wp\/v2\/categories?post=157317"},{"taxonomy":"post_tag","embeddable":true,"href":"https:\/\/news.canadamotorjobs.com\/fr\/wp-json\/wp\/v2\/tags?post=157317"}],"curies":[{"name":"wp","href":"https:\/\/api.w.org\/{rel}","templated":true}]}}