{"id":157302,"date":"2024-01-23T06:55:40","date_gmt":"2024-01-23T11:55:40","guid":{"rendered":"https:\/\/news.canadamotorjobs.com\/?p=157302"},"modified":"2024-01-23T07:02:55","modified_gmt":"2024-01-23T12:02:55","slug":"le-president-de-toyota-akio-toyoda-prevoit-que-les-parts-des-vehicules-eleectriques-sur-la-route-ne-depassera-jamais-les-30","status":"publish","type":"post","link":"https:\/\/news.canadamotorjobs.com\/fr\/le-president-de-toyota-akio-toyoda-prevoit-que-les-parts-des-vehicules-eleectriques-sur-la-route-ne-depassera-jamais-les-30\/","title":{"rendered":"Le pr\u00e9sident de Toyota, Akio Toyoda pr\u00e9voit que les parts des v\u00e9hicules \u00e9leectriques sur la route ne d\u00e9passera jamais les 30 %"},"content":{"rendered":"<\/p>\n<p>Le premier constructeur automobile mondial soutient que son approche holistique des motorisations alternatives s&#8217;av\u00e9rera finalement la bonne. Son pr\u00e9sident croit que les v\u00e9hicules \u00e9lectriques \u00e0 batterie atteindront au maximum 30 % de part de march\u00e9, le reste \u00e9tant occup\u00e9 par les v\u00e9hicules hybrides, les v\u00e9hicules \u00e0 pile \u00e0 hydrog\u00e8ne et les v\u00e9hicules \u00e0 carburant.<\/p>\n<h3>Pour les bien nantis<\/h3>\n<p>\nAvec un milliard de personnes dans le monde vivant sans \u00e9lectricit\u00e9, limiter leurs choix et leur capacit\u00e9 \u00e0 voyager en fabriquant des voitures co\u00fbteuses n&#8217;est pas la solution, a d\u00e9clar\u00e9 le petit-fils du fondateur de l&#8217;entreprise lors d&#8217;un \u00e9v\u00e9nement commercial ce mois-ci, selon des remarques publi\u00e9es sur la plateforme m\u00e9diatique de l&#8217;entreprise mardi. &#8220;Ce sont les clients, et non les r\u00e9glementations ou la politique, qui doivent prendre cette d\u00e9cision&#8221;, a-t-il d\u00e9clar\u00e9.<\/p>\n<h3>Toyota pousse sur les hybrides<\/h3>\n<p>\nLe num\u00e9ro un mondial de l&#8217;automobile s&#8217;est d\u00e9fendu d&#8217;avoir pris du retard dans la transition vers les v\u00e9hicules \u00e9lectriques, affirmant que ses groupes motopropulseurs hybrides, sa technologie de l&#8217;hydrog\u00e8ne et son approche prudente s&#8217;av\u00e9reront finalement \u00eatre la bonne approche pour l&#8217;entreprise, les clients et l&#8217;environnement. Au d\u00e9but du mois, Toyoda a annonc\u00e9 une initiative visant \u00e0 d\u00e9velopper de nouveaux moteurs \u00e0 combustion. &#8220;Les moteurs resteront s\u00fbrement&#8221;, a d\u00e9clar\u00e9 Toyoda dans la publication de l&#8217;entreprise. Il n&#8217;\u00e9tait pas clair si les remarques de Toyoda se r\u00e9f\u00e9raient aux ventes de nouvelles voitures ou \u00e0 celles d\u00e9j\u00e0 en circulation.<\/p>\n<h3>Des pr\u00e9visions pour le Canada et les \u00c9tats-Unis<\/h3>\n<p>\nOn ne sait pas non plus ce que Toyoda pr\u00e9voit pour le march\u00e9 nord- am\u00e9ricain, o\u00f9 la croissance de la part de march\u00e9 des VE a \u00e9t\u00e9 plus lente que pr\u00e9vu. Selon les pr\u00e9visions de Bloomberg, les VE repr\u00e9senteront 75 % des ventes de voitures neuves et 44 % des v\u00e9hicules de tourisme en circulation d&#8217;ici 2040.<\/p>\n<h3>L\u2019avenir donnera raison ou tort \u00e0 Toyoda<\/h3>\n<p>\nPr\u00e9sent\u00e9e depuis des ann\u00e9es par Toyoda, l&#8217;approche \u00e0 voies multiples soutient que les clients devraient pouvoir choisir le groupe motopropulseur qui r\u00e9pond \u00e0 leurs besoins, et que le passage aux VE ne se fera pas aussi rapidement que beaucoup le pensent. L&#8217;ann\u00e9e derni\u00e8re, le PDG Koji Sato a d\u00e9clar\u00e9 que Toyota vendrait 1,5 million de VE \u00e0 batterie par an d&#8217;ici 2026, et 3,5 millions d&#8217;ici 2030.<\/p>\n<p>\u00a0<\/p>\n<p>Avec des renseignements d\u2019Automotive News<\/p>\n<p>Le texte <a rel=\"nofollow\" href=\"https:\/\/annuelauto.ca\/le-president-de-toyota-akio-toyoda-prevoit-que-les-parts-des-vehicules-eleectriques-sur-la-route-ne-depassera-jamais-les-30\/\">Le pr\u00e9sident de Toyota, Akio Toyoda pr\u00e9voit que les parts des v\u00e9hicules \u00e9leectriques sur la route ne d\u00e9passera jamais les 30 %<\/a> provient de <a rel=\"nofollow\" href=\"https:\/\/annuelauto.ca\">L&#8217;annuel de l&#8217;automobile &#8211; Actualit\u00e9 automobile<\/a><\/p>\n<p><\/p>\n","protected":false},"excerpt":{"rendered":"<p>Le premier constructeur automobile mondial soutient que son approche holistique des motorisations alternatives s&#8217;av\u00e9rera finalement la bonne. Son pr\u00e9sident croit que les v\u00e9hicules \u00e9lectriques \u00e0 batterie atteindront au maximum 30 % de part de march\u00e9, le reste \u00e9tant occup\u00e9 par les v\u00e9hicules hybrides, les v\u00e9hicules \u00e0 pile \u00e0 hydrog\u00e8ne et les v\u00e9hicules \u00e0 carburant. Pour [&hellip;]<\/p>\n","protected":false},"author":8,"featured_media":157304,"comment_status":"close","ping_status":"closed","sticky":false,"template":"","format":"standard","meta":{"_monsterinsights_skip_tracking":false,"_monsterinsights_sitenote_active":false,"_monsterinsights_sitenote_note":"","_monsterinsights_sitenote_category":0,"footnotes":""},"categories":[101],"tags":[],"yoast_head":"<!-- This site is optimized with the Yoast SEO plugin v23.2 - https:\/\/yoast.com\/wordpress\/plugins\/seo\/ -->\n<title>Le pr\u00e9sident de Toyota, Akio Toyoda pr\u00e9voit que les parts des v\u00e9hicules \u00e9leectriques sur la route ne d\u00e9passera jamais les 30 % - CanadaMotorJobs.com<\/title>\n<meta name=\"description\" content=\"Le pr\u00e9sident de Toyota, Akio Toyoda pr\u00e9voit que les parts des v\u00e9hicules \u00e9leectriques sur la route ne d\u00e9passera jamais les 30 % - Benoit Charette - Annuel automobile - CanadaMotorJobs.com.\" \/>\n<meta name=\"robots\" content=\"index, follow, max-snippet:-1, max-image-preview:large, max-video-preview:-1\" \/>\n<meta property=\"og:locale\" content=\"fr_CA\" \/>\n<meta property=\"og:type\" content=\"article\" \/>\n<meta property=\"og:title\" content=\"Le pr\u00e9sident de Toyota, Akio Toyoda pr\u00e9voit que les parts des v\u00e9hicules \u00e9leectriques sur la route ne d\u00e9passera jamais les 30 % - CanadaMotorJobs.com\" \/>\n<meta property=\"og:description\" content=\"Le pr\u00e9sident de Toyota, Akio Toyoda pr\u00e9voit que les parts des v\u00e9hicules \u00e9leectriques sur la route ne d\u00e9passera jamais les 30 % - Benoit Charette - Annuel automobile - CanadaMotorJobs.com.\" \/>\n<meta property=\"og:url\" content=\"https:\/\/news.canadamotorjobs.com\/fr\/le-president-de-toyota-akio-toyoda-prevoit-que-les-parts-des-vehicules-eleectriques-sur-la-route-ne-depassera-jamais-les-30\/\" \/>\n<meta property=\"og:site_name\" content=\"CanadaMotorJobs.com\" \/>\n<meta property=\"article:publisher\" content=\"https:\/\/www.facebook.com\/canadamotorjobs\/\" \/>\n<meta property=\"article:published_time\" content=\"2024-01-23T11:55:40+00:00\" \/>\n<meta property=\"article:modified_time\" content=\"2024-01-23T12:02:55+00:00\" \/>\n<meta property=\"og:image\" content=\"https:\/\/news.canadamotorjobs.com\/wp-content\/uploads\/2024\/01\/akio_toyoda_t.jpg\" \/>\n\t<meta property=\"og:image:width\" content=\"610\" \/>\n\t<meta property=\"og:image:height\" content=\"407\" \/>\n\t<meta property=\"og:image:type\" content=\"image\/jpeg\" \/>\n<meta name=\"author\" content=\"Benoit Charette\" \/>\n<meta name=\"twitter:card\" content=\"summary_large_image\" \/>\n<meta name=\"twitter:creator\" content=\"@canadamotorjobs\" \/>\n<meta name=\"twitter:site\" content=\"@canadamotorjobs\" \/>\n<meta name=\"twitter:label1\" content=\"\u00c9crit par\" \/>\n\t<meta name=\"twitter:data1\" content=\"Benoit Charette\" \/>\n\t<meta name=\"twitter:label2\" content=\"Estimation du temps de lecture\" \/>\n\t<meta name=\"twitter:data2\" content=\"2 minutes\" \/>\n<!-- \/ Yoast SEO plugin. -->","yoast_head_json":{"title":"Le pr\u00e9sident de Toyota, Akio Toyoda pr\u00e9voit que les parts des v\u00e9hicules \u00e9leectriques sur la route ne d\u00e9passera jamais les 30 % - CanadaMotorJobs.com","description":"Le pr\u00e9sident de Toyota, Akio Toyoda pr\u00e9voit que les parts des v\u00e9hicules \u00e9leectriques sur la route ne d\u00e9passera jamais les 30 % - Benoit Charette - Annuel automobile - CanadaMotorJobs.com.","robots":{"index":"index","follow":"follow","max-snippet":"max-snippet:-1","max-image-preview":"max-image-preview:large","max-video-preview":"max-video-preview:-1"},"og_locale":"fr_CA","og_type":"article","og_title":"Le pr\u00e9sident de Toyota, Akio Toyoda pr\u00e9voit que les parts des v\u00e9hicules \u00e9leectriques sur la route ne d\u00e9passera jamais les 30 % - CanadaMotorJobs.com","og_description":"Le pr\u00e9sident de Toyota, Akio Toyoda pr\u00e9voit que les parts des v\u00e9hicules \u00e9leectriques sur la route ne d\u00e9passera jamais les 30 % - Benoit Charette - Annuel automobile - CanadaMotorJobs.com.","og_url":"https:\/\/news.canadamotorjobs.com\/fr\/le-president-de-toyota-akio-toyoda-prevoit-que-les-parts-des-vehicules-eleectriques-sur-la-route-ne-depassera-jamais-les-30\/","og_site_name":"CanadaMotorJobs.com","article_publisher":"https:\/\/www.facebook.com\/canadamotorjobs\/","article_published_time":"2024-01-23T11:55:40+00:00","article_modified_time":"2024-01-23T12:02:55+00:00","og_image":[{"width":610,"height":407,"url":"https:\/\/news.canadamotorjobs.com\/wp-content\/uploads\/2024\/01\/akio_toyoda_t.jpg","type":"image\/jpeg"}],"author":"Benoit Charette","twitter_card":"summary_large_image","twitter_creator":"@canadamotorjobs","twitter_site":"@canadamotorjobs","twitter_misc":{"\u00c9crit par":"Benoit Charette","Estimation du temps de lecture":"2 minutes"},"schema":{"@context":"https:\/\/schema.org","@graph":[{"@type":"Article","@id":"https:\/\/news.canadamotorjobs.com\/fr\/le-president-de-toyota-akio-toyoda-prevoit-que-les-parts-des-vehicules-eleectriques-sur-la-route-ne-depassera-jamais-les-30\/#article","isPartOf":{"@id":"https:\/\/news.canadamotorjobs.com\/fr\/le-president-de-toyota-akio-toyoda-prevoit-que-les-parts-des-vehicules-eleectriques-sur-la-route-ne-depassera-jamais-les-30\/"},"author":{"name":"Benoit Charette","@id":"https:\/\/news.canadamotorjobs.com\/#\/schema\/person\/51793d1f87d44011d7bcc2ed99269a90"},"headline":"Le pr\u00e9sident de Toyota, Akio Toyoda pr\u00e9voit que les parts des v\u00e9hicules \u00e9leectriques sur la route ne d\u00e9passera jamais les 30 %","datePublished":"2024-01-23T11:55:40+00:00","dateModified":"2024-01-23T12:02:55+00:00","mainEntityOfPage":{"@id":"https:\/\/news.canadamotorjobs.com\/fr\/le-president-de-toyota-akio-toyoda-prevoit-que-les-parts-des-vehicules-eleectriques-sur-la-route-ne-depassera-jamais-les-30\/"},"wordCount":472,"publisher":{"@id":"https:\/\/news.canadamotorjobs.com\/#organization"},"image":{"@id":"https:\/\/news.canadamotorjobs.com\/fr\/le-president-de-toyota-akio-toyoda-prevoit-que-les-parts-des-vehicules-eleectriques-sur-la-route-ne-depassera-jamais-les-30\/#primaryimage"},"thumbnailUrl":"https:\/\/news.canadamotorjobs.com\/wp-content\/uploads\/2024\/01\/akio_toyoda_t.jpg","articleSection":["Annuel automobile"],"inLanguage":"fr-CA"},{"@type":"WebPage","@id":"https:\/\/news.canadamotorjobs.com\/fr\/le-president-de-toyota-akio-toyoda-prevoit-que-les-parts-des-vehicules-eleectriques-sur-la-route-ne-depassera-jamais-les-30\/","url":"https:\/\/news.canadamotorjobs.com\/fr\/le-president-de-toyota-akio-toyoda-prevoit-que-les-parts-des-vehicules-eleectriques-sur-la-route-ne-depassera-jamais-les-30\/","name":"Le pr\u00e9sident de Toyota, Akio Toyoda pr\u00e9voit que les parts des v\u00e9hicules \u00e9leectriques sur la route ne d\u00e9passera jamais les 30 % - CanadaMotorJobs.com","isPartOf":{"@id":"https:\/\/news.canadamotorjobs.com\/#website"},"primaryImageOfPage":{"@id":"https:\/\/news.canadamotorjobs.com\/fr\/le-president-de-toyota-akio-toyoda-prevoit-que-les-parts-des-vehicules-eleectriques-sur-la-route-ne-depassera-jamais-les-30\/#primaryimage"},"image":{"@id":"https:\/\/news.canadamotorjobs.com\/fr\/le-president-de-toyota-akio-toyoda-prevoit-que-les-parts-des-vehicules-eleectriques-sur-la-route-ne-depassera-jamais-les-30\/#primaryimage"},"thumbnailUrl":"https:\/\/news.canadamotorjobs.com\/wp-content\/uploads\/2024\/01\/akio_toyoda_t.jpg","datePublished":"2024-01-23T11:55:40+00:00","dateModified":"2024-01-23T12:02:55+00:00","description":"Le pr\u00e9sident de Toyota, Akio Toyoda pr\u00e9voit que les parts des v\u00e9hicules \u00e9leectriques sur la route ne d\u00e9passera jamais les 30 % - Benoit Charette - Annuel automobile - CanadaMotorJobs.com.","breadcrumb":{"@id":"https:\/\/news.canadamotorjobs.com\/fr\/le-president-de-toyota-akio-toyoda-prevoit-que-les-parts-des-vehicules-eleectriques-sur-la-route-ne-depassera-jamais-les-30\/#breadcrumb"},"inLanguage":"fr-CA","potentialAction":[{"@type":"ReadAction","target":["https:\/\/news.canadamotorjobs.com\/fr\/le-president-de-toyota-akio-toyoda-prevoit-que-les-parts-des-vehicules-eleectriques-sur-la-route-ne-depassera-jamais-les-30\/"]}]},{"@type":"ImageObject","inLanguage":"fr-CA","@id":"https:\/\/news.canadamotorjobs.com\/fr\/le-president-de-toyota-akio-toyoda-prevoit-que-les-parts-des-vehicules-eleectriques-sur-la-route-ne-depassera-jamais-les-30\/#primaryimage","url":"https:\/\/news.canadamotorjobs.com\/wp-content\/uploads\/2024\/01\/akio_toyoda_t.jpg","contentUrl":"https:\/\/news.canadamotorjobs.com\/wp-content\/uploads\/2024\/01\/akio_toyoda_t.jpg","width":610,"height":407},{"@type":"BreadcrumbList","@id":"https:\/\/news.canadamotorjobs.com\/fr\/le-president-de-toyota-akio-toyoda-prevoit-que-les-parts-des-vehicules-eleectriques-sur-la-route-ne-depassera-jamais-les-30\/#breadcrumb","itemListElement":[{"@type":"ListItem","position":1,"name":"Home","item":"https:\/\/news.canadamotorjobs.com\/fr\/blog\/"},{"@type":"ListItem","position":2,"name":"Le pr\u00e9sident de Toyota, Akio Toyoda pr\u00e9voit que les parts des v\u00e9hicules \u00e9leectriques sur la route ne d\u00e9passera jamais les 30 %"}]},{"@type":"WebSite","@id":"https:\/\/news.canadamotorjobs.com\/#website","url":"https:\/\/news.canadamotorjobs.com\/","name":"CanadaMotorJobs.com","description":"Automotive Jobs","publisher":{"@id":"https:\/\/news.canadamotorjobs.com\/#organization"},"potentialAction":[{"@type":"SearchAction","target":{"@type":"EntryPoint","urlTemplate":"https:\/\/news.canadamotorjobs.com\/?s={search_term_string}"},"query-input":"required name=search_term_string"}],"inLanguage":"fr-CA"},{"@type":"Organization","@id":"https:\/\/news.canadamotorjobs.com\/#organization","name":"Canada Motor Jobs","url":"https:\/\/news.canadamotorjobs.com\/","logo":{"@type":"ImageObject","inLanguage":"fr-CA","@id":"https:\/\/news.canadamotorjobs.com\/#\/schema\/logo\/image\/","url":"https:\/\/news.canadamotorjobs.com\/wp-content\/uploads\/2022\/10\/logo-canada-motor-jobs-1.png","contentUrl":"https:\/\/news.canadamotorjobs.com\/wp-content\/uploads\/2022\/10\/logo-canada-motor-jobs-1.png","width":800,"height":400,"caption":"Canada Motor Jobs"},"image":{"@id":"https:\/\/news.canadamotorjobs.com\/#\/schema\/logo\/image\/"},"sameAs":["https:\/\/www.facebook.com\/canadamotorjobs\/","https:\/\/x.com\/canadamotorjobs","https:\/\/www.instagram.com\/canadamotorjobs\/","https:\/\/www.linkedin.com\/company\/canadamotorjobs"]},{"@type":"Person","@id":"https:\/\/news.canadamotorjobs.com\/#\/schema\/person\/51793d1f87d44011d7bcc2ed99269a90","name":"Benoit Charette","image":{"@type":"ImageObject","inLanguage":"fr-CA","@id":"https:\/\/news.canadamotorjobs.com\/#\/schema\/person\/image\/","url":"https:\/\/secure.gravatar.com\/avatar\/45f3d2eebcccd909668d7ce7ea7267b6?s=96&d=mm&r=g","contentUrl":"https:\/\/secure.gravatar.com\/avatar\/45f3d2eebcccd909668d7ce7ea7267b6?s=96&d=mm&r=g","caption":"Benoit Charette"},"description":"Benoit Charette \/ Propri\u00e9taire et r\u00e9dacteur en chef Benoit Charette pratique le journalisme automobile depuis bient\u00f4t 30 ans. Il a fait ses classes au c\u00f4t\u00e9 de Daniel H\u00e9raud et au Carnet de route de 1992 \u00e0 2001. Il est fondateur, copropri\u00e9taire et r\u00e9dacteur en chef de L\u2019Annuel de l\u2019automobile, qu\u2019il publie depuis 2001. Il a anim\u00e9 les \u00e9missions RPM et RPM+ sur V et les L\u00e9gendes de la route sur Historia. \u00c0 la radio depuis 1986, il reprend l\u2019antenne cette ann\u00e9e sur les ondes de Cogeco et participe pour la deuxi\u00e8me ann\u00e9e \u00e0 l\u2019\u00e9mission Passion Auto sur RDS en plus de mettre en ligne le site Web officiel de L\u2019Annuel de l\u2019automobile sur annuelauto.ca.","sameAs":["https:\/\/annuelauto.ca\/"],"url":"https:\/\/news.canadamotorjobs.com\/fr\/author\/benoit-charette\/"}]}},"_links":{"self":[{"href":"https:\/\/news.canadamotorjobs.com\/fr\/wp-json\/wp\/v2\/posts\/157302"}],"collection":[{"href":"https:\/\/news.canadamotorjobs.com\/fr\/wp-json\/wp\/v2\/posts"}],"about":[{"href":"https:\/\/news.canadamotorjobs.com\/fr\/wp-json\/wp\/v2\/types\/post"}],"author":[{"embeddable":true,"href":"https:\/\/news.canadamotorjobs.com\/fr\/wp-json\/wp\/v2\/users\/8"}],"replies":[{"embeddable":true,"href":"https:\/\/news.canadamotorjobs.com\/fr\/wp-json\/wp\/v2\/comments?post=157302"}],"version-history":[{"count":2,"href":"https:\/\/news.canadamotorjobs.com\/fr\/wp-json\/wp\/v2\/posts\/157302\/revisions"}],"predecessor-version":[{"id":157306,"href":"https:\/\/news.canadamotorjobs.com\/fr\/wp-json\/wp\/v2\/posts\/157302\/revisions\/157306"}],"wp:featuredmedia":[{"embeddable":true,"href":"https:\/\/news.canadamotorjobs.com\/fr\/wp-json\/wp\/v2\/media\/157304"}],"wp:attachment":[{"href":"https:\/\/news.canadamotorjobs.com\/fr\/wp-json\/wp\/v2\/media?parent=157302"}],"wp:term":[{"taxonomy":"category","embeddable":true,"href":"https:\/\/news.canadamotorjobs.com\/fr\/wp-json\/wp\/v2\/categories?post=157302"},{"taxonomy":"post_tag","embeddable":true,"href":"https:\/\/news.canadamotorjobs.com\/fr\/wp-json\/wp\/v2\/tags?post=157302"}],"curies":[{"name":"wp","href":"https:\/\/api.w.org\/{rel}","templated":true}]}}