{"id":157279,"date":"2024-01-22T14:28:18","date_gmt":"2024-01-22T19:28:18","guid":{"rendered":"https:\/\/news.canadamotorjobs.com\/?p=157279"},"modified":"2024-01-22T14:31:11","modified_gmt":"2024-01-22T19:31:11","slug":"la-prochaine-generation-de-la-genesis-gv80-sera-entierement-electrique","status":"publish","type":"post","link":"https:\/\/news.canadamotorjobs.com\/fr\/la-prochaine-generation-de-la-genesis-gv80-sera-entierement-electrique\/","title":{"rendered":"La prochaine g\u00e9n\u00e9ration de la Genesis GV80 sera enti\u00e8rement \u00e9lectrique"},"content":{"rendered":"<\/p>\n<p>Pr\u00e9vu sur la route pour 2026, la prochaine g\u00e9n\u00e9ration du Genesis GV 80 szera enti\u00e8rement \u00e9lectrique. Construite sur la plateforme eM avec une autonomie qui pourrait atteindre 800 km, il offrira aussi de nouvelles technologies d&#8217;assistance au conducteur. Genesis pr\u00e9voit une transition compl\u00e8te vers l&#8217;\u00e9lectrique d&#8217;ici 2030<\/p>\n<p>Le GV80 de deuxi\u00e8me g\u00e9n\u00e9ration est actuellement en d\u00e9veloppement. Il sera construit sur la toute nouvelle plateforme \u00e9lectrique de la soci\u00e9t\u00e9, appel\u00e9e eM. Cette architecture vise \u00e0 faire \u00e9voluer les v\u00e9hicules \u00e9lectriques de la soci\u00e9t\u00e9 au-del\u00e0 des mod\u00e8les actuels, tels que la GV60 et la Hyundai Ioniq 5.<\/p>\n<p>La plateforme, initialement utilis\u00e9e sous le futur Genesis GV90 EV, offrira une modularit\u00e9 accrue. Cette flexibilit\u00e9 permettra son utilisation dans diff\u00e9rentes cat\u00e9gories de v\u00e9hicules et autorisera des batteries allant jusqu&#8217;\u00e0 113,2 kWh, offrant une autonomie \u00e9lectrique pouvant atteindre 800 km.<\/p>\n<p>Le rapport mentionne l&#8217;introduction de nouvelles technologies d&#8217;assistance au conducteur, y compris des r\u00e9ponses d&#8217;urgence autonomes avec une port\u00e9e 50% sup\u00e9rieure \u00e0 celle de l&#8217;Ioniq 5. De plus, elle permettra une conduite autonome de niveau 3+.<\/p>\n<p>Le prototype est pr\u00e9vu pour la premi\u00e8re moiti\u00e9 de l&#8217;ann\u00e9e prochaine, avec une production pr\u00e9vue pour la seconde moiti\u00e9 de 2026. Ainsi, le mod\u00e8le devrait \u00eatre d\u00e9voil\u00e9 pour la premi\u00e8re fois d\u00e9but 2026.<\/p>\n<p>Genesis a l&#8217;intention de devenir enti\u00e8rement \u00e9lectrique d&#8217;ici 2030, avec tous les nouveaux mod\u00e8les \u00e0 partir de 2025 \u00e9tant des v\u00e9hicules \u00e9lectriques. La marque vise \u00e0 \u00eatre totalement \u00e9lectrique d&#8217;ici 2030 et neutre en carbone d&#8217;ici 2035.<\/p>\n<p>\u00a0<\/p>\n<p>Avec des renseignements de Motor Illustrated<\/p>\n<p>\u00a0<\/p>\n<p>Le texte <a rel=\"nofollow\" href=\"https:\/\/annuelauto.ca\/la-prochaine-generation-de-la-genesis-gv80-sera-entierement-electrique\/\">La prochaine g\u00e9n\u00e9ration de la Genesis GV80 sera enti\u00e8rement \u00e9lectrique<\/a> provient de <a rel=\"nofollow\" href=\"https:\/\/annuelauto.ca\">L&#8217;annuel de l&#8217;automobile &#8211; Actualit\u00e9 automobile<\/a><\/p>\n<p><\/p>\n","protected":false},"excerpt":{"rendered":"<p>Pr\u00e9vu sur la route pour 2026, la prochaine g\u00e9n\u00e9ration du Genesis GV 80 szera enti\u00e8rement \u00e9lectrique. Construite sur la plateforme eM avec une autonomie qui pourrait atteindre 800 km, il offrira aussi de nouvelles technologies d&#8217;assistance au conducteur. Genesis pr\u00e9voit une transition compl\u00e8te vers l&#8217;\u00e9lectrique d&#8217;ici 2030 Le GV80 de deuxi\u00e8me g\u00e9n\u00e9ration est actuellement en [&hellip;]<\/p>\n","protected":false},"author":8,"featured_media":157281,"comment_status":"close","ping_status":"closed","sticky":false,"template":"","format":"standard","meta":{"_monsterinsights_skip_tracking":false,"_monsterinsights_sitenote_active":false,"_monsterinsights_sitenote_note":"","_monsterinsights_sitenote_category":0,"footnotes":""},"categories":[101],"tags":[],"yoast_head":"<!-- This site is optimized with the Yoast SEO plugin v23.2 - https:\/\/yoast.com\/wordpress\/plugins\/seo\/ -->\n<title>La prochaine g\u00e9n\u00e9ration de la Genesis GV80 sera enti\u00e8rement \u00e9lectrique - CanadaMotorJobs.com<\/title>\n<meta name=\"description\" content=\"La prochaine g\u00e9n\u00e9ration de la Genesis GV80 sera enti\u00e8rement \u00e9lectrique - Benoit Charette - Annuel automobile - CanadaMotorJobs.com.\" \/>\n<meta name=\"robots\" content=\"index, follow, max-snippet:-1, max-image-preview:large, max-video-preview:-1\" \/>\n<meta property=\"og:locale\" content=\"fr_CA\" \/>\n<meta property=\"og:type\" content=\"article\" \/>\n<meta property=\"og:title\" content=\"La prochaine g\u00e9n\u00e9ration de la Genesis GV80 sera enti\u00e8rement \u00e9lectrique - CanadaMotorJobs.com\" \/>\n<meta property=\"og:description\" content=\"La prochaine g\u00e9n\u00e9ration de la Genesis GV80 sera enti\u00e8rement \u00e9lectrique - Benoit Charette - Annuel automobile - CanadaMotorJobs.com.\" \/>\n<meta property=\"og:url\" content=\"https:\/\/news.canadamotorjobs.com\/fr\/la-prochaine-generation-de-la-genesis-gv80-sera-entierement-electrique\/\" \/>\n<meta property=\"og:site_name\" content=\"CanadaMotorJobs.com\" \/>\n<meta property=\"article:publisher\" content=\"https:\/\/www.facebook.com\/canadamotorjobs\/\" \/>\n<meta property=\"article:published_time\" content=\"2024-01-22T19:28:18+00:00\" \/>\n<meta property=\"article:modified_time\" content=\"2024-01-22T19:31:11+00:00\" \/>\n<meta property=\"og:image\" content=\"https:\/\/news.canadamotorjobs.com\/wp-content\/uploads\/2024\/01\/DSC_8154.jpg\" \/>\n\t<meta property=\"og:image:width\" content=\"1500\" \/>\n\t<meta property=\"og:image:height\" content=\"1000\" \/>\n\t<meta property=\"og:image:type\" content=\"image\/jpeg\" \/>\n<meta name=\"author\" content=\"Benoit Charette\" \/>\n<meta name=\"twitter:card\" content=\"summary_large_image\" \/>\n<meta name=\"twitter:creator\" content=\"@canadamotorjobs\" \/>\n<meta name=\"twitter:site\" content=\"@canadamotorjobs\" \/>\n<meta name=\"twitter:label1\" content=\"\u00c9crit par\" \/>\n\t<meta name=\"twitter:data1\" content=\"Benoit Charette\" \/>\n\t<meta name=\"twitter:label2\" content=\"Estimation du temps de lecture\" \/>\n\t<meta name=\"twitter:data2\" content=\"1 minute\" \/>\n<!-- \/ Yoast SEO plugin. -->","yoast_head_json":{"title":"La prochaine g\u00e9n\u00e9ration de la Genesis GV80 sera enti\u00e8rement \u00e9lectrique - CanadaMotorJobs.com","description":"La prochaine g\u00e9n\u00e9ration de la Genesis GV80 sera enti\u00e8rement \u00e9lectrique - Benoit Charette - Annuel automobile - CanadaMotorJobs.com.","robots":{"index":"index","follow":"follow","max-snippet":"max-snippet:-1","max-image-preview":"max-image-preview:large","max-video-preview":"max-video-preview:-1"},"og_locale":"fr_CA","og_type":"article","og_title":"La prochaine g\u00e9n\u00e9ration de la Genesis GV80 sera enti\u00e8rement \u00e9lectrique - CanadaMotorJobs.com","og_description":"La prochaine g\u00e9n\u00e9ration de la Genesis GV80 sera enti\u00e8rement \u00e9lectrique - Benoit Charette - Annuel automobile - CanadaMotorJobs.com.","og_url":"https:\/\/news.canadamotorjobs.com\/fr\/la-prochaine-generation-de-la-genesis-gv80-sera-entierement-electrique\/","og_site_name":"CanadaMotorJobs.com","article_publisher":"https:\/\/www.facebook.com\/canadamotorjobs\/","article_published_time":"2024-01-22T19:28:18+00:00","article_modified_time":"2024-01-22T19:31:11+00:00","og_image":[{"width":1500,"height":1000,"url":"https:\/\/news.canadamotorjobs.com\/wp-content\/uploads\/2024\/01\/DSC_8154.jpg","type":"image\/jpeg"}],"author":"Benoit Charette","twitter_card":"summary_large_image","twitter_creator":"@canadamotorjobs","twitter_site":"@canadamotorjobs","twitter_misc":{"\u00c9crit par":"Benoit Charette","Estimation du temps de lecture":"1 minute"},"schema":{"@context":"https:\/\/schema.org","@graph":[{"@type":"Article","@id":"https:\/\/news.canadamotorjobs.com\/fr\/la-prochaine-generation-de-la-genesis-gv80-sera-entierement-electrique\/#article","isPartOf":{"@id":"https:\/\/news.canadamotorjobs.com\/fr\/la-prochaine-generation-de-la-genesis-gv80-sera-entierement-electrique\/"},"author":{"name":"Benoit Charette","@id":"https:\/\/news.canadamotorjobs.com\/#\/schema\/person\/51793d1f87d44011d7bcc2ed99269a90"},"headline":"La prochaine g\u00e9n\u00e9ration de la Genesis GV80 sera enti\u00e8rement \u00e9lectrique","datePublished":"2024-01-22T19:28:18+00:00","dateModified":"2024-01-22T19:31:11+00:00","mainEntityOfPage":{"@id":"https:\/\/news.canadamotorjobs.com\/fr\/la-prochaine-generation-de-la-genesis-gv80-sera-entierement-electrique\/"},"wordCount":310,"publisher":{"@id":"https:\/\/news.canadamotorjobs.com\/#organization"},"image":{"@id":"https:\/\/news.canadamotorjobs.com\/fr\/la-prochaine-generation-de-la-genesis-gv80-sera-entierement-electrique\/#primaryimage"},"thumbnailUrl":"https:\/\/news.canadamotorjobs.com\/wp-content\/uploads\/2024\/01\/DSC_8154.jpg","articleSection":["Annuel automobile"],"inLanguage":"fr-CA"},{"@type":"WebPage","@id":"https:\/\/news.canadamotorjobs.com\/fr\/la-prochaine-generation-de-la-genesis-gv80-sera-entierement-electrique\/","url":"https:\/\/news.canadamotorjobs.com\/fr\/la-prochaine-generation-de-la-genesis-gv80-sera-entierement-electrique\/","name":"La prochaine g\u00e9n\u00e9ration de la Genesis GV80 sera enti\u00e8rement \u00e9lectrique - CanadaMotorJobs.com","isPartOf":{"@id":"https:\/\/news.canadamotorjobs.com\/#website"},"primaryImageOfPage":{"@id":"https:\/\/news.canadamotorjobs.com\/fr\/la-prochaine-generation-de-la-genesis-gv80-sera-entierement-electrique\/#primaryimage"},"image":{"@id":"https:\/\/news.canadamotorjobs.com\/fr\/la-prochaine-generation-de-la-genesis-gv80-sera-entierement-electrique\/#primaryimage"},"thumbnailUrl":"https:\/\/news.canadamotorjobs.com\/wp-content\/uploads\/2024\/01\/DSC_8154.jpg","datePublished":"2024-01-22T19:28:18+00:00","dateModified":"2024-01-22T19:31:11+00:00","description":"La prochaine g\u00e9n\u00e9ration de la Genesis GV80 sera enti\u00e8rement \u00e9lectrique - Benoit Charette - Annuel automobile - CanadaMotorJobs.com.","breadcrumb":{"@id":"https:\/\/news.canadamotorjobs.com\/fr\/la-prochaine-generation-de-la-genesis-gv80-sera-entierement-electrique\/#breadcrumb"},"inLanguage":"fr-CA","potentialAction":[{"@type":"ReadAction","target":["https:\/\/news.canadamotorjobs.com\/fr\/la-prochaine-generation-de-la-genesis-gv80-sera-entierement-electrique\/"]}]},{"@type":"ImageObject","inLanguage":"fr-CA","@id":"https:\/\/news.canadamotorjobs.com\/fr\/la-prochaine-generation-de-la-genesis-gv80-sera-entierement-electrique\/#primaryimage","url":"https:\/\/news.canadamotorjobs.com\/wp-content\/uploads\/2024\/01\/DSC_8154.jpg","contentUrl":"https:\/\/news.canadamotorjobs.com\/wp-content\/uploads\/2024\/01\/DSC_8154.jpg","width":1500,"height":1000},{"@type":"BreadcrumbList","@id":"https:\/\/news.canadamotorjobs.com\/fr\/la-prochaine-generation-de-la-genesis-gv80-sera-entierement-electrique\/#breadcrumb","itemListElement":[{"@type":"ListItem","position":1,"name":"Home","item":"https:\/\/news.canadamotorjobs.com\/fr\/blog\/"},{"@type":"ListItem","position":2,"name":"La prochaine g\u00e9n\u00e9ration de la Genesis GV80 sera enti\u00e8rement \u00e9lectrique"}]},{"@type":"WebSite","@id":"https:\/\/news.canadamotorjobs.com\/#website","url":"https:\/\/news.canadamotorjobs.com\/","name":"CanadaMotorJobs.com","description":"Automotive Jobs","publisher":{"@id":"https:\/\/news.canadamotorjobs.com\/#organization"},"potentialAction":[{"@type":"SearchAction","target":{"@type":"EntryPoint","urlTemplate":"https:\/\/news.canadamotorjobs.com\/?s={search_term_string}"},"query-input":"required name=search_term_string"}],"inLanguage":"fr-CA"},{"@type":"Organization","@id":"https:\/\/news.canadamotorjobs.com\/#organization","name":"Canada Motor Jobs","url":"https:\/\/news.canadamotorjobs.com\/","logo":{"@type":"ImageObject","inLanguage":"fr-CA","@id":"https:\/\/news.canadamotorjobs.com\/#\/schema\/logo\/image\/","url":"https:\/\/news.canadamotorjobs.com\/wp-content\/uploads\/2022\/10\/logo-canada-motor-jobs-1.png","contentUrl":"https:\/\/news.canadamotorjobs.com\/wp-content\/uploads\/2022\/10\/logo-canada-motor-jobs-1.png","width":800,"height":400,"caption":"Canada Motor Jobs"},"image":{"@id":"https:\/\/news.canadamotorjobs.com\/#\/schema\/logo\/image\/"},"sameAs":["https:\/\/www.facebook.com\/canadamotorjobs\/","https:\/\/x.com\/canadamotorjobs","https:\/\/www.instagram.com\/canadamotorjobs\/","https:\/\/www.linkedin.com\/company\/canadamotorjobs"]},{"@type":"Person","@id":"https:\/\/news.canadamotorjobs.com\/#\/schema\/person\/51793d1f87d44011d7bcc2ed99269a90","name":"Benoit Charette","image":{"@type":"ImageObject","inLanguage":"fr-CA","@id":"https:\/\/news.canadamotorjobs.com\/#\/schema\/person\/image\/","url":"https:\/\/secure.gravatar.com\/avatar\/45f3d2eebcccd909668d7ce7ea7267b6?s=96&d=mm&r=g","contentUrl":"https:\/\/secure.gravatar.com\/avatar\/45f3d2eebcccd909668d7ce7ea7267b6?s=96&d=mm&r=g","caption":"Benoit Charette"},"description":"Benoit Charette \/ Propri\u00e9taire et r\u00e9dacteur en chef Benoit Charette pratique le journalisme automobile depuis bient\u00f4t 30 ans. Il a fait ses classes au c\u00f4t\u00e9 de Daniel H\u00e9raud et au Carnet de route de 1992 \u00e0 2001. Il est fondateur, copropri\u00e9taire et r\u00e9dacteur en chef de L\u2019Annuel de l\u2019automobile, qu\u2019il publie depuis 2001. Il a anim\u00e9 les \u00e9missions RPM et RPM+ sur V et les L\u00e9gendes de la route sur Historia. \u00c0 la radio depuis 1986, il reprend l\u2019antenne cette ann\u00e9e sur les ondes de Cogeco et participe pour la deuxi\u00e8me ann\u00e9e \u00e0 l\u2019\u00e9mission Passion Auto sur RDS en plus de mettre en ligne le site Web officiel de L\u2019Annuel de l\u2019automobile sur annuelauto.ca.","sameAs":["https:\/\/annuelauto.ca\/"],"url":"https:\/\/news.canadamotorjobs.com\/fr\/author\/benoit-charette\/"}]}},"_links":{"self":[{"href":"https:\/\/news.canadamotorjobs.com\/fr\/wp-json\/wp\/v2\/posts\/157279"}],"collection":[{"href":"https:\/\/news.canadamotorjobs.com\/fr\/wp-json\/wp\/v2\/posts"}],"about":[{"href":"https:\/\/news.canadamotorjobs.com\/fr\/wp-json\/wp\/v2\/types\/post"}],"author":[{"embeddable":true,"href":"https:\/\/news.canadamotorjobs.com\/fr\/wp-json\/wp\/v2\/users\/8"}],"replies":[{"embeddable":true,"href":"https:\/\/news.canadamotorjobs.com\/fr\/wp-json\/wp\/v2\/comments?post=157279"}],"version-history":[{"count":2,"href":"https:\/\/news.canadamotorjobs.com\/fr\/wp-json\/wp\/v2\/posts\/157279\/revisions"}],"predecessor-version":[{"id":157283,"href":"https:\/\/news.canadamotorjobs.com\/fr\/wp-json\/wp\/v2\/posts\/157279\/revisions\/157283"}],"wp:featuredmedia":[{"embeddable":true,"href":"https:\/\/news.canadamotorjobs.com\/fr\/wp-json\/wp\/v2\/media\/157281"}],"wp:attachment":[{"href":"https:\/\/news.canadamotorjobs.com\/fr\/wp-json\/wp\/v2\/media?parent=157279"}],"wp:term":[{"taxonomy":"category","embeddable":true,"href":"https:\/\/news.canadamotorjobs.com\/fr\/wp-json\/wp\/v2\/categories?post=157279"},{"taxonomy":"post_tag","embeddable":true,"href":"https:\/\/news.canadamotorjobs.com\/fr\/wp-json\/wp\/v2\/tags?post=157279"}],"curies":[{"name":"wp","href":"https:\/\/api.w.org\/{rel}","templated":true}]}}