{"id":157260,"date":"2024-01-22T08:11:27","date_gmt":"2024-01-22T13:11:27","guid":{"rendered":"https:\/\/news.canadamotorjobs.com\/?p=157260"},"modified":"2024-01-22T08:14:17","modified_gmt":"2024-01-22T13:14:17","slug":"ottawa-veut-tenter-de-freiner-lepidemie-de-vols-de-voitures-au-pays","status":"publish","type":"post","link":"https:\/\/news.canadamotorjobs.com\/fr\/ottawa-veut-tenter-de-freiner-lepidemie-de-vols-de-voitures-au-pays\/","title":{"rendered":"Ottawa veut tenter de freiner l\u2019\u00e9pid\u00e9mie de vols de voitures au pays"},"content":{"rendered":"<\/p>\n<div class=\"flex flex-grow flex-col max-w-full\"><\/p>\n<div class=\"min-h-[20px] text-message flex flex-col items-start gap-3 whitespace-pre-wrap break-words [.text-message+&amp;]:mt-5 overflow-x-auto\" data-message-author-role=\"assistant\" data-message-id=\"b74e13e9-de18-459c-b556-ecac6444416c\"><\/p>\n<div class=\"markdown prose w-full break-words dark:prose-invert light\">\n<p>Le ministre de la S\u00e9curit\u00e9 publique, Dominic LeBlanc, a d\u00e9voil\u00e9 dimanche la tenue d&#8217;un sommet national \u00e0 Ottawa le 8 f\u00e9vrier pour lutter contre le vol de v\u00e9hicules. Ce crime devenu une plaie partout au pays a des implications non seulement sur les Canadiens mais renforce \u00e9galement les organisations criminelles en alimentant leurs activit\u00e9s ill\u00e9gales, a soulign\u00e9 le ministre LeBlanc lors d&#8217;une conf\u00e9rence de presse aux c\u00f4t\u00e9s de quatre de ses coll\u00e8gues.<\/p>\n<h3><em>Contexte de la R\u00e9union du Cabinet F\u00e9d\u00e9ral<\/em><\/h3>\n<p>\nL&#8217;annonce survient au premier jour d&#8217;une retraite de trois jours du cabinet f\u00e9d\u00e9ral \u00e0 Montr\u00e9al (plaque tournante du vol automobile au Canada), ax\u00e9e sur la pr\u00e9paration de la rentr\u00e9e parlementaire. Les sujets abord\u00e9s incluent la crise du logement, la hausse du co\u00fbt de la vie, les politiques en mati\u00e8re d&#8217;immigration, et les implications de l&#8217;\u00e9lection pr\u00e9sidentielle sur les relations canado-am\u00e9ricaines.<\/p>\n<h3><em>Statistiques Alarmantes<\/em><\/h3>\n<p>\nSelon un rapport publi\u00e9 en juin dernier, une voiture est vol\u00e9e toutes les six minutes au Canada. Les taux de vols d&#8217;autos ont augment\u00e9 de mani\u00e8re significative en 2022, avec une hausse de 50% au Qu\u00e9bec et de 48,3% en Ontario par rapport \u00e0 l&#8217;ann\u00e9e pr\u00e9c\u00e9dente, selon les estimations de l&#8217;industrie automobile.<\/p>\n<h3><em>Le Port de Montr\u00e9al comme Plaque Tournante<\/em><\/h3>\n<p>\nLe port de Montr\u00e9al est devenu une plaque tournante pour l&#8217;exportation de v\u00e9hicules vol\u00e9s, la plupart \u00e9tant destin\u00e9s \u00e0 l&#8217;Afrique et au Moyen-Orient. Les criminels utilisent divers stratag\u00e8mes pour \u00e9chapper aux autorit\u00e9s polici\u00e8res, en enregistrant des entreprises comme \u00e9crans pour simuler des envois de marchandises.<\/p>\n<h3><em>Impacts Politiques<\/em><\/h3>\n<p>\nM\u00eame les \u00e9lus ne sont pas \u00e9pargn\u00e9s par ce fl\u00e9au. L&#8217;ancien ministre de la Justice, David Lametti, a vu son v\u00e9hicule de fonction \u00eatre vol\u00e9 \u00e0 deux reprises. Sur la sc\u00e8ne provinciale, la ministre des Relations internationales et de la Francophonie, Martine Biron, a \u00e9galement \u00e9t\u00e9 victime d&#8217;un vol de voiture.<\/p>\n<h3><em>Objectif du Sommet de Ottawa<\/em><\/h3>\n<p>\nLe sommet propos\u00e9 par Ottawa vise \u00e0 identifier des solutions \u00e0 court, moyen et long termes pour contrer le vol de v\u00e9hicules. Le ministre LeBlanc souligne l&#8217;importance de la collaboration entre les juridictions locales, provinciales et nationales pour mieux coordonner les efforts collectifs.<\/p>\n<h3><em>R\u00e9actions et Pr\u00e9occupations<\/em><\/h3>\n<p>\nLe ministre LeBlanc exprime son inqui\u00e9tude quant \u00e0 la violence croissante associ\u00e9e \u00e0 ces vols de v\u00e9hicules. Son homologue qu\u00e9b\u00e9cois, le ministre Fran\u00e7ois Bonnardel, accueille favorablement l&#8217;annonce et souligne que la lutte contre les vols de voitures \u00e9tait une priorit\u00e9 du Qu\u00e9bec. Le ministre des Transports, Pablo Rodriguez, souligne l&#8217;impact significatif de la multiplication de ces crimes.<\/p>\n<h3>Avec des renseignements de la Presse<\/h3>\n<p>\n<\/div>\n<p>\n<\/div>\n<p>\n<\/div>\n<p>Le texte <a rel=\"nofollow\" href=\"https:\/\/annuelauto.ca\/ottawa-veut-tenter-de-freiner-lepidemie-de-vols-de-voitures-au-pays\/\">Ottawa veut tenter de freiner l\u2019\u00e9pid\u00e9mie de vols de voitures au pays<\/a> provient de <a rel=\"nofollow\" href=\"https:\/\/annuelauto.ca\">L&#8217;annuel de l&#8217;automobile &#8211; Actualit\u00e9 automobile<\/a><\/p>\n<p><\/p>\n","protected":false},"excerpt":{"rendered":"<p>Le ministre de la S\u00e9curit\u00e9 publique, Dominic LeBlanc, a d\u00e9voil\u00e9 dimanche la tenue d&#8217;un sommet national \u00e0 Ottawa le 8 f\u00e9vrier pour lutter contre le vol de v\u00e9hicules. Ce crime devenu une plaie partout au pays a des implications non seulement sur les Canadiens mais renforce \u00e9galement les organisations criminelles en alimentant leurs activit\u00e9s ill\u00e9gales, [&hellip;]<\/p>\n","protected":false},"author":8,"featured_media":157262,"comment_status":"close","ping_status":"closed","sticky":false,"template":"","format":"standard","meta":{"_monsterinsights_skip_tracking":false,"_monsterinsights_sitenote_active":false,"_monsterinsights_sitenote_note":"","_monsterinsights_sitenote_category":0,"footnotes":""},"categories":[101],"tags":[],"yoast_head":"<!-- This site is optimized with the Yoast SEO plugin v23.2 - https:\/\/yoast.com\/wordpress\/plugins\/seo\/ -->\n<title>Ottawa veut tenter de freiner l\u2019\u00e9pid\u00e9mie de vols de voitures au pays - CanadaMotorJobs.com<\/title>\n<meta name=\"description\" content=\"Ottawa veut tenter de freiner l\u2019\u00e9pid\u00e9mie de vols de voitures au pays - Benoit Charette - Annuel automobile - CanadaMotorJobs.com.\" \/>\n<meta name=\"robots\" content=\"index, follow, max-snippet:-1, max-image-preview:large, max-video-preview:-1\" \/>\n<meta property=\"og:locale\" content=\"fr_CA\" \/>\n<meta property=\"og:type\" content=\"article\" \/>\n<meta property=\"og:title\" content=\"Ottawa veut tenter de freiner l\u2019\u00e9pid\u00e9mie de vols de voitures au pays - CanadaMotorJobs.com\" \/>\n<meta property=\"og:description\" content=\"Ottawa veut tenter de freiner l\u2019\u00e9pid\u00e9mie de vols de voitures au pays - Benoit Charette - Annuel automobile - CanadaMotorJobs.com.\" \/>\n<meta property=\"og:url\" content=\"https:\/\/news.canadamotorjobs.com\/fr\/ottawa-veut-tenter-de-freiner-lepidemie-de-vols-de-voitures-au-pays\/\" \/>\n<meta property=\"og:site_name\" content=\"CanadaMotorJobs.com\" \/>\n<meta property=\"article:publisher\" content=\"https:\/\/www.facebook.com\/canadamotorjobs\/\" \/>\n<meta property=\"article:published_time\" content=\"2024-01-22T13:11:27+00:00\" \/>\n<meta property=\"article:modified_time\" content=\"2024-01-22T13:14:17+00:00\" \/>\n<meta property=\"og:image\" content=\"https:\/\/news.canadamotorjobs.com\/wp-content\/uploads\/2024\/01\/0292_638289893551125844.jpg\" \/>\n\t<meta property=\"og:image:width\" content=\"1000\" \/>\n\t<meta property=\"og:image:height\" content=\"600\" \/>\n\t<meta property=\"og:image:type\" content=\"image\/jpeg\" \/>\n<meta name=\"author\" content=\"Benoit Charette\" \/>\n<meta name=\"twitter:card\" content=\"summary_large_image\" \/>\n<meta name=\"twitter:creator\" content=\"@canadamotorjobs\" \/>\n<meta name=\"twitter:site\" content=\"@canadamotorjobs\" \/>\n<meta name=\"twitter:label1\" content=\"\u00c9crit par\" \/>\n\t<meta name=\"twitter:data1\" content=\"Benoit Charette\" \/>\n\t<meta name=\"twitter:label2\" content=\"Estimation du temps de lecture\" \/>\n\t<meta name=\"twitter:data2\" content=\"2 minutes\" \/>\n<!-- \/ Yoast SEO plugin. -->","yoast_head_json":{"title":"Ottawa veut tenter de freiner l\u2019\u00e9pid\u00e9mie de vols de voitures au pays - CanadaMotorJobs.com","description":"Ottawa veut tenter de freiner l\u2019\u00e9pid\u00e9mie de vols de voitures au pays - Benoit Charette - Annuel automobile - CanadaMotorJobs.com.","robots":{"index":"index","follow":"follow","max-snippet":"max-snippet:-1","max-image-preview":"max-image-preview:large","max-video-preview":"max-video-preview:-1"},"og_locale":"fr_CA","og_type":"article","og_title":"Ottawa veut tenter de freiner l\u2019\u00e9pid\u00e9mie de vols de voitures au pays - CanadaMotorJobs.com","og_description":"Ottawa veut tenter de freiner l\u2019\u00e9pid\u00e9mie de vols de voitures au pays - Benoit Charette - Annuel automobile - CanadaMotorJobs.com.","og_url":"https:\/\/news.canadamotorjobs.com\/fr\/ottawa-veut-tenter-de-freiner-lepidemie-de-vols-de-voitures-au-pays\/","og_site_name":"CanadaMotorJobs.com","article_publisher":"https:\/\/www.facebook.com\/canadamotorjobs\/","article_published_time":"2024-01-22T13:11:27+00:00","article_modified_time":"2024-01-22T13:14:17+00:00","og_image":[{"width":1000,"height":600,"url":"https:\/\/news.canadamotorjobs.com\/wp-content\/uploads\/2024\/01\/0292_638289893551125844.jpg","type":"image\/jpeg"}],"author":"Benoit Charette","twitter_card":"summary_large_image","twitter_creator":"@canadamotorjobs","twitter_site":"@canadamotorjobs","twitter_misc":{"\u00c9crit par":"Benoit Charette","Estimation du temps de lecture":"2 minutes"},"schema":{"@context":"https:\/\/schema.org","@graph":[{"@type":"Article","@id":"https:\/\/news.canadamotorjobs.com\/fr\/ottawa-veut-tenter-de-freiner-lepidemie-de-vols-de-voitures-au-pays\/#article","isPartOf":{"@id":"https:\/\/news.canadamotorjobs.com\/fr\/ottawa-veut-tenter-de-freiner-lepidemie-de-vols-de-voitures-au-pays\/"},"author":{"name":"Benoit Charette","@id":"https:\/\/news.canadamotorjobs.com\/#\/schema\/person\/51793d1f87d44011d7bcc2ed99269a90"},"headline":"Ottawa veut tenter de freiner l\u2019\u00e9pid\u00e9mie de vols de voitures au pays","datePublished":"2024-01-22T13:11:27+00:00","dateModified":"2024-01-22T13:14:17+00:00","mainEntityOfPage":{"@id":"https:\/\/news.canadamotorjobs.com\/fr\/ottawa-veut-tenter-de-freiner-lepidemie-de-vols-de-voitures-au-pays\/"},"wordCount":508,"publisher":{"@id":"https:\/\/news.canadamotorjobs.com\/#organization"},"image":{"@id":"https:\/\/news.canadamotorjobs.com\/fr\/ottawa-veut-tenter-de-freiner-lepidemie-de-vols-de-voitures-au-pays\/#primaryimage"},"thumbnailUrl":"https:\/\/news.canadamotorjobs.com\/wp-content\/uploads\/2024\/01\/0292_638289893551125844.jpg","articleSection":["Annuel automobile"],"inLanguage":"fr-CA"},{"@type":"WebPage","@id":"https:\/\/news.canadamotorjobs.com\/fr\/ottawa-veut-tenter-de-freiner-lepidemie-de-vols-de-voitures-au-pays\/","url":"https:\/\/news.canadamotorjobs.com\/fr\/ottawa-veut-tenter-de-freiner-lepidemie-de-vols-de-voitures-au-pays\/","name":"Ottawa veut tenter de freiner l\u2019\u00e9pid\u00e9mie de vols de voitures au pays - CanadaMotorJobs.com","isPartOf":{"@id":"https:\/\/news.canadamotorjobs.com\/#website"},"primaryImageOfPage":{"@id":"https:\/\/news.canadamotorjobs.com\/fr\/ottawa-veut-tenter-de-freiner-lepidemie-de-vols-de-voitures-au-pays\/#primaryimage"},"image":{"@id":"https:\/\/news.canadamotorjobs.com\/fr\/ottawa-veut-tenter-de-freiner-lepidemie-de-vols-de-voitures-au-pays\/#primaryimage"},"thumbnailUrl":"https:\/\/news.canadamotorjobs.com\/wp-content\/uploads\/2024\/01\/0292_638289893551125844.jpg","datePublished":"2024-01-22T13:11:27+00:00","dateModified":"2024-01-22T13:14:17+00:00","description":"Ottawa veut tenter de freiner l\u2019\u00e9pid\u00e9mie de vols de voitures au pays - Benoit Charette - Annuel automobile - CanadaMotorJobs.com.","breadcrumb":{"@id":"https:\/\/news.canadamotorjobs.com\/fr\/ottawa-veut-tenter-de-freiner-lepidemie-de-vols-de-voitures-au-pays\/#breadcrumb"},"inLanguage":"fr-CA","potentialAction":[{"@type":"ReadAction","target":["https:\/\/news.canadamotorjobs.com\/fr\/ottawa-veut-tenter-de-freiner-lepidemie-de-vols-de-voitures-au-pays\/"]}]},{"@type":"ImageObject","inLanguage":"fr-CA","@id":"https:\/\/news.canadamotorjobs.com\/fr\/ottawa-veut-tenter-de-freiner-lepidemie-de-vols-de-voitures-au-pays\/#primaryimage","url":"https:\/\/news.canadamotorjobs.com\/wp-content\/uploads\/2024\/01\/0292_638289893551125844.jpg","contentUrl":"https:\/\/news.canadamotorjobs.com\/wp-content\/uploads\/2024\/01\/0292_638289893551125844.jpg","width":1000,"height":600},{"@type":"BreadcrumbList","@id":"https:\/\/news.canadamotorjobs.com\/fr\/ottawa-veut-tenter-de-freiner-lepidemie-de-vols-de-voitures-au-pays\/#breadcrumb","itemListElement":[{"@type":"ListItem","position":1,"name":"Home","item":"https:\/\/news.canadamotorjobs.com\/fr\/blog\/"},{"@type":"ListItem","position":2,"name":"Ottawa veut tenter de freiner l\u2019\u00e9pid\u00e9mie de vols de voitures au pays"}]},{"@type":"WebSite","@id":"https:\/\/news.canadamotorjobs.com\/#website","url":"https:\/\/news.canadamotorjobs.com\/","name":"CanadaMotorJobs.com","description":"Automotive Jobs","publisher":{"@id":"https:\/\/news.canadamotorjobs.com\/#organization"},"potentialAction":[{"@type":"SearchAction","target":{"@type":"EntryPoint","urlTemplate":"https:\/\/news.canadamotorjobs.com\/?s={search_term_string}"},"query-input":"required name=search_term_string"}],"inLanguage":"fr-CA"},{"@type":"Organization","@id":"https:\/\/news.canadamotorjobs.com\/#organization","name":"Canada Motor Jobs","url":"https:\/\/news.canadamotorjobs.com\/","logo":{"@type":"ImageObject","inLanguage":"fr-CA","@id":"https:\/\/news.canadamotorjobs.com\/#\/schema\/logo\/image\/","url":"https:\/\/news.canadamotorjobs.com\/wp-content\/uploads\/2022\/10\/logo-canada-motor-jobs-1.png","contentUrl":"https:\/\/news.canadamotorjobs.com\/wp-content\/uploads\/2022\/10\/logo-canada-motor-jobs-1.png","width":800,"height":400,"caption":"Canada Motor Jobs"},"image":{"@id":"https:\/\/news.canadamotorjobs.com\/#\/schema\/logo\/image\/"},"sameAs":["https:\/\/www.facebook.com\/canadamotorjobs\/","https:\/\/x.com\/canadamotorjobs","https:\/\/www.instagram.com\/canadamotorjobs\/","https:\/\/www.linkedin.com\/company\/canadamotorjobs"]},{"@type":"Person","@id":"https:\/\/news.canadamotorjobs.com\/#\/schema\/person\/51793d1f87d44011d7bcc2ed99269a90","name":"Benoit Charette","image":{"@type":"ImageObject","inLanguage":"fr-CA","@id":"https:\/\/news.canadamotorjobs.com\/#\/schema\/person\/image\/","url":"https:\/\/secure.gravatar.com\/avatar\/45f3d2eebcccd909668d7ce7ea7267b6?s=96&d=mm&r=g","contentUrl":"https:\/\/secure.gravatar.com\/avatar\/45f3d2eebcccd909668d7ce7ea7267b6?s=96&d=mm&r=g","caption":"Benoit Charette"},"description":"Benoit Charette \/ Propri\u00e9taire et r\u00e9dacteur en chef Benoit Charette pratique le journalisme automobile depuis bient\u00f4t 30 ans. Il a fait ses classes au c\u00f4t\u00e9 de Daniel H\u00e9raud et au Carnet de route de 1992 \u00e0 2001. Il est fondateur, copropri\u00e9taire et r\u00e9dacteur en chef de L\u2019Annuel de l\u2019automobile, qu\u2019il publie depuis 2001. Il a anim\u00e9 les \u00e9missions RPM et RPM+ sur V et les L\u00e9gendes de la route sur Historia. \u00c0 la radio depuis 1986, il reprend l\u2019antenne cette ann\u00e9e sur les ondes de Cogeco et participe pour la deuxi\u00e8me ann\u00e9e \u00e0 l\u2019\u00e9mission Passion Auto sur RDS en plus de mettre en ligne le site Web officiel de L\u2019Annuel de l\u2019automobile sur annuelauto.ca.","sameAs":["https:\/\/annuelauto.ca\/"],"url":"https:\/\/news.canadamotorjobs.com\/fr\/author\/benoit-charette\/"}]}},"_links":{"self":[{"href":"https:\/\/news.canadamotorjobs.com\/fr\/wp-json\/wp\/v2\/posts\/157260"}],"collection":[{"href":"https:\/\/news.canadamotorjobs.com\/fr\/wp-json\/wp\/v2\/posts"}],"about":[{"href":"https:\/\/news.canadamotorjobs.com\/fr\/wp-json\/wp\/v2\/types\/post"}],"author":[{"embeddable":true,"href":"https:\/\/news.canadamotorjobs.com\/fr\/wp-json\/wp\/v2\/users\/8"}],"replies":[{"embeddable":true,"href":"https:\/\/news.canadamotorjobs.com\/fr\/wp-json\/wp\/v2\/comments?post=157260"}],"version-history":[{"count":2,"href":"https:\/\/news.canadamotorjobs.com\/fr\/wp-json\/wp\/v2\/posts\/157260\/revisions"}],"predecessor-version":[{"id":157264,"href":"https:\/\/news.canadamotorjobs.com\/fr\/wp-json\/wp\/v2\/posts\/157260\/revisions\/157264"}],"wp:featuredmedia":[{"embeddable":true,"href":"https:\/\/news.canadamotorjobs.com\/fr\/wp-json\/wp\/v2\/media\/157262"}],"wp:attachment":[{"href":"https:\/\/news.canadamotorjobs.com\/fr\/wp-json\/wp\/v2\/media?parent=157260"}],"wp:term":[{"taxonomy":"category","embeddable":true,"href":"https:\/\/news.canadamotorjobs.com\/fr\/wp-json\/wp\/v2\/categories?post=157260"},{"taxonomy":"post_tag","embeddable":true,"href":"https:\/\/news.canadamotorjobs.com\/fr\/wp-json\/wp\/v2\/tags?post=157260"}],"curies":[{"name":"wp","href":"https:\/\/api.w.org\/{rel}","templated":true}]}}