{"id":157195,"date":"2024-01-22T07:11:59","date_gmt":"2024-01-22T12:11:59","guid":{"rendered":"https:\/\/news.canadamotorjobs.com\/?p=157195"},"modified":"2024-01-22T07:19:35","modified_gmt":"2024-01-22T12:19:35","slug":"les-premieres-photos-du-audi-q9-de-production","status":"publish","type":"post","link":"https:\/\/news.canadamotorjobs.com\/fr\/les-premieres-photos-du-audi-q9-de-production\/","title":{"rendered":"Les premi\u00e8res photos du Audi Q9 de production"},"content":{"rendered":"<\/p>\n<p style=\"text-align: justify\">Des clich\u00e9s r\u00e9v\u00e8lent un prototype du potentiel VUS Audi Q9, laissant entrevoir une future concurrence pour le BMW X7 et le Mercedes-Benz GLS.<\/p>\n<p><\/p>\n<p style=\"text-align: justify\">Les rumeurs entourant le Q9 circulent depuis un certain temps, et les r\u00e9cents d\u00e9p\u00f4ts de marque par Audi semblent corroborer ces sp\u00e9culations. Jeff Mannering, un cadre d&#8217;Audi Australie, a \u00e9galement laiss\u00e9 entendre la possibilit\u00e9 du Q9 dans une r\u00e9cente interview accord\u00e9e \u00e0 Car Sales, publi\u00e9e le 9 janvier. Des sources affirment que les concessionnaires am\u00e9ricains d&#8217;Audi ont \u00e9t\u00e9 inform\u00e9s de l&#8217;arriv\u00e9e d&#8217;un VUS de grande taille vers 2025, sugg\u00e9rant ainsi que le Q9 pourrait faire ses d\u00e9buts en tant que mod\u00e8le 2026.<\/p>\n<p><\/p>\n<p style=\"text-align: justify\">Le prototype photographi\u00e9 arbore des phares divis\u00e9s et une calandre similaire \u00e0 celles des r\u00e9cents prototypes d&#8217;Audi, tels que le futur Q5 et le nouveau v\u00e9hicule \u00e9lectrique Q6 E-Tron. Bien que l&#8217;int\u00e9rieur ne soit pas clairement visible, on s&#8217;attend \u00e0 une configuration \u00e0 trois rang\u00e9es de sept si\u00e8ges.<\/p>\n<p><\/p>\n<p style=\"text-align: justify\">La calandre ouverte et l&#8217;embout d&#8217;\u00e9chappement apparent laissent pr\u00e9sager une motorisation hybride \u00e0 combustion interne. Cette coh\u00e9rence avec la strat\u00e9gie de d\u00e9nomination d&#8217;Audi, o\u00f9 les v\u00e9hicules \u00e9lectriques adoptent des chiffres pairs, tandis que les autres conservent des chiffres impairs, renforce la probabilit\u00e9 que le Q9 soit une hybride.<\/p>\n<p><\/p>\n<p style=\"text-align: justify\">\u00c0 l&#8217;horizon 2026, Audi envisage de devenir exclusivement \u00e9lectrique, abandonnant progressivement les moteurs \u00e0 combustion. Des sources \u00e9voquent \u00e9galement l&#8217;expansion d&#8217;Audi dans d&#8217;autres segments, avec la possible sortie d&#8217;un SUV robuste pour rivaliser avec le Land Rover Defender et la Classe G de Mercedes-Benz. En outre, la marque pourrait explorer le march\u00e9 des monospaces avec un mod\u00e8le \u00e9lectrique bas\u00e9 sur le concept Urbansphere de 2022, initialement con\u00e7u pour la Chine et d\u00e9passant de 17 pouces le Q7 actuel.<\/p>\n<p><\/p>\n<p style=\"text-align: justify\">Avec des renseignements de Motor Authority<\/p>\n<p>Le texte <a rel=\"nofollow\" href=\"https:\/\/annuelauto.ca\/les-premieres-photos-du-audi-q9-de-production\/\">Les premi\u00e8res photos du Audi Q9 de production<\/a> provient de <a rel=\"nofollow\" href=\"https:\/\/annuelauto.ca\">L&#8217;annuel de l&#8217;automobile &#8211; Actualit\u00e9 automobile<\/a><\/p>\n<p><\/p>\n","protected":false},"excerpt":{"rendered":"<p>Des clich\u00e9s r\u00e9v\u00e8lent un prototype du potentiel VUS Audi Q9, laissant entrevoir une future concurrence pour le BMW X7 et le Mercedes-Benz GLS. Les rumeurs entourant le Q9 circulent depuis un certain temps, et les r\u00e9cents d\u00e9p\u00f4ts de marque par Audi semblent corroborer ces sp\u00e9culations. Jeff Mannering, un cadre d&#8217;Audi Australie, a \u00e9galement laiss\u00e9 entendre [&hellip;]<\/p>\n","protected":false},"author":8,"featured_media":157197,"comment_status":"close","ping_status":"closed","sticky":false,"template":"","format":"standard","meta":{"_monsterinsights_skip_tracking":false,"_monsterinsights_sitenote_active":false,"_monsterinsights_sitenote_note":"","_monsterinsights_sitenote_category":0,"footnotes":""},"categories":[101],"tags":[],"yoast_head":"<!-- This site is optimized with the Yoast SEO plugin v23.2 - https:\/\/yoast.com\/wordpress\/plugins\/seo\/ -->\n<title>Les premi\u00e8res photos du Audi Q9 de production - CanadaMotorJobs.com<\/title>\n<meta name=\"description\" content=\"Les premi\u00e8res photos du Audi Q9 de production - Benoit Charette - Annuel automobile - CanadaMotorJobs.com.\" \/>\n<meta name=\"robots\" content=\"index, follow, max-snippet:-1, max-image-preview:large, max-video-preview:-1\" \/>\n<meta property=\"og:locale\" content=\"fr_CA\" \/>\n<meta property=\"og:type\" content=\"article\" \/>\n<meta property=\"og:title\" content=\"Les premi\u00e8res photos du Audi Q9 de production - CanadaMotorJobs.com\" \/>\n<meta property=\"og:description\" content=\"Les premi\u00e8res photos du Audi Q9 de production - Benoit Charette - Annuel automobile - CanadaMotorJobs.com.\" \/>\n<meta property=\"og:url\" content=\"https:\/\/news.canadamotorjobs.com\/fr\/les-premieres-photos-du-audi-q9-de-production\/\" \/>\n<meta property=\"og:site_name\" content=\"CanadaMotorJobs.com\" \/>\n<meta property=\"article:publisher\" content=\"https:\/\/www.facebook.com\/canadamotorjobs\/\" \/>\n<meta property=\"article:published_time\" content=\"2024-01-22T12:11:59+00:00\" \/>\n<meta property=\"article:modified_time\" content=\"2024-01-22T12:19:35+00:00\" \/>\n<meta property=\"og:image\" content=\"https:\/\/news.canadamotorjobs.com\/wp-content\/uploads\/2024\/01\/2023-audi-q9-test-mule-spy-shots-photo-credits-baldauf-sb-medien_100784269_h.jpg\" \/>\n\t<meta property=\"og:image:width\" content=\"800\" \/>\n\t<meta property=\"og:image:height\" content=\"539\" \/>\n\t<meta property=\"og:image:type\" content=\"image\/jpeg\" \/>\n<meta name=\"author\" content=\"Benoit Charette\" \/>\n<meta name=\"twitter:card\" content=\"summary_large_image\" \/>\n<meta name=\"twitter:creator\" content=\"@canadamotorjobs\" \/>\n<meta name=\"twitter:site\" content=\"@canadamotorjobs\" \/>\n<meta name=\"twitter:label1\" content=\"\u00c9crit par\" \/>\n\t<meta name=\"twitter:data1\" content=\"Benoit Charette\" \/>\n\t<meta name=\"twitter:label2\" content=\"Estimation du temps de lecture\" \/>\n\t<meta name=\"twitter:data2\" content=\"2 minutes\" \/>\n<!-- \/ Yoast SEO plugin. -->","yoast_head_json":{"title":"Les premi\u00e8res photos du Audi Q9 de production - CanadaMotorJobs.com","description":"Les premi\u00e8res photos du Audi Q9 de production - Benoit Charette - Annuel automobile - CanadaMotorJobs.com.","robots":{"index":"index","follow":"follow","max-snippet":"max-snippet:-1","max-image-preview":"max-image-preview:large","max-video-preview":"max-video-preview:-1"},"og_locale":"fr_CA","og_type":"article","og_title":"Les premi\u00e8res photos du Audi Q9 de production - CanadaMotorJobs.com","og_description":"Les premi\u00e8res photos du Audi Q9 de production - Benoit Charette - Annuel automobile - CanadaMotorJobs.com.","og_url":"https:\/\/news.canadamotorjobs.com\/fr\/les-premieres-photos-du-audi-q9-de-production\/","og_site_name":"CanadaMotorJobs.com","article_publisher":"https:\/\/www.facebook.com\/canadamotorjobs\/","article_published_time":"2024-01-22T12:11:59+00:00","article_modified_time":"2024-01-22T12:19:35+00:00","og_image":[{"width":800,"height":539,"url":"https:\/\/news.canadamotorjobs.com\/wp-content\/uploads\/2024\/01\/2023-audi-q9-test-mule-spy-shots-photo-credits-baldauf-sb-medien_100784269_h.jpg","type":"image\/jpeg"}],"author":"Benoit Charette","twitter_card":"summary_large_image","twitter_creator":"@canadamotorjobs","twitter_site":"@canadamotorjobs","twitter_misc":{"\u00c9crit par":"Benoit Charette","Estimation du temps de lecture":"2 minutes"},"schema":{"@context":"https:\/\/schema.org","@graph":[{"@type":"Article","@id":"https:\/\/news.canadamotorjobs.com\/fr\/les-premieres-photos-du-audi-q9-de-production\/#article","isPartOf":{"@id":"https:\/\/news.canadamotorjobs.com\/fr\/les-premieres-photos-du-audi-q9-de-production\/"},"author":{"name":"Benoit Charette","@id":"https:\/\/news.canadamotorjobs.com\/#\/schema\/person\/51793d1f87d44011d7bcc2ed99269a90"},"headline":"Les premi\u00e8res photos du Audi Q9 de production","datePublished":"2024-01-22T12:11:59+00:00","dateModified":"2024-01-22T12:19:35+00:00","mainEntityOfPage":{"@id":"https:\/\/news.canadamotorjobs.com\/fr\/les-premieres-photos-du-audi-q9-de-production\/"},"wordCount":347,"publisher":{"@id":"https:\/\/news.canadamotorjobs.com\/#organization"},"image":{"@id":"https:\/\/news.canadamotorjobs.com\/fr\/les-premieres-photos-du-audi-q9-de-production\/#primaryimage"},"thumbnailUrl":"https:\/\/news.canadamotorjobs.com\/wp-content\/uploads\/2024\/01\/2023-audi-q9-test-mule-spy-shots-photo-credits-baldauf-sb-medien_100784269_h.jpg","articleSection":["Annuel automobile"],"inLanguage":"fr-CA"},{"@type":"WebPage","@id":"https:\/\/news.canadamotorjobs.com\/fr\/les-premieres-photos-du-audi-q9-de-production\/","url":"https:\/\/news.canadamotorjobs.com\/fr\/les-premieres-photos-du-audi-q9-de-production\/","name":"Les premi\u00e8res photos du Audi Q9 de production - CanadaMotorJobs.com","isPartOf":{"@id":"https:\/\/news.canadamotorjobs.com\/#website"},"primaryImageOfPage":{"@id":"https:\/\/news.canadamotorjobs.com\/fr\/les-premieres-photos-du-audi-q9-de-production\/#primaryimage"},"image":{"@id":"https:\/\/news.canadamotorjobs.com\/fr\/les-premieres-photos-du-audi-q9-de-production\/#primaryimage"},"thumbnailUrl":"https:\/\/news.canadamotorjobs.com\/wp-content\/uploads\/2024\/01\/2023-audi-q9-test-mule-spy-shots-photo-credits-baldauf-sb-medien_100784269_h.jpg","datePublished":"2024-01-22T12:11:59+00:00","dateModified":"2024-01-22T12:19:35+00:00","description":"Les premi\u00e8res photos du Audi Q9 de production - Benoit Charette - Annuel automobile - CanadaMotorJobs.com.","breadcrumb":{"@id":"https:\/\/news.canadamotorjobs.com\/fr\/les-premieres-photos-du-audi-q9-de-production\/#breadcrumb"},"inLanguage":"fr-CA","potentialAction":[{"@type":"ReadAction","target":["https:\/\/news.canadamotorjobs.com\/fr\/les-premieres-photos-du-audi-q9-de-production\/"]}]},{"@type":"ImageObject","inLanguage":"fr-CA","@id":"https:\/\/news.canadamotorjobs.com\/fr\/les-premieres-photos-du-audi-q9-de-production\/#primaryimage","url":"https:\/\/news.canadamotorjobs.com\/wp-content\/uploads\/2024\/01\/2023-audi-q9-test-mule-spy-shots-photo-credits-baldauf-sb-medien_100784269_h.jpg","contentUrl":"https:\/\/news.canadamotorjobs.com\/wp-content\/uploads\/2024\/01\/2023-audi-q9-test-mule-spy-shots-photo-credits-baldauf-sb-medien_100784269_h.jpg","width":800,"height":539},{"@type":"BreadcrumbList","@id":"https:\/\/news.canadamotorjobs.com\/fr\/les-premieres-photos-du-audi-q9-de-production\/#breadcrumb","itemListElement":[{"@type":"ListItem","position":1,"name":"Home","item":"https:\/\/news.canadamotorjobs.com\/fr\/blog\/"},{"@type":"ListItem","position":2,"name":"Les premi\u00e8res photos du Audi Q9 de production"}]},{"@type":"WebSite","@id":"https:\/\/news.canadamotorjobs.com\/#website","url":"https:\/\/news.canadamotorjobs.com\/","name":"CanadaMotorJobs.com","description":"Automotive Jobs","publisher":{"@id":"https:\/\/news.canadamotorjobs.com\/#organization"},"potentialAction":[{"@type":"SearchAction","target":{"@type":"EntryPoint","urlTemplate":"https:\/\/news.canadamotorjobs.com\/?s={search_term_string}"},"query-input":"required name=search_term_string"}],"inLanguage":"fr-CA"},{"@type":"Organization","@id":"https:\/\/news.canadamotorjobs.com\/#organization","name":"Canada Motor Jobs","url":"https:\/\/news.canadamotorjobs.com\/","logo":{"@type":"ImageObject","inLanguage":"fr-CA","@id":"https:\/\/news.canadamotorjobs.com\/#\/schema\/logo\/image\/","url":"https:\/\/news.canadamotorjobs.com\/wp-content\/uploads\/2022\/10\/logo-canada-motor-jobs-1.png","contentUrl":"https:\/\/news.canadamotorjobs.com\/wp-content\/uploads\/2022\/10\/logo-canada-motor-jobs-1.png","width":800,"height":400,"caption":"Canada Motor Jobs"},"image":{"@id":"https:\/\/news.canadamotorjobs.com\/#\/schema\/logo\/image\/"},"sameAs":["https:\/\/www.facebook.com\/canadamotorjobs\/","https:\/\/x.com\/canadamotorjobs","https:\/\/www.instagram.com\/canadamotorjobs\/","https:\/\/www.linkedin.com\/company\/canadamotorjobs"]},{"@type":"Person","@id":"https:\/\/news.canadamotorjobs.com\/#\/schema\/person\/51793d1f87d44011d7bcc2ed99269a90","name":"Benoit Charette","image":{"@type":"ImageObject","inLanguage":"fr-CA","@id":"https:\/\/news.canadamotorjobs.com\/#\/schema\/person\/image\/","url":"https:\/\/secure.gravatar.com\/avatar\/45f3d2eebcccd909668d7ce7ea7267b6?s=96&d=mm&r=g","contentUrl":"https:\/\/secure.gravatar.com\/avatar\/45f3d2eebcccd909668d7ce7ea7267b6?s=96&d=mm&r=g","caption":"Benoit Charette"},"description":"Benoit Charette \/ Propri\u00e9taire et r\u00e9dacteur en chef Benoit Charette pratique le journalisme automobile depuis bient\u00f4t 30 ans. Il a fait ses classes au c\u00f4t\u00e9 de Daniel H\u00e9raud et au Carnet de route de 1992 \u00e0 2001. Il est fondateur, copropri\u00e9taire et r\u00e9dacteur en chef de L\u2019Annuel de l\u2019automobile, qu\u2019il publie depuis 2001. Il a anim\u00e9 les \u00e9missions RPM et RPM+ sur V et les L\u00e9gendes de la route sur Historia. \u00c0 la radio depuis 1986, il reprend l\u2019antenne cette ann\u00e9e sur les ondes de Cogeco et participe pour la deuxi\u00e8me ann\u00e9e \u00e0 l\u2019\u00e9mission Passion Auto sur RDS en plus de mettre en ligne le site Web officiel de L\u2019Annuel de l\u2019automobile sur annuelauto.ca.","sameAs":["https:\/\/annuelauto.ca\/"],"url":"https:\/\/news.canadamotorjobs.com\/fr\/author\/benoit-charette\/"}]}},"_links":{"self":[{"href":"https:\/\/news.canadamotorjobs.com\/fr\/wp-json\/wp\/v2\/posts\/157195"}],"collection":[{"href":"https:\/\/news.canadamotorjobs.com\/fr\/wp-json\/wp\/v2\/posts"}],"about":[{"href":"https:\/\/news.canadamotorjobs.com\/fr\/wp-json\/wp\/v2\/types\/post"}],"author":[{"embeddable":true,"href":"https:\/\/news.canadamotorjobs.com\/fr\/wp-json\/wp\/v2\/users\/8"}],"replies":[{"embeddable":true,"href":"https:\/\/news.canadamotorjobs.com\/fr\/wp-json\/wp\/v2\/comments?post=157195"}],"version-history":[{"count":2,"href":"https:\/\/news.canadamotorjobs.com\/fr\/wp-json\/wp\/v2\/posts\/157195\/revisions"}],"predecessor-version":[{"id":157199,"href":"https:\/\/news.canadamotorjobs.com\/fr\/wp-json\/wp\/v2\/posts\/157195\/revisions\/157199"}],"wp:featuredmedia":[{"embeddable":true,"href":"https:\/\/news.canadamotorjobs.com\/fr\/wp-json\/wp\/v2\/media\/157197"}],"wp:attachment":[{"href":"https:\/\/news.canadamotorjobs.com\/fr\/wp-json\/wp\/v2\/media?parent=157195"}],"wp:term":[{"taxonomy":"category","embeddable":true,"href":"https:\/\/news.canadamotorjobs.com\/fr\/wp-json\/wp\/v2\/categories?post=157195"},{"taxonomy":"post_tag","embeddable":true,"href":"https:\/\/news.canadamotorjobs.com\/fr\/wp-json\/wp\/v2\/tags?post=157195"}],"curies":[{"name":"wp","href":"https:\/\/api.w.org\/{rel}","templated":true}]}}