{"id":157174,"date":"2024-01-20T08:49:16","date_gmt":"2024-01-20T13:49:16","guid":{"rendered":"https:\/\/news.canadamotorjobs.com\/?p=157174"},"modified":"2024-01-20T08:59:06","modified_gmt":"2024-01-20T13:59:06","slug":"suppression-demplois-a-lusine-f-150-lightning-de-ford","status":"publish","type":"post","link":"https:\/\/news.canadamotorjobs.com\/fr\/suppression-demplois-a-lusine-f-150-lightning-de-ford\/","title":{"rendered":"Suppression d\u2019emplois \u00e0 l\u2019usine F-150 Lightning de Ford"},"content":{"rendered":"<\/p>\n<p>Ford \u00e9limine deux des trois \u00e9quipes de production de son usine de F-150 \u00e9lectrique, contraignant 1 400 personnes \u00e0 prendre leur retraite ou \u00e0 se d\u00e9placer vers une autre usine dans la r\u00e9gion de D\u00e9troit.<\/p>\n<h3>Les ventes en forte baisse<\/h3>\n<p>\nFord Motor Co. a annonc\u00e9 vendredi la suppression de deux tiers des emplois dans son usine du Michigan qui assemble le F-150 Lightning, ralentissant ainsi la production de ce pickup \u00e9lectrique. En avril, Ford contraindra 1 400 \u00e0 prendre leur retraite ou \u00e0 se d\u00e9placer vers d&#8217;autres installations, l&#8217;usine passant \u00e0 un seul quart de travail quotidien, a d\u00e9clar\u00e9 le constructeur automobile.<\/p>\n<h3>R\u00e9duction d\u2019un quart de travail depuis octobre<\/h3>\n<p>\nDepuis octobre, le site fonctionne sur un mod\u00e8le \u00e0 deux quarts de travail et trois \u00e9quipes, avec une \u00e9quipe de travailleurs en rotation sur des mises \u00e0 pied temporaires. Ford a indiqu\u00e9 que 700 personnes, soit environ la moiti\u00e9 des travailleurs concern\u00e9s, seront transf\u00e9r\u00e9es \u00e0 la Michigan Assembly Plant voisine, o\u00f9 un troisi\u00e8me quart de travail sera ajout\u00e9 pour augmenter la production du VUS Bronco et du pickup Ranger. Ces 700 personnes rejoindront 900 nouvelles embauches pour un total de 1 600 travailleurs sur le nouveau troisi\u00e8me quart de travail. Les autres travailleurs r\u00e9duits de l&#8217;usine F-150 Lightning seront affect\u00e9s \u00e0 des r\u00f4les au sein du Rouge Complex environnant ou d&#8217;autres usines de la r\u00e9gion de D\u00e9troit, ou ils pourront prendre leur retraite avec un programme incitatif cr\u00e9\u00e9 dans le cadre du nouveau contrat UAW de l&#8217;entreprise, a indiqu\u00e9 Ford.<\/p>\n<h3>Fixer de nouveaux objectifs<\/h3>\n<p>\nCette d\u00e9cision correspond \u00e0 une baisse de la production du Lightning rapport\u00e9e le mois dernier par Automotive News. Ford a inform\u00e9 les fournisseurs qu&#8217;il r\u00e9duirait de moiti\u00e9 la production pr\u00e9vue du F-150 Lightning cette ann\u00e9e en raison d&#8217;une &#8220;\u00e9volution de la demande du march\u00e9&#8221;, passant d&#8217;un taux moyen hebdomadaire de 3 200 pickups \u00e0 1 600. Cependant, le constructeur automobile esp\u00e8re continuer \u00e0 accro\u00eetre les ventes et \u00e0 am\u00e9liorer la rentabilit\u00e9 cette ann\u00e9e.<\/p>\n<h3>Une progression plus lente pour tout le monde<\/h3>\n<p>\nLes r\u00e9ductions ont \u00e9galement boulevers\u00e9 les fournisseurs qui ont investi des millions de dollars dans des outillages et \u00e9quipements pour r\u00e9pondre aux plans des constructeurs. Ford a report\u00e9 environ 12 milliards de dollars d&#8217;investissements dans les v\u00e9hicules \u00e9lectriques et a repouss\u00e9 certains objectifs de production. La soci\u00e9t\u00e9 a d\u00e9clar\u00e9 qu&#8217;elle r\u00e9duisait la production de certains Mustang Mach-E et repoussait l&#8217;ouverture d&#8217;une des deux usines de batteries pr\u00e9vues dans le Kentucky avec son partenaire SK. Ford a pr\u00e9cis\u00e9 que les ventes continuent de cro\u00eetre, mais \u00e0 un rythme plus lent que pr\u00e9vu.<\/p>\n<p>\u00a0<\/p>\n<p>Avec des renseignements d\u2019Automotive News<\/p>\n<p>\u00a0<\/p>\n<p>Le texte <a rel=\"nofollow\" href=\"https:\/\/annuelauto.ca\/suppression-demplois-a-lusine-f-150-lightning-de-ford\/\">Suppression d\u2019emplois \u00e0 l\u2019usine F-150 Lightning de Ford<\/a> provient de <a rel=\"nofollow\" href=\"https:\/\/annuelauto.ca\">L&#8217;annuel de l&#8217;automobile &#8211; Actualit\u00e9 automobile<\/a><\/p>\n<p><\/p>\n","protected":false},"excerpt":{"rendered":"<p>Ford \u00e9limine deux des trois \u00e9quipes de production de son usine de F-150 \u00e9lectrique, contraignant 1 400 personnes \u00e0 prendre leur retraite ou \u00e0 se d\u00e9placer vers une autre usine dans la r\u00e9gion de D\u00e9troit. Les ventes en forte baisse Ford Motor Co. a annonc\u00e9 vendredi la suppression de deux tiers des emplois dans son [&hellip;]<\/p>\n","protected":false},"author":8,"featured_media":157176,"comment_status":"close","ping_status":"closed","sticky":false,"template":"","format":"standard","meta":{"_monsterinsights_skip_tracking":false,"_monsterinsights_sitenote_active":false,"_monsterinsights_sitenote_note":"","_monsterinsights_sitenote_category":0,"footnotes":""},"categories":[101],"tags":[],"yoast_head":"<!-- This site is optimized with the Yoast SEO plugin v23.2 - https:\/\/yoast.com\/wordpress\/plugins\/seo\/ -->\n<title>Suppression d\u2019emplois \u00e0 l\u2019usine F-150 Lightning de Ford - CanadaMotorJobs.com<\/title>\n<meta name=\"description\" content=\"Suppression d\u2019emplois \u00e0 l\u2019usine F-150 Lightning de Ford - Benoit Charette - Annuel automobile - CanadaMotorJobs.com.\" \/>\n<meta name=\"robots\" content=\"index, follow, max-snippet:-1, max-image-preview:large, max-video-preview:-1\" \/>\n<meta property=\"og:locale\" content=\"fr_CA\" \/>\n<meta property=\"og:type\" content=\"article\" \/>\n<meta property=\"og:title\" content=\"Suppression d\u2019emplois \u00e0 l\u2019usine F-150 Lightning de Ford - CanadaMotorJobs.com\" \/>\n<meta property=\"og:description\" content=\"Suppression d\u2019emplois \u00e0 l\u2019usine F-150 Lightning de Ford - Benoit Charette - Annuel automobile - CanadaMotorJobs.com.\" \/>\n<meta property=\"og:url\" content=\"https:\/\/news.canadamotorjobs.com\/fr\/suppression-demplois-a-lusine-f-150-lightning-de-ford\/\" \/>\n<meta property=\"og:site_name\" content=\"CanadaMotorJobs.com\" \/>\n<meta property=\"article:publisher\" content=\"https:\/\/www.facebook.com\/canadamotorjobs\/\" \/>\n<meta property=\"article:published_time\" content=\"2024-01-20T13:49:16+00:00\" \/>\n<meta property=\"article:modified_time\" content=\"2024-01-20T13:59:06+00:00\" \/>\n<meta property=\"og:image\" content=\"https:\/\/news.canadamotorjobs.com\/wp-content\/uploads\/2024\/01\/DSC01398-1024x768-1.jpg\" \/>\n\t<meta property=\"og:image:width\" content=\"1024\" \/>\n\t<meta property=\"og:image:height\" content=\"768\" \/>\n\t<meta property=\"og:image:type\" content=\"image\/jpeg\" \/>\n<meta name=\"author\" content=\"Benoit Charette\" \/>\n<meta name=\"twitter:card\" content=\"summary_large_image\" \/>\n<meta name=\"twitter:creator\" content=\"@canadamotorjobs\" \/>\n<meta name=\"twitter:site\" content=\"@canadamotorjobs\" \/>\n<meta name=\"twitter:label1\" content=\"\u00c9crit par\" \/>\n\t<meta name=\"twitter:data1\" content=\"Benoit Charette\" \/>\n\t<meta name=\"twitter:label2\" content=\"Estimation du temps de lecture\" \/>\n\t<meta name=\"twitter:data2\" content=\"2 minutes\" \/>\n<!-- \/ Yoast SEO plugin. -->","yoast_head_json":{"title":"Suppression d\u2019emplois \u00e0 l\u2019usine F-150 Lightning de Ford - CanadaMotorJobs.com","description":"Suppression d\u2019emplois \u00e0 l\u2019usine F-150 Lightning de Ford - Benoit Charette - Annuel automobile - CanadaMotorJobs.com.","robots":{"index":"index","follow":"follow","max-snippet":"max-snippet:-1","max-image-preview":"max-image-preview:large","max-video-preview":"max-video-preview:-1"},"og_locale":"fr_CA","og_type":"article","og_title":"Suppression d\u2019emplois \u00e0 l\u2019usine F-150 Lightning de Ford - CanadaMotorJobs.com","og_description":"Suppression d\u2019emplois \u00e0 l\u2019usine F-150 Lightning de Ford - Benoit Charette - Annuel automobile - CanadaMotorJobs.com.","og_url":"https:\/\/news.canadamotorjobs.com\/fr\/suppression-demplois-a-lusine-f-150-lightning-de-ford\/","og_site_name":"CanadaMotorJobs.com","article_publisher":"https:\/\/www.facebook.com\/canadamotorjobs\/","article_published_time":"2024-01-20T13:49:16+00:00","article_modified_time":"2024-01-20T13:59:06+00:00","og_image":[{"width":1024,"height":768,"url":"https:\/\/news.canadamotorjobs.com\/wp-content\/uploads\/2024\/01\/DSC01398-1024x768-1.jpg","type":"image\/jpeg"}],"author":"Benoit Charette","twitter_card":"summary_large_image","twitter_creator":"@canadamotorjobs","twitter_site":"@canadamotorjobs","twitter_misc":{"\u00c9crit par":"Benoit Charette","Estimation du temps de lecture":"2 minutes"},"schema":{"@context":"https:\/\/schema.org","@graph":[{"@type":"Article","@id":"https:\/\/news.canadamotorjobs.com\/fr\/suppression-demplois-a-lusine-f-150-lightning-de-ford\/#article","isPartOf":{"@id":"https:\/\/news.canadamotorjobs.com\/fr\/suppression-demplois-a-lusine-f-150-lightning-de-ford\/"},"author":{"name":"Benoit Charette","@id":"https:\/\/news.canadamotorjobs.com\/#\/schema\/person\/51793d1f87d44011d7bcc2ed99269a90"},"headline":"Suppression d\u2019emplois \u00e0 l\u2019usine F-150 Lightning de Ford","datePublished":"2024-01-20T13:49:16+00:00","dateModified":"2024-01-20T13:59:06+00:00","mainEntityOfPage":{"@id":"https:\/\/news.canadamotorjobs.com\/fr\/suppression-demplois-a-lusine-f-150-lightning-de-ford\/"},"wordCount":482,"publisher":{"@id":"https:\/\/news.canadamotorjobs.com\/#organization"},"image":{"@id":"https:\/\/news.canadamotorjobs.com\/fr\/suppression-demplois-a-lusine-f-150-lightning-de-ford\/#primaryimage"},"thumbnailUrl":"https:\/\/news.canadamotorjobs.com\/wp-content\/uploads\/2024\/01\/DSC01398-1024x768-1.jpg","articleSection":["Annuel automobile"],"inLanguage":"fr-CA"},{"@type":"WebPage","@id":"https:\/\/news.canadamotorjobs.com\/fr\/suppression-demplois-a-lusine-f-150-lightning-de-ford\/","url":"https:\/\/news.canadamotorjobs.com\/fr\/suppression-demplois-a-lusine-f-150-lightning-de-ford\/","name":"Suppression d\u2019emplois \u00e0 l\u2019usine F-150 Lightning de Ford - CanadaMotorJobs.com","isPartOf":{"@id":"https:\/\/news.canadamotorjobs.com\/#website"},"primaryImageOfPage":{"@id":"https:\/\/news.canadamotorjobs.com\/fr\/suppression-demplois-a-lusine-f-150-lightning-de-ford\/#primaryimage"},"image":{"@id":"https:\/\/news.canadamotorjobs.com\/fr\/suppression-demplois-a-lusine-f-150-lightning-de-ford\/#primaryimage"},"thumbnailUrl":"https:\/\/news.canadamotorjobs.com\/wp-content\/uploads\/2024\/01\/DSC01398-1024x768-1.jpg","datePublished":"2024-01-20T13:49:16+00:00","dateModified":"2024-01-20T13:59:06+00:00","description":"Suppression d\u2019emplois \u00e0 l\u2019usine F-150 Lightning de Ford - Benoit Charette - Annuel automobile - CanadaMotorJobs.com.","breadcrumb":{"@id":"https:\/\/news.canadamotorjobs.com\/fr\/suppression-demplois-a-lusine-f-150-lightning-de-ford\/#breadcrumb"},"inLanguage":"fr-CA","potentialAction":[{"@type":"ReadAction","target":["https:\/\/news.canadamotorjobs.com\/fr\/suppression-demplois-a-lusine-f-150-lightning-de-ford\/"]}]},{"@type":"ImageObject","inLanguage":"fr-CA","@id":"https:\/\/news.canadamotorjobs.com\/fr\/suppression-demplois-a-lusine-f-150-lightning-de-ford\/#primaryimage","url":"https:\/\/news.canadamotorjobs.com\/wp-content\/uploads\/2024\/01\/DSC01398-1024x768-1.jpg","contentUrl":"https:\/\/news.canadamotorjobs.com\/wp-content\/uploads\/2024\/01\/DSC01398-1024x768-1.jpg","width":1024,"height":768},{"@type":"BreadcrumbList","@id":"https:\/\/news.canadamotorjobs.com\/fr\/suppression-demplois-a-lusine-f-150-lightning-de-ford\/#breadcrumb","itemListElement":[{"@type":"ListItem","position":1,"name":"Home","item":"https:\/\/news.canadamotorjobs.com\/fr\/blog\/"},{"@type":"ListItem","position":2,"name":"Suppression d\u2019emplois \u00e0 l\u2019usine F-150 Lightning de Ford"}]},{"@type":"WebSite","@id":"https:\/\/news.canadamotorjobs.com\/#website","url":"https:\/\/news.canadamotorjobs.com\/","name":"CanadaMotorJobs.com","description":"Automotive Jobs","publisher":{"@id":"https:\/\/news.canadamotorjobs.com\/#organization"},"potentialAction":[{"@type":"SearchAction","target":{"@type":"EntryPoint","urlTemplate":"https:\/\/news.canadamotorjobs.com\/?s={search_term_string}"},"query-input":"required name=search_term_string"}],"inLanguage":"fr-CA"},{"@type":"Organization","@id":"https:\/\/news.canadamotorjobs.com\/#organization","name":"Canada Motor Jobs","url":"https:\/\/news.canadamotorjobs.com\/","logo":{"@type":"ImageObject","inLanguage":"fr-CA","@id":"https:\/\/news.canadamotorjobs.com\/#\/schema\/logo\/image\/","url":"https:\/\/news.canadamotorjobs.com\/wp-content\/uploads\/2022\/10\/logo-canada-motor-jobs-1.png","contentUrl":"https:\/\/news.canadamotorjobs.com\/wp-content\/uploads\/2022\/10\/logo-canada-motor-jobs-1.png","width":800,"height":400,"caption":"Canada Motor Jobs"},"image":{"@id":"https:\/\/news.canadamotorjobs.com\/#\/schema\/logo\/image\/"},"sameAs":["https:\/\/www.facebook.com\/canadamotorjobs\/","https:\/\/x.com\/canadamotorjobs","https:\/\/www.instagram.com\/canadamotorjobs\/","https:\/\/www.linkedin.com\/company\/canadamotorjobs"]},{"@type":"Person","@id":"https:\/\/news.canadamotorjobs.com\/#\/schema\/person\/51793d1f87d44011d7bcc2ed99269a90","name":"Benoit Charette","image":{"@type":"ImageObject","inLanguage":"fr-CA","@id":"https:\/\/news.canadamotorjobs.com\/#\/schema\/person\/image\/","url":"https:\/\/secure.gravatar.com\/avatar\/45f3d2eebcccd909668d7ce7ea7267b6?s=96&d=mm&r=g","contentUrl":"https:\/\/secure.gravatar.com\/avatar\/45f3d2eebcccd909668d7ce7ea7267b6?s=96&d=mm&r=g","caption":"Benoit Charette"},"description":"Benoit Charette \/ Propri\u00e9taire et r\u00e9dacteur en chef Benoit Charette pratique le journalisme automobile depuis bient\u00f4t 30 ans. Il a fait ses classes au c\u00f4t\u00e9 de Daniel H\u00e9raud et au Carnet de route de 1992 \u00e0 2001. Il est fondateur, copropri\u00e9taire et r\u00e9dacteur en chef de L\u2019Annuel de l\u2019automobile, qu\u2019il publie depuis 2001. Il a anim\u00e9 les \u00e9missions RPM et RPM+ sur V et les L\u00e9gendes de la route sur Historia. \u00c0 la radio depuis 1986, il reprend l\u2019antenne cette ann\u00e9e sur les ondes de Cogeco et participe pour la deuxi\u00e8me ann\u00e9e \u00e0 l\u2019\u00e9mission Passion Auto sur RDS en plus de mettre en ligne le site Web officiel de L\u2019Annuel de l\u2019automobile sur annuelauto.ca.","sameAs":["https:\/\/annuelauto.ca\/"],"url":"https:\/\/news.canadamotorjobs.com\/fr\/author\/benoit-charette\/"}]}},"_links":{"self":[{"href":"https:\/\/news.canadamotorjobs.com\/fr\/wp-json\/wp\/v2\/posts\/157174"}],"collection":[{"href":"https:\/\/news.canadamotorjobs.com\/fr\/wp-json\/wp\/v2\/posts"}],"about":[{"href":"https:\/\/news.canadamotorjobs.com\/fr\/wp-json\/wp\/v2\/types\/post"}],"author":[{"embeddable":true,"href":"https:\/\/news.canadamotorjobs.com\/fr\/wp-json\/wp\/v2\/users\/8"}],"replies":[{"embeddable":true,"href":"https:\/\/news.canadamotorjobs.com\/fr\/wp-json\/wp\/v2\/comments?post=157174"}],"version-history":[{"count":2,"href":"https:\/\/news.canadamotorjobs.com\/fr\/wp-json\/wp\/v2\/posts\/157174\/revisions"}],"predecessor-version":[{"id":157178,"href":"https:\/\/news.canadamotorjobs.com\/fr\/wp-json\/wp\/v2\/posts\/157174\/revisions\/157178"}],"wp:featuredmedia":[{"embeddable":true,"href":"https:\/\/news.canadamotorjobs.com\/fr\/wp-json\/wp\/v2\/media\/157176"}],"wp:attachment":[{"href":"https:\/\/news.canadamotorjobs.com\/fr\/wp-json\/wp\/v2\/media?parent=157174"}],"wp:term":[{"taxonomy":"category","embeddable":true,"href":"https:\/\/news.canadamotorjobs.com\/fr\/wp-json\/wp\/v2\/categories?post=157174"},{"taxonomy":"post_tag","embeddable":true,"href":"https:\/\/news.canadamotorjobs.com\/fr\/wp-json\/wp\/v2\/tags?post=157174"}],"curies":[{"name":"wp","href":"https:\/\/api.w.org\/{rel}","templated":true}]}}