{"id":157122,"date":"2024-01-18T07:29:40","date_gmt":"2024-01-18T12:29:40","guid":{"rendered":"https:\/\/news.canadamotorjobs.com\/?p=157122"},"modified":"2024-01-18T07:32:28","modified_gmt":"2024-01-18T12:32:28","slug":"voici-le-volkswagon-tayron","status":"publish","type":"post","link":"https:\/\/news.canadamotorjobs.com\/fr\/voici-le-volkswagon-tayron\/","title":{"rendered":"Voici le Volkswagon Tayron"},"content":{"rendered":"<\/p>\n<p>Le remplacement du Volkswagen Tiguan \u00e0 sept places par le Tayron d\u00e9butera en 2025.<\/p>\n<ul><\/p>\n<li>\n<h3>Ce nouveau mod\u00e8le a \u00e9t\u00e9 r\u00e9v\u00e9l\u00e9 dans des documents l\u00e9gaux d\u00e9pos\u00e9s en Chine.<\/h3>\n<p>\n<\/li>\n<p><\/p>\n<li>\n<h3>Le Tayron sera \u00e9quip\u00e9 de groupes motopropulseurs mild-hybrides.<\/h3>\n<p>\n<\/li>\n<p><\/p>\n<li>\n<h3>Les versions du Tayron vendues en Am\u00e9rique du Nord seront fabriqu\u00e9es au Mexique.<\/h3>\n<p>\n<\/li>\n<p>\n<\/ul>\n<p><\/p>\n<h3>Des documents d\u00e9pos\u00e9s en Chine<\/h3>\n<p>\nDes documents r\u00e9glementaires d\u00e9pos\u00e9s par Volkswagen en Chine r\u00e9v\u00e8lent que le futur VUS Tayron remplacera l&#8217;actuel Tiguan \u00e0 sept places sur diff\u00e9rents march\u00e9s mondiaux, y compris en Am\u00e9rique du Nord. En effet, ce nouveau SUV \u00e0 trois rang\u00e9es sera commercialis\u00e9 dans le monde entier \u00e0 partir de 2025, sous le nom de Tayron en Europe et de Tiguan L Pro en Chine.<\/p>\n<h3>Un autre nom pour l\u2019Am\u00e9rique du Nord<\/h3>\n<p>\nLe nom utilis\u00e9 pour l&#8217;Am\u00e9rique du Nord sera annonc\u00e9 plus pr\u00e8s de l&#8217;introduction de ce mod\u00e8le. Les documents montrent que ce mod\u00e8le sera aliment\u00e9 par une gamme de groupes motopropulseurs \u00e0 quatre cylindres et batteries de 48 volts, d\u00e9veloppant soit 184 chevaux, soit 217 chevaux dans leur version pour le march\u00e9 chinois. L&#8217;utilisation de cette technologie serait rendue possible par l&#8217;utilisation par le Tayron de la nouvelle plateforme MQB-EVO, d\u00e9j\u00e0 pr\u00e9sente sous la nouvelle Passat europ\u00e9enne et le Tiguan de longueur r\u00e9guli\u00e8re.<\/p>\n<h3>Un hybride rechargeable au programme<\/h3>\n<p>\nEn parlant de groupes motopropulseurs, des versions hybrides rechargeables du futur SUV sont pr\u00e9vues, mais il est encore trop t\u00f4t pour savoir si elles arriveront sur notre march\u00e9, ou si elles resteront exclusives \u00e0 l&#8217;Europe et \u00e0 l&#8217;Asie. Bien que le Tayron conserve la m\u00eame empattement que l&#8217;actuel Tiguan \u00e0 trois rang\u00e9es, il sera plus long, plus bas et plus large que son pr\u00e9d\u00e9cesseur.<\/p>\n<h3>Semblable au Tiguan<\/h3>\n<p>\nSans surprise, puisqu&#8217;il remplace le Tiguan \u00e0 empattement long, le Volkswagen Tayron ressemblera presque identiquement au nouveau Tiguan de derni\u00e8re g\u00e9n\u00e9ration d\u00e9voil\u00e9 en Europe en septembre, \u00e0 l&#8217;exception de son profil allong\u00e9. Pour le moment, nous ne savons toujours pas quand exactement ce mod\u00e8le 2025 fera ses d\u00e9buts officiels en Am\u00e9rique du Nord, ni comment il sera tarif\u00e9, mais le constructeur a confirm\u00e9 que le Tayron sera fabriqu\u00e9 en Allemagne, en Chine et au Mexique, d&#8217;o\u00f9 proviendront les v\u00e9hicules destin\u00e9s aux \u00c9tats-Unis et au Canada. Attendez-vous \u00e0 plus de d\u00e9tails sur la variante nord-am\u00e9ricaine de ce nouveau SUV dans les mois \u00e0 venir.<\/p>\n<p>\u00a0<\/p>\n<p>Avec des renseignements de Motor Illustrated<\/p>\n<p>\u00a0<\/p>\n<p>Le texte <a rel=\"nofollow\" href=\"https:\/\/annuelauto.ca\/voici-le-volkswagon-tayron\/\">Voici le Volkswagon Tayron<\/a> provient de <a rel=\"nofollow\" href=\"https:\/\/annuelauto.ca\">L&#8217;annuel de l&#8217;automobile &#8211; Actualit\u00e9 automobile<\/a><\/p>\n<p><\/p>\n","protected":false},"excerpt":{"rendered":"<p>Le remplacement du Volkswagen Tiguan \u00e0 sept places par le Tayron d\u00e9butera en 2025. Ce nouveau mod\u00e8le a \u00e9t\u00e9 r\u00e9v\u00e9l\u00e9 dans des documents l\u00e9gaux d\u00e9pos\u00e9s en Chine. Le Tayron sera \u00e9quip\u00e9 de groupes motopropulseurs mild-hybrides. Les versions du Tayron vendues en Am\u00e9rique du Nord seront fabriqu\u00e9es au Mexique. Des documents d\u00e9pos\u00e9s en Chine Des documents [&hellip;]<\/p>\n","protected":false},"author":8,"featured_media":157124,"comment_status":"close","ping_status":"closed","sticky":false,"template":"","format":"standard","meta":{"_monsterinsights_skip_tracking":false,"_monsterinsights_sitenote_active":false,"_monsterinsights_sitenote_note":"","_monsterinsights_sitenote_category":0,"footnotes":""},"categories":[101],"tags":[],"yoast_head":"<!-- This site is optimized with the Yoast SEO plugin v23.2 - https:\/\/yoast.com\/wordpress\/plugins\/seo\/ -->\n<title>Voici le Volkswagon Tayron - CanadaMotorJobs.com<\/title>\n<meta name=\"description\" content=\"Voici le Volkswagon Tayron - Benoit Charette - Annuel automobile - CanadaMotorJobs.com.\" \/>\n<meta name=\"robots\" content=\"index, follow, max-snippet:-1, max-image-preview:large, max-video-preview:-1\" \/>\n<meta property=\"og:locale\" content=\"fr_CA\" \/>\n<meta property=\"og:type\" content=\"article\" \/>\n<meta property=\"og:title\" content=\"Voici le Volkswagon Tayron - CanadaMotorJobs.com\" \/>\n<meta property=\"og:description\" content=\"Voici le Volkswagon Tayron - Benoit Charette - Annuel automobile - CanadaMotorJobs.com.\" \/>\n<meta property=\"og:url\" content=\"https:\/\/news.canadamotorjobs.com\/fr\/voici-le-volkswagon-tayron\/\" \/>\n<meta property=\"og:site_name\" content=\"CanadaMotorJobs.com\" \/>\n<meta property=\"article:publisher\" content=\"https:\/\/www.facebook.com\/canadamotorjobs\/\" \/>\n<meta property=\"article:published_time\" content=\"2024-01-18T12:29:40+00:00\" \/>\n<meta property=\"article:modified_time\" content=\"2024-01-18T12:32:28+00:00\" \/>\n<meta property=\"og:image\" content=\"https:\/\/news.canadamotorjobs.com\/wp-content\/uploads\/2024\/01\/volkswagen-tiguan-allspace-2022-rouge-avg-mk-bd.jpg\" \/>\n\t<meta property=\"og:image:width\" content=\"1280\" \/>\n\t<meta property=\"og:image:height\" content=\"853\" \/>\n\t<meta property=\"og:image:type\" content=\"image\/jpeg\" \/>\n<meta name=\"author\" content=\"Benoit Charette\" \/>\n<meta name=\"twitter:card\" content=\"summary_large_image\" \/>\n<meta name=\"twitter:creator\" content=\"@canadamotorjobs\" \/>\n<meta name=\"twitter:site\" content=\"@canadamotorjobs\" \/>\n<meta name=\"twitter:label1\" content=\"\u00c9crit par\" \/>\n\t<meta name=\"twitter:data1\" content=\"Benoit Charette\" \/>\n\t<meta name=\"twitter:label2\" content=\"Estimation du temps de lecture\" \/>\n\t<meta name=\"twitter:data2\" content=\"2 minutes\" \/>\n<!-- \/ Yoast SEO plugin. -->","yoast_head_json":{"title":"Voici le Volkswagon Tayron - CanadaMotorJobs.com","description":"Voici le Volkswagon Tayron - Benoit Charette - Annuel automobile - CanadaMotorJobs.com.","robots":{"index":"index","follow":"follow","max-snippet":"max-snippet:-1","max-image-preview":"max-image-preview:large","max-video-preview":"max-video-preview:-1"},"og_locale":"fr_CA","og_type":"article","og_title":"Voici le Volkswagon Tayron - CanadaMotorJobs.com","og_description":"Voici le Volkswagon Tayron - Benoit Charette - Annuel automobile - CanadaMotorJobs.com.","og_url":"https:\/\/news.canadamotorjobs.com\/fr\/voici-le-volkswagon-tayron\/","og_site_name":"CanadaMotorJobs.com","article_publisher":"https:\/\/www.facebook.com\/canadamotorjobs\/","article_published_time":"2024-01-18T12:29:40+00:00","article_modified_time":"2024-01-18T12:32:28+00:00","og_image":[{"width":1280,"height":853,"url":"https:\/\/news.canadamotorjobs.com\/wp-content\/uploads\/2024\/01\/volkswagen-tiguan-allspace-2022-rouge-avg-mk-bd.jpg","type":"image\/jpeg"}],"author":"Benoit Charette","twitter_card":"summary_large_image","twitter_creator":"@canadamotorjobs","twitter_site":"@canadamotorjobs","twitter_misc":{"\u00c9crit par":"Benoit Charette","Estimation du temps de lecture":"2 minutes"},"schema":{"@context":"https:\/\/schema.org","@graph":[{"@type":"Article","@id":"https:\/\/news.canadamotorjobs.com\/fr\/voici-le-volkswagon-tayron\/#article","isPartOf":{"@id":"https:\/\/news.canadamotorjobs.com\/fr\/voici-le-volkswagon-tayron\/"},"author":{"name":"Benoit Charette","@id":"https:\/\/news.canadamotorjobs.com\/#\/schema\/person\/51793d1f87d44011d7bcc2ed99269a90"},"headline":"Voici le Volkswagon Tayron","datePublished":"2024-01-18T12:29:40+00:00","dateModified":"2024-01-18T12:32:28+00:00","mainEntityOfPage":{"@id":"https:\/\/news.canadamotorjobs.com\/fr\/voici-le-volkswagon-tayron\/"},"wordCount":447,"publisher":{"@id":"https:\/\/news.canadamotorjobs.com\/#organization"},"image":{"@id":"https:\/\/news.canadamotorjobs.com\/fr\/voici-le-volkswagon-tayron\/#primaryimage"},"thumbnailUrl":"https:\/\/news.canadamotorjobs.com\/wp-content\/uploads\/2024\/01\/volkswagen-tiguan-allspace-2022-rouge-avg-mk-bd.jpg","articleSection":["Annuel automobile"],"inLanguage":"fr-CA"},{"@type":"WebPage","@id":"https:\/\/news.canadamotorjobs.com\/fr\/voici-le-volkswagon-tayron\/","url":"https:\/\/news.canadamotorjobs.com\/fr\/voici-le-volkswagon-tayron\/","name":"Voici le Volkswagon Tayron - CanadaMotorJobs.com","isPartOf":{"@id":"https:\/\/news.canadamotorjobs.com\/#website"},"primaryImageOfPage":{"@id":"https:\/\/news.canadamotorjobs.com\/fr\/voici-le-volkswagon-tayron\/#primaryimage"},"image":{"@id":"https:\/\/news.canadamotorjobs.com\/fr\/voici-le-volkswagon-tayron\/#primaryimage"},"thumbnailUrl":"https:\/\/news.canadamotorjobs.com\/wp-content\/uploads\/2024\/01\/volkswagen-tiguan-allspace-2022-rouge-avg-mk-bd.jpg","datePublished":"2024-01-18T12:29:40+00:00","dateModified":"2024-01-18T12:32:28+00:00","description":"Voici le Volkswagon Tayron - Benoit Charette - Annuel automobile - CanadaMotorJobs.com.","breadcrumb":{"@id":"https:\/\/news.canadamotorjobs.com\/fr\/voici-le-volkswagon-tayron\/#breadcrumb"},"inLanguage":"fr-CA","potentialAction":[{"@type":"ReadAction","target":["https:\/\/news.canadamotorjobs.com\/fr\/voici-le-volkswagon-tayron\/"]}]},{"@type":"ImageObject","inLanguage":"fr-CA","@id":"https:\/\/news.canadamotorjobs.com\/fr\/voici-le-volkswagon-tayron\/#primaryimage","url":"https:\/\/news.canadamotorjobs.com\/wp-content\/uploads\/2024\/01\/volkswagen-tiguan-allspace-2022-rouge-avg-mk-bd.jpg","contentUrl":"https:\/\/news.canadamotorjobs.com\/wp-content\/uploads\/2024\/01\/volkswagen-tiguan-allspace-2022-rouge-avg-mk-bd.jpg","width":1280,"height":853},{"@type":"BreadcrumbList","@id":"https:\/\/news.canadamotorjobs.com\/fr\/voici-le-volkswagon-tayron\/#breadcrumb","itemListElement":[{"@type":"ListItem","position":1,"name":"Home","item":"https:\/\/news.canadamotorjobs.com\/fr\/blog\/"},{"@type":"ListItem","position":2,"name":"Voici le Volkswagon Tayron"}]},{"@type":"WebSite","@id":"https:\/\/news.canadamotorjobs.com\/#website","url":"https:\/\/news.canadamotorjobs.com\/","name":"CanadaMotorJobs.com","description":"Automotive Jobs","publisher":{"@id":"https:\/\/news.canadamotorjobs.com\/#organization"},"potentialAction":[{"@type":"SearchAction","target":{"@type":"EntryPoint","urlTemplate":"https:\/\/news.canadamotorjobs.com\/?s={search_term_string}"},"query-input":"required name=search_term_string"}],"inLanguage":"fr-CA"},{"@type":"Organization","@id":"https:\/\/news.canadamotorjobs.com\/#organization","name":"Canada Motor Jobs","url":"https:\/\/news.canadamotorjobs.com\/","logo":{"@type":"ImageObject","inLanguage":"fr-CA","@id":"https:\/\/news.canadamotorjobs.com\/#\/schema\/logo\/image\/","url":"https:\/\/news.canadamotorjobs.com\/wp-content\/uploads\/2022\/10\/logo-canada-motor-jobs-1.png","contentUrl":"https:\/\/news.canadamotorjobs.com\/wp-content\/uploads\/2022\/10\/logo-canada-motor-jobs-1.png","width":800,"height":400,"caption":"Canada Motor Jobs"},"image":{"@id":"https:\/\/news.canadamotorjobs.com\/#\/schema\/logo\/image\/"},"sameAs":["https:\/\/www.facebook.com\/canadamotorjobs\/","https:\/\/x.com\/canadamotorjobs","https:\/\/www.instagram.com\/canadamotorjobs\/","https:\/\/www.linkedin.com\/company\/canadamotorjobs"]},{"@type":"Person","@id":"https:\/\/news.canadamotorjobs.com\/#\/schema\/person\/51793d1f87d44011d7bcc2ed99269a90","name":"Benoit Charette","image":{"@type":"ImageObject","inLanguage":"fr-CA","@id":"https:\/\/news.canadamotorjobs.com\/#\/schema\/person\/image\/","url":"https:\/\/secure.gravatar.com\/avatar\/45f3d2eebcccd909668d7ce7ea7267b6?s=96&d=mm&r=g","contentUrl":"https:\/\/secure.gravatar.com\/avatar\/45f3d2eebcccd909668d7ce7ea7267b6?s=96&d=mm&r=g","caption":"Benoit Charette"},"description":"Benoit Charette \/ Propri\u00e9taire et r\u00e9dacteur en chef Benoit Charette pratique le journalisme automobile depuis bient\u00f4t 30 ans. Il a fait ses classes au c\u00f4t\u00e9 de Daniel H\u00e9raud et au Carnet de route de 1992 \u00e0 2001. Il est fondateur, copropri\u00e9taire et r\u00e9dacteur en chef de L\u2019Annuel de l\u2019automobile, qu\u2019il publie depuis 2001. Il a anim\u00e9 les \u00e9missions RPM et RPM+ sur V et les L\u00e9gendes de la route sur Historia. \u00c0 la radio depuis 1986, il reprend l\u2019antenne cette ann\u00e9e sur les ondes de Cogeco et participe pour la deuxi\u00e8me ann\u00e9e \u00e0 l\u2019\u00e9mission Passion Auto sur RDS en plus de mettre en ligne le site Web officiel de L\u2019Annuel de l\u2019automobile sur annuelauto.ca.","sameAs":["https:\/\/annuelauto.ca\/"],"url":"https:\/\/news.canadamotorjobs.com\/fr\/author\/benoit-charette\/"}]}},"_links":{"self":[{"href":"https:\/\/news.canadamotorjobs.com\/fr\/wp-json\/wp\/v2\/posts\/157122"}],"collection":[{"href":"https:\/\/news.canadamotorjobs.com\/fr\/wp-json\/wp\/v2\/posts"}],"about":[{"href":"https:\/\/news.canadamotorjobs.com\/fr\/wp-json\/wp\/v2\/types\/post"}],"author":[{"embeddable":true,"href":"https:\/\/news.canadamotorjobs.com\/fr\/wp-json\/wp\/v2\/users\/8"}],"replies":[{"embeddable":true,"href":"https:\/\/news.canadamotorjobs.com\/fr\/wp-json\/wp\/v2\/comments?post=157122"}],"version-history":[{"count":2,"href":"https:\/\/news.canadamotorjobs.com\/fr\/wp-json\/wp\/v2\/posts\/157122\/revisions"}],"predecessor-version":[{"id":157126,"href":"https:\/\/news.canadamotorjobs.com\/fr\/wp-json\/wp\/v2\/posts\/157122\/revisions\/157126"}],"wp:featuredmedia":[{"embeddable":true,"href":"https:\/\/news.canadamotorjobs.com\/fr\/wp-json\/wp\/v2\/media\/157124"}],"wp:attachment":[{"href":"https:\/\/news.canadamotorjobs.com\/fr\/wp-json\/wp\/v2\/media?parent=157122"}],"wp:term":[{"taxonomy":"category","embeddable":true,"href":"https:\/\/news.canadamotorjobs.com\/fr\/wp-json\/wp\/v2\/categories?post=157122"},{"taxonomy":"post_tag","embeddable":true,"href":"https:\/\/news.canadamotorjobs.com\/fr\/wp-json\/wp\/v2\/tags?post=157122"}],"curies":[{"name":"wp","href":"https:\/\/api.w.org\/{rel}","templated":true}]}}