{"id":157097,"date":"2024-01-17T07:20:31","date_gmt":"2024-01-17T12:20:31","guid":{"rendered":"https:\/\/news.canadamotorjobs.com\/?p=157097"},"modified":"2024-01-17T07:31:14","modified_gmt":"2024-01-17T12:31:14","slug":"honda-0-series-un-jour-honda-va-finir-par-selectrifier","status":"publish","type":"post","link":"https:\/\/news.canadamotorjobs.com\/fr\/honda-0-series-un-jour-honda-va-finir-par-selectrifier\/","title":{"rendered":"Honda 0 Series\u00a0: un jour, Honda va finir par s\u2019\u00e9lectrifier"},"content":{"rendered":"<\/p>\n<p>On a tergivers\u00e9. On a jongl\u00e9. On a m\u00eame confi\u00e9 tout le sale boulot \u00e0 un rival. Mais voil\u00e0 que la direction de Honda a tranch\u00e9\u00a0: son futur sera bel et bien \u00e9lectrique, il d\u00e9butera officiellement quelque part en 2026 et il sera inspir\u00e9 d\u2019un v\u00e9hicule concept appel\u00e9 \u00ab0 Series\u00bb, ce qui est un nom appropri\u00e9 pour situer l\u2019avancement de Honda dans son virage \u00e9lectrique \u00e0 l\u2019heure actuelle.<\/p>\n<p>Pour le moment, on a deux v\u00e9hicules concepts \u00e0 se mettre sous la dent. Ils ont \u00e9t\u00e9 pr\u00e9sent\u00e9s au CES \u00e0 Las Vegas au d\u00e9but janvier. Il s\u2019agit du Saloon et du Space-Hub. Les deux concepts sont des monospaces tr\u00e8s profil\u00e9s avec une portion avant extr\u00eamement a\u00e9rodynamique, et une portion arri\u00e8re apparemment coup\u00e9e au couteau.<\/p>\n<p>Honda a aussi d\u00e9voil\u00e9 une nouvelle version de son logo, la lettre H, qui est arrondie pour avoir l\u2019air d\u2019un z\u00e9ro, et qui deviendra si on comprend bien une marque au sein de la marque sous laquelle seront regroup\u00e9s ses futurs nouveaux v\u00e9hicules \u00e9lectriques.<\/p>\n<p>Il reste beaucoup de questions en suspens \u00e0 propos de la strat\u00e9gie d\u2019\u00e9lectrification de Honda, mais on sait qu\u2019elle reposera sur cinq principes clairs.<\/p>\n<p>D\u2019abord, Honda esp\u00e8re que l\u2019esth\u00e9tique de ses v\u00e9hicules produira chez ses clients une \u00abr\u00e9sonance\u00bb, probablement un sentiment de familiarit\u00e9 positif aupr\u00e8s des amateurs de la marque. Ensuite, Honda veut miser \u00e0 fond sur l\u2019aide avanc\u00e9e \u00e0 la conduite, jusqu\u2019au point de conduite pleinement autonome, pour assurer un niveau maximal de s\u00e9curit\u00e9 des occupants<\/p>\n<p>\u00c0 bord, Honda esp\u00e8re cr\u00e9er un sentiment d\u2019\u00abespace\u00bb, peut-\u00eatre dans le sens de \u00absafe space\u00bb, o\u00f9 les gens se sentiront \u00e0 l\u2019aise, en s\u00e9curit\u00e9 et connect\u00e9s \u00e0 leur environnement. Honda ins\u00e8re ici l\u2019importance de l\u2019Internet des objets et des technologies connect\u00e9es.<\/p>\n<p>Enfin, Honda veut s\u2019assurer que ses futurs v\u00e9hicules auront une des meilleures efficacit\u00e9s \u00e9nerg\u00e9tiques sur le march\u00e9. Il faut dire qu\u2019il y a une place \u00e0 prendre de ce c\u00f4t\u00e9, puisque seulement Mercedes-Benz \u00e0 ce jour semble se soucier de ce d\u00e9tail. Pour Honda, cette efficacit\u00e9 ne doit cependant pas nuire au plaisir de conduire et \u00abde ne faire qu\u2019un avec son v\u00e9hicule\u00bb.<\/p>\n<p>Si tout \u00e7a vous semble plut\u00f4t abstrait ou g\u00e9n\u00e9rique, dites-vous que vous n\u2019\u00eates pas seuls \u00e0 le penser.<\/p>\n<p>\u00a0<\/p>\n<p>Le texte <a rel=\"nofollow\" href=\"https:\/\/annuelauto.ca\/honda-0-series-un-jour-honda-va-finir-par-selectrifier\/\">Honda 0 Series\u00a0: un jour, Honda va finir par s\u2019\u00e9lectrifier<\/a> provient de <a rel=\"nofollow\" href=\"https:\/\/annuelauto.ca\">L&#8217;annuel de l&#8217;automobile &#8211; Actualit\u00e9 automobile<\/a><\/p>\n<p><\/p>\n","protected":false},"excerpt":{"rendered":"<p>On a tergivers\u00e9. On a jongl\u00e9. On a m\u00eame confi\u00e9 tout le sale boulot \u00e0 un rival. Mais voil\u00e0 que la direction de Honda a tranch\u00e9\u00a0: son futur sera bel et bien \u00e9lectrique, il d\u00e9butera officiellement quelque part en 2026 et il sera inspir\u00e9 d\u2019un v\u00e9hicule concept appel\u00e9 \u00ab0 Series\u00bb, ce qui est un nom [&hellip;]<\/p>\n","protected":false},"author":8,"featured_media":157099,"comment_status":"close","ping_status":"closed","sticky":false,"template":"","format":"standard","meta":{"_monsterinsights_skip_tracking":false,"_monsterinsights_sitenote_active":false,"_monsterinsights_sitenote_note":"","_monsterinsights_sitenote_category":0,"footnotes":""},"categories":[101],"tags":[],"yoast_head":"<!-- This site is optimized with the Yoast SEO plugin v23.2 - https:\/\/yoast.com\/wordpress\/plugins\/seo\/ -->\n<title>Honda 0 Series\u00a0: un jour, Honda va finir par s\u2019\u00e9lectrifier - CanadaMotorJobs.com<\/title>\n<meta name=\"description\" content=\"Honda 0 Series\u00a0: un jour, Honda va finir par s\u2019\u00e9lectrifier - Benoit Charette - Annuel automobile - CanadaMotorJobs.com.\" \/>\n<meta name=\"robots\" content=\"index, follow, max-snippet:-1, max-image-preview:large, max-video-preview:-1\" \/>\n<meta property=\"og:locale\" content=\"fr_CA\" \/>\n<meta property=\"og:type\" content=\"article\" \/>\n<meta property=\"og:title\" content=\"Honda 0 Series\u00a0: un jour, Honda va finir par s\u2019\u00e9lectrifier - CanadaMotorJobs.com\" \/>\n<meta property=\"og:description\" content=\"Honda 0 Series\u00a0: un jour, Honda va finir par s\u2019\u00e9lectrifier - Benoit Charette - Annuel automobile - CanadaMotorJobs.com.\" \/>\n<meta property=\"og:url\" content=\"https:\/\/news.canadamotorjobs.com\/fr\/honda-0-series-un-jour-honda-va-finir-par-selectrifier\/\" \/>\n<meta property=\"og:site_name\" content=\"CanadaMotorJobs.com\" \/>\n<meta property=\"article:publisher\" content=\"https:\/\/www.facebook.com\/canadamotorjobs\/\" \/>\n<meta property=\"article:published_time\" content=\"2024-01-17T12:20:31+00:00\" \/>\n<meta property=\"article:modified_time\" content=\"2024-01-17T12:31:14+00:00\" \/>\n<meta property=\"og:image\" content=\"https:\/\/news.canadamotorjobs.com\/wp-content\/uploads\/2024\/01\/c240110eng_01.jpg\" \/>\n\t<meta property=\"og:image:width\" content=\"1200\" \/>\n\t<meta property=\"og:image:height\" content=\"630\" \/>\n\t<meta property=\"og:image:type\" content=\"image\/jpeg\" \/>\n<meta name=\"author\" content=\"Benoit Charette\" \/>\n<meta name=\"twitter:card\" content=\"summary_large_image\" \/>\n<meta name=\"twitter:creator\" content=\"@canadamotorjobs\" \/>\n<meta name=\"twitter:site\" content=\"@canadamotorjobs\" \/>\n<meta name=\"twitter:label1\" content=\"\u00c9crit par\" \/>\n\t<meta name=\"twitter:data1\" content=\"Benoit Charette\" \/>\n\t<meta name=\"twitter:label2\" content=\"Estimation du temps de lecture\" \/>\n\t<meta name=\"twitter:data2\" content=\"2 minutes\" \/>\n<!-- \/ Yoast SEO plugin. -->","yoast_head_json":{"title":"Honda 0 Series\u00a0: un jour, Honda va finir par s\u2019\u00e9lectrifier - CanadaMotorJobs.com","description":"Honda 0 Series\u00a0: un jour, Honda va finir par s\u2019\u00e9lectrifier - Benoit Charette - Annuel automobile - CanadaMotorJobs.com.","robots":{"index":"index","follow":"follow","max-snippet":"max-snippet:-1","max-image-preview":"max-image-preview:large","max-video-preview":"max-video-preview:-1"},"og_locale":"fr_CA","og_type":"article","og_title":"Honda 0 Series\u00a0: un jour, Honda va finir par s\u2019\u00e9lectrifier - CanadaMotorJobs.com","og_description":"Honda 0 Series\u00a0: un jour, Honda va finir par s\u2019\u00e9lectrifier - Benoit Charette - Annuel automobile - CanadaMotorJobs.com.","og_url":"https:\/\/news.canadamotorjobs.com\/fr\/honda-0-series-un-jour-honda-va-finir-par-selectrifier\/","og_site_name":"CanadaMotorJobs.com","article_publisher":"https:\/\/www.facebook.com\/canadamotorjobs\/","article_published_time":"2024-01-17T12:20:31+00:00","article_modified_time":"2024-01-17T12:31:14+00:00","og_image":[{"width":1200,"height":630,"url":"https:\/\/news.canadamotorjobs.com\/wp-content\/uploads\/2024\/01\/c240110eng_01.jpg","type":"image\/jpeg"}],"author":"Benoit Charette","twitter_card":"summary_large_image","twitter_creator":"@canadamotorjobs","twitter_site":"@canadamotorjobs","twitter_misc":{"\u00c9crit par":"Benoit Charette","Estimation du temps de lecture":"2 minutes"},"schema":{"@context":"https:\/\/schema.org","@graph":[{"@type":"Article","@id":"https:\/\/news.canadamotorjobs.com\/fr\/honda-0-series-un-jour-honda-va-finir-par-selectrifier\/#article","isPartOf":{"@id":"https:\/\/news.canadamotorjobs.com\/fr\/honda-0-series-un-jour-honda-va-finir-par-selectrifier\/"},"author":{"name":"Benoit Charette","@id":"https:\/\/news.canadamotorjobs.com\/#\/schema\/person\/51793d1f87d44011d7bcc2ed99269a90"},"headline":"Honda 0 Series\u00a0: un jour, Honda va finir par s\u2019\u00e9lectrifier","datePublished":"2024-01-17T12:20:31+00:00","dateModified":"2024-01-17T12:31:14+00:00","mainEntityOfPage":{"@id":"https:\/\/news.canadamotorjobs.com\/fr\/honda-0-series-un-jour-honda-va-finir-par-selectrifier\/"},"wordCount":444,"publisher":{"@id":"https:\/\/news.canadamotorjobs.com\/#organization"},"image":{"@id":"https:\/\/news.canadamotorjobs.com\/fr\/honda-0-series-un-jour-honda-va-finir-par-selectrifier\/#primaryimage"},"thumbnailUrl":"https:\/\/news.canadamotorjobs.com\/wp-content\/uploads\/2024\/01\/c240110eng_01.jpg","articleSection":["Annuel automobile"],"inLanguage":"fr-CA"},{"@type":"WebPage","@id":"https:\/\/news.canadamotorjobs.com\/fr\/honda-0-series-un-jour-honda-va-finir-par-selectrifier\/","url":"https:\/\/news.canadamotorjobs.com\/fr\/honda-0-series-un-jour-honda-va-finir-par-selectrifier\/","name":"Honda 0 Series\u00a0: un jour, Honda va finir par s\u2019\u00e9lectrifier - CanadaMotorJobs.com","isPartOf":{"@id":"https:\/\/news.canadamotorjobs.com\/#website"},"primaryImageOfPage":{"@id":"https:\/\/news.canadamotorjobs.com\/fr\/honda-0-series-un-jour-honda-va-finir-par-selectrifier\/#primaryimage"},"image":{"@id":"https:\/\/news.canadamotorjobs.com\/fr\/honda-0-series-un-jour-honda-va-finir-par-selectrifier\/#primaryimage"},"thumbnailUrl":"https:\/\/news.canadamotorjobs.com\/wp-content\/uploads\/2024\/01\/c240110eng_01.jpg","datePublished":"2024-01-17T12:20:31+00:00","dateModified":"2024-01-17T12:31:14+00:00","description":"Honda 0 Series\u00a0: un jour, Honda va finir par s\u2019\u00e9lectrifier - Benoit Charette - Annuel automobile - CanadaMotorJobs.com.","breadcrumb":{"@id":"https:\/\/news.canadamotorjobs.com\/fr\/honda-0-series-un-jour-honda-va-finir-par-selectrifier\/#breadcrumb"},"inLanguage":"fr-CA","potentialAction":[{"@type":"ReadAction","target":["https:\/\/news.canadamotorjobs.com\/fr\/honda-0-series-un-jour-honda-va-finir-par-selectrifier\/"]}]},{"@type":"ImageObject","inLanguage":"fr-CA","@id":"https:\/\/news.canadamotorjobs.com\/fr\/honda-0-series-un-jour-honda-va-finir-par-selectrifier\/#primaryimage","url":"https:\/\/news.canadamotorjobs.com\/wp-content\/uploads\/2024\/01\/c240110eng_01.jpg","contentUrl":"https:\/\/news.canadamotorjobs.com\/wp-content\/uploads\/2024\/01\/c240110eng_01.jpg","width":1200,"height":630},{"@type":"BreadcrumbList","@id":"https:\/\/news.canadamotorjobs.com\/fr\/honda-0-series-un-jour-honda-va-finir-par-selectrifier\/#breadcrumb","itemListElement":[{"@type":"ListItem","position":1,"name":"Home","item":"https:\/\/news.canadamotorjobs.com\/fr\/blog\/"},{"@type":"ListItem","position":2,"name":"Honda 0 Series\u00a0: un jour, Honda va finir par s\u2019\u00e9lectrifier"}]},{"@type":"WebSite","@id":"https:\/\/news.canadamotorjobs.com\/#website","url":"https:\/\/news.canadamotorjobs.com\/","name":"CanadaMotorJobs.com","description":"Automotive Jobs","publisher":{"@id":"https:\/\/news.canadamotorjobs.com\/#organization"},"potentialAction":[{"@type":"SearchAction","target":{"@type":"EntryPoint","urlTemplate":"https:\/\/news.canadamotorjobs.com\/?s={search_term_string}"},"query-input":"required name=search_term_string"}],"inLanguage":"fr-CA"},{"@type":"Organization","@id":"https:\/\/news.canadamotorjobs.com\/#organization","name":"Canada Motor Jobs","url":"https:\/\/news.canadamotorjobs.com\/","logo":{"@type":"ImageObject","inLanguage":"fr-CA","@id":"https:\/\/news.canadamotorjobs.com\/#\/schema\/logo\/image\/","url":"https:\/\/news.canadamotorjobs.com\/wp-content\/uploads\/2022\/10\/logo-canada-motor-jobs-1.png","contentUrl":"https:\/\/news.canadamotorjobs.com\/wp-content\/uploads\/2022\/10\/logo-canada-motor-jobs-1.png","width":800,"height":400,"caption":"Canada Motor Jobs"},"image":{"@id":"https:\/\/news.canadamotorjobs.com\/#\/schema\/logo\/image\/"},"sameAs":["https:\/\/www.facebook.com\/canadamotorjobs\/","https:\/\/x.com\/canadamotorjobs","https:\/\/www.instagram.com\/canadamotorjobs\/","https:\/\/www.linkedin.com\/company\/canadamotorjobs"]},{"@type":"Person","@id":"https:\/\/news.canadamotorjobs.com\/#\/schema\/person\/51793d1f87d44011d7bcc2ed99269a90","name":"Benoit Charette","image":{"@type":"ImageObject","inLanguage":"fr-CA","@id":"https:\/\/news.canadamotorjobs.com\/#\/schema\/person\/image\/","url":"https:\/\/secure.gravatar.com\/avatar\/45f3d2eebcccd909668d7ce7ea7267b6?s=96&d=mm&r=g","contentUrl":"https:\/\/secure.gravatar.com\/avatar\/45f3d2eebcccd909668d7ce7ea7267b6?s=96&d=mm&r=g","caption":"Benoit Charette"},"description":"Benoit Charette \/ Propri\u00e9taire et r\u00e9dacteur en chef Benoit Charette pratique le journalisme automobile depuis bient\u00f4t 30 ans. Il a fait ses classes au c\u00f4t\u00e9 de Daniel H\u00e9raud et au Carnet de route de 1992 \u00e0 2001. Il est fondateur, copropri\u00e9taire et r\u00e9dacteur en chef de L\u2019Annuel de l\u2019automobile, qu\u2019il publie depuis 2001. Il a anim\u00e9 les \u00e9missions RPM et RPM+ sur V et les L\u00e9gendes de la route sur Historia. \u00c0 la radio depuis 1986, il reprend l\u2019antenne cette ann\u00e9e sur les ondes de Cogeco et participe pour la deuxi\u00e8me ann\u00e9e \u00e0 l\u2019\u00e9mission Passion Auto sur RDS en plus de mettre en ligne le site Web officiel de L\u2019Annuel de l\u2019automobile sur annuelauto.ca.","sameAs":["https:\/\/annuelauto.ca\/"],"url":"https:\/\/news.canadamotorjobs.com\/fr\/author\/benoit-charette\/"}]}},"_links":{"self":[{"href":"https:\/\/news.canadamotorjobs.com\/fr\/wp-json\/wp\/v2\/posts\/157097"}],"collection":[{"href":"https:\/\/news.canadamotorjobs.com\/fr\/wp-json\/wp\/v2\/posts"}],"about":[{"href":"https:\/\/news.canadamotorjobs.com\/fr\/wp-json\/wp\/v2\/types\/post"}],"author":[{"embeddable":true,"href":"https:\/\/news.canadamotorjobs.com\/fr\/wp-json\/wp\/v2\/users\/8"}],"replies":[{"embeddable":true,"href":"https:\/\/news.canadamotorjobs.com\/fr\/wp-json\/wp\/v2\/comments?post=157097"}],"version-history":[{"count":2,"href":"https:\/\/news.canadamotorjobs.com\/fr\/wp-json\/wp\/v2\/posts\/157097\/revisions"}],"predecessor-version":[{"id":157101,"href":"https:\/\/news.canadamotorjobs.com\/fr\/wp-json\/wp\/v2\/posts\/157097\/revisions\/157101"}],"wp:featuredmedia":[{"embeddable":true,"href":"https:\/\/news.canadamotorjobs.com\/fr\/wp-json\/wp\/v2\/media\/157099"}],"wp:attachment":[{"href":"https:\/\/news.canadamotorjobs.com\/fr\/wp-json\/wp\/v2\/media?parent=157097"}],"wp:term":[{"taxonomy":"category","embeddable":true,"href":"https:\/\/news.canadamotorjobs.com\/fr\/wp-json\/wp\/v2\/categories?post=157097"},{"taxonomy":"post_tag","embeddable":true,"href":"https:\/\/news.canadamotorjobs.com\/fr\/wp-json\/wp\/v2\/tags?post=157097"}],"curies":[{"name":"wp","href":"https:\/\/api.w.org\/{rel}","templated":true}]}}